{"id":2228,"date":"2021-05-20T18:18:02","date_gmt":"2021-05-20T21:18:02","guid":{"rendered":"https:\/\/ubaldofernandes.com\/?post_type=news&#038;p=2228"},"modified":"2021-05-21T17:22:38","modified_gmt":"2021-05-21T20:22:38","slug":"audiencia-publica-de-ubaldo-fernandes-discute-campanha-da-fraternidade-e-enaltece-importancia-de-dialogo","status":"publish","type":"news","link":"https:\/\/ubaldofernandes.com\/index.php\/news\/audiencia-publica-de-ubaldo-fernandes-discute-campanha-da-fraternidade-e-enaltece-importancia-de-dialogo\/","title":{"rendered":"Audi\u00eancia P\u00fablica de Ubaldo Fernandes discute Campanha da Fraternidade e enaltece import\u00e2ncia de di\u00e1logo"},"content":{"rendered":"\n<p>A Assembleia Legislativa do Rio Grande do Norte, mais uma vez, abriu as portas para a discuss\u00e3o sobre a Campanha da Fraternidade. Nesta quinta-feira (20), por iniciativa do deputado Ubaldo Fernandes (PL), o Legislativo realizou uma audi\u00eancia p\u00fablica para tratar da campanha, que neste ano tem como tema \u201cA Fraternidade e o Di\u00e1logo: Compromisso de Amor\u201d. Para o deputado, o tema \u00e9 extremamente atual e a discuss\u00e3o se torna ainda mais importante.<\/p>\n\n\n\n<p>Afirmando que est\u00e1 feliz em trazer a discuss\u00e3o \u00e0 Casa, Ubaldo Fernandes enalteceu a import\u00e2ncia de se fortalecer o di\u00e1logo na sociedade. Segundo ele, a Campanha da Fraternidade, que a cada cinco anos \u00e9 ecum\u00eanica e neste ano re\u00fane outras religi\u00f5es crist\u00e3s, traz \u00e0 sociedade uma oportunidade de reflex\u00e3o.<\/p>\n\n\n\n<p>\u201cMesmo tendo tido seu ponto alto entre a quarta-feira de Cinzas e a Semana Santa, a Campanha da Fraternidade vale para todo o ano e precisamos refor\u00e7ar sua mensagem, diante de um tema t\u00e3o pertinente ao nosso contexto atual de pandemia, com a necessidade de respeito e compreens\u00e3o. Estamos unidos no prop\u00f3sito de dar destaque a um tema que foi constru\u00eddo coletivamente. Al\u00e9m da colabora\u00e7\u00e3o de igrejas crist\u00e3s, n\u00e3o somente a cat\u00f3lica, o tema tamb\u00e9m foi definido com contribui\u00e7\u00f5es de diferentes \u00e1reas de conhecimento, como teologia, ci\u00eancia pol\u00edtica e sociologia, dando um car\u00e1ter ainda mais plural \u00e0 campanha\u201d, disse o deputado.<\/p>\n\n\n\n<p>Coordenador da Campanha da Fraternidade no Rio Grande do Norte, o padre Rob\u00e9rio Camilo foi um dos que participou do debate. O religioso ressaltou que toda campanha parte de uma pesquisa e, observando a realidade atual, nasceu o tema sobre a import\u00e2ncia do di\u00e1logo na sociedade. \u201cVivemos, infelizmente, um momento de polariza\u00e7\u00e3o, discurso do \u00f3dio e de ver os outros como inimigos e n\u00e3o irm\u00e3os. Esse discurso n\u00e3o cabe no evangelho, no cristianismo\u201d, disse o padre Rob\u00e9rio.<\/p>\n\n\n\n<p>O coordenador da campanha falou sobre a necessidade de que a sociedade fortale\u00e7a o compromisso de ouvir, dialogar e respeitar as diferen\u00e7as. Mesmo sem a possibilidade de percorrer as casas para divulgar o tema, o padre acredita que as a\u00e7\u00f5es para se chegar \u00e0 sociedade com a discuss\u00e3o t\u00eam surtido efeito, incluindo a audi\u00eancia p\u00fablica. O objetivo principal, de acordo com o padre Rob\u00e9rio Camilo, \u00e9 \u201cconstruir pontes e destruir os muros\u201d.<\/p>\n\n\n\n<p>\u201cSem o di\u00e1logo, em qualquer institui\u00e7\u00e3o, prevalece somente o autoritarismo. Quando o di\u00e1logo \u00e9 dentro de uma campanha para fortalecer a fraternidade e \u00e9 colocado como um compromisso de amor, isso tem uma qualifica\u00e7\u00e3o ainda maior. Ir ao encontro de outro deve ser sempre um encontro de amor para derrubar esses muros e construir as pontes. Essa \u00e9 a nossa campanha, que tem como lema \u2018Cristo \u00e9 a Nossa Paz. Do que era dividido, fez uma unidade\u2019. \u00c9 o que queremos, o di\u00e1logo e respeito para se chegar \u00e0 unidade\u201d, disse o padre.<\/p>\n\n\n\n<p>Representando o Governo do Estado, a secret\u00e1ria de Trabalho e Assist\u00eancia Social, Iris Oliveira, falou sobre a\u00e7\u00f5es desenvolvidas pelo Poder Executivo na assist\u00eancia \u00e0 popula\u00e7\u00e3o durante a pandemia e tamb\u00e9m enalteceu a campanha. Para ela, \u00e9 um gesto de compromisso importante com das igrejas com a sociedade.<\/p>\n\n\n\n<p>\u201cNo tempo em que vivemos, um contexto em que reaparece na sociedade brasileira, nordestina e potiguar atos de \u00f3dio e intoler\u00e2ncia, a escolha desse tema para a campanha tem uma import\u00e2ncia enorme para fazer a sociedade brasileira despertar e pensar na import\u00e2ncia do di\u00e1logo e da fraternidade\u201d, disse \u00cdris Oliveira.<\/p>\n\n\n\n<p>No entendimento do deputado Ubaldo Fernandes, a discuss\u00e3o foi importante para se expor as diretrizes da campanha e fazer com que a mensagem chegue a cada vez mais potiguares.<\/p>\n\n\n\n<p>\u201cTorcemos muito para que as nossas vozes possam ecoar para derrubar os muros da desigualdade, preconceito, viol\u00eancia e tantos outros que v\u00eam de encontro ao ser humano. \u00c9 isso que todos n\u00f3s torcemos, para termos um mundo diferente, de respeito\u201d, disse Ubaldo.<\/p>\n\n\n\n<p>Mat\u00e9ria publicada no <a href=\"https:\/\/blogafonte.com.br\/2021\/05\/20\/audiencia-publica-discute-campanha-da-fraternidade-e-enaltece-importancia-de-dialogo\/\">Blog A Fonte<\/a>. <\/p>\n","protected":false},"featured_media":2229,"parent":0,"template":"","class_list":["post-2228","news","type-news","status-publish","has-post-thumbnail","hentry"],"acf":[],"yoast_head":"<!-- This site is optimized with the Yoast SEO plugin v24.6 - https:\/\/yoast.com\/wordpress\/plugins\/seo\/ -->\n<title>Audi\u00eancia P\u00fablica de Ubaldo Fernandes discute Campanha da Fraternidade e enaltece import\u00e2ncia de di\u00e1logo - Ubaldo Fernandes<\/title>\n<meta name=\"robots\" content=\"index, follow, max-snippet:-1, max-image-preview:large, max-video-preview:-1\" \/>\n<link rel=\"canonical\" href=\"https:\/\/ubaldofernandes.com\/index.php\/news\/audiencia-publica-de-ubaldo-fernandes-discute-campanha-da-fraternidade-e-enaltece-importancia-de-dialogo\/\" \/>\n<meta property=\"og:locale\" content=\"pt_BR\" \/>\n<meta property=\"og:type\" content=\"article\" \/>\n<meta property=\"og:title\" content=\"Audi\u00eancia P\u00fablica de Ubaldo Fernandes discute Campanha da Fraternidade e enaltece import\u00e2ncia de di\u00e1logo - Ubaldo Fernandes\" \/>\n<meta property=\"og:description\" content=\"A Assembleia Legislativa do Rio Grande do Norte, mais uma vez, abriu as portas para a discuss\u00e3o sobre a Campanha da Fraternidade. Nesta quinta-feira (20), por iniciativa do deputado Ubaldo Fernandes (PL), o Legislativo realizou uma audi\u00eancia p\u00fablica para tratar da campanha, que neste ano tem como tema \u201cA Fraternidade e o Di\u00e1logo: Compromisso de [&hellip;]\" \/>\n<meta property=\"og:url\" content=\"https:\/\/ubaldofernandes.com\/index.php\/news\/audiencia-publica-de-ubaldo-fernandes-discute-campanha-da-fraternidade-e-enaltece-importancia-de-dialogo\/\" \/>\n<meta property=\"og:site_name\" content=\"Ubaldo Fernandes\" \/>\n<meta property=\"article:modified_time\" content=\"2021-05-21T20:22:38+00:00\" \/>\n<meta property=\"og:image\" content=\"https:\/\/ubaldofernandes.com\/wp-content\/uploads\/2021\/05\/Ubaldo-CF-2021.jpg\" \/>\n\t<meta property=\"og:image:width\" content=\"696\" \/>\n\t<meta property=\"og:image:height\" content=\"464\" \/>\n\t<meta property=\"og:image:type\" content=\"image\/jpeg\" \/>\n<meta name=\"twitter:card\" content=\"summary_large_image\" \/>\n<meta name=\"twitter:label1\" content=\"Est. tempo de leitura\" \/>\n\t<meta name=\"twitter:data1\" content=\"3 minutos\" \/>\n<script type=\"application\/ld+json\" class=\"yoast-schema-graph\">{\"@context\":\"https:\/\/schema.org\",\"@graph\":[{\"@type\":\"WebPage\",\"@id\":\"https:\/\/ubaldofernandes.com\/index.php\/news\/audiencia-publica-de-ubaldo-fernandes-discute-campanha-da-fraternidade-e-enaltece-importancia-de-dialogo\/\",\"url\":\"https:\/\/ubaldofernandes.com\/index.php\/news\/audiencia-publica-de-ubaldo-fernandes-discute-campanha-da-fraternidade-e-enaltece-importancia-de-dialogo\/\",\"name\":\"Audi\u00eancia P\u00fablica de Ubaldo Fernandes discute Campanha da Fraternidade e enaltece import\u00e2ncia de di\u00e1logo - Ubaldo Fernandes\",\"isPartOf\":{\"@id\":\"https:\/\/ubaldofernandes.com\/#website\"},\"primaryImageOfPage\":{\"@id\":\"https:\/\/ubaldofernandes.com\/index.php\/news\/audiencia-publica-de-ubaldo-fernandes-discute-campanha-da-fraternidade-e-enaltece-importancia-de-dialogo\/#primaryimage\"},\"image\":{\"@id\":\"https:\/\/ubaldofernandes.com\/index.php\/news\/audiencia-publica-de-ubaldo-fernandes-discute-campanha-da-fraternidade-e-enaltece-importancia-de-dialogo\/#primaryimage\"},\"thumbnailUrl\":\"https:\/\/ubaldofernandes.com\/wp-content\/uploads\/2021\/05\/Ubaldo-CF-2021.jpg\",\"datePublished\":\"2021-05-20T21:18:02+00:00\",\"dateModified\":\"2021-05-21T20:22:38+00:00\",\"breadcrumb\":{\"@id\":\"https:\/\/ubaldofernandes.com\/index.php\/news\/audiencia-publica-de-ubaldo-fernandes-discute-campanha-da-fraternidade-e-enaltece-importancia-de-dialogo\/#breadcrumb\"},\"inLanguage\":\"pt-BR\",\"potentialAction\":[{\"@type\":\"ReadAction\",\"target\":[\"https:\/\/ubaldofernandes.com\/index.php\/news\/audiencia-publica-de-ubaldo-fernandes-discute-campanha-da-fraternidade-e-enaltece-importancia-de-dialogo\/\"]}]},{\"@type\":\"ImageObject\",\"inLanguage\":\"pt-BR\",\"@id\":\"https:\/\/ubaldofernandes.com\/index.php\/news\/audiencia-publica-de-ubaldo-fernandes-discute-campanha-da-fraternidade-e-enaltece-importancia-de-dialogo\/#primaryimage\",\"url\":\"https:\/\/ubaldofernandes.com\/wp-content\/uploads\/2021\/05\/Ubaldo-CF-2021.jpg\",\"contentUrl\":\"https:\/\/ubaldofernandes.com\/wp-content\/uploads\/2021\/05\/Ubaldo-CF-2021.jpg\",\"width\":696,\"height\":464},{\"@type\":\"BreadcrumbList\",\"@id\":\"https:\/\/ubaldofernandes.com\/index.php\/news\/audiencia-publica-de-ubaldo-fernandes-discute-campanha-da-fraternidade-e-enaltece-importancia-de-dialogo\/#breadcrumb\",\"itemListElement\":[{\"@type\":\"ListItem\",\"position\":1,\"name\":\"In\u00edcio\",\"item\":\"https:\/\/ubaldofernandes.com\/\"},{\"@type\":\"ListItem\",\"position\":2,\"name\":\"Not\u00edcias\",\"item\":\"https:\/\/ubaldofernandes.com\/index.php\/news\/\"},{\"@type\":\"ListItem\",\"position\":3,\"name\":\"Audi\u00eancia P\u00fablica de Ubaldo Fernandes discute Campanha da Fraternidade e enaltece import\u00e2ncia de di\u00e1logo\"}]},{\"@type\":\"WebSite\",\"@id\":\"https:\/\/ubaldofernandes.com\/#website\",\"url\":\"https:\/\/ubaldofernandes.com\/\",\"name\":\"Ubaldo Fernandes\",\"description\":\"Deputado Estadual\",\"potentialAction\":[{\"@type\":\"SearchAction\",\"target\":{\"@type\":\"EntryPoint\",\"urlTemplate\":\"https:\/\/ubaldofernandes.com\/?s={search_term_string}\"},\"query-input\":{\"@type\":\"PropertyValueSpecification\",\"valueRequired\":true,\"valueName\":\"search_term_string\"}}],\"inLanguage\":\"pt-BR\"}]}<\/script>\n<!-- \/ Yoast SEO plugin. -->","yoast_head_json":{"title":"Audi\u00eancia P\u00fablica de Ubaldo Fernandes discute Campanha da Fraternidade e enaltece import\u00e2ncia de di\u00e1logo - Ubaldo Fernandes","robots":{"index":"index","follow":"follow","max-snippet":"max-snippet:-1","max-image-preview":"max-image-preview:large","max-video-preview":"max-video-preview:-1"},"canonical":"https:\/\/ubaldofernandes.com\/index.php\/news\/audiencia-publica-de-ubaldo-fernandes-discute-campanha-da-fraternidade-e-enaltece-importancia-de-dialogo\/","og_locale":"pt_BR","og_type":"article","og_title":"Audi\u00eancia P\u00fablica de Ubaldo Fernandes discute Campanha da Fraternidade e enaltece import\u00e2ncia de di\u00e1logo - Ubaldo Fernandes","og_description":"A Assembleia Legislativa do Rio Grande do Norte, mais uma vez, abriu as portas para a discuss\u00e3o sobre a Campanha da Fraternidade. Nesta quinta-feira (20), por iniciativa do deputado Ubaldo Fernandes (PL), o Legislativo realizou uma audi\u00eancia p\u00fablica para tratar da campanha, que neste ano tem como tema \u201cA Fraternidade e o Di\u00e1logo: Compromisso de [&hellip;]","og_url":"https:\/\/ubaldofernandes.com\/index.php\/news\/audiencia-publica-de-ubaldo-fernandes-discute-campanha-da-fraternidade-e-enaltece-importancia-de-dialogo\/","og_site_name":"Ubaldo Fernandes","article_modified_time":"2021-05-21T20:22:38+00:00","og_image":[{"width":696,"height":464,"url":"https:\/\/ubaldofernandes.com\/wp-content\/uploads\/2021\/05\/Ubaldo-CF-2021.jpg","type":"image\/jpeg"}],"twitter_card":"summary_large_image","twitter_misc":{"Est. tempo de leitura":"3 minutos"},"schema":{"@context":"https:\/\/schema.org","@graph":[{"@type":"WebPage","@id":"https:\/\/ubaldofernandes.com\/index.php\/news\/audiencia-publica-de-ubaldo-fernandes-discute-campanha-da-fraternidade-e-enaltece-importancia-de-dialogo\/","url":"https:\/\/ubaldofernandes.com\/index.php\/news\/audiencia-publica-de-ubaldo-fernandes-discute-campanha-da-fraternidade-e-enaltece-importancia-de-dialogo\/","name":"Audi\u00eancia P\u00fablica de Ubaldo Fernandes discute Campanha da Fraternidade e enaltece import\u00e2ncia de di\u00e1logo - Ubaldo Fernandes","isPartOf":{"@id":"https:\/\/ubaldofernandes.com\/#website"},"primaryImageOfPage":{"@id":"https:\/\/ubaldofernandes.com\/index.php\/news\/audiencia-publica-de-ubaldo-fernandes-discute-campanha-da-fraternidade-e-enaltece-importancia-de-dialogo\/#primaryimage"},"image":{"@id":"https:\/\/ubaldofernandes.com\/index.php\/news\/audiencia-publica-de-ubaldo-fernandes-discute-campanha-da-fraternidade-e-enaltece-importancia-de-dialogo\/#primaryimage"},"thumbnailUrl":"https:\/\/ubaldofernandes.com\/wp-content\/uploads\/2021\/05\/Ubaldo-CF-2021.jpg","datePublished":"2021-05-20T21:18:02+00:00","dateModified":"2021-05-21T20:22:38+00:00","breadcrumb":{"@id":"https:\/\/ubaldofernandes.com\/index.php\/news\/audiencia-publica-de-ubaldo-fernandes-discute-campanha-da-fraternidade-e-enaltece-importancia-de-dialogo\/#breadcrumb"},"inLanguage":"pt-BR","potentialAction":[{"@type":"ReadAction","target":["https:\/\/ubaldofernandes.com\/index.php\/news\/audiencia-publica-de-ubaldo-fernandes-discute-campanha-da-fraternidade-e-enaltece-importancia-de-dialogo\/"]}]},{"@type":"ImageObject","inLanguage":"pt-BR","@id":"https:\/\/ubaldofernandes.com\/index.php\/news\/audiencia-publica-de-ubaldo-fernandes-discute-campanha-da-fraternidade-e-enaltece-importancia-de-dialogo\/#primaryimage","url":"https:\/\/ubaldofernandes.com\/wp-content\/uploads\/2021\/05\/Ubaldo-CF-2021.jpg","contentUrl":"https:\/\/ubaldofernandes.com\/wp-content\/uploads\/2021\/05\/Ubaldo-CF-2021.jpg","width":696,"height":464},{"@type":"BreadcrumbList","@id":"https:\/\/ubaldofernandes.com\/index.php\/news\/audiencia-publica-de-ubaldo-fernandes-discute-campanha-da-fraternidade-e-enaltece-importancia-de-dialogo\/#breadcrumb","itemListElement":[{"@type":"ListItem","position":1,"name":"In\u00edcio","item":"https:\/\/ubaldofernandes.com\/"},{"@type":"ListItem","position":2,"name":"Not\u00edcias","item":"https:\/\/ubaldofernandes.com\/index.php\/news\/"},{"@type":"ListItem","position":3,"name":"Audi\u00eancia P\u00fablica de Ubaldo Fernandes discute Campanha da Fraternidade e enaltece import\u00e2ncia de di\u00e1logo"}]},{"@type":"WebSite","@id":"https:\/\/ubaldofernandes.com\/#website","url":"https:\/\/ubaldofernandes.com\/","name":"Ubaldo Fernandes","description":"Deputado Estadual","potentialAction":[{"@type":"SearchAction","target":{"@type":"EntryPoint","urlTemplate":"https:\/\/ubaldofernandes.com\/?s={search_term_string}"},"query-input":{"@type":"PropertyValueSpecification","valueRequired":true,"valueName":"search_term_string"}}],"inLanguage":"pt-BR"}]}},"_links":{"self":[{"href":"https:\/\/ubaldofernandes.com\/index.php\/wp-json\/wp\/v2\/news\/2228","targetHints":{"allow":["GET"]}}],"collection":[{"href":"https:\/\/ubaldofernandes.com\/index.php\/wp-json\/wp\/v2\/news"}],"about":[{"href":"https:\/\/ubaldofernandes.com\/index.php\/wp-json\/wp\/v2\/types\/news"}],"wp:featuredmedia":[{"embeddable":true,"href":"https:\/\/ubaldofernandes.com\/index.php\/wp-json\/wp\/v2\/media\/2229"}],"wp:attachment":[{"href":"https:\/\/ubaldofernandes.com\/index.php\/wp-json\/wp\/v2\/media?parent=2228"}],"curies":[{"name":"wp","href":"https:\/\/api.w.org\/{rel}","templated":true}]}}