{"id":2364,"date":"2021-06-08T18:58:00","date_gmt":"2021-06-08T21:58:00","guid":{"rendered":"https:\/\/ubaldofernandes.com\/?post_type=news&#038;p=2364"},"modified":"2021-06-08T21:05:30","modified_gmt":"2021-06-09T00:05:30","slug":"ubaldo-sugere-ao-governo-criacao-de-plano-de-combate-a-violencia-na-zona-rural-do-rn","status":"publish","type":"news","link":"https:\/\/ubaldofernandes.com\/index.php\/news\/ubaldo-sugere-ao-governo-criacao-de-plano-de-combate-a-violencia-na-zona-rural-do-rn\/","title":{"rendered":"Ubaldo sugere ao Governo cria\u00e7\u00e3o de plano de combate \u00e0 viol\u00eancia na zona Rural do RN"},"content":{"rendered":"\n<p>O avan\u00e7o da criminalidade nas zonas rurais dos diversos munic\u00edpios do Rio Grande do Norte tem assustado a popula\u00e7\u00e3o. O fato motivou o discurso do deputado estadual Ubaldo Fernandes (PL) durante o hor\u00e1rio dos deputados na sess\u00e3o plen\u00e1ria desta ter\u00e7a-feira (08). O parlamentar sugeriu ao Governo do Estado a cria\u00e7\u00e3o de um plano de combate \u00e0 viol\u00eancia nestas regi\u00f5es mais distantes da \u00e1rea urbana.<\/p>\n\n\n\n<p>\u201c\u00c9 preciso que haja um plano de combate \u00e0 criminalidade, de combate \u00e0 viol\u00eancia na zona Rural. A dist\u00e2ncia do aparelhamento policial, que tradicionalmente ficam nas \u00e1reas urbanas, deixa a zona Rural como um setor mais f\u00e1cil para se cometer crimes de roubo, assaltos, estupros. Estamos chamando aten\u00e7\u00e3o da Secretaria de Seguran\u00e7a P\u00fablica para elaborar esse plano. Vamos fazer, inclusive, uma audi\u00eancia p\u00fablica para discutir este tema t\u00e3o importante\u201d, disse Ubaldo. O parlamentar revelou que recebeu informa\u00e7\u00f5es de moradores da zona Rural de Goianinha com relatos da onda de viol\u00eancia que tem tomado conta da regi\u00e3o.<\/p>\n\n\n\n<p>Ainda em seu pronunciamento, o parlamentar agradeceu ao Governo do Estado por sancionar o projeto de lei de sua autoria que institui o Programa de Humaniza\u00e7\u00e3o e Acolhimento aos Familiares das V\u00edtimas da Covid-19. A nova Lei visa dar amparo aos familiares das v\u00edtimas da pandemia, garantindo apoio e assist\u00eancia psicol\u00f3gica decorrente do luto gerado.<\/p>\n\n\n\n<p>Antes dele, o deputado estadual Vivaldo Costa (PSD) elogiou a gest\u00e3o da Prefeitura de S\u00e3o Gon\u00e7alo do Amarante, que tem realizado um alto investimento em obras de saneamento b\u00e1sico. Segundo o parlamentar, a cidade que hoje conta com apenas 23% do seu territ\u00f3rio saneado passar\u00e1 para 50%.<\/p>\n\n\n\n<p>\u201cUm d\u00f3lar investido em saneamento b\u00e1sico, faz com que a Prefeitura economize quatro d\u00f3lares em sa\u00fade. E bom gestor \u00e9 o que sabe escolher bons auxiliares. Em S\u00e3o Gon\u00e7alo do Amarante a Prefeitura est\u00e1 investindo em saneamento e esgotamento sanit\u00e1rio, est\u00e1 adimplente e tem em seu comando como Secret\u00e1rio de Desenvolvimento Vagner Ara\u00fajo, conhecido no estado por ser um t\u00e9cnico altamente competente\u201d, disse Vivaldo, lembrando que o mesmo foi secret\u00e1rio de Estado em v\u00e1rios governos diferentes.<\/p>\n\n\n\n<p>Mat\u00e9ria publicada no <a href=\"https:\/\/blog.flaviomarinho.com.br\/ubaldo-sugere-ao-governo-criacao-de-plano-de-combate-a-violencia-na-zona-rural-do-rn\/\">Blog do FM<\/a>. <\/p>\n","protected":false},"featured_media":2365,"parent":0,"template":"","class_list":["post-2364","news","type-news","status-publish","has-post-thumbnail","hentry"],"acf":[],"yoast_head":"<!-- This site is optimized with the Yoast SEO plugin v24.6 - https:\/\/yoast.com\/wordpress\/plugins\/seo\/ -->\n<title>Ubaldo sugere ao Governo cria\u00e7\u00e3o de plano de combate \u00e0 viol\u00eancia na zona Rural do RN - Ubaldo Fernandes<\/title>\n<meta name=\"robots\" content=\"index, follow, max-snippet:-1, max-image-preview:large, max-video-preview:-1\" \/>\n<link rel=\"canonical\" href=\"https:\/\/ubaldofernandes.com\/index.php\/news\/ubaldo-sugere-ao-governo-criacao-de-plano-de-combate-a-violencia-na-zona-rural-do-rn\/\" \/>\n<meta property=\"og:locale\" content=\"pt_BR\" \/>\n<meta property=\"og:type\" content=\"article\" \/>\n<meta property=\"og:title\" content=\"Ubaldo sugere ao Governo cria\u00e7\u00e3o de plano de combate \u00e0 viol\u00eancia na zona Rural do RN - Ubaldo Fernandes\" \/>\n<meta property=\"og:description\" content=\"O avan\u00e7o da criminalidade nas zonas rurais dos diversos munic\u00edpios do Rio Grande do Norte tem assustado a popula\u00e7\u00e3o. O fato motivou o discurso do deputado estadual Ubaldo Fernandes (PL) durante o hor\u00e1rio dos deputados na sess\u00e3o plen\u00e1ria desta ter\u00e7a-feira (08). O parlamentar sugeriu ao Governo do Estado a cria\u00e7\u00e3o de um plano de combate [&hellip;]\" \/>\n<meta property=\"og:url\" content=\"https:\/\/ubaldofernandes.com\/index.php\/news\/ubaldo-sugere-ao-governo-criacao-de-plano-de-combate-a-violencia-na-zona-rural-do-rn\/\" \/>\n<meta property=\"og:site_name\" content=\"Ubaldo Fernandes\" \/>\n<meta property=\"article:modified_time\" content=\"2021-06-09T00:05:30+00:00\" \/>\n<meta property=\"og:image\" content=\"https:\/\/ubaldofernandes.com\/wp-content\/uploads\/2021\/06\/DSHDJJ.jpg\" \/>\n\t<meta property=\"og:image:width\" content=\"810\" \/>\n\t<meta property=\"og:image:height\" content=\"509\" \/>\n\t<meta property=\"og:image:type\" content=\"image\/jpeg\" \/>\n<meta name=\"twitter:card\" content=\"summary_large_image\" \/>\n<meta name=\"twitter:label1\" content=\"Est. tempo de leitura\" \/>\n\t<meta name=\"twitter:data1\" content=\"2 minutos\" \/>\n<script type=\"application\/ld+json\" class=\"yoast-schema-graph\">{\"@context\":\"https:\/\/schema.org\",\"@graph\":[{\"@type\":\"WebPage\",\"@id\":\"https:\/\/ubaldofernandes.com\/index.php\/news\/ubaldo-sugere-ao-governo-criacao-de-plano-de-combate-a-violencia-na-zona-rural-do-rn\/\",\"url\":\"https:\/\/ubaldofernandes.com\/index.php\/news\/ubaldo-sugere-ao-governo-criacao-de-plano-de-combate-a-violencia-na-zona-rural-do-rn\/\",\"name\":\"Ubaldo sugere ao Governo cria\u00e7\u00e3o de plano de combate \u00e0 viol\u00eancia na zona Rural do RN - Ubaldo Fernandes\",\"isPartOf\":{\"@id\":\"https:\/\/ubaldofernandes.com\/#website\"},\"primaryImageOfPage\":{\"@id\":\"https:\/\/ubaldofernandes.com\/index.php\/news\/ubaldo-sugere-ao-governo-criacao-de-plano-de-combate-a-violencia-na-zona-rural-do-rn\/#primaryimage\"},\"image\":{\"@id\":\"https:\/\/ubaldofernandes.com\/index.php\/news\/ubaldo-sugere-ao-governo-criacao-de-plano-de-combate-a-violencia-na-zona-rural-do-rn\/#primaryimage\"},\"thumbnailUrl\":\"https:\/\/ubaldofernandes.com\/wp-content\/uploads\/2021\/06\/DSHDJJ.jpg\",\"datePublished\":\"2021-06-08T21:58:00+00:00\",\"dateModified\":\"2021-06-09T00:05:30+00:00\",\"breadcrumb\":{\"@id\":\"https:\/\/ubaldofernandes.com\/index.php\/news\/ubaldo-sugere-ao-governo-criacao-de-plano-de-combate-a-violencia-na-zona-rural-do-rn\/#breadcrumb\"},\"inLanguage\":\"pt-BR\",\"potentialAction\":[{\"@type\":\"ReadAction\",\"target\":[\"https:\/\/ubaldofernandes.com\/index.php\/news\/ubaldo-sugere-ao-governo-criacao-de-plano-de-combate-a-violencia-na-zona-rural-do-rn\/\"]}]},{\"@type\":\"ImageObject\",\"inLanguage\":\"pt-BR\",\"@id\":\"https:\/\/ubaldofernandes.com\/index.php\/news\/ubaldo-sugere-ao-governo-criacao-de-plano-de-combate-a-violencia-na-zona-rural-do-rn\/#primaryimage\",\"url\":\"https:\/\/ubaldofernandes.com\/wp-content\/uploads\/2021\/06\/DSHDJJ.jpg\",\"contentUrl\":\"https:\/\/ubaldofernandes.com\/wp-content\/uploads\/2021\/06\/DSHDJJ.jpg\",\"width\":810,\"height\":509},{\"@type\":\"BreadcrumbList\",\"@id\":\"https:\/\/ubaldofernandes.com\/index.php\/news\/ubaldo-sugere-ao-governo-criacao-de-plano-de-combate-a-violencia-na-zona-rural-do-rn\/#breadcrumb\",\"itemListElement\":[{\"@type\":\"ListItem\",\"position\":1,\"name\":\"In\u00edcio\",\"item\":\"https:\/\/ubaldofernandes.com\/\"},{\"@type\":\"ListItem\",\"position\":2,\"name\":\"Not\u00edcias\",\"item\":\"https:\/\/ubaldofernandes.com\/index.php\/news\/\"},{\"@type\":\"ListItem\",\"position\":3,\"name\":\"Ubaldo sugere ao Governo cria\u00e7\u00e3o de plano de combate \u00e0 viol\u00eancia na zona Rural do RN\"}]},{\"@type\":\"WebSite\",\"@id\":\"https:\/\/ubaldofernandes.com\/#website\",\"url\":\"https:\/\/ubaldofernandes.com\/\",\"name\":\"Ubaldo Fernandes\",\"description\":\"Deputado Estadual\",\"potentialAction\":[{\"@type\":\"SearchAction\",\"target\":{\"@type\":\"EntryPoint\",\"urlTemplate\":\"https:\/\/ubaldofernandes.com\/?s={search_term_string}\"},\"query-input\":{\"@type\":\"PropertyValueSpecification\",\"valueRequired\":true,\"valueName\":\"search_term_string\"}}],\"inLanguage\":\"pt-BR\"}]}<\/script>\n<!-- \/ Yoast SEO plugin. -->","yoast_head_json":{"title":"Ubaldo sugere ao Governo cria\u00e7\u00e3o de plano de combate \u00e0 viol\u00eancia na zona Rural do RN - Ubaldo Fernandes","robots":{"index":"index","follow":"follow","max-snippet":"max-snippet:-1","max-image-preview":"max-image-preview:large","max-video-preview":"max-video-preview:-1"},"canonical":"https:\/\/ubaldofernandes.com\/index.php\/news\/ubaldo-sugere-ao-governo-criacao-de-plano-de-combate-a-violencia-na-zona-rural-do-rn\/","og_locale":"pt_BR","og_type":"article","og_title":"Ubaldo sugere ao Governo cria\u00e7\u00e3o de plano de combate \u00e0 viol\u00eancia na zona Rural do RN - Ubaldo Fernandes","og_description":"O avan\u00e7o da criminalidade nas zonas rurais dos diversos munic\u00edpios do Rio Grande do Norte tem assustado a popula\u00e7\u00e3o. O fato motivou o discurso do deputado estadual Ubaldo Fernandes (PL) durante o hor\u00e1rio dos deputados na sess\u00e3o plen\u00e1ria desta ter\u00e7a-feira (08). O parlamentar sugeriu ao Governo do Estado a cria\u00e7\u00e3o de um plano de combate [&hellip;]","og_url":"https:\/\/ubaldofernandes.com\/index.php\/news\/ubaldo-sugere-ao-governo-criacao-de-plano-de-combate-a-violencia-na-zona-rural-do-rn\/","og_site_name":"Ubaldo Fernandes","article_modified_time":"2021-06-09T00:05:30+00:00","og_image":[{"width":810,"height":509,"url":"https:\/\/ubaldofernandes.com\/wp-content\/uploads\/2021\/06\/DSHDJJ.jpg","type":"image\/jpeg"}],"twitter_card":"summary_large_image","twitter_misc":{"Est. tempo de leitura":"2 minutos"},"schema":{"@context":"https:\/\/schema.org","@graph":[{"@type":"WebPage","@id":"https:\/\/ubaldofernandes.com\/index.php\/news\/ubaldo-sugere-ao-governo-criacao-de-plano-de-combate-a-violencia-na-zona-rural-do-rn\/","url":"https:\/\/ubaldofernandes.com\/index.php\/news\/ubaldo-sugere-ao-governo-criacao-de-plano-de-combate-a-violencia-na-zona-rural-do-rn\/","name":"Ubaldo sugere ao Governo cria\u00e7\u00e3o de plano de combate \u00e0 viol\u00eancia na zona Rural do RN - Ubaldo Fernandes","isPartOf":{"@id":"https:\/\/ubaldofernandes.com\/#website"},"primaryImageOfPage":{"@id":"https:\/\/ubaldofernandes.com\/index.php\/news\/ubaldo-sugere-ao-governo-criacao-de-plano-de-combate-a-violencia-na-zona-rural-do-rn\/#primaryimage"},"image":{"@id":"https:\/\/ubaldofernandes.com\/index.php\/news\/ubaldo-sugere-ao-governo-criacao-de-plano-de-combate-a-violencia-na-zona-rural-do-rn\/#primaryimage"},"thumbnailUrl":"https:\/\/ubaldofernandes.com\/wp-content\/uploads\/2021\/06\/DSHDJJ.jpg","datePublished":"2021-06-08T21:58:00+00:00","dateModified":"2021-06-09T00:05:30+00:00","breadcrumb":{"@id":"https:\/\/ubaldofernandes.com\/index.php\/news\/ubaldo-sugere-ao-governo-criacao-de-plano-de-combate-a-violencia-na-zona-rural-do-rn\/#breadcrumb"},"inLanguage":"pt-BR","potentialAction":[{"@type":"ReadAction","target":["https:\/\/ubaldofernandes.com\/index.php\/news\/ubaldo-sugere-ao-governo-criacao-de-plano-de-combate-a-violencia-na-zona-rural-do-rn\/"]}]},{"@type":"ImageObject","inLanguage":"pt-BR","@id":"https:\/\/ubaldofernandes.com\/index.php\/news\/ubaldo-sugere-ao-governo-criacao-de-plano-de-combate-a-violencia-na-zona-rural-do-rn\/#primaryimage","url":"https:\/\/ubaldofernandes.com\/wp-content\/uploads\/2021\/06\/DSHDJJ.jpg","contentUrl":"https:\/\/ubaldofernandes.com\/wp-content\/uploads\/2021\/06\/DSHDJJ.jpg","width":810,"height":509},{"@type":"BreadcrumbList","@id":"https:\/\/ubaldofernandes.com\/index.php\/news\/ubaldo-sugere-ao-governo-criacao-de-plano-de-combate-a-violencia-na-zona-rural-do-rn\/#breadcrumb","itemListElement":[{"@type":"ListItem","position":1,"name":"In\u00edcio","item":"https:\/\/ubaldofernandes.com\/"},{"@type":"ListItem","position":2,"name":"Not\u00edcias","item":"https:\/\/ubaldofernandes.com\/index.php\/news\/"},{"@type":"ListItem","position":3,"name":"Ubaldo sugere ao Governo cria\u00e7\u00e3o de plano de combate \u00e0 viol\u00eancia na zona Rural do RN"}]},{"@type":"WebSite","@id":"https:\/\/ubaldofernandes.com\/#website","url":"https:\/\/ubaldofernandes.com\/","name":"Ubaldo Fernandes","description":"Deputado Estadual","potentialAction":[{"@type":"SearchAction","target":{"@type":"EntryPoint","urlTemplate":"https:\/\/ubaldofernandes.com\/?s={search_term_string}"},"query-input":{"@type":"PropertyValueSpecification","valueRequired":true,"valueName":"search_term_string"}}],"inLanguage":"pt-BR"}]}},"_links":{"self":[{"href":"https:\/\/ubaldofernandes.com\/index.php\/wp-json\/wp\/v2\/news\/2364","targetHints":{"allow":["GET"]}}],"collection":[{"href":"https:\/\/ubaldofernandes.com\/index.php\/wp-json\/wp\/v2\/news"}],"about":[{"href":"https:\/\/ubaldofernandes.com\/index.php\/wp-json\/wp\/v2\/types\/news"}],"wp:featuredmedia":[{"embeddable":true,"href":"https:\/\/ubaldofernandes.com\/index.php\/wp-json\/wp\/v2\/media\/2365"}],"wp:attachment":[{"href":"https:\/\/ubaldofernandes.com\/index.php\/wp-json\/wp\/v2\/media?parent=2364"}],"curies":[{"name":"wp","href":"https:\/\/api.w.org\/{rel}","templated":true}]}}