{"id":2382,"date":"2021-06-14T22:40:00","date_gmt":"2021-06-15T01:40:00","guid":{"rendered":"https:\/\/ubaldofernandes.com\/?post_type=news&#038;p=2382"},"modified":"2021-06-15T10:43:33","modified_gmt":"2021-06-15T13:43:33","slug":"deputado-ubaldo-destina-emenda-para-ambulancia-em-jucurutu","status":"publish","type":"news","link":"https:\/\/ubaldofernandes.com\/index.php\/news\/deputado-ubaldo-destina-emenda-para-ambulancia-em-jucurutu\/","title":{"rendered":"Deputado Ubaldo destina emenda para ambul\u00e2ncia em Jucurutu"},"content":{"rendered":"\n<p>O deputado estadual Ubaldo Fernandes (PL) est\u00e1 destinando uma emenda parlamentar no valor de R$ 100 mil para o munic\u00edpio de Jucurutu. Por solicita\u00e7\u00e3o do vereador Nilsynho Batista (Solidariedade), os recursos estaduais ser\u00e3o para a compra de uma ambul\u00e2ncia para atender a comunidade de Barra de Santana.<\/p>\n\n\n\n<p>\u201cFico feliz que essa ambul\u00e2ncia vai beneficiar um distrito que precisa muito, dando condi\u00e7\u00e3o de melhor atendimento \u00e0 sa\u00fade desta regi\u00e3o. Os recursos do Estado ir\u00e3o para a Prefeitura e chega num boa hora num momento dif\u00edcil como esse de pandemia\u201d, destacou o parlamentar estadual.<\/p>\n\n\n\n<p>O edil parabenizou a destina\u00e7\u00e3o da emenda. \u201cS\u00f3 temos a agradecer o cuidado do deputado com nossa cidade e com essa comunidade que tanto precisa de aten\u00e7\u00e3o. Obrigado pelo empenho com o envio desses recursos que ser\u00e3o muito importante para nosso munic\u00edpio\u201d. Nilsynho estava ao lado do suplente de vereador, Robertinho, que tamb\u00e9m agradeceu Ubaldo.<\/p>\n\n\n\n<p>Mat\u00e9ria publicada no <a href=\"https:\/\/marcosdantas.com\/deputado-ubaldo-destina-emenda-pra-ambulancia-para-jucurutu\/\">Blog Marcos Dantas<\/a>. <\/p>\n","protected":false},"featured_media":2379,"parent":0,"template":"","class_list":["post-2382","news","type-news","status-publish","has-post-thumbnail","hentry"],"acf":[],"yoast_head":"<!-- This site is optimized with the Yoast SEO plugin v24.6 - https:\/\/yoast.com\/wordpress\/plugins\/seo\/ -->\n<title>Deputado Ubaldo destina emenda para ambul\u00e2ncia em Jucurutu - Ubaldo Fernandes<\/title>\n<meta name=\"robots\" content=\"index, follow, max-snippet:-1, max-image-preview:large, max-video-preview:-1\" \/>\n<link rel=\"canonical\" href=\"https:\/\/ubaldofernandes.com\/index.php\/news\/deputado-ubaldo-destina-emenda-para-ambulancia-em-jucurutu\/\" \/>\n<meta property=\"og:locale\" content=\"pt_BR\" \/>\n<meta property=\"og:type\" content=\"article\" \/>\n<meta property=\"og:title\" content=\"Deputado Ubaldo destina emenda para ambul\u00e2ncia em Jucurutu - Ubaldo Fernandes\" \/>\n<meta property=\"og:description\" content=\"O deputado estadual Ubaldo Fernandes (PL) est\u00e1 destinando uma emenda parlamentar no valor de R$ 100 mil para o munic\u00edpio de Jucurutu. Por solicita\u00e7\u00e3o do vereador Nilsynho Batista (Solidariedade), os recursos estaduais ser\u00e3o para a compra de uma ambul\u00e2ncia para atender a comunidade de Barra de Santana. \u201cFico feliz que essa ambul\u00e2ncia vai beneficiar um [&hellip;]\" \/>\n<meta property=\"og:url\" content=\"https:\/\/ubaldofernandes.com\/index.php\/news\/deputado-ubaldo-destina-emenda-para-ambulancia-em-jucurutu\/\" \/>\n<meta property=\"og:site_name\" content=\"Ubaldo Fernandes\" \/>\n<meta property=\"article:modified_time\" content=\"2021-06-15T13:43:33+00:00\" \/>\n<meta property=\"og:image\" content=\"https:\/\/ubaldofernandes.com\/wp-content\/uploads\/2021\/06\/Ubaldo-ambulancia-Jucurutu.jpeg\" \/>\n\t<meta property=\"og:image:width\" content=\"1280\" \/>\n\t<meta property=\"og:image:height\" content=\"590\" \/>\n\t<meta property=\"og:image:type\" content=\"image\/jpeg\" \/>\n<meta name=\"twitter:card\" content=\"summary_large_image\" \/>\n<meta name=\"twitter:label1\" content=\"Est. tempo de leitura\" \/>\n\t<meta name=\"twitter:data1\" content=\"1 minuto\" \/>\n<script type=\"application\/ld+json\" class=\"yoast-schema-graph\">{\"@context\":\"https:\/\/schema.org\",\"@graph\":[{\"@type\":\"WebPage\",\"@id\":\"https:\/\/ubaldofernandes.com\/index.php\/news\/deputado-ubaldo-destina-emenda-para-ambulancia-em-jucurutu\/\",\"url\":\"https:\/\/ubaldofernandes.com\/index.php\/news\/deputado-ubaldo-destina-emenda-para-ambulancia-em-jucurutu\/\",\"name\":\"Deputado Ubaldo destina emenda para ambul\u00e2ncia em Jucurutu - Ubaldo Fernandes\",\"isPartOf\":{\"@id\":\"https:\/\/ubaldofernandes.com\/#website\"},\"primaryImageOfPage\":{\"@id\":\"https:\/\/ubaldofernandes.com\/index.php\/news\/deputado-ubaldo-destina-emenda-para-ambulancia-em-jucurutu\/#primaryimage\"},\"image\":{\"@id\":\"https:\/\/ubaldofernandes.com\/index.php\/news\/deputado-ubaldo-destina-emenda-para-ambulancia-em-jucurutu\/#primaryimage\"},\"thumbnailUrl\":\"https:\/\/ubaldofernandes.com\/wp-content\/uploads\/2021\/06\/Ubaldo-ambulancia-Jucurutu.jpeg\",\"datePublished\":\"2021-06-15T01:40:00+00:00\",\"dateModified\":\"2021-06-15T13:43:33+00:00\",\"breadcrumb\":{\"@id\":\"https:\/\/ubaldofernandes.com\/index.php\/news\/deputado-ubaldo-destina-emenda-para-ambulancia-em-jucurutu\/#breadcrumb\"},\"inLanguage\":\"pt-BR\",\"potentialAction\":[{\"@type\":\"ReadAction\",\"target\":[\"https:\/\/ubaldofernandes.com\/index.php\/news\/deputado-ubaldo-destina-emenda-para-ambulancia-em-jucurutu\/\"]}]},{\"@type\":\"ImageObject\",\"inLanguage\":\"pt-BR\",\"@id\":\"https:\/\/ubaldofernandes.com\/index.php\/news\/deputado-ubaldo-destina-emenda-para-ambulancia-em-jucurutu\/#primaryimage\",\"url\":\"https:\/\/ubaldofernandes.com\/wp-content\/uploads\/2021\/06\/Ubaldo-ambulancia-Jucurutu.jpeg\",\"contentUrl\":\"https:\/\/ubaldofernandes.com\/wp-content\/uploads\/2021\/06\/Ubaldo-ambulancia-Jucurutu.jpeg\",\"width\":1280,\"height\":590},{\"@type\":\"BreadcrumbList\",\"@id\":\"https:\/\/ubaldofernandes.com\/index.php\/news\/deputado-ubaldo-destina-emenda-para-ambulancia-em-jucurutu\/#breadcrumb\",\"itemListElement\":[{\"@type\":\"ListItem\",\"position\":1,\"name\":\"In\u00edcio\",\"item\":\"https:\/\/ubaldofernandes.com\/\"},{\"@type\":\"ListItem\",\"position\":2,\"name\":\"Not\u00edcias\",\"item\":\"https:\/\/ubaldofernandes.com\/index.php\/news\/\"},{\"@type\":\"ListItem\",\"position\":3,\"name\":\"Deputado Ubaldo destina emenda para ambul\u00e2ncia em Jucurutu\"}]},{\"@type\":\"WebSite\",\"@id\":\"https:\/\/ubaldofernandes.com\/#website\",\"url\":\"https:\/\/ubaldofernandes.com\/\",\"name\":\"Ubaldo Fernandes\",\"description\":\"Deputado Estadual\",\"potentialAction\":[{\"@type\":\"SearchAction\",\"target\":{\"@type\":\"EntryPoint\",\"urlTemplate\":\"https:\/\/ubaldofernandes.com\/?s={search_term_string}\"},\"query-input\":{\"@type\":\"PropertyValueSpecification\",\"valueRequired\":true,\"valueName\":\"search_term_string\"}}],\"inLanguage\":\"pt-BR\"}]}<\/script>\n<!-- \/ Yoast SEO plugin. -->","yoast_head_json":{"title":"Deputado Ubaldo destina emenda para ambul\u00e2ncia em Jucurutu - Ubaldo Fernandes","robots":{"index":"index","follow":"follow","max-snippet":"max-snippet:-1","max-image-preview":"max-image-preview:large","max-video-preview":"max-video-preview:-1"},"canonical":"https:\/\/ubaldofernandes.com\/index.php\/news\/deputado-ubaldo-destina-emenda-para-ambulancia-em-jucurutu\/","og_locale":"pt_BR","og_type":"article","og_title":"Deputado Ubaldo destina emenda para ambul\u00e2ncia em Jucurutu - Ubaldo Fernandes","og_description":"O deputado estadual Ubaldo Fernandes (PL) est\u00e1 destinando uma emenda parlamentar no valor de R$ 100 mil para o munic\u00edpio de Jucurutu. Por solicita\u00e7\u00e3o do vereador Nilsynho Batista (Solidariedade), os recursos estaduais ser\u00e3o para a compra de uma ambul\u00e2ncia para atender a comunidade de Barra de Santana. \u201cFico feliz que essa ambul\u00e2ncia vai beneficiar um [&hellip;]","og_url":"https:\/\/ubaldofernandes.com\/index.php\/news\/deputado-ubaldo-destina-emenda-para-ambulancia-em-jucurutu\/","og_site_name":"Ubaldo Fernandes","article_modified_time":"2021-06-15T13:43:33+00:00","og_image":[{"width":1280,"height":590,"url":"https:\/\/ubaldofernandes.com\/wp-content\/uploads\/2021\/06\/Ubaldo-ambulancia-Jucurutu.jpeg","type":"image\/jpeg"}],"twitter_card":"summary_large_image","twitter_misc":{"Est. tempo de leitura":"1 minuto"},"schema":{"@context":"https:\/\/schema.org","@graph":[{"@type":"WebPage","@id":"https:\/\/ubaldofernandes.com\/index.php\/news\/deputado-ubaldo-destina-emenda-para-ambulancia-em-jucurutu\/","url":"https:\/\/ubaldofernandes.com\/index.php\/news\/deputado-ubaldo-destina-emenda-para-ambulancia-em-jucurutu\/","name":"Deputado Ubaldo destina emenda para ambul\u00e2ncia em Jucurutu - Ubaldo Fernandes","isPartOf":{"@id":"https:\/\/ubaldofernandes.com\/#website"},"primaryImageOfPage":{"@id":"https:\/\/ubaldofernandes.com\/index.php\/news\/deputado-ubaldo-destina-emenda-para-ambulancia-em-jucurutu\/#primaryimage"},"image":{"@id":"https:\/\/ubaldofernandes.com\/index.php\/news\/deputado-ubaldo-destina-emenda-para-ambulancia-em-jucurutu\/#primaryimage"},"thumbnailUrl":"https:\/\/ubaldofernandes.com\/wp-content\/uploads\/2021\/06\/Ubaldo-ambulancia-Jucurutu.jpeg","datePublished":"2021-06-15T01:40:00+00:00","dateModified":"2021-06-15T13:43:33+00:00","breadcrumb":{"@id":"https:\/\/ubaldofernandes.com\/index.php\/news\/deputado-ubaldo-destina-emenda-para-ambulancia-em-jucurutu\/#breadcrumb"},"inLanguage":"pt-BR","potentialAction":[{"@type":"ReadAction","target":["https:\/\/ubaldofernandes.com\/index.php\/news\/deputado-ubaldo-destina-emenda-para-ambulancia-em-jucurutu\/"]}]},{"@type":"ImageObject","inLanguage":"pt-BR","@id":"https:\/\/ubaldofernandes.com\/index.php\/news\/deputado-ubaldo-destina-emenda-para-ambulancia-em-jucurutu\/#primaryimage","url":"https:\/\/ubaldofernandes.com\/wp-content\/uploads\/2021\/06\/Ubaldo-ambulancia-Jucurutu.jpeg","contentUrl":"https:\/\/ubaldofernandes.com\/wp-content\/uploads\/2021\/06\/Ubaldo-ambulancia-Jucurutu.jpeg","width":1280,"height":590},{"@type":"BreadcrumbList","@id":"https:\/\/ubaldofernandes.com\/index.php\/news\/deputado-ubaldo-destina-emenda-para-ambulancia-em-jucurutu\/#breadcrumb","itemListElement":[{"@type":"ListItem","position":1,"name":"In\u00edcio","item":"https:\/\/ubaldofernandes.com\/"},{"@type":"ListItem","position":2,"name":"Not\u00edcias","item":"https:\/\/ubaldofernandes.com\/index.php\/news\/"},{"@type":"ListItem","position":3,"name":"Deputado Ubaldo destina emenda para ambul\u00e2ncia em Jucurutu"}]},{"@type":"WebSite","@id":"https:\/\/ubaldofernandes.com\/#website","url":"https:\/\/ubaldofernandes.com\/","name":"Ubaldo Fernandes","description":"Deputado Estadual","potentialAction":[{"@type":"SearchAction","target":{"@type":"EntryPoint","urlTemplate":"https:\/\/ubaldofernandes.com\/?s={search_term_string}"},"query-input":{"@type":"PropertyValueSpecification","valueRequired":true,"valueName":"search_term_string"}}],"inLanguage":"pt-BR"}]}},"_links":{"self":[{"href":"https:\/\/ubaldofernandes.com\/index.php\/wp-json\/wp\/v2\/news\/2382","targetHints":{"allow":["GET"]}}],"collection":[{"href":"https:\/\/ubaldofernandes.com\/index.php\/wp-json\/wp\/v2\/news"}],"about":[{"href":"https:\/\/ubaldofernandes.com\/index.php\/wp-json\/wp\/v2\/types\/news"}],"wp:featuredmedia":[{"embeddable":true,"href":"https:\/\/ubaldofernandes.com\/index.php\/wp-json\/wp\/v2\/media\/2379"}],"wp:attachment":[{"href":"https:\/\/ubaldofernandes.com\/index.php\/wp-json\/wp\/v2\/media?parent=2382"}],"curies":[{"name":"wp","href":"https:\/\/api.w.org\/{rel}","templated":true}]}}