{"id":2383,"date":"2021-06-15T21:23:19","date_gmt":"2021-06-16T00:23:19","guid":{"rendered":"https:\/\/ubaldofernandes.com\/?post_type=news&#038;p=2383"},"modified":"2021-06-16T10:12:03","modified_gmt":"2021-06-16T13:12:03","slug":"os-potiguares-estao-satisfeitos-com-nossa-atuacao-e-temos-que-continuar-fazendo-esse-trabalho-em-sintonia-com-as-necessidades-da-populacao-afirmou-o-deputado-ubaldo-fernandes","status":"publish","type":"news","link":"https:\/\/ubaldofernandes.com\/index.php\/news\/os-potiguares-estao-satisfeitos-com-nossa-atuacao-e-temos-que-continuar-fazendo-esse-trabalho-em-sintonia-com-as-necessidades-da-populacao-afirmou-o-deputado-ubaldo-fernandes\/","title":{"rendered":"\u201cOs potiguares est\u00e3o satisfeitos com nossa atua\u00e7\u00e3o e temos que continuar fazendo esse trabalho em sintonia com as necessidades da popula\u00e7\u00e3o\u201c, afirmou o deputado Ubaldo Fernandes"},"content":{"rendered":"\n<p>O terceiro entrevistado da nossa s\u00e9rie 2021 \u00e9 o deputado estadual Ubaldo Fernandes.<\/p>\n\n\n\n<h5 class=\"wp-block-heading\">Confira a entrevista completa!<\/h5>\n\n\n\n<p>Aos\u00a054\u00a0anos,\u00a0casado h\u00e1 15 anos com Ivanilda e\u00a0pai de duas filhas, Ubaldo Fernandes da Silva\u00a0\u00e9 natural de\u00a0Tangar\u00e1, regi\u00e3o Trairi\/RN.<\/p>\n\n\n\n<p>Possui o\u00a0curso superior incompleto em Gest\u00e3o P\u00fablica e \u00e9 servidor p\u00fablico.<\/p>\n\n\n\n<p><strong>JORNAL CLARIM NATAL &#8211;<\/strong>&nbsp;<strong>Quem \u00e9 o deputado Ubaldo Fernandes?<\/strong><\/p>\n\n\n\n<p><strong>DEPUTADO UBALDO FERNANDES &#8211;<\/strong>&nbsp;Um homem do povo, com ra\u00edzes interioranas e muita garra pra vencer, que se encontrou na vida quando abra\u00e7ou os movimentos comunit\u00e1rios e sociais e tem feito a diferen\u00e7a nas regi\u00f5es que atua com um olhar especial para as comunidades que mais precisam.<\/p>\n\n\n\n<p><strong>JORNAL CLARIM NATAL \u2013<\/strong>&nbsp;Filiado a qual partido?<\/p>\n\n\n\n<p><strong>UBALDO FERNANDES \u2013&nbsp;<\/strong>Partido Liberal (PL)<\/p>\n\n\n\n<p><strong>JCN &#8211;&nbsp;<\/strong>Qual a an\u00e1lise que o senhor faz sobre seu mandato at\u00e9 o presente momento na Assembleia Legislativa do RN?<\/p>\n\n\n\n<p><strong>UBALDO FERNANDES \u2013&nbsp;<\/strong>De representatividade dos cidad\u00e3os que mais precisam. Al\u00e9m de ter essa caracter\u00edstica de um mandato popular, onde as pessoas est\u00e3o pr\u00f3ximas e sempre participando, temos apresentado um volume alto de projetos de lei para atender as demandas do dia a dia das pessoas, al\u00e9m de trazer ao legislativo estadual debates para melhorar a vida das pessoas.<\/p>\n\n\n\n<p><strong>JCN &#8211;<\/strong>&nbsp;Quais dificuldades enfrentadas em seu mandato?<\/p>\n\n\n\n<p><strong>UBALDO FERNANDES \u2013&nbsp;<\/strong>Eu tenho o sonho de ver todos os pleitos que recebo sendo atendidos, mas infelizmente isso depende do poder executivo, no caso o governo do estado, e infelizmente os servi\u00e7os p\u00fablicos s\u00e3o limitados e nem tudo que quero fazer, eu consigo. Tenho boas ideias e a boa vontade, mas n\u00e3o consigo realizar diante do engessamento da m\u00e1quina p\u00fablica. Tamb\u00e9m fico triste com as limita\u00e7\u00f5es das nossas emendas que n\u00e3o conseguimos destinar recursos para todos os munic\u00edpios que gostar\u00edamos de ajudar, assim como o pr\u00f3prio or\u00e7amento do Estado que n\u00e3o alcan\u00e7a as necessidades do nosso povo e ficamos tristes com isso.<\/p>\n\n\n\n<p><strong>JCN &#8211;&nbsp;<\/strong><strong>Quais seus principais projetos?<\/strong><\/p>\n\n\n\n<p><strong>UBALDO FERNANDES \u2013&nbsp;<\/strong>Lei 10.884 &#8211; Semana de Aten\u00e7\u00e3o \u00e0 Sa\u00fade Auditiva da Pessoa Idosa;<\/p>\n\n\n\n<p>Lei 10.895 &#8211; Demonstrativos de servi\u00e7os essenciais em braile e letras ampliadas para pessoas com defici\u00eancia visual e idosas;&nbsp;<\/p>\n\n\n\n<p>Lei 10.894 &#8211; Clinicas privadas e p\u00fablicas remetam \u00e0 Secretaria de Sa\u00fade an\u00e1lises de hemoglobina glicada para controle da diabetes;&nbsp;<\/p>\n\n\n\n<p>Lei 10.887 &#8211; Dia Estadual em Mem\u00f3ria \u00e0s V\u00edtimas que faleceram em decorr\u00eancia da Covid-19 no RN;&nbsp;<\/p>\n\n\n\n<p>Lei 10.862 &#8211; Licita\u00e7\u00f5es p\u00fablicas do RN mais transparentes;&nbsp;<\/p>\n\n\n\n<p>Lei 10.872 &#8211; Manipula\u00e7\u00e3o de vacinas seja feita na frente do paciente<\/p>\n\n\n\n<p>Lei 10.858 &#8211; Institui o Dia Estadual do Psic\u00f3logo<\/p>\n\n\n\n<p>Lei 10.919 &#8211; Programa de Humaniza\u00e7\u00e3o e Acolhimento aos Familiares das V\u00edtimas de Covid-19&nbsp;<\/p>\n\n\n\n<p><strong>JCN &#8211;<\/strong>&nbsp;O senhor \u00e9 pr\u00e9-candidato \u00e0 reelei\u00e7\u00e3o para um segundo mandato de deputado estadual?<\/p>\n\n\n\n<p><strong>UBALDO FERNANDES \u2013&nbsp;<\/strong>Sim, sou. Os potiguares est\u00e3o satisfeitos com nossa atua\u00e7\u00e3o e temos que continuar fazendo esse trabalho em sintonia com as necessidades da popula\u00e7\u00e3o. Temos v\u00e1rias iniciativas em andamento e muitos projetos j\u00e1 em cria\u00e7\u00e3o para fazermos muito mais pelo RN.<\/p>\n\n\n\n<p><strong>JCN &#8211;<\/strong>&#8211;&nbsp;Quais s\u00e3o as suas expectativas para o per\u00edodo eleitoral de 2022?<\/p>\n\n\n\n<p><strong>UBALDO FERNANDES \u2013&nbsp;<\/strong>Ser\u00e1 mais um pleito at\u00edpico, diante dessa realidade de pandemia, mas que os cidad\u00e3os dever\u00e3o observar os representantes que t\u00eam demonstrado seu compromisso com colabora\u00e7\u00f5es efetivas no enfrentamento da pandemia e com atua\u00e7\u00f5es em outras \u00e1reas importantes. Sinto que \u00e9 hora das pessoas apoiarem escolhas n\u00e3o por discursos pol\u00edticos, mas por atos reais em prol da melhoria de vida de todos.&nbsp;<\/p>\n\n\n\n<p><strong>JCN &#8211;<\/strong>&#8211;&nbsp;Quais projetos far\u00e3o parte de sua pr\u00e9-candidatura? Cite os principais.<\/p>\n\n\n\n<p><strong>UBALDO FERNANDES \u2013&nbsp;<\/strong>A\u00e7\u00f5es que buscam melhorar a sa\u00fade p\u00fablica no nosso estado e garantir direitos aos cidad\u00e3os, com campanhas educativas, leis, audi\u00eancias p\u00fablicas, como umas que realizei recentemente buscando amplia\u00e7\u00e3o da Defensoria P\u00fablica e dos servi\u00e7os judiciais do Tribunal de Justi\u00e7a na Zona Norte de Natal.<\/p>\n\n\n\n<p><strong>JCN &#8211;<\/strong>&#8211;&nbsp;O que n\u00e3o foi poss\u00edvel realizar neste mandato, que o senhor gostaria de concretizar, caso seja reeleito?<\/p>\n\n\n\n<p><strong>UBALDO FERNANDES \u2013&nbsp;<\/strong>A quest\u00e3o da regulariza\u00e7\u00e3o fundi\u00e1ria e da crise h\u00eddrica que afetam tanto principalmente a popula\u00e7\u00e3o mais pobre e que, ao meu ver, poderiam estar avan\u00e7ando mais. Gostaria muito que um mandato parlamentar pudesse influenciar mais nessa evolu\u00e7\u00e3o dessas pol\u00edticas p\u00fablicas para os norte-rio-grandenses que tanto precisam. Mas temos trazido sempre essas tem\u00e1ticas \u00e0 visibilidade da opini\u00e3o p\u00fablica, atrav\u00e9s de pronunciamentos e audi\u00eancias p\u00fablicas.<\/p>\n\n\n\n<p><strong>JCN &#8211;<\/strong>&#8211;&nbsp;Qual Bandeira que defender\u00e1?&nbsp;<\/p>\n\n\n\n<p><strong>UBALDO FERNANDES \u2013<\/strong>&nbsp;As mesmas que defendo hoje: defesa das pessoas idosas, sa\u00fade, educa\u00e7\u00e3o, trabalhadores, fortalecimento dos munic\u00edpios&#8230;<\/p>\n\n\n\n<p><strong>JCN &#8211;<\/strong>&#8211;&nbsp;Estamos em tempo de pandemia, como o senhor analisa a postura da Prefeitura de Natal e do Governo do Estado em seu enfrentamento?<\/p>\n\n\n\n<p><strong>UBALDO FERNANDES \u2013&nbsp;<\/strong>Vejo que todos est\u00e3o tentando fazer sua parte e t\u00eam conseguido avan\u00e7ar no controle da doen\u00e7a, mesmo diante das dificuldades que assolam todo o pa\u00eds. Sabemos que aconteceram erros no caminho, mas nada que outras cidades e estados tamb\u00e9m n\u00e3o tenham passado, at\u00e9 como outros pa\u00edses. Mas acredito que estamos evoluindo, com o avan\u00e7o da vacina\u00e7\u00e3o da nossa popula\u00e7\u00e3o e tenho f\u00e9 e esperan\u00e7a de dias melhores.<\/p>\n\n\n\n<p><strong>JCN &#8211;<\/strong>&#8211;&nbsp;A Enfermagem Brasileira vem cobrando um piso salarial e uma carga hor\u00e1ria justa atrav\u00e9s do PL 2564\/20, qual sua posi\u00e7\u00e3o? Seu partido a n\u00edvel nacional estar\u00e1 ao lado desses profissionais que vem h\u00e1 mais de ano nessa guerra?<\/p>\n\n\n\n<p><strong>UBALDO FERNANDES \u2013&nbsp;<\/strong>Tenho declarado apoio a essa luta e inclusive fiz v\u00e1rios pronunciamentos a respeito nas sess\u00f5es plen\u00e1rias, assim como nas redes sociais, inclusive estimulando seguidores a abra\u00e7arem tamb\u00e9m essa causa de valoriza\u00e7\u00e3o a esses profissionais que j\u00e1 eram importantes para nossa sa\u00fade p\u00fablica e t\u00eam sido fundamentais no enfrentamento da covid-19.<\/p>\n\n\n\n<p><strong>JCN &#8211;<\/strong>&#8211;&nbsp;O senhor \u00e9 um grande defensor do F\u00f3rum Varela Barca funcionando e que n\u00e3o tem praticamente atendimento para a popula\u00e7\u00e3o da Zona Norte de Natal, o que pretende fazer para mudar essa situa\u00e7\u00e3o?<\/p>\n\n\n\n<p><strong>UBALDO FERNANDES \u2013&nbsp;<\/strong>Fiz uma reuni\u00e3o menor com o presidente do Tribunal de Justi\u00e7a, Desembargador Vivaldo Pinheiro, e representantes de entidades e depois ampliei com uma Audi\u00eancia P\u00fablica transmitida pela TV Assembleia e redes sociais que contou com um debate muito qualificado com representa\u00e7\u00f5es do TJRN, Minist\u00e9rio P\u00fablico, Defensoria P\u00fablica, Ordem dos Advogados do Brasil, al\u00e9m de vereadores e lideran\u00e7as comunit\u00e1rias daquela regi\u00e3o. Ap\u00f3s v\u00e1rias contribui\u00e7\u00f5es, terminamos a Audi\u00eancia do jeito que gosto: com encaminhamentos. Porque a gente pode n\u00e3o ter uma solu\u00e7\u00e3o r\u00e1pida, mas entendemos que podemos construir vit\u00f3rias. Ent\u00e3o, ao fim do evento virtual, sugeri que esse debate tamb\u00e9m aconte\u00e7a no Pleno do Tribunal de Justi\u00e7a do RN para que se discuta profundamente o assunto e a sociedade tenha conhecimento dos pensamentos dos demais desembargadores do \u00f3rg\u00e3o. Al\u00e9m disso, haver\u00e1 outra audi\u00eancia p\u00fablica com esse mesmo tema na C\u00e2mara Municipal de Natal e ap\u00f3s isso estaremos formando uma comiss\u00e3o com v\u00e1rias institui\u00e7\u00f5es, a fim de analisar os pr\u00f3ximos passos a serem tomados nessa luta.&nbsp;<\/p>\n\n\n\n<p><strong>JCN &#8211;<\/strong>&#8211;&nbsp;Hoje, o Bairro das Rocas est\u00e1 bem representado politicamente, qual o segredo de sua lideran\u00e7a? Para e qual conselho que o senhor d\u00e1 para outras comunidades e regi\u00f5es, j\u00e1 que o senhor vem do Movimento Comunit\u00e1rio?<\/p>\n\n\n\n<p><strong>UBALDO FERNANDES \u2013&nbsp;<\/strong>O segredo \u00e9 trabalhar todos os dias e trazer resultados para as pessoas. Os cidad\u00e3os est\u00e3o descrentes em discursos e promessas. Eles querem a\u00e7\u00f5es e isso n\u00f3s temos. As pessoas tamb\u00e9m sabem como sou acess\u00edvel e falam diretamente comigo. Estou sempre encaminhando suas demandas com v\u00e1rias iniciativas, como reuni\u00f5es de cobran\u00e7as a gestores, audi\u00eancias p\u00fablicas e projetos de lei.&nbsp;<\/p>\n\n\n\n<p>Mat\u00e9ria publicada no jornal <a href=\"https:\/\/jornalclarimnatal.blogspot.com\/2021\/06\/os-potiguares-estao-satisfeitos-com.html\">Clarim Natal<\/a>. <\/p>\n","protected":false},"featured_media":2384,"parent":0,"template":"","class_list":["post-2383","news","type-news","status-publish","has-post-thumbnail","hentry"],"acf":[],"yoast_head":"<!-- This site is optimized with the Yoast SEO plugin v24.6 - https:\/\/yoast.com\/wordpress\/plugins\/seo\/ -->\n<title>\u201cOs potiguares est\u00e3o satisfeitos com nossa atua\u00e7\u00e3o e temos que continuar fazendo esse trabalho em sintonia com as necessidades da popula\u00e7\u00e3o\u201c, afirmou o deputado Ubaldo Fernandes - Ubaldo Fernandes<\/title>\n<meta name=\"robots\" content=\"index, follow, max-snippet:-1, max-image-preview:large, max-video-preview:-1\" \/>\n<link rel=\"canonical\" href=\"https:\/\/ubaldofernandes.com\/index.php\/news\/os-potiguares-estao-satisfeitos-com-nossa-atuacao-e-temos-que-continuar-fazendo-esse-trabalho-em-sintonia-com-as-necessidades-da-populacao-afirmou-o-deputado-ubaldo-fernandes\/\" \/>\n<meta property=\"og:locale\" content=\"pt_BR\" \/>\n<meta property=\"og:type\" content=\"article\" \/>\n<meta property=\"og:title\" content=\"\u201cOs potiguares est\u00e3o satisfeitos com nossa atua\u00e7\u00e3o e temos que continuar fazendo esse trabalho em sintonia com as necessidades da popula\u00e7\u00e3o\u201c, afirmou o deputado Ubaldo Fernandes - Ubaldo Fernandes\" \/>\n<meta property=\"og:description\" content=\"O terceiro entrevistado da nossa s\u00e9rie 2021 \u00e9 o deputado estadual Ubaldo Fernandes. Confira a entrevista completa! Aos\u00a054\u00a0anos,\u00a0casado h\u00e1 15 anos com Ivanilda e\u00a0pai de duas filhas, Ubaldo Fernandes da Silva\u00a0\u00e9 natural de\u00a0Tangar\u00e1, regi\u00e3o Trairi\/RN. Possui o\u00a0curso superior incompleto em Gest\u00e3o P\u00fablica e \u00e9 servidor p\u00fablico. JORNAL CLARIM NATAL &#8211;&nbsp;Quem \u00e9 o deputado Ubaldo Fernandes? [&hellip;]\" \/>\n<meta property=\"og:url\" content=\"https:\/\/ubaldofernandes.com\/index.php\/news\/os-potiguares-estao-satisfeitos-com-nossa-atuacao-e-temos-que-continuar-fazendo-esse-trabalho-em-sintonia-com-as-necessidades-da-populacao-afirmou-o-deputado-ubaldo-fernandes\/\" \/>\n<meta property=\"og:site_name\" content=\"Ubaldo Fernandes\" \/>\n<meta property=\"article:modified_time\" content=\"2021-06-16T13:12:03+00:00\" \/>\n<meta property=\"og:image\" content=\"https:\/\/ubaldofernandes.com\/wp-content\/uploads\/2021\/06\/Ubaldo-Clarim-Natal.jpg\" \/>\n\t<meta property=\"og:image:width\" content=\"400\" \/>\n\t<meta property=\"og:image:height\" content=\"300\" \/>\n\t<meta property=\"og:image:type\" content=\"image\/jpeg\" \/>\n<meta name=\"twitter:card\" content=\"summary_large_image\" \/>\n<meta name=\"twitter:label1\" content=\"Est. tempo de leitura\" \/>\n\t<meta name=\"twitter:data1\" content=\"7 minutos\" \/>\n<script type=\"application\/ld+json\" class=\"yoast-schema-graph\">{\"@context\":\"https:\/\/schema.org\",\"@graph\":[{\"@type\":\"WebPage\",\"@id\":\"https:\/\/ubaldofernandes.com\/index.php\/news\/os-potiguares-estao-satisfeitos-com-nossa-atuacao-e-temos-que-continuar-fazendo-esse-trabalho-em-sintonia-com-as-necessidades-da-populacao-afirmou-o-deputado-ubaldo-fernandes\/\",\"url\":\"https:\/\/ubaldofernandes.com\/index.php\/news\/os-potiguares-estao-satisfeitos-com-nossa-atuacao-e-temos-que-continuar-fazendo-esse-trabalho-em-sintonia-com-as-necessidades-da-populacao-afirmou-o-deputado-ubaldo-fernandes\/\",\"name\":\"\u201cOs potiguares est\u00e3o satisfeitos com nossa atua\u00e7\u00e3o e temos que continuar fazendo esse trabalho em sintonia com as necessidades da popula\u00e7\u00e3o\u201c, afirmou o deputado Ubaldo Fernandes - Ubaldo Fernandes\",\"isPartOf\":{\"@id\":\"https:\/\/ubaldofernandes.com\/#website\"},\"primaryImageOfPage\":{\"@id\":\"https:\/\/ubaldofernandes.com\/index.php\/news\/os-potiguares-estao-satisfeitos-com-nossa-atuacao-e-temos-que-continuar-fazendo-esse-trabalho-em-sintonia-com-as-necessidades-da-populacao-afirmou-o-deputado-ubaldo-fernandes\/#primaryimage\"},\"image\":{\"@id\":\"https:\/\/ubaldofernandes.com\/index.php\/news\/os-potiguares-estao-satisfeitos-com-nossa-atuacao-e-temos-que-continuar-fazendo-esse-trabalho-em-sintonia-com-as-necessidades-da-populacao-afirmou-o-deputado-ubaldo-fernandes\/#primaryimage\"},\"thumbnailUrl\":\"https:\/\/ubaldofernandes.com\/wp-content\/uploads\/2021\/06\/Ubaldo-Clarim-Natal.jpg\",\"datePublished\":\"2021-06-16T00:23:19+00:00\",\"dateModified\":\"2021-06-16T13:12:03+00:00\",\"breadcrumb\":{\"@id\":\"https:\/\/ubaldofernandes.com\/index.php\/news\/os-potiguares-estao-satisfeitos-com-nossa-atuacao-e-temos-que-continuar-fazendo-esse-trabalho-em-sintonia-com-as-necessidades-da-populacao-afirmou-o-deputado-ubaldo-fernandes\/#breadcrumb\"},\"inLanguage\":\"pt-BR\",\"potentialAction\":[{\"@type\":\"ReadAction\",\"target\":[\"https:\/\/ubaldofernandes.com\/index.php\/news\/os-potiguares-estao-satisfeitos-com-nossa-atuacao-e-temos-que-continuar-fazendo-esse-trabalho-em-sintonia-com-as-necessidades-da-populacao-afirmou-o-deputado-ubaldo-fernandes\/\"]}]},{\"@type\":\"ImageObject\",\"inLanguage\":\"pt-BR\",\"@id\":\"https:\/\/ubaldofernandes.com\/index.php\/news\/os-potiguares-estao-satisfeitos-com-nossa-atuacao-e-temos-que-continuar-fazendo-esse-trabalho-em-sintonia-com-as-necessidades-da-populacao-afirmou-o-deputado-ubaldo-fernandes\/#primaryimage\",\"url\":\"https:\/\/ubaldofernandes.com\/wp-content\/uploads\/2021\/06\/Ubaldo-Clarim-Natal.jpg\",\"contentUrl\":\"https:\/\/ubaldofernandes.com\/wp-content\/uploads\/2021\/06\/Ubaldo-Clarim-Natal.jpg\",\"width\":400,\"height\":300},{\"@type\":\"BreadcrumbList\",\"@id\":\"https:\/\/ubaldofernandes.com\/index.php\/news\/os-potiguares-estao-satisfeitos-com-nossa-atuacao-e-temos-que-continuar-fazendo-esse-trabalho-em-sintonia-com-as-necessidades-da-populacao-afirmou-o-deputado-ubaldo-fernandes\/#breadcrumb\",\"itemListElement\":[{\"@type\":\"ListItem\",\"position\":1,\"name\":\"In\u00edcio\",\"item\":\"https:\/\/ubaldofernandes.com\/\"},{\"@type\":\"ListItem\",\"position\":2,\"name\":\"Not\u00edcias\",\"item\":\"https:\/\/ubaldofernandes.com\/index.php\/news\/\"},{\"@type\":\"ListItem\",\"position\":3,\"name\":\"\u201cOs potiguares est\u00e3o satisfeitos com nossa atua\u00e7\u00e3o e temos que continuar fazendo esse trabalho em sintonia com as necessidades da popula\u00e7\u00e3o\u201c, afirmou o deputado Ubaldo Fernandes\"}]},{\"@type\":\"WebSite\",\"@id\":\"https:\/\/ubaldofernandes.com\/#website\",\"url\":\"https:\/\/ubaldofernandes.com\/\",\"name\":\"Ubaldo Fernandes\",\"description\":\"Deputado Estadual\",\"potentialAction\":[{\"@type\":\"SearchAction\",\"target\":{\"@type\":\"EntryPoint\",\"urlTemplate\":\"https:\/\/ubaldofernandes.com\/?s={search_term_string}\"},\"query-input\":{\"@type\":\"PropertyValueSpecification\",\"valueRequired\":true,\"valueName\":\"search_term_string\"}}],\"inLanguage\":\"pt-BR\"}]}<\/script>\n<!-- \/ Yoast SEO plugin. -->","yoast_head_json":{"title":"\u201cOs potiguares est\u00e3o satisfeitos com nossa atua\u00e7\u00e3o e temos que continuar fazendo esse trabalho em sintonia com as necessidades da popula\u00e7\u00e3o\u201c, afirmou o deputado Ubaldo Fernandes - Ubaldo Fernandes","robots":{"index":"index","follow":"follow","max-snippet":"max-snippet:-1","max-image-preview":"max-image-preview:large","max-video-preview":"max-video-preview:-1"},"canonical":"https:\/\/ubaldofernandes.com\/index.php\/news\/os-potiguares-estao-satisfeitos-com-nossa-atuacao-e-temos-que-continuar-fazendo-esse-trabalho-em-sintonia-com-as-necessidades-da-populacao-afirmou-o-deputado-ubaldo-fernandes\/","og_locale":"pt_BR","og_type":"article","og_title":"\u201cOs potiguares est\u00e3o satisfeitos com nossa atua\u00e7\u00e3o e temos que continuar fazendo esse trabalho em sintonia com as necessidades da popula\u00e7\u00e3o\u201c, afirmou o deputado Ubaldo Fernandes - Ubaldo Fernandes","og_description":"O terceiro entrevistado da nossa s\u00e9rie 2021 \u00e9 o deputado estadual Ubaldo Fernandes. Confira a entrevista completa! Aos\u00a054\u00a0anos,\u00a0casado h\u00e1 15 anos com Ivanilda e\u00a0pai de duas filhas, Ubaldo Fernandes da Silva\u00a0\u00e9 natural de\u00a0Tangar\u00e1, regi\u00e3o Trairi\/RN. Possui o\u00a0curso superior incompleto em Gest\u00e3o P\u00fablica e \u00e9 servidor p\u00fablico. JORNAL CLARIM NATAL &#8211;&nbsp;Quem \u00e9 o deputado Ubaldo Fernandes? [&hellip;]","og_url":"https:\/\/ubaldofernandes.com\/index.php\/news\/os-potiguares-estao-satisfeitos-com-nossa-atuacao-e-temos-que-continuar-fazendo-esse-trabalho-em-sintonia-com-as-necessidades-da-populacao-afirmou-o-deputado-ubaldo-fernandes\/","og_site_name":"Ubaldo Fernandes","article_modified_time":"2021-06-16T13:12:03+00:00","og_image":[{"width":400,"height":300,"url":"https:\/\/ubaldofernandes.com\/wp-content\/uploads\/2021\/06\/Ubaldo-Clarim-Natal.jpg","type":"image\/jpeg"}],"twitter_card":"summary_large_image","twitter_misc":{"Est. tempo de leitura":"7 minutos"},"schema":{"@context":"https:\/\/schema.org","@graph":[{"@type":"WebPage","@id":"https:\/\/ubaldofernandes.com\/index.php\/news\/os-potiguares-estao-satisfeitos-com-nossa-atuacao-e-temos-que-continuar-fazendo-esse-trabalho-em-sintonia-com-as-necessidades-da-populacao-afirmou-o-deputado-ubaldo-fernandes\/","url":"https:\/\/ubaldofernandes.com\/index.php\/news\/os-potiguares-estao-satisfeitos-com-nossa-atuacao-e-temos-que-continuar-fazendo-esse-trabalho-em-sintonia-com-as-necessidades-da-populacao-afirmou-o-deputado-ubaldo-fernandes\/","name":"\u201cOs potiguares est\u00e3o satisfeitos com nossa atua\u00e7\u00e3o e temos que continuar fazendo esse trabalho em sintonia com as necessidades da popula\u00e7\u00e3o\u201c, afirmou o deputado Ubaldo Fernandes - Ubaldo Fernandes","isPartOf":{"@id":"https:\/\/ubaldofernandes.com\/#website"},"primaryImageOfPage":{"@id":"https:\/\/ubaldofernandes.com\/index.php\/news\/os-potiguares-estao-satisfeitos-com-nossa-atuacao-e-temos-que-continuar-fazendo-esse-trabalho-em-sintonia-com-as-necessidades-da-populacao-afirmou-o-deputado-ubaldo-fernandes\/#primaryimage"},"image":{"@id":"https:\/\/ubaldofernandes.com\/index.php\/news\/os-potiguares-estao-satisfeitos-com-nossa-atuacao-e-temos-que-continuar-fazendo-esse-trabalho-em-sintonia-com-as-necessidades-da-populacao-afirmou-o-deputado-ubaldo-fernandes\/#primaryimage"},"thumbnailUrl":"https:\/\/ubaldofernandes.com\/wp-content\/uploads\/2021\/06\/Ubaldo-Clarim-Natal.jpg","datePublished":"2021-06-16T00:23:19+00:00","dateModified":"2021-06-16T13:12:03+00:00","breadcrumb":{"@id":"https:\/\/ubaldofernandes.com\/index.php\/news\/os-potiguares-estao-satisfeitos-com-nossa-atuacao-e-temos-que-continuar-fazendo-esse-trabalho-em-sintonia-com-as-necessidades-da-populacao-afirmou-o-deputado-ubaldo-fernandes\/#breadcrumb"},"inLanguage":"pt-BR","potentialAction":[{"@type":"ReadAction","target":["https:\/\/ubaldofernandes.com\/index.php\/news\/os-potiguares-estao-satisfeitos-com-nossa-atuacao-e-temos-que-continuar-fazendo-esse-trabalho-em-sintonia-com-as-necessidades-da-populacao-afirmou-o-deputado-ubaldo-fernandes\/"]}]},{"@type":"ImageObject","inLanguage":"pt-BR","@id":"https:\/\/ubaldofernandes.com\/index.php\/news\/os-potiguares-estao-satisfeitos-com-nossa-atuacao-e-temos-que-continuar-fazendo-esse-trabalho-em-sintonia-com-as-necessidades-da-populacao-afirmou-o-deputado-ubaldo-fernandes\/#primaryimage","url":"https:\/\/ubaldofernandes.com\/wp-content\/uploads\/2021\/06\/Ubaldo-Clarim-Natal.jpg","contentUrl":"https:\/\/ubaldofernandes.com\/wp-content\/uploads\/2021\/06\/Ubaldo-Clarim-Natal.jpg","width":400,"height":300},{"@type":"BreadcrumbList","@id":"https:\/\/ubaldofernandes.com\/index.php\/news\/os-potiguares-estao-satisfeitos-com-nossa-atuacao-e-temos-que-continuar-fazendo-esse-trabalho-em-sintonia-com-as-necessidades-da-populacao-afirmou-o-deputado-ubaldo-fernandes\/#breadcrumb","itemListElement":[{"@type":"ListItem","position":1,"name":"In\u00edcio","item":"https:\/\/ubaldofernandes.com\/"},{"@type":"ListItem","position":2,"name":"Not\u00edcias","item":"https:\/\/ubaldofernandes.com\/index.php\/news\/"},{"@type":"ListItem","position":3,"name":"\u201cOs potiguares est\u00e3o satisfeitos com nossa atua\u00e7\u00e3o e temos que continuar fazendo esse trabalho em sintonia com as necessidades da popula\u00e7\u00e3o\u201c, afirmou o deputado Ubaldo Fernandes"}]},{"@type":"WebSite","@id":"https:\/\/ubaldofernandes.com\/#website","url":"https:\/\/ubaldofernandes.com\/","name":"Ubaldo Fernandes","description":"Deputado Estadual","potentialAction":[{"@type":"SearchAction","target":{"@type":"EntryPoint","urlTemplate":"https:\/\/ubaldofernandes.com\/?s={search_term_string}"},"query-input":{"@type":"PropertyValueSpecification","valueRequired":true,"valueName":"search_term_string"}}],"inLanguage":"pt-BR"}]}},"_links":{"self":[{"href":"https:\/\/ubaldofernandes.com\/index.php\/wp-json\/wp\/v2\/news\/2383","targetHints":{"allow":["GET"]}}],"collection":[{"href":"https:\/\/ubaldofernandes.com\/index.php\/wp-json\/wp\/v2\/news"}],"about":[{"href":"https:\/\/ubaldofernandes.com\/index.php\/wp-json\/wp\/v2\/types\/news"}],"wp:featuredmedia":[{"embeddable":true,"href":"https:\/\/ubaldofernandes.com\/index.php\/wp-json\/wp\/v2\/media\/2384"}],"wp:attachment":[{"href":"https:\/\/ubaldofernandes.com\/index.php\/wp-json\/wp\/v2\/media?parent=2383"}],"curies":[{"name":"wp","href":"https:\/\/api.w.org\/{rel}","templated":true}]}}