{"id":2401,"date":"2021-06-17T16:17:00","date_gmt":"2021-06-17T19:17:00","guid":{"rendered":"https:\/\/ubaldofernandes.com\/?post_type=news&#038;p=2401"},"modified":"2021-06-17T21:22:13","modified_gmt":"2021-06-18T00:22:13","slug":"2401-2","status":"publish","type":"news","link":"https:\/\/ubaldofernandes.com\/index.php\/news\/2401-2\/","title":{"rendered":"Deputado Ubaldo Fernandes solicita fiscaliza\u00e7\u00e3o em bombas de combust\u00edveis"},"content":{"rendered":"\n<p>Ap\u00f3s interdi\u00e7\u00e3o de dezenas de bombas de combust\u00edvel em Mossor\u00f3 e cidades da regi\u00e3o por vaz\u00e3o abaixo do permitido, o deputado estadual Ubaldo Fernandes (PL) solicitou ao Instituto de Pesos e Medidas do Rio Grande do Norte (Ipem\/RN) e ao Procon RN, um trabalho de fiscaliza\u00e7\u00e3o em todas as bombas em funcionamento no RN.<\/p>\n\n\n\n<p>\u201cEssa \u00e9 uma situa\u00e7\u00e3o que merece nossa aten\u00e7\u00e3o, como presidente da Comiss\u00e3o de Defesa do Consumidor desta Casa, venho cobrar mais fiscaliza\u00e7\u00e3o, n\u00e3o s\u00f3 na regi\u00e3o oeste, mas em todo estado\u201d, alertou Ubaldo Fernandes, na sess\u00e3o ordin\u00e1ria desta quinta-feira (17).<\/p>\n\n\n\n<p>No per\u00edodo de 07 a 12 de junho as equipes de fiscaliza\u00e7\u00e3o do Ipem\/RN realizaram um mutir\u00e3o de fiscaliza\u00e7\u00e3o de balan\u00e7as e bombas de combust\u00edveis em Mossor\u00f3 e regi\u00e3o com a verifica\u00e7\u00e3o de 567 instrumentos.<\/p>\n\n\n\n<p>Dos 161 bicos de bombas de combust\u00edveis fiscalizados, em 24 foram encontradas irregularidades que levaram a interdi\u00e7\u00e3o ou reprova\u00e7\u00e3o por vaz\u00e3o abaixo do permitido (quando \u00e9 entregue um volume menor de combust\u00edvel ao consumidor em rela\u00e7\u00e3o ao apresentado na bomba), por erro no interloque (sistema de bloqueio respons\u00e1vel por zerar os indicadores de volume e pre\u00e7o a pagar da bomba de combust\u00edvel a cada novo fornecimento) e por mangueiras danificadas.<\/p>\n\n\n\n<p>\u201cN\u00e3o bastava ter um dos combust\u00edveis mais caros do pa\u00eds, os consumidores potiguares est\u00e3o sendo lesados por alguns postos de combust\u00edveis. Isso \u00e9 muito grave\u201d, completou o deputado.<\/p>\n\n\n\n<p>Ainda em sua fala, durante a sess\u00e3o ordin\u00e1ria desta quinta-feira (17), o parlamentar fez apelo ao Governo do Estado pela inclus\u00e3o dos operadores de telecomunica\u00e7\u00f5es na lista das prioridades para receber a vacina contra a Covid-19. \u201cOs cabeadores, que trabalham nas ruas instalando internet, precisam da imuniza\u00e7\u00e3o. \u00c9 uma categoria muito vulner\u00e1vel pois est\u00e1 no dia a dia atendendo a popula\u00e7\u00e3o\u201d, disse.<\/p>\n\n\n\n<p>Mat\u00e9ria publicada no <a href=\"https:\/\/www.rnempauta.com.br\/2021\/06\/deputado-ubaldo-fernandes-solicita.html\">Blog RN em Pauta<\/a>. <\/p>\n","protected":false},"featured_media":2402,"parent":0,"template":"","class_list":["post-2401","news","type-news","status-publish","has-post-thumbnail","hentry"],"acf":[],"yoast_head":"<!-- This site is optimized with the Yoast SEO plugin v24.6 - https:\/\/yoast.com\/wordpress\/plugins\/seo\/ -->\n<title>Deputado Ubaldo Fernandes solicita fiscaliza\u00e7\u00e3o em bombas de combust\u00edveis - Ubaldo Fernandes<\/title>\n<meta name=\"robots\" content=\"index, follow, max-snippet:-1, max-image-preview:large, max-video-preview:-1\" \/>\n<link rel=\"canonical\" href=\"https:\/\/ubaldofernandes.com\/index.php\/news\/2401-2\/\" \/>\n<meta property=\"og:locale\" content=\"pt_BR\" \/>\n<meta property=\"og:type\" content=\"article\" \/>\n<meta property=\"og:title\" content=\"Deputado Ubaldo Fernandes solicita fiscaliza\u00e7\u00e3o em bombas de combust\u00edveis - Ubaldo Fernandes\" \/>\n<meta property=\"og:description\" content=\"Ap\u00f3s interdi\u00e7\u00e3o de dezenas de bombas de combust\u00edvel em Mossor\u00f3 e cidades da regi\u00e3o por vaz\u00e3o abaixo do permitido, o deputado estadual Ubaldo Fernandes (PL) solicitou ao Instituto de Pesos e Medidas do Rio Grande do Norte (Ipem\/RN) e ao Procon RN, um trabalho de fiscaliza\u00e7\u00e3o em todas as bombas em funcionamento no RN. \u201cEssa [&hellip;]\" \/>\n<meta property=\"og:url\" content=\"https:\/\/ubaldofernandes.com\/index.php\/news\/2401-2\/\" \/>\n<meta property=\"og:site_name\" content=\"Ubaldo Fernandes\" \/>\n<meta property=\"article:modified_time\" content=\"2021-06-18T00:22:13+00:00\" \/>\n<meta property=\"og:image\" content=\"https:\/\/ubaldofernandes.com\/wp-content\/uploads\/2021\/06\/Ubaldo-sessao-170621.jpg\" \/>\n\t<meta property=\"og:image:width\" content=\"1280\" \/>\n\t<meta property=\"og:image:height\" content=\"853\" \/>\n\t<meta property=\"og:image:type\" content=\"image\/jpeg\" \/>\n<meta name=\"twitter:card\" content=\"summary_large_image\" \/>\n<meta name=\"twitter:label1\" content=\"Est. tempo de leitura\" \/>\n\t<meta name=\"twitter:data1\" content=\"2 minutos\" \/>\n<script type=\"application\/ld+json\" class=\"yoast-schema-graph\">{\"@context\":\"https:\/\/schema.org\",\"@graph\":[{\"@type\":\"WebPage\",\"@id\":\"https:\/\/ubaldofernandes.com\/index.php\/news\/2401-2\/\",\"url\":\"https:\/\/ubaldofernandes.com\/index.php\/news\/2401-2\/\",\"name\":\"Deputado Ubaldo Fernandes solicita fiscaliza\u00e7\u00e3o em bombas de combust\u00edveis - Ubaldo Fernandes\",\"isPartOf\":{\"@id\":\"https:\/\/ubaldofernandes.com\/#website\"},\"primaryImageOfPage\":{\"@id\":\"https:\/\/ubaldofernandes.com\/index.php\/news\/2401-2\/#primaryimage\"},\"image\":{\"@id\":\"https:\/\/ubaldofernandes.com\/index.php\/news\/2401-2\/#primaryimage\"},\"thumbnailUrl\":\"https:\/\/ubaldofernandes.com\/wp-content\/uploads\/2021\/06\/Ubaldo-sessao-170621.jpg\",\"datePublished\":\"2021-06-17T19:17:00+00:00\",\"dateModified\":\"2021-06-18T00:22:13+00:00\",\"breadcrumb\":{\"@id\":\"https:\/\/ubaldofernandes.com\/index.php\/news\/2401-2\/#breadcrumb\"},\"inLanguage\":\"pt-BR\",\"potentialAction\":[{\"@type\":\"ReadAction\",\"target\":[\"https:\/\/ubaldofernandes.com\/index.php\/news\/2401-2\/\"]}]},{\"@type\":\"ImageObject\",\"inLanguage\":\"pt-BR\",\"@id\":\"https:\/\/ubaldofernandes.com\/index.php\/news\/2401-2\/#primaryimage\",\"url\":\"https:\/\/ubaldofernandes.com\/wp-content\/uploads\/2021\/06\/Ubaldo-sessao-170621.jpg\",\"contentUrl\":\"https:\/\/ubaldofernandes.com\/wp-content\/uploads\/2021\/06\/Ubaldo-sessao-170621.jpg\",\"width\":1280,\"height\":853},{\"@type\":\"BreadcrumbList\",\"@id\":\"https:\/\/ubaldofernandes.com\/index.php\/news\/2401-2\/#breadcrumb\",\"itemListElement\":[{\"@type\":\"ListItem\",\"position\":1,\"name\":\"In\u00edcio\",\"item\":\"https:\/\/ubaldofernandes.com\/\"},{\"@type\":\"ListItem\",\"position\":2,\"name\":\"Not\u00edcias\",\"item\":\"https:\/\/ubaldofernandes.com\/index.php\/news\/\"},{\"@type\":\"ListItem\",\"position\":3,\"name\":\"Deputado Ubaldo Fernandes solicita fiscaliza\u00e7\u00e3o em bombas de combust\u00edveis\"}]},{\"@type\":\"WebSite\",\"@id\":\"https:\/\/ubaldofernandes.com\/#website\",\"url\":\"https:\/\/ubaldofernandes.com\/\",\"name\":\"Ubaldo Fernandes\",\"description\":\"Deputado Estadual\",\"potentialAction\":[{\"@type\":\"SearchAction\",\"target\":{\"@type\":\"EntryPoint\",\"urlTemplate\":\"https:\/\/ubaldofernandes.com\/?s={search_term_string}\"},\"query-input\":{\"@type\":\"PropertyValueSpecification\",\"valueRequired\":true,\"valueName\":\"search_term_string\"}}],\"inLanguage\":\"pt-BR\"}]}<\/script>\n<!-- \/ Yoast SEO plugin. -->","yoast_head_json":{"title":"Deputado Ubaldo Fernandes solicita fiscaliza\u00e7\u00e3o em bombas de combust\u00edveis - Ubaldo Fernandes","robots":{"index":"index","follow":"follow","max-snippet":"max-snippet:-1","max-image-preview":"max-image-preview:large","max-video-preview":"max-video-preview:-1"},"canonical":"https:\/\/ubaldofernandes.com\/index.php\/news\/2401-2\/","og_locale":"pt_BR","og_type":"article","og_title":"Deputado Ubaldo Fernandes solicita fiscaliza\u00e7\u00e3o em bombas de combust\u00edveis - Ubaldo Fernandes","og_description":"Ap\u00f3s interdi\u00e7\u00e3o de dezenas de bombas de combust\u00edvel em Mossor\u00f3 e cidades da regi\u00e3o por vaz\u00e3o abaixo do permitido, o deputado estadual Ubaldo Fernandes (PL) solicitou ao Instituto de Pesos e Medidas do Rio Grande do Norte (Ipem\/RN) e ao Procon RN, um trabalho de fiscaliza\u00e7\u00e3o em todas as bombas em funcionamento no RN. \u201cEssa [&hellip;]","og_url":"https:\/\/ubaldofernandes.com\/index.php\/news\/2401-2\/","og_site_name":"Ubaldo Fernandes","article_modified_time":"2021-06-18T00:22:13+00:00","og_image":[{"width":1280,"height":853,"url":"https:\/\/ubaldofernandes.com\/wp-content\/uploads\/2021\/06\/Ubaldo-sessao-170621.jpg","type":"image\/jpeg"}],"twitter_card":"summary_large_image","twitter_misc":{"Est. tempo de leitura":"2 minutos"},"schema":{"@context":"https:\/\/schema.org","@graph":[{"@type":"WebPage","@id":"https:\/\/ubaldofernandes.com\/index.php\/news\/2401-2\/","url":"https:\/\/ubaldofernandes.com\/index.php\/news\/2401-2\/","name":"Deputado Ubaldo Fernandes solicita fiscaliza\u00e7\u00e3o em bombas de combust\u00edveis - Ubaldo Fernandes","isPartOf":{"@id":"https:\/\/ubaldofernandes.com\/#website"},"primaryImageOfPage":{"@id":"https:\/\/ubaldofernandes.com\/index.php\/news\/2401-2\/#primaryimage"},"image":{"@id":"https:\/\/ubaldofernandes.com\/index.php\/news\/2401-2\/#primaryimage"},"thumbnailUrl":"https:\/\/ubaldofernandes.com\/wp-content\/uploads\/2021\/06\/Ubaldo-sessao-170621.jpg","datePublished":"2021-06-17T19:17:00+00:00","dateModified":"2021-06-18T00:22:13+00:00","breadcrumb":{"@id":"https:\/\/ubaldofernandes.com\/index.php\/news\/2401-2\/#breadcrumb"},"inLanguage":"pt-BR","potentialAction":[{"@type":"ReadAction","target":["https:\/\/ubaldofernandes.com\/index.php\/news\/2401-2\/"]}]},{"@type":"ImageObject","inLanguage":"pt-BR","@id":"https:\/\/ubaldofernandes.com\/index.php\/news\/2401-2\/#primaryimage","url":"https:\/\/ubaldofernandes.com\/wp-content\/uploads\/2021\/06\/Ubaldo-sessao-170621.jpg","contentUrl":"https:\/\/ubaldofernandes.com\/wp-content\/uploads\/2021\/06\/Ubaldo-sessao-170621.jpg","width":1280,"height":853},{"@type":"BreadcrumbList","@id":"https:\/\/ubaldofernandes.com\/index.php\/news\/2401-2\/#breadcrumb","itemListElement":[{"@type":"ListItem","position":1,"name":"In\u00edcio","item":"https:\/\/ubaldofernandes.com\/"},{"@type":"ListItem","position":2,"name":"Not\u00edcias","item":"https:\/\/ubaldofernandes.com\/index.php\/news\/"},{"@type":"ListItem","position":3,"name":"Deputado Ubaldo Fernandes solicita fiscaliza\u00e7\u00e3o em bombas de combust\u00edveis"}]},{"@type":"WebSite","@id":"https:\/\/ubaldofernandes.com\/#website","url":"https:\/\/ubaldofernandes.com\/","name":"Ubaldo Fernandes","description":"Deputado Estadual","potentialAction":[{"@type":"SearchAction","target":{"@type":"EntryPoint","urlTemplate":"https:\/\/ubaldofernandes.com\/?s={search_term_string}"},"query-input":{"@type":"PropertyValueSpecification","valueRequired":true,"valueName":"search_term_string"}}],"inLanguage":"pt-BR"}]}},"_links":{"self":[{"href":"https:\/\/ubaldofernandes.com\/index.php\/wp-json\/wp\/v2\/news\/2401","targetHints":{"allow":["GET"]}}],"collection":[{"href":"https:\/\/ubaldofernandes.com\/index.php\/wp-json\/wp\/v2\/news"}],"about":[{"href":"https:\/\/ubaldofernandes.com\/index.php\/wp-json\/wp\/v2\/types\/news"}],"wp:featuredmedia":[{"embeddable":true,"href":"https:\/\/ubaldofernandes.com\/index.php\/wp-json\/wp\/v2\/media\/2402"}],"wp:attachment":[{"href":"https:\/\/ubaldofernandes.com\/index.php\/wp-json\/wp\/v2\/media?parent=2401"}],"curies":[{"name":"wp","href":"https:\/\/api.w.org\/{rel}","templated":true}]}}