{"id":2475,"date":"2021-06-30T13:25:26","date_gmt":"2021-06-30T16:25:26","guid":{"rendered":"https:\/\/ubaldofernandes.com\/?post_type=news&#038;p=2475"},"modified":"2021-07-01T09:28:39","modified_gmt":"2021-07-01T12:28:39","slug":"governo-sanciona-lei-de-ubaldo-que-obriga-concessionarias-de-veiculos-informar-isencoes","status":"publish","type":"news","link":"https:\/\/ubaldofernandes.com\/index.php\/news\/governo-sanciona-lei-de-ubaldo-que-obriga-concessionarias-de-veiculos-informar-isencoes\/","title":{"rendered":"Governo sanciona lei de Ubaldo que obriga concession\u00e1rias de ve\u00edculos informar isen\u00e7\u00f5es"},"content":{"rendered":"\n<p>O Governo do Estado publicou no Di\u00e1rio Oficial do Estado a san\u00e7\u00e3o da Lei N\u00ba 10.942, que obriga a afixa\u00e7\u00e3o de cartazes em revendedoras e concession\u00e1rias de ve\u00edculos informando sobre isen\u00e7\u00f5es tribut\u00e1rias espec\u00edficas, concedidas \u00e0s pessoas com defici\u00eancia e portadoras de enfermidade de car\u00e1ter irrevers\u00edvel no \u00e2mbito do Estado do Rio Grande do Norte. De autoria do deputado estadual Ubaldo Fernandes (PL), a mat\u00e9ria foi aprovada na Assembleia Legislativa, por unanimidade, no dia 9 de junho.<\/p>\n\n\n\n<p>\u201cS\u00e3o medidas simples que contribuem com o fortalecimento da autoestima e tamb\u00e9m abrem possibilidades de inclus\u00e3o social e profissional. N\u00e3o haver\u00e1 sociedade solid\u00e1ria e indulgente, caso os interesses individuais n\u00e3o sejam preservados e essa preserva\u00e7\u00e3o se d\u00e1 com o adequado cuidado \u00e0 concep\u00e7\u00e3o, interpreta\u00e7\u00e3o e aplica\u00e7\u00e3o da lei\u201d, justificou o deputado.<\/p>\n\n\n\n<p>As isen\u00e7\u00f5es s\u00e3o relativas ao Imposto sobre Produtos Industrializados (IPI), ICMS e outros tributos garantidos por lei \u00e0s pessoas com defici\u00eancia f\u00edsica, auditiva, visual, mental severa ou profunda e ainda com autismo. A informa\u00e7\u00e3o dever\u00e1 ser feita por meio de cartazes fixados em locais vis\u00edveis aos funcion\u00e1rios e aos consumidores. \u201cCom a\u00e7\u00f5es de divulga\u00e7\u00e3o de direitos, precisamos fortalecer a atitude em prol da inclus\u00e3o\u201d, afirmou Ubaldo.<\/p>\n\n\n\n<p>O descumprimento da Lei N\u00ba 10.942 acarretar\u00e1: advert\u00eancia, com notifica\u00e7\u00e3o dos respons\u00e1veis para a regulariza\u00e7\u00e3o no prazo m\u00e1ximo e improrrog\u00e1vel de trinta dias; multa, em caso de n\u00e3o regulariza\u00e7\u00e3o dentro do prazo estipulado no inciso I deste artigo, que n\u00e3o impedem a aplica\u00e7\u00e3o concomitante das penalidades previstas nos artigos 56 e 60 da Lei Federal n\u00ba 8.078, de 11 de setembro de 1990 (C\u00f3digo de Defesa do Consumidor). A fiscaliza\u00e7\u00e3o e a aplica\u00e7\u00e3o do disposto nesta Lei ser\u00e3o realizadas pelos \u00f3rg\u00e3os de prote\u00e7\u00e3o e defesa do consumidor do Estado e esta Lei entra em vigor 60 dias ap\u00f3s a publica\u00e7\u00e3o.<\/p>\n\n\n\n<p>Mat\u00e9ria publicada no <a href=\"https:\/\/jornaldeparnamirim.com.br\/governo-sanciona-lei-de-ubaldo-que-obriga-concessionarias-de-veiculos-informar-isencoes\/\">Jornal de Parnamirim<\/a>. <\/p>\n","protected":false},"featured_media":2476,"parent":0,"template":"","class_list":["post-2475","news","type-news","status-publish","has-post-thumbnail","hentry"],"acf":[],"yoast_head":"<!-- This site is optimized with the Yoast SEO plugin v24.6 - https:\/\/yoast.com\/wordpress\/plugins\/seo\/ -->\n<title>Governo sanciona lei de Ubaldo que obriga concession\u00e1rias de ve\u00edculos informar isen\u00e7\u00f5es - Ubaldo Fernandes<\/title>\n<meta name=\"robots\" content=\"index, follow, max-snippet:-1, max-image-preview:large, max-video-preview:-1\" \/>\n<link rel=\"canonical\" href=\"https:\/\/ubaldofernandes.com\/index.php\/news\/governo-sanciona-lei-de-ubaldo-que-obriga-concessionarias-de-veiculos-informar-isencoes\/\" \/>\n<meta property=\"og:locale\" content=\"pt_BR\" \/>\n<meta property=\"og:type\" content=\"article\" \/>\n<meta property=\"og:title\" content=\"Governo sanciona lei de Ubaldo que obriga concession\u00e1rias de ve\u00edculos informar isen\u00e7\u00f5es - Ubaldo Fernandes\" \/>\n<meta property=\"og:description\" content=\"O Governo do Estado publicou no Di\u00e1rio Oficial do Estado a san\u00e7\u00e3o da Lei N\u00ba 10.942, que obriga a afixa\u00e7\u00e3o de cartazes em revendedoras e concession\u00e1rias de ve\u00edculos informando sobre isen\u00e7\u00f5es tribut\u00e1rias espec\u00edficas, concedidas \u00e0s pessoas com defici\u00eancia e portadoras de enfermidade de car\u00e1ter irrevers\u00edvel no \u00e2mbito do Estado do Rio Grande do Norte. De [&hellip;]\" \/>\n<meta property=\"og:url\" content=\"https:\/\/ubaldofernandes.com\/index.php\/news\/governo-sanciona-lei-de-ubaldo-que-obriga-concessionarias-de-veiculos-informar-isencoes\/\" \/>\n<meta property=\"og:site_name\" content=\"Ubaldo Fernandes\" \/>\n<meta property=\"article:modified_time\" content=\"2021-07-01T12:28:39+00:00\" \/>\n<meta property=\"og:image\" content=\"https:\/\/ubaldofernandes.com\/wp-content\/uploads\/2021\/07\/Ubaldo-Fernandes-Lei.jpeg\" \/>\n\t<meta property=\"og:image:width\" content=\"930\" \/>\n\t<meta property=\"og:image:height\" content=\"524\" \/>\n\t<meta property=\"og:image:type\" content=\"image\/jpeg\" \/>\n<meta name=\"twitter:card\" content=\"summary_large_image\" \/>\n<meta name=\"twitter:label1\" content=\"Est. tempo de leitura\" \/>\n\t<meta name=\"twitter:data1\" content=\"2 minutos\" \/>\n<script type=\"application\/ld+json\" class=\"yoast-schema-graph\">{\"@context\":\"https:\/\/schema.org\",\"@graph\":[{\"@type\":\"WebPage\",\"@id\":\"https:\/\/ubaldofernandes.com\/index.php\/news\/governo-sanciona-lei-de-ubaldo-que-obriga-concessionarias-de-veiculos-informar-isencoes\/\",\"url\":\"https:\/\/ubaldofernandes.com\/index.php\/news\/governo-sanciona-lei-de-ubaldo-que-obriga-concessionarias-de-veiculos-informar-isencoes\/\",\"name\":\"Governo sanciona lei de Ubaldo que obriga concession\u00e1rias de ve\u00edculos informar isen\u00e7\u00f5es - Ubaldo Fernandes\",\"isPartOf\":{\"@id\":\"https:\/\/ubaldofernandes.com\/#website\"},\"primaryImageOfPage\":{\"@id\":\"https:\/\/ubaldofernandes.com\/index.php\/news\/governo-sanciona-lei-de-ubaldo-que-obriga-concessionarias-de-veiculos-informar-isencoes\/#primaryimage\"},\"image\":{\"@id\":\"https:\/\/ubaldofernandes.com\/index.php\/news\/governo-sanciona-lei-de-ubaldo-que-obriga-concessionarias-de-veiculos-informar-isencoes\/#primaryimage\"},\"thumbnailUrl\":\"https:\/\/ubaldofernandes.com\/wp-content\/uploads\/2021\/07\/Ubaldo-Fernandes-Lei.jpeg\",\"datePublished\":\"2021-06-30T16:25:26+00:00\",\"dateModified\":\"2021-07-01T12:28:39+00:00\",\"breadcrumb\":{\"@id\":\"https:\/\/ubaldofernandes.com\/index.php\/news\/governo-sanciona-lei-de-ubaldo-que-obriga-concessionarias-de-veiculos-informar-isencoes\/#breadcrumb\"},\"inLanguage\":\"pt-BR\",\"potentialAction\":[{\"@type\":\"ReadAction\",\"target\":[\"https:\/\/ubaldofernandes.com\/index.php\/news\/governo-sanciona-lei-de-ubaldo-que-obriga-concessionarias-de-veiculos-informar-isencoes\/\"]}]},{\"@type\":\"ImageObject\",\"inLanguage\":\"pt-BR\",\"@id\":\"https:\/\/ubaldofernandes.com\/index.php\/news\/governo-sanciona-lei-de-ubaldo-que-obriga-concessionarias-de-veiculos-informar-isencoes\/#primaryimage\",\"url\":\"https:\/\/ubaldofernandes.com\/wp-content\/uploads\/2021\/07\/Ubaldo-Fernandes-Lei.jpeg\",\"contentUrl\":\"https:\/\/ubaldofernandes.com\/wp-content\/uploads\/2021\/07\/Ubaldo-Fernandes-Lei.jpeg\",\"width\":930,\"height\":524},{\"@type\":\"BreadcrumbList\",\"@id\":\"https:\/\/ubaldofernandes.com\/index.php\/news\/governo-sanciona-lei-de-ubaldo-que-obriga-concessionarias-de-veiculos-informar-isencoes\/#breadcrumb\",\"itemListElement\":[{\"@type\":\"ListItem\",\"position\":1,\"name\":\"In\u00edcio\",\"item\":\"https:\/\/ubaldofernandes.com\/\"},{\"@type\":\"ListItem\",\"position\":2,\"name\":\"Not\u00edcias\",\"item\":\"https:\/\/ubaldofernandes.com\/index.php\/news\/\"},{\"@type\":\"ListItem\",\"position\":3,\"name\":\"Governo sanciona lei de Ubaldo que obriga concession\u00e1rias de ve\u00edculos informar isen\u00e7\u00f5es\"}]},{\"@type\":\"WebSite\",\"@id\":\"https:\/\/ubaldofernandes.com\/#website\",\"url\":\"https:\/\/ubaldofernandes.com\/\",\"name\":\"Ubaldo Fernandes\",\"description\":\"Deputado Estadual\",\"potentialAction\":[{\"@type\":\"SearchAction\",\"target\":{\"@type\":\"EntryPoint\",\"urlTemplate\":\"https:\/\/ubaldofernandes.com\/?s={search_term_string}\"},\"query-input\":{\"@type\":\"PropertyValueSpecification\",\"valueRequired\":true,\"valueName\":\"search_term_string\"}}],\"inLanguage\":\"pt-BR\"}]}<\/script>\n<!-- \/ Yoast SEO plugin. -->","yoast_head_json":{"title":"Governo sanciona lei de Ubaldo que obriga concession\u00e1rias de ve\u00edculos informar isen\u00e7\u00f5es - Ubaldo Fernandes","robots":{"index":"index","follow":"follow","max-snippet":"max-snippet:-1","max-image-preview":"max-image-preview:large","max-video-preview":"max-video-preview:-1"},"canonical":"https:\/\/ubaldofernandes.com\/index.php\/news\/governo-sanciona-lei-de-ubaldo-que-obriga-concessionarias-de-veiculos-informar-isencoes\/","og_locale":"pt_BR","og_type":"article","og_title":"Governo sanciona lei de Ubaldo que obriga concession\u00e1rias de ve\u00edculos informar isen\u00e7\u00f5es - Ubaldo Fernandes","og_description":"O Governo do Estado publicou no Di\u00e1rio Oficial do Estado a san\u00e7\u00e3o da Lei N\u00ba 10.942, que obriga a afixa\u00e7\u00e3o de cartazes em revendedoras e concession\u00e1rias de ve\u00edculos informando sobre isen\u00e7\u00f5es tribut\u00e1rias espec\u00edficas, concedidas \u00e0s pessoas com defici\u00eancia e portadoras de enfermidade de car\u00e1ter irrevers\u00edvel no \u00e2mbito do Estado do Rio Grande do Norte. De [&hellip;]","og_url":"https:\/\/ubaldofernandes.com\/index.php\/news\/governo-sanciona-lei-de-ubaldo-que-obriga-concessionarias-de-veiculos-informar-isencoes\/","og_site_name":"Ubaldo Fernandes","article_modified_time":"2021-07-01T12:28:39+00:00","og_image":[{"width":930,"height":524,"url":"https:\/\/ubaldofernandes.com\/wp-content\/uploads\/2021\/07\/Ubaldo-Fernandes-Lei.jpeg","type":"image\/jpeg"}],"twitter_card":"summary_large_image","twitter_misc":{"Est. tempo de leitura":"2 minutos"},"schema":{"@context":"https:\/\/schema.org","@graph":[{"@type":"WebPage","@id":"https:\/\/ubaldofernandes.com\/index.php\/news\/governo-sanciona-lei-de-ubaldo-que-obriga-concessionarias-de-veiculos-informar-isencoes\/","url":"https:\/\/ubaldofernandes.com\/index.php\/news\/governo-sanciona-lei-de-ubaldo-que-obriga-concessionarias-de-veiculos-informar-isencoes\/","name":"Governo sanciona lei de Ubaldo que obriga concession\u00e1rias de ve\u00edculos informar isen\u00e7\u00f5es - Ubaldo Fernandes","isPartOf":{"@id":"https:\/\/ubaldofernandes.com\/#website"},"primaryImageOfPage":{"@id":"https:\/\/ubaldofernandes.com\/index.php\/news\/governo-sanciona-lei-de-ubaldo-que-obriga-concessionarias-de-veiculos-informar-isencoes\/#primaryimage"},"image":{"@id":"https:\/\/ubaldofernandes.com\/index.php\/news\/governo-sanciona-lei-de-ubaldo-que-obriga-concessionarias-de-veiculos-informar-isencoes\/#primaryimage"},"thumbnailUrl":"https:\/\/ubaldofernandes.com\/wp-content\/uploads\/2021\/07\/Ubaldo-Fernandes-Lei.jpeg","datePublished":"2021-06-30T16:25:26+00:00","dateModified":"2021-07-01T12:28:39+00:00","breadcrumb":{"@id":"https:\/\/ubaldofernandes.com\/index.php\/news\/governo-sanciona-lei-de-ubaldo-que-obriga-concessionarias-de-veiculos-informar-isencoes\/#breadcrumb"},"inLanguage":"pt-BR","potentialAction":[{"@type":"ReadAction","target":["https:\/\/ubaldofernandes.com\/index.php\/news\/governo-sanciona-lei-de-ubaldo-que-obriga-concessionarias-de-veiculos-informar-isencoes\/"]}]},{"@type":"ImageObject","inLanguage":"pt-BR","@id":"https:\/\/ubaldofernandes.com\/index.php\/news\/governo-sanciona-lei-de-ubaldo-que-obriga-concessionarias-de-veiculos-informar-isencoes\/#primaryimage","url":"https:\/\/ubaldofernandes.com\/wp-content\/uploads\/2021\/07\/Ubaldo-Fernandes-Lei.jpeg","contentUrl":"https:\/\/ubaldofernandes.com\/wp-content\/uploads\/2021\/07\/Ubaldo-Fernandes-Lei.jpeg","width":930,"height":524},{"@type":"BreadcrumbList","@id":"https:\/\/ubaldofernandes.com\/index.php\/news\/governo-sanciona-lei-de-ubaldo-que-obriga-concessionarias-de-veiculos-informar-isencoes\/#breadcrumb","itemListElement":[{"@type":"ListItem","position":1,"name":"In\u00edcio","item":"https:\/\/ubaldofernandes.com\/"},{"@type":"ListItem","position":2,"name":"Not\u00edcias","item":"https:\/\/ubaldofernandes.com\/index.php\/news\/"},{"@type":"ListItem","position":3,"name":"Governo sanciona lei de Ubaldo que obriga concession\u00e1rias de ve\u00edculos informar isen\u00e7\u00f5es"}]},{"@type":"WebSite","@id":"https:\/\/ubaldofernandes.com\/#website","url":"https:\/\/ubaldofernandes.com\/","name":"Ubaldo Fernandes","description":"Deputado Estadual","potentialAction":[{"@type":"SearchAction","target":{"@type":"EntryPoint","urlTemplate":"https:\/\/ubaldofernandes.com\/?s={search_term_string}"},"query-input":{"@type":"PropertyValueSpecification","valueRequired":true,"valueName":"search_term_string"}}],"inLanguage":"pt-BR"}]}},"_links":{"self":[{"href":"https:\/\/ubaldofernandes.com\/index.php\/wp-json\/wp\/v2\/news\/2475","targetHints":{"allow":["GET"]}}],"collection":[{"href":"https:\/\/ubaldofernandes.com\/index.php\/wp-json\/wp\/v2\/news"}],"about":[{"href":"https:\/\/ubaldofernandes.com\/index.php\/wp-json\/wp\/v2\/types\/news"}],"wp:featuredmedia":[{"embeddable":true,"href":"https:\/\/ubaldofernandes.com\/index.php\/wp-json\/wp\/v2\/media\/2476"}],"wp:attachment":[{"href":"https:\/\/ubaldofernandes.com\/index.php\/wp-json\/wp\/v2\/media?parent=2475"}],"curies":[{"name":"wp","href":"https:\/\/api.w.org\/{rel}","templated":true}]}}