{"id":2508,"date":"2021-07-07T11:31:34","date_gmt":"2021-07-07T14:31:34","guid":{"rendered":"https:\/\/ubaldofernandes.com\/?post_type=news&#038;p=2508"},"modified":"2021-07-07T11:31:37","modified_gmt":"2021-07-07T14:31:37","slug":"deputado-ubaldo-fernandes-visita-senador-eloi-de-souza","status":"publish","type":"news","link":"https:\/\/ubaldofernandes.com\/index.php\/news\/deputado-ubaldo-fernandes-visita-senador-eloi-de-souza\/","title":{"rendered":"Deputado Ubaldo Fernandes visita Senador El\u00f3i de Souza"},"content":{"rendered":"\n<p>Acompanhado do vereador Bernardo, o deputado estadual Ubaldo Fernandes, que tem rodado o RN visitando lideran\u00e7as, esteve nesta ter\u00e7a-feira, 06, no munic\u00edpio de Senador de El\u00f3i de Souza. Al\u00e9m da visita feita no Assentamento Passagem do Juazeiro, Ubaldo visitou o prefeito da cidade, Maciel Gomes.<\/p>\n\n\n\n<p>\u201cDia muito produtivo em que fiz visitas aos Assentamentos Passagem do Juazeiro (casa do amigo Canind\u00e9) e Pequena Vanessa (casa do amigo Fernando), al\u00e9m de ser muito bem recebido na resid\u00eancia da m\u00e3e do prefeito Maciel, Dona Betinha, e ter encerrado a agenda participando da inaugura\u00e7\u00e3o da Assembleia de Deus das Miss\u00f5es\u201d, disse o deputado.<\/p>\n\n\n\n<p>Mat\u00e9ria publicada no <a href=\"http:\/\/lucasthavares.com.br\/2021\/07\/07\/deputado-ubaldo-fernandes-visita-senador-eloi-de-souza\/\">Blog Lucas Tavares<\/a>.<\/p>\n\n\n\n<div class=\"wp-block-image\"><figure class=\"aligncenter size-large\"><img loading=\"lazy\" decoding=\"async\" width=\"768\" height=\"576\" src=\"https:\/\/ubaldofernandes.com\/wp-content\/uploads\/2021\/07\/Ubaldo-Eloi-de-Souza-2.jpg\" alt=\"\" class=\"wp-image-2509\" srcset=\"https:\/\/ubaldofernandes.com\/wp-content\/uploads\/2021\/07\/Ubaldo-Eloi-de-Souza-2.jpg 768w, https:\/\/ubaldofernandes.com\/wp-content\/uploads\/2021\/07\/Ubaldo-Eloi-de-Souza-2-300x225.jpg 300w\" sizes=\"auto, (max-width: 768px) 100vw, 768px\" \/><\/figure><\/div>\n\n\n\n<p><\/p>\n","protected":false},"featured_media":2510,"parent":0,"template":"","class_list":["post-2508","news","type-news","status-publish","has-post-thumbnail","hentry"],"acf":[],"yoast_head":"<!-- This site is optimized with the Yoast SEO plugin v24.6 - https:\/\/yoast.com\/wordpress\/plugins\/seo\/ -->\n<title>Deputado Ubaldo Fernandes visita Senador El\u00f3i de Souza - Ubaldo Fernandes<\/title>\n<meta name=\"robots\" content=\"index, follow, max-snippet:-1, max-image-preview:large, max-video-preview:-1\" \/>\n<link rel=\"canonical\" href=\"https:\/\/ubaldofernandes.com\/index.php\/news\/deputado-ubaldo-fernandes-visita-senador-eloi-de-souza\/\" \/>\n<meta property=\"og:locale\" content=\"pt_BR\" \/>\n<meta property=\"og:type\" content=\"article\" \/>\n<meta property=\"og:title\" content=\"Deputado Ubaldo Fernandes visita Senador El\u00f3i de Souza - Ubaldo Fernandes\" \/>\n<meta property=\"og:description\" content=\"Acompanhado do vereador Bernardo, o deputado estadual Ubaldo Fernandes, que tem rodado o RN visitando lideran\u00e7as, esteve nesta ter\u00e7a-feira, 06, no munic\u00edpio de Senador de El\u00f3i de Souza. Al\u00e9m da visita feita no Assentamento Passagem do Juazeiro, Ubaldo visitou o prefeito da cidade, Maciel Gomes. \u201cDia muito produtivo em que fiz visitas aos Assentamentos Passagem [&hellip;]\" \/>\n<meta property=\"og:url\" content=\"https:\/\/ubaldofernandes.com\/index.php\/news\/deputado-ubaldo-fernandes-visita-senador-eloi-de-souza\/\" \/>\n<meta property=\"og:site_name\" content=\"Ubaldo Fernandes\" \/>\n<meta property=\"article:modified_time\" content=\"2021-07-07T14:31:37+00:00\" \/>\n<meta property=\"og:image\" content=\"https:\/\/ubaldofernandes.com\/wp-content\/uploads\/2021\/07\/Ubaldo-Eloi-de-Souza.jpg\" \/>\n\t<meta property=\"og:image:width\" content=\"768\" \/>\n\t<meta property=\"og:image:height\" content=\"576\" \/>\n\t<meta property=\"og:image:type\" content=\"image\/jpeg\" \/>\n<meta name=\"twitter:card\" content=\"summary_large_image\" \/>\n<meta name=\"twitter:label1\" content=\"Est. tempo de leitura\" \/>\n\t<meta name=\"twitter:data1\" content=\"1 minuto\" \/>\n<script type=\"application\/ld+json\" class=\"yoast-schema-graph\">{\"@context\":\"https:\/\/schema.org\",\"@graph\":[{\"@type\":\"WebPage\",\"@id\":\"https:\/\/ubaldofernandes.com\/index.php\/news\/deputado-ubaldo-fernandes-visita-senador-eloi-de-souza\/\",\"url\":\"https:\/\/ubaldofernandes.com\/index.php\/news\/deputado-ubaldo-fernandes-visita-senador-eloi-de-souza\/\",\"name\":\"Deputado Ubaldo Fernandes visita Senador El\u00f3i de Souza - Ubaldo Fernandes\",\"isPartOf\":{\"@id\":\"https:\/\/ubaldofernandes.com\/#website\"},\"primaryImageOfPage\":{\"@id\":\"https:\/\/ubaldofernandes.com\/index.php\/news\/deputado-ubaldo-fernandes-visita-senador-eloi-de-souza\/#primaryimage\"},\"image\":{\"@id\":\"https:\/\/ubaldofernandes.com\/index.php\/news\/deputado-ubaldo-fernandes-visita-senador-eloi-de-souza\/#primaryimage\"},\"thumbnailUrl\":\"https:\/\/ubaldofernandes.com\/wp-content\/uploads\/2021\/07\/Ubaldo-Eloi-de-Souza.jpg\",\"datePublished\":\"2021-07-07T14:31:34+00:00\",\"dateModified\":\"2021-07-07T14:31:37+00:00\",\"breadcrumb\":{\"@id\":\"https:\/\/ubaldofernandes.com\/index.php\/news\/deputado-ubaldo-fernandes-visita-senador-eloi-de-souza\/#breadcrumb\"},\"inLanguage\":\"pt-BR\",\"potentialAction\":[{\"@type\":\"ReadAction\",\"target\":[\"https:\/\/ubaldofernandes.com\/index.php\/news\/deputado-ubaldo-fernandes-visita-senador-eloi-de-souza\/\"]}]},{\"@type\":\"ImageObject\",\"inLanguage\":\"pt-BR\",\"@id\":\"https:\/\/ubaldofernandes.com\/index.php\/news\/deputado-ubaldo-fernandes-visita-senador-eloi-de-souza\/#primaryimage\",\"url\":\"https:\/\/ubaldofernandes.com\/wp-content\/uploads\/2021\/07\/Ubaldo-Eloi-de-Souza.jpg\",\"contentUrl\":\"https:\/\/ubaldofernandes.com\/wp-content\/uploads\/2021\/07\/Ubaldo-Eloi-de-Souza.jpg\",\"width\":768,\"height\":576},{\"@type\":\"BreadcrumbList\",\"@id\":\"https:\/\/ubaldofernandes.com\/index.php\/news\/deputado-ubaldo-fernandes-visita-senador-eloi-de-souza\/#breadcrumb\",\"itemListElement\":[{\"@type\":\"ListItem\",\"position\":1,\"name\":\"In\u00edcio\",\"item\":\"https:\/\/ubaldofernandes.com\/\"},{\"@type\":\"ListItem\",\"position\":2,\"name\":\"Not\u00edcias\",\"item\":\"https:\/\/ubaldofernandes.com\/index.php\/news\/\"},{\"@type\":\"ListItem\",\"position\":3,\"name\":\"Deputado Ubaldo Fernandes visita Senador El\u00f3i de Souza\"}]},{\"@type\":\"WebSite\",\"@id\":\"https:\/\/ubaldofernandes.com\/#website\",\"url\":\"https:\/\/ubaldofernandes.com\/\",\"name\":\"Ubaldo Fernandes\",\"description\":\"Deputado Estadual\",\"potentialAction\":[{\"@type\":\"SearchAction\",\"target\":{\"@type\":\"EntryPoint\",\"urlTemplate\":\"https:\/\/ubaldofernandes.com\/?s={search_term_string}\"},\"query-input\":{\"@type\":\"PropertyValueSpecification\",\"valueRequired\":true,\"valueName\":\"search_term_string\"}}],\"inLanguage\":\"pt-BR\"}]}<\/script>\n<!-- \/ Yoast SEO plugin. -->","yoast_head_json":{"title":"Deputado Ubaldo Fernandes visita Senador El\u00f3i de Souza - Ubaldo Fernandes","robots":{"index":"index","follow":"follow","max-snippet":"max-snippet:-1","max-image-preview":"max-image-preview:large","max-video-preview":"max-video-preview:-1"},"canonical":"https:\/\/ubaldofernandes.com\/index.php\/news\/deputado-ubaldo-fernandes-visita-senador-eloi-de-souza\/","og_locale":"pt_BR","og_type":"article","og_title":"Deputado Ubaldo Fernandes visita Senador El\u00f3i de Souza - Ubaldo Fernandes","og_description":"Acompanhado do vereador Bernardo, o deputado estadual Ubaldo Fernandes, que tem rodado o RN visitando lideran\u00e7as, esteve nesta ter\u00e7a-feira, 06, no munic\u00edpio de Senador de El\u00f3i de Souza. Al\u00e9m da visita feita no Assentamento Passagem do Juazeiro, Ubaldo visitou o prefeito da cidade, Maciel Gomes. \u201cDia muito produtivo em que fiz visitas aos Assentamentos Passagem [&hellip;]","og_url":"https:\/\/ubaldofernandes.com\/index.php\/news\/deputado-ubaldo-fernandes-visita-senador-eloi-de-souza\/","og_site_name":"Ubaldo Fernandes","article_modified_time":"2021-07-07T14:31:37+00:00","og_image":[{"width":768,"height":576,"url":"https:\/\/ubaldofernandes.com\/wp-content\/uploads\/2021\/07\/Ubaldo-Eloi-de-Souza.jpg","type":"image\/jpeg"}],"twitter_card":"summary_large_image","twitter_misc":{"Est. tempo de leitura":"1 minuto"},"schema":{"@context":"https:\/\/schema.org","@graph":[{"@type":"WebPage","@id":"https:\/\/ubaldofernandes.com\/index.php\/news\/deputado-ubaldo-fernandes-visita-senador-eloi-de-souza\/","url":"https:\/\/ubaldofernandes.com\/index.php\/news\/deputado-ubaldo-fernandes-visita-senador-eloi-de-souza\/","name":"Deputado Ubaldo Fernandes visita Senador El\u00f3i de Souza - Ubaldo Fernandes","isPartOf":{"@id":"https:\/\/ubaldofernandes.com\/#website"},"primaryImageOfPage":{"@id":"https:\/\/ubaldofernandes.com\/index.php\/news\/deputado-ubaldo-fernandes-visita-senador-eloi-de-souza\/#primaryimage"},"image":{"@id":"https:\/\/ubaldofernandes.com\/index.php\/news\/deputado-ubaldo-fernandes-visita-senador-eloi-de-souza\/#primaryimage"},"thumbnailUrl":"https:\/\/ubaldofernandes.com\/wp-content\/uploads\/2021\/07\/Ubaldo-Eloi-de-Souza.jpg","datePublished":"2021-07-07T14:31:34+00:00","dateModified":"2021-07-07T14:31:37+00:00","breadcrumb":{"@id":"https:\/\/ubaldofernandes.com\/index.php\/news\/deputado-ubaldo-fernandes-visita-senador-eloi-de-souza\/#breadcrumb"},"inLanguage":"pt-BR","potentialAction":[{"@type":"ReadAction","target":["https:\/\/ubaldofernandes.com\/index.php\/news\/deputado-ubaldo-fernandes-visita-senador-eloi-de-souza\/"]}]},{"@type":"ImageObject","inLanguage":"pt-BR","@id":"https:\/\/ubaldofernandes.com\/index.php\/news\/deputado-ubaldo-fernandes-visita-senador-eloi-de-souza\/#primaryimage","url":"https:\/\/ubaldofernandes.com\/wp-content\/uploads\/2021\/07\/Ubaldo-Eloi-de-Souza.jpg","contentUrl":"https:\/\/ubaldofernandes.com\/wp-content\/uploads\/2021\/07\/Ubaldo-Eloi-de-Souza.jpg","width":768,"height":576},{"@type":"BreadcrumbList","@id":"https:\/\/ubaldofernandes.com\/index.php\/news\/deputado-ubaldo-fernandes-visita-senador-eloi-de-souza\/#breadcrumb","itemListElement":[{"@type":"ListItem","position":1,"name":"In\u00edcio","item":"https:\/\/ubaldofernandes.com\/"},{"@type":"ListItem","position":2,"name":"Not\u00edcias","item":"https:\/\/ubaldofernandes.com\/index.php\/news\/"},{"@type":"ListItem","position":3,"name":"Deputado Ubaldo Fernandes visita Senador El\u00f3i de Souza"}]},{"@type":"WebSite","@id":"https:\/\/ubaldofernandes.com\/#website","url":"https:\/\/ubaldofernandes.com\/","name":"Ubaldo Fernandes","description":"Deputado Estadual","potentialAction":[{"@type":"SearchAction","target":{"@type":"EntryPoint","urlTemplate":"https:\/\/ubaldofernandes.com\/?s={search_term_string}"},"query-input":{"@type":"PropertyValueSpecification","valueRequired":true,"valueName":"search_term_string"}}],"inLanguage":"pt-BR"}]}},"_links":{"self":[{"href":"https:\/\/ubaldofernandes.com\/index.php\/wp-json\/wp\/v2\/news\/2508","targetHints":{"allow":["GET"]}}],"collection":[{"href":"https:\/\/ubaldofernandes.com\/index.php\/wp-json\/wp\/v2\/news"}],"about":[{"href":"https:\/\/ubaldofernandes.com\/index.php\/wp-json\/wp\/v2\/types\/news"}],"wp:featuredmedia":[{"embeddable":true,"href":"https:\/\/ubaldofernandes.com\/index.php\/wp-json\/wp\/v2\/media\/2510"}],"wp:attachment":[{"href":"https:\/\/ubaldofernandes.com\/index.php\/wp-json\/wp\/v2\/media?parent=2508"}],"curies":[{"name":"wp","href":"https:\/\/api.w.org\/{rel}","templated":true}]}}