{"id":2551,"date":"2021-07-14T20:15:04","date_gmt":"2021-07-14T23:15:04","guid":{"rendered":"https:\/\/ubaldofernandes.com\/?post_type=news&#038;p=2551"},"modified":"2021-07-15T10:16:45","modified_gmt":"2021-07-15T13:16:45","slug":"audiencia-publica-na-al-discute-precos-de-combustiveis-e-gas-no-rn","status":"publish","type":"news","link":"https:\/\/ubaldofernandes.com\/index.php\/news\/audiencia-publica-na-al-discute-precos-de-combustiveis-e-gas-no-rn\/","title":{"rendered":"Audi\u00eancia P\u00fablica na AL discute pre\u00e7os de combust\u00edveis e g\u00e1s no RN"},"content":{"rendered":"\n<p>Os aumentos sucessivos nos pre\u00e7os dos combust\u00edveis e do g\u00e1s de cozinha foram discutidos na tarde desta quarta-feira (14), em audi\u00eancia p\u00fablica na Assembleia Legislativa do Rio Grande do Norte. O debate foi proposto pelo deputado Ubaldo Fernandes (PL), que reuniu autoridades no assunto para que fosse explicado o motivo pelo qual os pre\u00e7os t\u00eam sofrido tantos reajustes e o estado tem alguns dos valores mais altos do pa\u00eds.<\/p>\n\n\n\n<p>&#8220;Os pre\u00e7os dos combust\u00edveis e do g\u00e1s de cozinha respondem por parte consider\u00e1vel do or\u00e7amento dom\u00e9stico das fam\u00edlias e s\u00e3o tamb\u00e9m ferramentas de trabalho e portanto a fonte de sustento de tantas outras fam\u00edlias. \u00c9 necess\u00e1rio que a gente busque entender o motivo de termos os valores mais altos do pa\u00eds, assim como buscar, com toda dedica\u00e7\u00e3o, caminhos para tentar reduzir esses pre\u00e7os&#8221;, disse Ubaldo Fernandes.<\/p>\n\n\n\n<p>No debate, o parlamentar exp\u00f4s que o pre\u00e7o da gasolina comum do Rio Grande do Norte, que h\u00e1 duas semanas era o terceiro mais alto do Brasil, agora j\u00e1 \u00e9 o segundo maior, segundo levantamento realizado entre os dias 04 e 10 de julho pela Ag\u00eancia Nacional do Petr\u00f3leo, G\u00e1s Natural e Biocombust\u00edveis. O valor m\u00e9dio estava em R$ 6,27, perdendo em todo o Brasil apenas para o Acre. No comparativo com os demais estados do Nordeste, o Rio Grande do Norte tem o pre\u00e7o mais alto, enquanto o valor m\u00e9dio praticado na nossa regi\u00e3o era R$ 5,83 e o nacional era R$ 5,74.<\/p>\n\n\n\n<p>Ainda de acordo com o deputado, a tabela de pre\u00e7o m\u00e9dio ponderado ao consumidor final de combust\u00edveis, elaborada pela Secretaria Executiva do Conselho Nacional de Pol\u00edtica Fazend\u00e1ria (Confaz), o pre\u00e7o m\u00e9dio da gasolina no estado deveria estar em R$ 6,18. Por\u00e9m, em Natal, algumas bombas indicam o pre\u00e7o se aproximando de R$ 6,40.<\/p>\n\n\n\n<p>Sobre o g\u00e1s de cozinha, a ANP informa que, entre 4 e 10 de julho, o botij\u00e3o de 13kg estava sendo vendido, em m\u00e9dia, R$ 94,43, s\u00f3 perdendo para o Cear\u00e1, que est\u00e1 sendo comercializado por cerca de R$ 95,09. Na Bahia, a m\u00e9dia de pre\u00e7os \u00e9 R$ 81,74, enquanto no Nordeste a m\u00e9dia \u00e9 de R$ 87,88, chegando a R$ 89,80 no pa\u00eds.<\/p>\n\n\n\n<p>&#8220;Ningu\u00e9m consegue compreender esse valor t\u00e3o alto do litro da gasolina, por exemplo, j\u00e1 que a al\u00edquota do ICMS do RN, que os empres\u00e1rios locais alegam que \u00e9 um dos maiores fatores respons\u00e1veis pelos pre\u00e7os que est\u00e3o levando \u00e0s bombas, \u00e9 o mesmo da Para\u00edba, Alagoas, Pernambuco e Cear\u00e1&#8221;, disse Ubaldo.<\/p>\n\n\n\n<p>Participando do encontro, o promotor de Defesa do Consumir S\u00e9rgio Sena explicou que foi criado um grupo de trabalho para que se chegue a um entendimento sobre os motivos pelos quais o pre\u00e7o dos combust\u00edveis e do g\u00e1s s\u00e3o t\u00e3o mais altos no Rio Grande do Norte em compara\u00e7\u00e3o a outros estados.&nbsp;<\/p>\n\n\n\n<p>&#8220;S\u00e3o pessoas de conhecimento t\u00e9cnico que poder\u00e3o contribuir procurando uma solu\u00e7\u00e3o e verificando onde est\u00e1 o problema. Se \u00e9 algo internacional ou se h\u00e1 abuso na cadeia de abastecimento. E tamb\u00e9m definam como podemos contribuir para mudar essa realidade. \u00c9 um problema complexo&#8221;, disse o representante do Minist\u00e9rio P\u00fablico.&nbsp;<\/p>\n\n\n\n<p>O representante da Secretaria de Tributa\u00e7\u00e3o do Estado, auditor fiscal S\u00e9rgio Medeiros recha\u00e7ou os argumentos de que impostos diferenciados tenham influ\u00eancia no pre\u00e7o dos combust\u00edveis, j\u00e1 que ele confirmou que os tributos cobrados no estado s\u00e3o os mesmos de estados vizinhos. Ap\u00f3s expor os percentuais, ele explicou que n\u00e3o h\u00e1 um entendimento sobre o motivo pelo qual os pre\u00e7os s\u00e3o mais altos no estado.<\/p>\n\n\n\n<p>Na discuss\u00e3o, representantes de motoristas por aplicativos, pessoas que utilizam motos para o trabalho e tamb\u00e9m membros do Procon e pol\u00edticos, questionaram as raz\u00f5es dos aumentos, mas n\u00e3o tiveram respostas. N\u00e3o participaram do debate representantes dos segmentos de combust\u00edveis e g\u00e1s de cozinha.<\/p>\n\n\n\n<p>&#8220;O pr\u00f3prio Sing\u00e1s falou na imprensa que tamb\u00e9m n\u00e3o compreende tantos reajustes. Os representantes dos postos dizem na imprensa que j\u00e1 t\u00eam queda na venda dos combust\u00edveis e est\u00e3o preocupados! Pois reduzam o valor! N\u00e3o h\u00e1 justificativa para termos os valores mais altos de toda na\u00e7\u00e3o! Os \u00f3rg\u00e3os fiscalizadores precisam nos dizer se h\u00e1 irregularidades ou pr\u00e1tica de abusos no estado e vamos continuar em busca de respostas&#8221;, disse Ubaldo Fernandes.<\/p>\n\n\n\n<p>Publicada no <a href=\"https:\/\/nominuto.com\/noticias\/legislativo\/audiencia-publica-na-al-discute-precos-de-combustiveis-e-gas-no-rn\/218848\/\">Portal No Minuto<\/a>.<\/p>\n","protected":false},"featured_media":2552,"parent":0,"template":"","class_list":["post-2551","news","type-news","status-publish","has-post-thumbnail","hentry"],"acf":[],"yoast_head":"<!-- This site is optimized with the Yoast SEO plugin v24.6 - https:\/\/yoast.com\/wordpress\/plugins\/seo\/ -->\n<title>Audi\u00eancia P\u00fablica na AL discute pre\u00e7os de combust\u00edveis e g\u00e1s no RN - Ubaldo Fernandes<\/title>\n<meta name=\"robots\" content=\"index, follow, max-snippet:-1, max-image-preview:large, max-video-preview:-1\" \/>\n<link rel=\"canonical\" href=\"https:\/\/ubaldofernandes.com\/index.php\/news\/audiencia-publica-na-al-discute-precos-de-combustiveis-e-gas-no-rn\/\" \/>\n<meta property=\"og:locale\" content=\"pt_BR\" \/>\n<meta property=\"og:type\" content=\"article\" \/>\n<meta property=\"og:title\" content=\"Audi\u00eancia P\u00fablica na AL discute pre\u00e7os de combust\u00edveis e g\u00e1s no RN - Ubaldo Fernandes\" \/>\n<meta property=\"og:description\" content=\"Os aumentos sucessivos nos pre\u00e7os dos combust\u00edveis e do g\u00e1s de cozinha foram discutidos na tarde desta quarta-feira (14), em audi\u00eancia p\u00fablica na Assembleia Legislativa do Rio Grande do Norte. O debate foi proposto pelo deputado Ubaldo Fernandes (PL), que reuniu autoridades no assunto para que fosse explicado o motivo pelo qual os pre\u00e7os t\u00eam [&hellip;]\" \/>\n<meta property=\"og:url\" content=\"https:\/\/ubaldofernandes.com\/index.php\/news\/audiencia-publica-na-al-discute-precos-de-combustiveis-e-gas-no-rn\/\" \/>\n<meta property=\"og:site_name\" content=\"Ubaldo Fernandes\" \/>\n<meta property=\"article:modified_time\" content=\"2021-07-15T13:16:45+00:00\" \/>\n<meta property=\"og:image\" content=\"https:\/\/ubaldofernandes.com\/wp-content\/uploads\/2021\/07\/Audiencia-140721.jpg\" \/>\n\t<meta property=\"og:image:width\" content=\"1280\" \/>\n\t<meta property=\"og:image:height\" content=\"959\" \/>\n\t<meta property=\"og:image:type\" content=\"image\/jpeg\" \/>\n<meta name=\"twitter:card\" content=\"summary_large_image\" \/>\n<meta name=\"twitter:label1\" content=\"Est. tempo de leitura\" \/>\n\t<meta name=\"twitter:data1\" content=\"4 minutos\" \/>\n<script type=\"application\/ld+json\" class=\"yoast-schema-graph\">{\"@context\":\"https:\/\/schema.org\",\"@graph\":[{\"@type\":\"WebPage\",\"@id\":\"https:\/\/ubaldofernandes.com\/index.php\/news\/audiencia-publica-na-al-discute-precos-de-combustiveis-e-gas-no-rn\/\",\"url\":\"https:\/\/ubaldofernandes.com\/index.php\/news\/audiencia-publica-na-al-discute-precos-de-combustiveis-e-gas-no-rn\/\",\"name\":\"Audi\u00eancia P\u00fablica na AL discute pre\u00e7os de combust\u00edveis e g\u00e1s no RN - Ubaldo Fernandes\",\"isPartOf\":{\"@id\":\"https:\/\/ubaldofernandes.com\/#website\"},\"primaryImageOfPage\":{\"@id\":\"https:\/\/ubaldofernandes.com\/index.php\/news\/audiencia-publica-na-al-discute-precos-de-combustiveis-e-gas-no-rn\/#primaryimage\"},\"image\":{\"@id\":\"https:\/\/ubaldofernandes.com\/index.php\/news\/audiencia-publica-na-al-discute-precos-de-combustiveis-e-gas-no-rn\/#primaryimage\"},\"thumbnailUrl\":\"https:\/\/ubaldofernandes.com\/wp-content\/uploads\/2021\/07\/Audiencia-140721.jpg\",\"datePublished\":\"2021-07-14T23:15:04+00:00\",\"dateModified\":\"2021-07-15T13:16:45+00:00\",\"breadcrumb\":{\"@id\":\"https:\/\/ubaldofernandes.com\/index.php\/news\/audiencia-publica-na-al-discute-precos-de-combustiveis-e-gas-no-rn\/#breadcrumb\"},\"inLanguage\":\"pt-BR\",\"potentialAction\":[{\"@type\":\"ReadAction\",\"target\":[\"https:\/\/ubaldofernandes.com\/index.php\/news\/audiencia-publica-na-al-discute-precos-de-combustiveis-e-gas-no-rn\/\"]}]},{\"@type\":\"ImageObject\",\"inLanguage\":\"pt-BR\",\"@id\":\"https:\/\/ubaldofernandes.com\/index.php\/news\/audiencia-publica-na-al-discute-precos-de-combustiveis-e-gas-no-rn\/#primaryimage\",\"url\":\"https:\/\/ubaldofernandes.com\/wp-content\/uploads\/2021\/07\/Audiencia-140721.jpg\",\"contentUrl\":\"https:\/\/ubaldofernandes.com\/wp-content\/uploads\/2021\/07\/Audiencia-140721.jpg\",\"width\":1280,\"height\":959},{\"@type\":\"BreadcrumbList\",\"@id\":\"https:\/\/ubaldofernandes.com\/index.php\/news\/audiencia-publica-na-al-discute-precos-de-combustiveis-e-gas-no-rn\/#breadcrumb\",\"itemListElement\":[{\"@type\":\"ListItem\",\"position\":1,\"name\":\"In\u00edcio\",\"item\":\"https:\/\/ubaldofernandes.com\/\"},{\"@type\":\"ListItem\",\"position\":2,\"name\":\"Not\u00edcias\",\"item\":\"https:\/\/ubaldofernandes.com\/index.php\/news\/\"},{\"@type\":\"ListItem\",\"position\":3,\"name\":\"Audi\u00eancia P\u00fablica na AL discute pre\u00e7os de combust\u00edveis e g\u00e1s no RN\"}]},{\"@type\":\"WebSite\",\"@id\":\"https:\/\/ubaldofernandes.com\/#website\",\"url\":\"https:\/\/ubaldofernandes.com\/\",\"name\":\"Ubaldo Fernandes\",\"description\":\"Deputado Estadual\",\"potentialAction\":[{\"@type\":\"SearchAction\",\"target\":{\"@type\":\"EntryPoint\",\"urlTemplate\":\"https:\/\/ubaldofernandes.com\/?s={search_term_string}\"},\"query-input\":{\"@type\":\"PropertyValueSpecification\",\"valueRequired\":true,\"valueName\":\"search_term_string\"}}],\"inLanguage\":\"pt-BR\"}]}<\/script>\n<!-- \/ Yoast SEO plugin. -->","yoast_head_json":{"title":"Audi\u00eancia P\u00fablica na AL discute pre\u00e7os de combust\u00edveis e g\u00e1s no RN - Ubaldo Fernandes","robots":{"index":"index","follow":"follow","max-snippet":"max-snippet:-1","max-image-preview":"max-image-preview:large","max-video-preview":"max-video-preview:-1"},"canonical":"https:\/\/ubaldofernandes.com\/index.php\/news\/audiencia-publica-na-al-discute-precos-de-combustiveis-e-gas-no-rn\/","og_locale":"pt_BR","og_type":"article","og_title":"Audi\u00eancia P\u00fablica na AL discute pre\u00e7os de combust\u00edveis e g\u00e1s no RN - Ubaldo Fernandes","og_description":"Os aumentos sucessivos nos pre\u00e7os dos combust\u00edveis e do g\u00e1s de cozinha foram discutidos na tarde desta quarta-feira (14), em audi\u00eancia p\u00fablica na Assembleia Legislativa do Rio Grande do Norte. O debate foi proposto pelo deputado Ubaldo Fernandes (PL), que reuniu autoridades no assunto para que fosse explicado o motivo pelo qual os pre\u00e7os t\u00eam [&hellip;]","og_url":"https:\/\/ubaldofernandes.com\/index.php\/news\/audiencia-publica-na-al-discute-precos-de-combustiveis-e-gas-no-rn\/","og_site_name":"Ubaldo Fernandes","article_modified_time":"2021-07-15T13:16:45+00:00","og_image":[{"width":1280,"height":959,"url":"https:\/\/ubaldofernandes.com\/wp-content\/uploads\/2021\/07\/Audiencia-140721.jpg","type":"image\/jpeg"}],"twitter_card":"summary_large_image","twitter_misc":{"Est. tempo de leitura":"4 minutos"},"schema":{"@context":"https:\/\/schema.org","@graph":[{"@type":"WebPage","@id":"https:\/\/ubaldofernandes.com\/index.php\/news\/audiencia-publica-na-al-discute-precos-de-combustiveis-e-gas-no-rn\/","url":"https:\/\/ubaldofernandes.com\/index.php\/news\/audiencia-publica-na-al-discute-precos-de-combustiveis-e-gas-no-rn\/","name":"Audi\u00eancia P\u00fablica na AL discute pre\u00e7os de combust\u00edveis e g\u00e1s no RN - Ubaldo Fernandes","isPartOf":{"@id":"https:\/\/ubaldofernandes.com\/#website"},"primaryImageOfPage":{"@id":"https:\/\/ubaldofernandes.com\/index.php\/news\/audiencia-publica-na-al-discute-precos-de-combustiveis-e-gas-no-rn\/#primaryimage"},"image":{"@id":"https:\/\/ubaldofernandes.com\/index.php\/news\/audiencia-publica-na-al-discute-precos-de-combustiveis-e-gas-no-rn\/#primaryimage"},"thumbnailUrl":"https:\/\/ubaldofernandes.com\/wp-content\/uploads\/2021\/07\/Audiencia-140721.jpg","datePublished":"2021-07-14T23:15:04+00:00","dateModified":"2021-07-15T13:16:45+00:00","breadcrumb":{"@id":"https:\/\/ubaldofernandes.com\/index.php\/news\/audiencia-publica-na-al-discute-precos-de-combustiveis-e-gas-no-rn\/#breadcrumb"},"inLanguage":"pt-BR","potentialAction":[{"@type":"ReadAction","target":["https:\/\/ubaldofernandes.com\/index.php\/news\/audiencia-publica-na-al-discute-precos-de-combustiveis-e-gas-no-rn\/"]}]},{"@type":"ImageObject","inLanguage":"pt-BR","@id":"https:\/\/ubaldofernandes.com\/index.php\/news\/audiencia-publica-na-al-discute-precos-de-combustiveis-e-gas-no-rn\/#primaryimage","url":"https:\/\/ubaldofernandes.com\/wp-content\/uploads\/2021\/07\/Audiencia-140721.jpg","contentUrl":"https:\/\/ubaldofernandes.com\/wp-content\/uploads\/2021\/07\/Audiencia-140721.jpg","width":1280,"height":959},{"@type":"BreadcrumbList","@id":"https:\/\/ubaldofernandes.com\/index.php\/news\/audiencia-publica-na-al-discute-precos-de-combustiveis-e-gas-no-rn\/#breadcrumb","itemListElement":[{"@type":"ListItem","position":1,"name":"In\u00edcio","item":"https:\/\/ubaldofernandes.com\/"},{"@type":"ListItem","position":2,"name":"Not\u00edcias","item":"https:\/\/ubaldofernandes.com\/index.php\/news\/"},{"@type":"ListItem","position":3,"name":"Audi\u00eancia P\u00fablica na AL discute pre\u00e7os de combust\u00edveis e g\u00e1s no RN"}]},{"@type":"WebSite","@id":"https:\/\/ubaldofernandes.com\/#website","url":"https:\/\/ubaldofernandes.com\/","name":"Ubaldo Fernandes","description":"Deputado Estadual","potentialAction":[{"@type":"SearchAction","target":{"@type":"EntryPoint","urlTemplate":"https:\/\/ubaldofernandes.com\/?s={search_term_string}"},"query-input":{"@type":"PropertyValueSpecification","valueRequired":true,"valueName":"search_term_string"}}],"inLanguage":"pt-BR"}]}},"_links":{"self":[{"href":"https:\/\/ubaldofernandes.com\/index.php\/wp-json\/wp\/v2\/news\/2551","targetHints":{"allow":["GET"]}}],"collection":[{"href":"https:\/\/ubaldofernandes.com\/index.php\/wp-json\/wp\/v2\/news"}],"about":[{"href":"https:\/\/ubaldofernandes.com\/index.php\/wp-json\/wp\/v2\/types\/news"}],"wp:featuredmedia":[{"embeddable":true,"href":"https:\/\/ubaldofernandes.com\/index.php\/wp-json\/wp\/v2\/media\/2552"}],"wp:attachment":[{"href":"https:\/\/ubaldofernandes.com\/index.php\/wp-json\/wp\/v2\/media?parent=2551"}],"curies":[{"name":"wp","href":"https:\/\/api.w.org\/{rel}","templated":true}]}}