{"id":2677,"date":"2021-08-06T20:26:00","date_gmt":"2021-08-06T23:26:00","guid":{"rendered":"https:\/\/ubaldofernandes.com\/?post_type=news&#038;p=2677"},"modified":"2021-08-09T20:32:13","modified_gmt":"2021-08-09T23:32:13","slug":"ubaldo-solicita-ao-governo-parcelamento-do-ipva","status":"publish","type":"news","link":"https:\/\/ubaldofernandes.com\/index.php\/news\/ubaldo-solicita-ao-governo-parcelamento-do-ipva\/","title":{"rendered":"Ubaldo solicita ao Governo parcelamento do IPVA"},"content":{"rendered":"\n<p>Os contribuintes do Rio Grande do Norte com d\u00e9bitos de IPVA vencidos na pandemia, referente aos anos 2020 e 2021, podem vir a ter o direito de parcelar essas d\u00edvidas, sem aplica\u00e7\u00e3o de juros. \u00c9 o que sinalizou, na manh\u00e3 desta sexta-feira (06\/08), o secret\u00e1rio estadual de Tributa\u00e7\u00e3o, Carlos Eduardo Xavier, ao deputado Ubaldo Fernandes, em resposta a um of\u00edcio do parlamentar, que solicita que seja viabilizada, com a maior brevidade poss\u00edvel, a flexibiliza\u00e7\u00e3o da inadimpl\u00eancia deste tributo dos potiguares.&nbsp;<\/p>\n\n\n\n<p>Segundo o of\u00edcio, faz-se necess\u00e1rio que esta Secretaria de Estado oportunize ao contribuinte o direito de parcelar os d\u00e9bitos decorrentes de IPVA, desde que vencidos durante o per\u00edodo de pandemia, isentando-o, inclusive, de incid\u00eancia de juros, de modo a possibilitar ao contribuinte a sua adimpl\u00eancia, bem como, por outro lado, maior arrecada\u00e7\u00e3o ao Estado.&nbsp;<\/p>\n\n\n\n<p><em>\u201cO Secret\u00e1rio se mostrou positivo ao atendimento de nosso pleito, nos garantindo que avaliar\u00e1 junto a equipe t\u00e9cnica e administra\u00e7\u00e3o essa medida, que poderia ser concretiza, inclusive, atrav\u00e9s de Decreto Estadual. Desde j\u00e1, agradecemos a receptividade do Governo e a sinaliza\u00e7\u00e3o deste ato para facilitar a vida dos potiguares nesses tempos dif\u00edceis\u201d<\/em>, conclui Ubaldo.<\/p>\n\n\n\n<p>Mat\u00e9ria publicada no <a href=\"http:\/\/www.alexsilvaassu.com.br\/2021\/08\/ubaldo-solicita-ao-governo-parcelamento.html\">Blog Alex Silva<\/a>. <\/p>\n","protected":false},"featured_media":2678,"parent":0,"template":"","class_list":["post-2677","news","type-news","status-publish","has-post-thumbnail","hentry"],"acf":[],"yoast_head":"<!-- This site is optimized with the Yoast SEO plugin v24.6 - https:\/\/yoast.com\/wordpress\/plugins\/seo\/ -->\n<title>Ubaldo solicita ao Governo parcelamento do IPVA - Ubaldo Fernandes<\/title>\n<meta name=\"robots\" content=\"index, follow, max-snippet:-1, max-image-preview:large, max-video-preview:-1\" \/>\n<link rel=\"canonical\" href=\"https:\/\/ubaldofernandes.com\/index.php\/news\/ubaldo-solicita-ao-governo-parcelamento-do-ipva\/\" \/>\n<meta property=\"og:locale\" content=\"pt_BR\" \/>\n<meta property=\"og:type\" content=\"article\" \/>\n<meta property=\"og:title\" content=\"Ubaldo solicita ao Governo parcelamento do IPVA - Ubaldo Fernandes\" \/>\n<meta property=\"og:description\" content=\"Os contribuintes do Rio Grande do Norte com d\u00e9bitos de IPVA vencidos na pandemia, referente aos anos 2020 e 2021, podem vir a ter o direito de parcelar essas d\u00edvidas, sem aplica\u00e7\u00e3o de juros. \u00c9 o que sinalizou, na manh\u00e3 desta sexta-feira (06\/08), o secret\u00e1rio estadual de Tributa\u00e7\u00e3o, Carlos Eduardo Xavier, ao deputado Ubaldo Fernandes, [&hellip;]\" \/>\n<meta property=\"og:url\" content=\"https:\/\/ubaldofernandes.com\/index.php\/news\/ubaldo-solicita-ao-governo-parcelamento-do-ipva\/\" \/>\n<meta property=\"og:site_name\" content=\"Ubaldo Fernandes\" \/>\n<meta property=\"article:modified_time\" content=\"2021-08-09T23:32:13+00:00\" \/>\n<meta property=\"og:image\" content=\"https:\/\/ubaldofernandes.com\/wp-content\/uploads\/2021\/08\/Blog-do-Assis.jpg\" \/>\n\t<meta property=\"og:image:width\" content=\"304\" \/>\n\t<meta property=\"og:image:height\" content=\"171\" \/>\n\t<meta property=\"og:image:type\" content=\"image\/jpeg\" \/>\n<meta name=\"twitter:card\" content=\"summary_large_image\" \/>\n<meta name=\"twitter:label1\" content=\"Est. tempo de leitura\" \/>\n\t<meta name=\"twitter:data1\" content=\"1 minuto\" \/>\n<script type=\"application\/ld+json\" class=\"yoast-schema-graph\">{\"@context\":\"https:\/\/schema.org\",\"@graph\":[{\"@type\":\"WebPage\",\"@id\":\"https:\/\/ubaldofernandes.com\/index.php\/news\/ubaldo-solicita-ao-governo-parcelamento-do-ipva\/\",\"url\":\"https:\/\/ubaldofernandes.com\/index.php\/news\/ubaldo-solicita-ao-governo-parcelamento-do-ipva\/\",\"name\":\"Ubaldo solicita ao Governo parcelamento do IPVA - Ubaldo Fernandes\",\"isPartOf\":{\"@id\":\"https:\/\/ubaldofernandes.com\/#website\"},\"primaryImageOfPage\":{\"@id\":\"https:\/\/ubaldofernandes.com\/index.php\/news\/ubaldo-solicita-ao-governo-parcelamento-do-ipva\/#primaryimage\"},\"image\":{\"@id\":\"https:\/\/ubaldofernandes.com\/index.php\/news\/ubaldo-solicita-ao-governo-parcelamento-do-ipva\/#primaryimage\"},\"thumbnailUrl\":\"https:\/\/ubaldofernandes.com\/wp-content\/uploads\/2021\/08\/Blog-do-Assis.jpg\",\"datePublished\":\"2021-08-06T23:26:00+00:00\",\"dateModified\":\"2021-08-09T23:32:13+00:00\",\"breadcrumb\":{\"@id\":\"https:\/\/ubaldofernandes.com\/index.php\/news\/ubaldo-solicita-ao-governo-parcelamento-do-ipva\/#breadcrumb\"},\"inLanguage\":\"pt-BR\",\"potentialAction\":[{\"@type\":\"ReadAction\",\"target\":[\"https:\/\/ubaldofernandes.com\/index.php\/news\/ubaldo-solicita-ao-governo-parcelamento-do-ipva\/\"]}]},{\"@type\":\"ImageObject\",\"inLanguage\":\"pt-BR\",\"@id\":\"https:\/\/ubaldofernandes.com\/index.php\/news\/ubaldo-solicita-ao-governo-parcelamento-do-ipva\/#primaryimage\",\"url\":\"https:\/\/ubaldofernandes.com\/wp-content\/uploads\/2021\/08\/Blog-do-Assis.jpg\",\"contentUrl\":\"https:\/\/ubaldofernandes.com\/wp-content\/uploads\/2021\/08\/Blog-do-Assis.jpg\",\"width\":304,\"height\":171},{\"@type\":\"BreadcrumbList\",\"@id\":\"https:\/\/ubaldofernandes.com\/index.php\/news\/ubaldo-solicita-ao-governo-parcelamento-do-ipva\/#breadcrumb\",\"itemListElement\":[{\"@type\":\"ListItem\",\"position\":1,\"name\":\"In\u00edcio\",\"item\":\"https:\/\/ubaldofernandes.com\/\"},{\"@type\":\"ListItem\",\"position\":2,\"name\":\"Not\u00edcias\",\"item\":\"https:\/\/ubaldofernandes.com\/index.php\/news\/\"},{\"@type\":\"ListItem\",\"position\":3,\"name\":\"Ubaldo solicita ao Governo parcelamento do IPVA\"}]},{\"@type\":\"WebSite\",\"@id\":\"https:\/\/ubaldofernandes.com\/#website\",\"url\":\"https:\/\/ubaldofernandes.com\/\",\"name\":\"Ubaldo Fernandes\",\"description\":\"Deputado Estadual\",\"potentialAction\":[{\"@type\":\"SearchAction\",\"target\":{\"@type\":\"EntryPoint\",\"urlTemplate\":\"https:\/\/ubaldofernandes.com\/?s={search_term_string}\"},\"query-input\":{\"@type\":\"PropertyValueSpecification\",\"valueRequired\":true,\"valueName\":\"search_term_string\"}}],\"inLanguage\":\"pt-BR\"}]}<\/script>\n<!-- \/ Yoast SEO plugin. -->","yoast_head_json":{"title":"Ubaldo solicita ao Governo parcelamento do IPVA - Ubaldo Fernandes","robots":{"index":"index","follow":"follow","max-snippet":"max-snippet:-1","max-image-preview":"max-image-preview:large","max-video-preview":"max-video-preview:-1"},"canonical":"https:\/\/ubaldofernandes.com\/index.php\/news\/ubaldo-solicita-ao-governo-parcelamento-do-ipva\/","og_locale":"pt_BR","og_type":"article","og_title":"Ubaldo solicita ao Governo parcelamento do IPVA - Ubaldo Fernandes","og_description":"Os contribuintes do Rio Grande do Norte com d\u00e9bitos de IPVA vencidos na pandemia, referente aos anos 2020 e 2021, podem vir a ter o direito de parcelar essas d\u00edvidas, sem aplica\u00e7\u00e3o de juros. \u00c9 o que sinalizou, na manh\u00e3 desta sexta-feira (06\/08), o secret\u00e1rio estadual de Tributa\u00e7\u00e3o, Carlos Eduardo Xavier, ao deputado Ubaldo Fernandes, [&hellip;]","og_url":"https:\/\/ubaldofernandes.com\/index.php\/news\/ubaldo-solicita-ao-governo-parcelamento-do-ipva\/","og_site_name":"Ubaldo Fernandes","article_modified_time":"2021-08-09T23:32:13+00:00","og_image":[{"width":304,"height":171,"url":"https:\/\/ubaldofernandes.com\/wp-content\/uploads\/2021\/08\/Blog-do-Assis.jpg","type":"image\/jpeg"}],"twitter_card":"summary_large_image","twitter_misc":{"Est. tempo de leitura":"1 minuto"},"schema":{"@context":"https:\/\/schema.org","@graph":[{"@type":"WebPage","@id":"https:\/\/ubaldofernandes.com\/index.php\/news\/ubaldo-solicita-ao-governo-parcelamento-do-ipva\/","url":"https:\/\/ubaldofernandes.com\/index.php\/news\/ubaldo-solicita-ao-governo-parcelamento-do-ipva\/","name":"Ubaldo solicita ao Governo parcelamento do IPVA - Ubaldo Fernandes","isPartOf":{"@id":"https:\/\/ubaldofernandes.com\/#website"},"primaryImageOfPage":{"@id":"https:\/\/ubaldofernandes.com\/index.php\/news\/ubaldo-solicita-ao-governo-parcelamento-do-ipva\/#primaryimage"},"image":{"@id":"https:\/\/ubaldofernandes.com\/index.php\/news\/ubaldo-solicita-ao-governo-parcelamento-do-ipva\/#primaryimage"},"thumbnailUrl":"https:\/\/ubaldofernandes.com\/wp-content\/uploads\/2021\/08\/Blog-do-Assis.jpg","datePublished":"2021-08-06T23:26:00+00:00","dateModified":"2021-08-09T23:32:13+00:00","breadcrumb":{"@id":"https:\/\/ubaldofernandes.com\/index.php\/news\/ubaldo-solicita-ao-governo-parcelamento-do-ipva\/#breadcrumb"},"inLanguage":"pt-BR","potentialAction":[{"@type":"ReadAction","target":["https:\/\/ubaldofernandes.com\/index.php\/news\/ubaldo-solicita-ao-governo-parcelamento-do-ipva\/"]}]},{"@type":"ImageObject","inLanguage":"pt-BR","@id":"https:\/\/ubaldofernandes.com\/index.php\/news\/ubaldo-solicita-ao-governo-parcelamento-do-ipva\/#primaryimage","url":"https:\/\/ubaldofernandes.com\/wp-content\/uploads\/2021\/08\/Blog-do-Assis.jpg","contentUrl":"https:\/\/ubaldofernandes.com\/wp-content\/uploads\/2021\/08\/Blog-do-Assis.jpg","width":304,"height":171},{"@type":"BreadcrumbList","@id":"https:\/\/ubaldofernandes.com\/index.php\/news\/ubaldo-solicita-ao-governo-parcelamento-do-ipva\/#breadcrumb","itemListElement":[{"@type":"ListItem","position":1,"name":"In\u00edcio","item":"https:\/\/ubaldofernandes.com\/"},{"@type":"ListItem","position":2,"name":"Not\u00edcias","item":"https:\/\/ubaldofernandes.com\/index.php\/news\/"},{"@type":"ListItem","position":3,"name":"Ubaldo solicita ao Governo parcelamento do IPVA"}]},{"@type":"WebSite","@id":"https:\/\/ubaldofernandes.com\/#website","url":"https:\/\/ubaldofernandes.com\/","name":"Ubaldo Fernandes","description":"Deputado Estadual","potentialAction":[{"@type":"SearchAction","target":{"@type":"EntryPoint","urlTemplate":"https:\/\/ubaldofernandes.com\/?s={search_term_string}"},"query-input":{"@type":"PropertyValueSpecification","valueRequired":true,"valueName":"search_term_string"}}],"inLanguage":"pt-BR"}]}},"_links":{"self":[{"href":"https:\/\/ubaldofernandes.com\/index.php\/wp-json\/wp\/v2\/news\/2677","targetHints":{"allow":["GET"]}}],"collection":[{"href":"https:\/\/ubaldofernandes.com\/index.php\/wp-json\/wp\/v2\/news"}],"about":[{"href":"https:\/\/ubaldofernandes.com\/index.php\/wp-json\/wp\/v2\/types\/news"}],"wp:featuredmedia":[{"embeddable":true,"href":"https:\/\/ubaldofernandes.com\/index.php\/wp-json\/wp\/v2\/media\/2678"}],"wp:attachment":[{"href":"https:\/\/ubaldofernandes.com\/index.php\/wp-json\/wp\/v2\/media?parent=2677"}],"curies":[{"name":"wp","href":"https:\/\/api.w.org\/{rel}","templated":true}]}}