{"id":2690,"date":"2021-08-11T13:57:00","date_gmt":"2021-08-11T16:57:00","guid":{"rendered":"https:\/\/ubaldofernandes.com\/?post_type=news&#038;p=2690"},"modified":"2021-08-12T10:03:02","modified_gmt":"2021-08-12T13:03:02","slug":"em-mais-uma-audiencia-ubaldo-e-fativan-avancam-na-luta-para-implantar-escritorio-do-empreendedor-de-parnamirim","status":"publish","type":"news","link":"https:\/\/ubaldofernandes.com\/index.php\/news\/em-mais-uma-audiencia-ubaldo-e-fativan-avancam-na-luta-para-implantar-escritorio-do-empreendedor-de-parnamirim\/","title":{"rendered":"Em mais uma audi\u00eancia, Ubaldo e Fativan avan\u00e7am na luta para implantar Escrit\u00f3rio do Empreendedor de Parnamirim"},"content":{"rendered":"\n<p>O terceiro maior munic\u00edpio do Rio Grande do Norte, Parnamirim, poder\u00e1 ter um Escrit\u00f3rio do Empreendedor. Essa \u00e9 uma luta de lideran\u00e7as pol\u00edticas, encabe\u00e7ada pela vereadora Fativan Alves e pelo deputado Ubaldo Fernandes, que ganhou mais apoios nos \u00faltimos dias e teve um fato novo importante nesta quarta-feira (11), quando o prefeito da cidade, Rosano Taveira, recebeu uma comiss\u00e3o e garantiu disponibilidade para locar um im\u00f3vel para a instala\u00e7\u00e3o do servi\u00e7o em parceira com o Governo do Estado.<\/p>\n\n\n\n<p>\u201cEstamos muito felizes com essa reuni\u00e3o produtiva e de encaminhamentos, porque estamos convergindo para um benef\u00edcio muito importante para esse munic\u00edpio\u201d, destacou Ubaldo. J\u00e1 Fativan, emocionada, disse estar confiante na implementa\u00e7\u00e3o do servi\u00e7o, destacando que envidar\u00e1 todos os esfor\u00e7os para encontrarem o mais r\u00e1pido poss\u00edvel o pr\u00e9dio para que os parnamirinenses tenham o mais breve poss\u00edvel essa unidade.<\/p>\n\n\n\n<p>Na audi\u00eancia desta quarta, somaram na evolu\u00e7\u00e3o para a implanta\u00e7\u00e3o do empreendimento, o presidente da C\u00e2mara do Munic\u00edpio, Wolney Fran\u00e7a, al\u00e9m do presidente da CDL Parnamirim, Bira Rocha, e do secret\u00e1rio municipal de Turismo e Desenvolvimento Econ\u00f4mico, Daniel Am\u00e9rico, que ficaram de levantar os im\u00f3veis com as caracter\u00edsticas necess\u00e1rias. Essa solu\u00e7\u00e3o veio ap\u00f3s o debate sobre os grandes custos que teriam para recuperar im\u00f3veis antigos que viessem a ser cedidos pelo Estado.<\/p>\n\n\n\n<p><strong>HIST\u00d3RICO<\/strong><br>H\u00e1 alguns meses, a vereadora Fativan viajou ao munic\u00edpio de Assu para conhecer seu Escrit\u00f3rio do Empreendedor e desde ent\u00e3o vem tentando junto ao deputado Ubaldo avan\u00e7ar nessa pauta. H\u00e1 algumas semanas, tiveram reuni\u00f5es com representantes do Governo, atrav\u00e9s de dire\u00e7\u00f5es da Engern (Empresa Gestora de Ativos do Rio Grande do Norte), que sinalizou positivamente para cess\u00e3o de pr\u00e9dios estaduais para a Prefeitura de Parnamirim, e Jucern (Junta Comercial do Estado do RN), que se disponibilizou desde ent\u00e3o a celebrar Termo de Coopera\u00e7\u00e3o com o Munic\u00edpio para a cess\u00e3o de estrutura e servidores.<\/p>\n\n\n\n<figure class=\"wp-block-gallery columns-2 is-cropped wp-block-gallery-1 is-layout-flex wp-block-gallery-is-layout-flex\"><ul class=\"blocks-gallery-grid\"><li class=\"blocks-gallery-item\"><figure><a href=\"https:\/\/ubaldofernandes.com\/wp-content\/uploads\/2021\/08\/Ubaldo-A-Fonte-2-1024x768.jpeg\"><img loading=\"lazy\" decoding=\"async\" width=\"1024\" height=\"768\" src=\"https:\/\/ubaldofernandes.com\/wp-content\/uploads\/2021\/08\/Ubaldo-A-Fonte-2-1024x768.jpeg\" alt=\"\" data-id=\"2691\" data-link=\"https:\/\/ubaldofernandes.com\/?attachment_id=2691\" class=\"wp-image-2691\" srcset=\"https:\/\/ubaldofernandes.com\/wp-content\/uploads\/2021\/08\/Ubaldo-A-Fonte-2-1024x768.jpeg 1024w, https:\/\/ubaldofernandes.com\/wp-content\/uploads\/2021\/08\/Ubaldo-A-Fonte-2-300x225.jpeg 300w, https:\/\/ubaldofernandes.com\/wp-content\/uploads\/2021\/08\/Ubaldo-A-Fonte-2-768x576.jpeg 768w, https:\/\/ubaldofernandes.com\/wp-content\/uploads\/2021\/08\/Ubaldo-A-Fonte-2.jpeg 1536w\" sizes=\"auto, (max-width: 1024px) 100vw, 1024px\" \/><\/a><\/figure><\/li><li class=\"blocks-gallery-item\"><figure><a href=\"https:\/\/ubaldofernandes.com\/wp-content\/uploads\/2021\/08\/Ubaldo-A-Fonte-3.jpeg\"><img loading=\"lazy\" decoding=\"async\" width=\"1024\" height=\"768\" src=\"https:\/\/ubaldofernandes.com\/wp-content\/uploads\/2021\/08\/Ubaldo-A-Fonte-3-1024x768.jpeg\" alt=\"\" data-id=\"2692\" data-full-url=\"https:\/\/ubaldofernandes.com\/wp-content\/uploads\/2021\/08\/Ubaldo-A-Fonte-3.jpeg\" data-link=\"https:\/\/ubaldofernandes.com\/?attachment_id=2692\" class=\"wp-image-2692\" srcset=\"https:\/\/ubaldofernandes.com\/wp-content\/uploads\/2021\/08\/Ubaldo-A-Fonte-3-1024x768.jpeg 1024w, https:\/\/ubaldofernandes.com\/wp-content\/uploads\/2021\/08\/Ubaldo-A-Fonte-3-300x225.jpeg 300w, https:\/\/ubaldofernandes.com\/wp-content\/uploads\/2021\/08\/Ubaldo-A-Fonte-3-768x576.jpeg 768w, https:\/\/ubaldofernandes.com\/wp-content\/uploads\/2021\/08\/Ubaldo-A-Fonte-3.jpeg 1536w\" sizes=\"auto, (max-width: 1024px) 100vw, 1024px\" \/><\/a><\/figure><\/li><\/ul><\/figure>\n\n\n\n<p>Mat\u00e9ria publicada no <a href=\"https:\/\/blogafonte.com.br\/2021\/08\/11\/em-mais-uma-audiencia-ubaldo-e-fativan-avancam-na-luta-para-implantar-escritorio-do-empreendedor-de-parnamirim\/\">Blog A Fonte<\/a>. <\/p>\n","protected":false},"featured_media":2693,"parent":0,"template":"","class_list":["post-2690","news","type-news","status-publish","has-post-thumbnail","hentry"],"acf":[],"yoast_head":"<!-- This site is optimized with the Yoast SEO plugin v24.6 - https:\/\/yoast.com\/wordpress\/plugins\/seo\/ -->\n<title>Em mais uma audi\u00eancia, Ubaldo e Fativan avan\u00e7am na luta para implantar Escrit\u00f3rio do Empreendedor de Parnamirim - Ubaldo Fernandes<\/title>\n<meta name=\"robots\" content=\"index, follow, max-snippet:-1, max-image-preview:large, max-video-preview:-1\" \/>\n<link rel=\"canonical\" href=\"https:\/\/ubaldofernandes.com\/index.php\/news\/em-mais-uma-audiencia-ubaldo-e-fativan-avancam-na-luta-para-implantar-escritorio-do-empreendedor-de-parnamirim\/\" \/>\n<meta property=\"og:locale\" content=\"pt_BR\" \/>\n<meta property=\"og:type\" content=\"article\" \/>\n<meta property=\"og:title\" content=\"Em mais uma audi\u00eancia, Ubaldo e Fativan avan\u00e7am na luta para implantar Escrit\u00f3rio do Empreendedor de Parnamirim - Ubaldo Fernandes\" \/>\n<meta property=\"og:description\" content=\"O terceiro maior munic\u00edpio do Rio Grande do Norte, Parnamirim, poder\u00e1 ter um Escrit\u00f3rio do Empreendedor. Essa \u00e9 uma luta de lideran\u00e7as pol\u00edticas, encabe\u00e7ada pela vereadora Fativan Alves e pelo deputado Ubaldo Fernandes, que ganhou mais apoios nos \u00faltimos dias e teve um fato novo importante nesta quarta-feira (11), quando o prefeito da cidade, Rosano [&hellip;]\" \/>\n<meta property=\"og:url\" content=\"https:\/\/ubaldofernandes.com\/index.php\/news\/em-mais-uma-audiencia-ubaldo-e-fativan-avancam-na-luta-para-implantar-escritorio-do-empreendedor-de-parnamirim\/\" \/>\n<meta property=\"og:site_name\" content=\"Ubaldo Fernandes\" \/>\n<meta property=\"article:modified_time\" content=\"2021-08-12T13:03:02+00:00\" \/>\n<meta property=\"og:image\" content=\"https:\/\/ubaldofernandes.com\/wp-content\/uploads\/2021\/08\/Ubaldo-A-Fonte.jpeg\" \/>\n\t<meta property=\"og:image:width\" content=\"696\" \/>\n\t<meta property=\"og:image:height\" content=\"522\" \/>\n\t<meta property=\"og:image:type\" content=\"image\/jpeg\" \/>\n<meta name=\"twitter:card\" content=\"summary_large_image\" \/>\n<meta name=\"twitter:label1\" content=\"Est. tempo de leitura\" \/>\n\t<meta name=\"twitter:data1\" content=\"2 minutos\" \/>\n<script type=\"application\/ld+json\" class=\"yoast-schema-graph\">{\"@context\":\"https:\/\/schema.org\",\"@graph\":[{\"@type\":\"WebPage\",\"@id\":\"https:\/\/ubaldofernandes.com\/index.php\/news\/em-mais-uma-audiencia-ubaldo-e-fativan-avancam-na-luta-para-implantar-escritorio-do-empreendedor-de-parnamirim\/\",\"url\":\"https:\/\/ubaldofernandes.com\/index.php\/news\/em-mais-uma-audiencia-ubaldo-e-fativan-avancam-na-luta-para-implantar-escritorio-do-empreendedor-de-parnamirim\/\",\"name\":\"Em mais uma audi\u00eancia, Ubaldo e Fativan avan\u00e7am na luta para implantar Escrit\u00f3rio do Empreendedor de Parnamirim - Ubaldo Fernandes\",\"isPartOf\":{\"@id\":\"https:\/\/ubaldofernandes.com\/#website\"},\"primaryImageOfPage\":{\"@id\":\"https:\/\/ubaldofernandes.com\/index.php\/news\/em-mais-uma-audiencia-ubaldo-e-fativan-avancam-na-luta-para-implantar-escritorio-do-empreendedor-de-parnamirim\/#primaryimage\"},\"image\":{\"@id\":\"https:\/\/ubaldofernandes.com\/index.php\/news\/em-mais-uma-audiencia-ubaldo-e-fativan-avancam-na-luta-para-implantar-escritorio-do-empreendedor-de-parnamirim\/#primaryimage\"},\"thumbnailUrl\":\"https:\/\/ubaldofernandes.com\/wp-content\/uploads\/2021\/08\/Ubaldo-A-Fonte.jpeg\",\"datePublished\":\"2021-08-11T16:57:00+00:00\",\"dateModified\":\"2021-08-12T13:03:02+00:00\",\"breadcrumb\":{\"@id\":\"https:\/\/ubaldofernandes.com\/index.php\/news\/em-mais-uma-audiencia-ubaldo-e-fativan-avancam-na-luta-para-implantar-escritorio-do-empreendedor-de-parnamirim\/#breadcrumb\"},\"inLanguage\":\"pt-BR\",\"potentialAction\":[{\"@type\":\"ReadAction\",\"target\":[\"https:\/\/ubaldofernandes.com\/index.php\/news\/em-mais-uma-audiencia-ubaldo-e-fativan-avancam-na-luta-para-implantar-escritorio-do-empreendedor-de-parnamirim\/\"]}]},{\"@type\":\"ImageObject\",\"inLanguage\":\"pt-BR\",\"@id\":\"https:\/\/ubaldofernandes.com\/index.php\/news\/em-mais-uma-audiencia-ubaldo-e-fativan-avancam-na-luta-para-implantar-escritorio-do-empreendedor-de-parnamirim\/#primaryimage\",\"url\":\"https:\/\/ubaldofernandes.com\/wp-content\/uploads\/2021\/08\/Ubaldo-A-Fonte.jpeg\",\"contentUrl\":\"https:\/\/ubaldofernandes.com\/wp-content\/uploads\/2021\/08\/Ubaldo-A-Fonte.jpeg\",\"width\":696,\"height\":522},{\"@type\":\"BreadcrumbList\",\"@id\":\"https:\/\/ubaldofernandes.com\/index.php\/news\/em-mais-uma-audiencia-ubaldo-e-fativan-avancam-na-luta-para-implantar-escritorio-do-empreendedor-de-parnamirim\/#breadcrumb\",\"itemListElement\":[{\"@type\":\"ListItem\",\"position\":1,\"name\":\"In\u00edcio\",\"item\":\"https:\/\/ubaldofernandes.com\/\"},{\"@type\":\"ListItem\",\"position\":2,\"name\":\"Not\u00edcias\",\"item\":\"https:\/\/ubaldofernandes.com\/index.php\/news\/\"},{\"@type\":\"ListItem\",\"position\":3,\"name\":\"Em mais uma audi\u00eancia, Ubaldo e Fativan avan\u00e7am na luta para implantar Escrit\u00f3rio do Empreendedor de Parnamirim\"}]},{\"@type\":\"WebSite\",\"@id\":\"https:\/\/ubaldofernandes.com\/#website\",\"url\":\"https:\/\/ubaldofernandes.com\/\",\"name\":\"Ubaldo Fernandes\",\"description\":\"Deputado Estadual\",\"potentialAction\":[{\"@type\":\"SearchAction\",\"target\":{\"@type\":\"EntryPoint\",\"urlTemplate\":\"https:\/\/ubaldofernandes.com\/?s={search_term_string}\"},\"query-input\":{\"@type\":\"PropertyValueSpecification\",\"valueRequired\":true,\"valueName\":\"search_term_string\"}}],\"inLanguage\":\"pt-BR\"}]}<\/script>\n<!-- \/ Yoast SEO plugin. -->","yoast_head_json":{"title":"Em mais uma audi\u00eancia, Ubaldo e Fativan avan\u00e7am na luta para implantar Escrit\u00f3rio do Empreendedor de Parnamirim - Ubaldo Fernandes","robots":{"index":"index","follow":"follow","max-snippet":"max-snippet:-1","max-image-preview":"max-image-preview:large","max-video-preview":"max-video-preview:-1"},"canonical":"https:\/\/ubaldofernandes.com\/index.php\/news\/em-mais-uma-audiencia-ubaldo-e-fativan-avancam-na-luta-para-implantar-escritorio-do-empreendedor-de-parnamirim\/","og_locale":"pt_BR","og_type":"article","og_title":"Em mais uma audi\u00eancia, Ubaldo e Fativan avan\u00e7am na luta para implantar Escrit\u00f3rio do Empreendedor de Parnamirim - Ubaldo Fernandes","og_description":"O terceiro maior munic\u00edpio do Rio Grande do Norte, Parnamirim, poder\u00e1 ter um Escrit\u00f3rio do Empreendedor. Essa \u00e9 uma luta de lideran\u00e7as pol\u00edticas, encabe\u00e7ada pela vereadora Fativan Alves e pelo deputado Ubaldo Fernandes, que ganhou mais apoios nos \u00faltimos dias e teve um fato novo importante nesta quarta-feira (11), quando o prefeito da cidade, Rosano [&hellip;]","og_url":"https:\/\/ubaldofernandes.com\/index.php\/news\/em-mais-uma-audiencia-ubaldo-e-fativan-avancam-na-luta-para-implantar-escritorio-do-empreendedor-de-parnamirim\/","og_site_name":"Ubaldo Fernandes","article_modified_time":"2021-08-12T13:03:02+00:00","og_image":[{"width":696,"height":522,"url":"https:\/\/ubaldofernandes.com\/wp-content\/uploads\/2021\/08\/Ubaldo-A-Fonte.jpeg","type":"image\/jpeg"}],"twitter_card":"summary_large_image","twitter_misc":{"Est. tempo de leitura":"2 minutos"},"schema":{"@context":"https:\/\/schema.org","@graph":[{"@type":"WebPage","@id":"https:\/\/ubaldofernandes.com\/index.php\/news\/em-mais-uma-audiencia-ubaldo-e-fativan-avancam-na-luta-para-implantar-escritorio-do-empreendedor-de-parnamirim\/","url":"https:\/\/ubaldofernandes.com\/index.php\/news\/em-mais-uma-audiencia-ubaldo-e-fativan-avancam-na-luta-para-implantar-escritorio-do-empreendedor-de-parnamirim\/","name":"Em mais uma audi\u00eancia, Ubaldo e Fativan avan\u00e7am na luta para implantar Escrit\u00f3rio do Empreendedor de Parnamirim - Ubaldo Fernandes","isPartOf":{"@id":"https:\/\/ubaldofernandes.com\/#website"},"primaryImageOfPage":{"@id":"https:\/\/ubaldofernandes.com\/index.php\/news\/em-mais-uma-audiencia-ubaldo-e-fativan-avancam-na-luta-para-implantar-escritorio-do-empreendedor-de-parnamirim\/#primaryimage"},"image":{"@id":"https:\/\/ubaldofernandes.com\/index.php\/news\/em-mais-uma-audiencia-ubaldo-e-fativan-avancam-na-luta-para-implantar-escritorio-do-empreendedor-de-parnamirim\/#primaryimage"},"thumbnailUrl":"https:\/\/ubaldofernandes.com\/wp-content\/uploads\/2021\/08\/Ubaldo-A-Fonte.jpeg","datePublished":"2021-08-11T16:57:00+00:00","dateModified":"2021-08-12T13:03:02+00:00","breadcrumb":{"@id":"https:\/\/ubaldofernandes.com\/index.php\/news\/em-mais-uma-audiencia-ubaldo-e-fativan-avancam-na-luta-para-implantar-escritorio-do-empreendedor-de-parnamirim\/#breadcrumb"},"inLanguage":"pt-BR","potentialAction":[{"@type":"ReadAction","target":["https:\/\/ubaldofernandes.com\/index.php\/news\/em-mais-uma-audiencia-ubaldo-e-fativan-avancam-na-luta-para-implantar-escritorio-do-empreendedor-de-parnamirim\/"]}]},{"@type":"ImageObject","inLanguage":"pt-BR","@id":"https:\/\/ubaldofernandes.com\/index.php\/news\/em-mais-uma-audiencia-ubaldo-e-fativan-avancam-na-luta-para-implantar-escritorio-do-empreendedor-de-parnamirim\/#primaryimage","url":"https:\/\/ubaldofernandes.com\/wp-content\/uploads\/2021\/08\/Ubaldo-A-Fonte.jpeg","contentUrl":"https:\/\/ubaldofernandes.com\/wp-content\/uploads\/2021\/08\/Ubaldo-A-Fonte.jpeg","width":696,"height":522},{"@type":"BreadcrumbList","@id":"https:\/\/ubaldofernandes.com\/index.php\/news\/em-mais-uma-audiencia-ubaldo-e-fativan-avancam-na-luta-para-implantar-escritorio-do-empreendedor-de-parnamirim\/#breadcrumb","itemListElement":[{"@type":"ListItem","position":1,"name":"In\u00edcio","item":"https:\/\/ubaldofernandes.com\/"},{"@type":"ListItem","position":2,"name":"Not\u00edcias","item":"https:\/\/ubaldofernandes.com\/index.php\/news\/"},{"@type":"ListItem","position":3,"name":"Em mais uma audi\u00eancia, Ubaldo e Fativan avan\u00e7am na luta para implantar Escrit\u00f3rio do Empreendedor de Parnamirim"}]},{"@type":"WebSite","@id":"https:\/\/ubaldofernandes.com\/#website","url":"https:\/\/ubaldofernandes.com\/","name":"Ubaldo Fernandes","description":"Deputado Estadual","potentialAction":[{"@type":"SearchAction","target":{"@type":"EntryPoint","urlTemplate":"https:\/\/ubaldofernandes.com\/?s={search_term_string}"},"query-input":{"@type":"PropertyValueSpecification","valueRequired":true,"valueName":"search_term_string"}}],"inLanguage":"pt-BR"}]}},"_links":{"self":[{"href":"https:\/\/ubaldofernandes.com\/index.php\/wp-json\/wp\/v2\/news\/2690","targetHints":{"allow":["GET"]}}],"collection":[{"href":"https:\/\/ubaldofernandes.com\/index.php\/wp-json\/wp\/v2\/news"}],"about":[{"href":"https:\/\/ubaldofernandes.com\/index.php\/wp-json\/wp\/v2\/types\/news"}],"wp:featuredmedia":[{"embeddable":true,"href":"https:\/\/ubaldofernandes.com\/index.php\/wp-json\/wp\/v2\/media\/2693"}],"wp:attachment":[{"href":"https:\/\/ubaldofernandes.com\/index.php\/wp-json\/wp\/v2\/media?parent=2690"}],"curies":[{"name":"wp","href":"https:\/\/api.w.org\/{rel}","templated":true}]}}