{"id":2695,"date":"2021-08-12T10:30:58","date_gmt":"2021-08-12T13:30:58","guid":{"rendered":"https:\/\/ubaldofernandes.com\/?post_type=news&#038;p=2695"},"modified":"2021-08-12T10:31:05","modified_gmt":"2021-08-12T13:31:05","slug":"governo-garante-investimentos-solicitados-por-ubaldo-para-natal-e-lajes-pintadas","status":"publish","type":"news","link":"https:\/\/ubaldofernandes.com\/index.php\/news\/governo-garante-investimentos-solicitados-por-ubaldo-para-natal-e-lajes-pintadas\/","title":{"rendered":"Governo garante investimentos solicitados por Ubaldo para Natal e Lajes Pintadas"},"content":{"rendered":"\n<p>O deputado estadual Ubaldo Fernandes (PL) levou pautas de Natal e Lajes Pintadas para discutir diretamente com a governadora F\u00e1tima Bezerra e sua equipe na tarde dessa quarta-feira (11), na Governadoria. Ao lado de lideran\u00e7as do interior e representantes do segmento crist\u00e3o (evang\u00e9licos), buscou e recebeu o compromisso de apoio e investimentos do Estado.<\/p>\n\n\n\n<blockquote class=\"wp-block-quote is-layout-flow wp-block-quote-is-layout-flow\"><p>\u201c\u00c9 com felicidade que anuncio uma audi\u00eancia muito produtiva com a governadora F\u00e1tima Bezerra. Para Natal, conquistamos compromisso da chefe do executivo para a realiza\u00e7\u00e3o da Marcha Pra Jesus Natal, que acontecer\u00e1 no dia 09\/10 com grande carreata solid\u00e1ria e show drive-in. J\u00e1 para Lajes Pintadas, o Governo, atrav\u00e9s da Secretaria de Meio Ambiente e Recursos H\u00eddricos (participou o secret\u00e1rio Ivan J\u00fanior), viabilizar\u00e1 perfura\u00e7\u00e3o de po\u00e7os no munic\u00edpio, e, atrav\u00e9s do DER-RN (diretora Natercia), realizar\u00e1 opera\u00e7\u00e3o tapa-buracos\u201d, divulgou o parlamentar.<\/p><\/blockquote>\n\n\n\n<p>De Lajes, estavam com o deputado o presidente da C\u00e2mara Municipal, Valdiney Pereira, e o vereador Brunno Franco. Nas redes sociais, o dirigente da casa legislativa da cidade agradeceu:<\/p>\n\n\n\n<blockquote class=\"wp-block-quote is-layout-flow wp-block-quote-is-layout-flow\"><p>\u201cO deputado atendeu mais uma vez um pleito do nosso mandato. Depois de passarmos por v\u00e1rias secretarias do estado nesses oito meses de mandato, solicitamos ao deputado que marcasse uma reuni\u00e3o com a chefe do poder executivo estadual, na qual reivindicamos algumas demandas para nossa cidade. Pedimos a sensibilidade da governadora para com nosso munic\u00edpio. De imediato, F\u00e1tima atendeu nossos pleitos e em breve esperamos ser atendidos. Agrade\u00e7o ao Deputado Ubaldo por estar sempre \u00e0 disposi\u00e7\u00e3o e nos acompanhando quando se trata de Governo do Estado\u201d, disse.<\/p><\/blockquote>\n\n\n\n<p>Mat\u00e9ria publicada no <a href=\"https:\/\/carloseduardototoro.com.br\/governo-garante-investimentos-solicitados-por-ubaldo-para-natal-e-lajes-pintadas\/\">Blog do Carlos Eduardo<\/a>. <\/p>\n","protected":false},"featured_media":2696,"parent":0,"template":"","class_list":["post-2695","news","type-news","status-publish","has-post-thumbnail","hentry"],"acf":[],"yoast_head":"<!-- This site is optimized with the Yoast SEO plugin v24.6 - https:\/\/yoast.com\/wordpress\/plugins\/seo\/ -->\n<title>Governo garante investimentos solicitados por Ubaldo para Natal e Lajes Pintadas - Ubaldo Fernandes<\/title>\n<meta name=\"robots\" content=\"index, follow, max-snippet:-1, max-image-preview:large, max-video-preview:-1\" \/>\n<link rel=\"canonical\" href=\"https:\/\/ubaldofernandes.com\/index.php\/news\/governo-garante-investimentos-solicitados-por-ubaldo-para-natal-e-lajes-pintadas\/\" \/>\n<meta property=\"og:locale\" content=\"pt_BR\" \/>\n<meta property=\"og:type\" content=\"article\" \/>\n<meta property=\"og:title\" content=\"Governo garante investimentos solicitados por Ubaldo para Natal e Lajes Pintadas - Ubaldo Fernandes\" \/>\n<meta property=\"og:description\" content=\"O deputado estadual Ubaldo Fernandes (PL) levou pautas de Natal e Lajes Pintadas para discutir diretamente com a governadora F\u00e1tima Bezerra e sua equipe na tarde dessa quarta-feira (11), na Governadoria. Ao lado de lideran\u00e7as do interior e representantes do segmento crist\u00e3o (evang\u00e9licos), buscou e recebeu o compromisso de apoio e investimentos do Estado. \u201c\u00c9 [&hellip;]\" \/>\n<meta property=\"og:url\" content=\"https:\/\/ubaldofernandes.com\/index.php\/news\/governo-garante-investimentos-solicitados-por-ubaldo-para-natal-e-lajes-pintadas\/\" \/>\n<meta property=\"og:site_name\" content=\"Ubaldo Fernandes\" \/>\n<meta property=\"article:modified_time\" content=\"2021-08-12T13:31:05+00:00\" \/>\n<meta property=\"og:image\" content=\"https:\/\/ubaldofernandes.com\/wp-content\/uploads\/2021\/08\/Ubaldo-e-Governadora.jpg\" \/>\n\t<meta property=\"og:image:width\" content=\"1024\" \/>\n\t<meta property=\"og:image:height\" content=\"577\" \/>\n\t<meta property=\"og:image:type\" content=\"image\/jpeg\" \/>\n<meta name=\"twitter:card\" content=\"summary_large_image\" \/>\n<meta name=\"twitter:label1\" content=\"Est. tempo de leitura\" \/>\n\t<meta name=\"twitter:data1\" content=\"1 minuto\" \/>\n<script type=\"application\/ld+json\" class=\"yoast-schema-graph\">{\"@context\":\"https:\/\/schema.org\",\"@graph\":[{\"@type\":\"WebPage\",\"@id\":\"https:\/\/ubaldofernandes.com\/index.php\/news\/governo-garante-investimentos-solicitados-por-ubaldo-para-natal-e-lajes-pintadas\/\",\"url\":\"https:\/\/ubaldofernandes.com\/index.php\/news\/governo-garante-investimentos-solicitados-por-ubaldo-para-natal-e-lajes-pintadas\/\",\"name\":\"Governo garante investimentos solicitados por Ubaldo para Natal e Lajes Pintadas - Ubaldo Fernandes\",\"isPartOf\":{\"@id\":\"https:\/\/ubaldofernandes.com\/#website\"},\"primaryImageOfPage\":{\"@id\":\"https:\/\/ubaldofernandes.com\/index.php\/news\/governo-garante-investimentos-solicitados-por-ubaldo-para-natal-e-lajes-pintadas\/#primaryimage\"},\"image\":{\"@id\":\"https:\/\/ubaldofernandes.com\/index.php\/news\/governo-garante-investimentos-solicitados-por-ubaldo-para-natal-e-lajes-pintadas\/#primaryimage\"},\"thumbnailUrl\":\"https:\/\/ubaldofernandes.com\/wp-content\/uploads\/2021\/08\/Ubaldo-e-Governadora.jpg\",\"datePublished\":\"2021-08-12T13:30:58+00:00\",\"dateModified\":\"2021-08-12T13:31:05+00:00\",\"breadcrumb\":{\"@id\":\"https:\/\/ubaldofernandes.com\/index.php\/news\/governo-garante-investimentos-solicitados-por-ubaldo-para-natal-e-lajes-pintadas\/#breadcrumb\"},\"inLanguage\":\"pt-BR\",\"potentialAction\":[{\"@type\":\"ReadAction\",\"target\":[\"https:\/\/ubaldofernandes.com\/index.php\/news\/governo-garante-investimentos-solicitados-por-ubaldo-para-natal-e-lajes-pintadas\/\"]}]},{\"@type\":\"ImageObject\",\"inLanguage\":\"pt-BR\",\"@id\":\"https:\/\/ubaldofernandes.com\/index.php\/news\/governo-garante-investimentos-solicitados-por-ubaldo-para-natal-e-lajes-pintadas\/#primaryimage\",\"url\":\"https:\/\/ubaldofernandes.com\/wp-content\/uploads\/2021\/08\/Ubaldo-e-Governadora.jpg\",\"contentUrl\":\"https:\/\/ubaldofernandes.com\/wp-content\/uploads\/2021\/08\/Ubaldo-e-Governadora.jpg\",\"width\":1024,\"height\":577},{\"@type\":\"BreadcrumbList\",\"@id\":\"https:\/\/ubaldofernandes.com\/index.php\/news\/governo-garante-investimentos-solicitados-por-ubaldo-para-natal-e-lajes-pintadas\/#breadcrumb\",\"itemListElement\":[{\"@type\":\"ListItem\",\"position\":1,\"name\":\"In\u00edcio\",\"item\":\"https:\/\/ubaldofernandes.com\/\"},{\"@type\":\"ListItem\",\"position\":2,\"name\":\"Not\u00edcias\",\"item\":\"https:\/\/ubaldofernandes.com\/index.php\/news\/\"},{\"@type\":\"ListItem\",\"position\":3,\"name\":\"Governo garante investimentos solicitados por Ubaldo para Natal e Lajes Pintadas\"}]},{\"@type\":\"WebSite\",\"@id\":\"https:\/\/ubaldofernandes.com\/#website\",\"url\":\"https:\/\/ubaldofernandes.com\/\",\"name\":\"Ubaldo Fernandes\",\"description\":\"Deputado Estadual\",\"potentialAction\":[{\"@type\":\"SearchAction\",\"target\":{\"@type\":\"EntryPoint\",\"urlTemplate\":\"https:\/\/ubaldofernandes.com\/?s={search_term_string}\"},\"query-input\":{\"@type\":\"PropertyValueSpecification\",\"valueRequired\":true,\"valueName\":\"search_term_string\"}}],\"inLanguage\":\"pt-BR\"}]}<\/script>\n<!-- \/ Yoast SEO plugin. -->","yoast_head_json":{"title":"Governo garante investimentos solicitados por Ubaldo para Natal e Lajes Pintadas - Ubaldo Fernandes","robots":{"index":"index","follow":"follow","max-snippet":"max-snippet:-1","max-image-preview":"max-image-preview:large","max-video-preview":"max-video-preview:-1"},"canonical":"https:\/\/ubaldofernandes.com\/index.php\/news\/governo-garante-investimentos-solicitados-por-ubaldo-para-natal-e-lajes-pintadas\/","og_locale":"pt_BR","og_type":"article","og_title":"Governo garante investimentos solicitados por Ubaldo para Natal e Lajes Pintadas - Ubaldo Fernandes","og_description":"O deputado estadual Ubaldo Fernandes (PL) levou pautas de Natal e Lajes Pintadas para discutir diretamente com a governadora F\u00e1tima Bezerra e sua equipe na tarde dessa quarta-feira (11), na Governadoria. Ao lado de lideran\u00e7as do interior e representantes do segmento crist\u00e3o (evang\u00e9licos), buscou e recebeu o compromisso de apoio e investimentos do Estado. \u201c\u00c9 [&hellip;]","og_url":"https:\/\/ubaldofernandes.com\/index.php\/news\/governo-garante-investimentos-solicitados-por-ubaldo-para-natal-e-lajes-pintadas\/","og_site_name":"Ubaldo Fernandes","article_modified_time":"2021-08-12T13:31:05+00:00","og_image":[{"width":1024,"height":577,"url":"https:\/\/ubaldofernandes.com\/wp-content\/uploads\/2021\/08\/Ubaldo-e-Governadora.jpg","type":"image\/jpeg"}],"twitter_card":"summary_large_image","twitter_misc":{"Est. tempo de leitura":"1 minuto"},"schema":{"@context":"https:\/\/schema.org","@graph":[{"@type":"WebPage","@id":"https:\/\/ubaldofernandes.com\/index.php\/news\/governo-garante-investimentos-solicitados-por-ubaldo-para-natal-e-lajes-pintadas\/","url":"https:\/\/ubaldofernandes.com\/index.php\/news\/governo-garante-investimentos-solicitados-por-ubaldo-para-natal-e-lajes-pintadas\/","name":"Governo garante investimentos solicitados por Ubaldo para Natal e Lajes Pintadas - Ubaldo Fernandes","isPartOf":{"@id":"https:\/\/ubaldofernandes.com\/#website"},"primaryImageOfPage":{"@id":"https:\/\/ubaldofernandes.com\/index.php\/news\/governo-garante-investimentos-solicitados-por-ubaldo-para-natal-e-lajes-pintadas\/#primaryimage"},"image":{"@id":"https:\/\/ubaldofernandes.com\/index.php\/news\/governo-garante-investimentos-solicitados-por-ubaldo-para-natal-e-lajes-pintadas\/#primaryimage"},"thumbnailUrl":"https:\/\/ubaldofernandes.com\/wp-content\/uploads\/2021\/08\/Ubaldo-e-Governadora.jpg","datePublished":"2021-08-12T13:30:58+00:00","dateModified":"2021-08-12T13:31:05+00:00","breadcrumb":{"@id":"https:\/\/ubaldofernandes.com\/index.php\/news\/governo-garante-investimentos-solicitados-por-ubaldo-para-natal-e-lajes-pintadas\/#breadcrumb"},"inLanguage":"pt-BR","potentialAction":[{"@type":"ReadAction","target":["https:\/\/ubaldofernandes.com\/index.php\/news\/governo-garante-investimentos-solicitados-por-ubaldo-para-natal-e-lajes-pintadas\/"]}]},{"@type":"ImageObject","inLanguage":"pt-BR","@id":"https:\/\/ubaldofernandes.com\/index.php\/news\/governo-garante-investimentos-solicitados-por-ubaldo-para-natal-e-lajes-pintadas\/#primaryimage","url":"https:\/\/ubaldofernandes.com\/wp-content\/uploads\/2021\/08\/Ubaldo-e-Governadora.jpg","contentUrl":"https:\/\/ubaldofernandes.com\/wp-content\/uploads\/2021\/08\/Ubaldo-e-Governadora.jpg","width":1024,"height":577},{"@type":"BreadcrumbList","@id":"https:\/\/ubaldofernandes.com\/index.php\/news\/governo-garante-investimentos-solicitados-por-ubaldo-para-natal-e-lajes-pintadas\/#breadcrumb","itemListElement":[{"@type":"ListItem","position":1,"name":"In\u00edcio","item":"https:\/\/ubaldofernandes.com\/"},{"@type":"ListItem","position":2,"name":"Not\u00edcias","item":"https:\/\/ubaldofernandes.com\/index.php\/news\/"},{"@type":"ListItem","position":3,"name":"Governo garante investimentos solicitados por Ubaldo para Natal e Lajes Pintadas"}]},{"@type":"WebSite","@id":"https:\/\/ubaldofernandes.com\/#website","url":"https:\/\/ubaldofernandes.com\/","name":"Ubaldo Fernandes","description":"Deputado Estadual","potentialAction":[{"@type":"SearchAction","target":{"@type":"EntryPoint","urlTemplate":"https:\/\/ubaldofernandes.com\/?s={search_term_string}"},"query-input":{"@type":"PropertyValueSpecification","valueRequired":true,"valueName":"search_term_string"}}],"inLanguage":"pt-BR"}]}},"_links":{"self":[{"href":"https:\/\/ubaldofernandes.com\/index.php\/wp-json\/wp\/v2\/news\/2695","targetHints":{"allow":["GET"]}}],"collection":[{"href":"https:\/\/ubaldofernandes.com\/index.php\/wp-json\/wp\/v2\/news"}],"about":[{"href":"https:\/\/ubaldofernandes.com\/index.php\/wp-json\/wp\/v2\/types\/news"}],"wp:featuredmedia":[{"embeddable":true,"href":"https:\/\/ubaldofernandes.com\/index.php\/wp-json\/wp\/v2\/media\/2696"}],"wp:attachment":[{"href":"https:\/\/ubaldofernandes.com\/index.php\/wp-json\/wp\/v2\/media?parent=2695"}],"curies":[{"name":"wp","href":"https:\/\/api.w.org\/{rel}","templated":true}]}}