{"id":2699,"date":"2021-08-12T19:56:00","date_gmt":"2021-08-12T22:56:00","guid":{"rendered":"https:\/\/ubaldofernandes.com\/?post_type=news&#038;p=2699"},"modified":"2021-08-13T07:59:01","modified_gmt":"2021-08-13T10:59:01","slug":"sancionada-lei-com-emenda-de-ubaldo-que-garante-suspensao-de-validade-de-concursos-durante-pandemia","status":"publish","type":"news","link":"https:\/\/ubaldofernandes.com\/index.php\/news\/sancionada-lei-com-emenda-de-ubaldo-que-garante-suspensao-de-validade-de-concursos-durante-pandemia\/","title":{"rendered":"Sancionada lei com emenda de Ubaldo que garante suspens\u00e3o de validade de concursos durante pandemia"},"content":{"rendered":"\n<p>O Di\u00e1rio Oficial do Estado desta quinta-feira (12\/08) traz a publica\u00e7\u00e3o da Lei 10.975, que alterou a Lei 10.727 de junho de 2020, garantindo a suspens\u00e3o da validade de concursos p\u00fablicos no \u00e2mbito do estado enquanto perdurar a pandemia. Com emenda do deputado estadual Ubaldo Fernandes (PL), a mat\u00e9ria, de autoria da deputada Isolda Dantas (PT), retroage ao Decreto de Calamidade do dia 19 de mar\u00e7o de 2020, dando seguran\u00e7a aos aprovados inclusive dos certames que haviam expirado antes de sua aprova\u00e7\u00e3o.<\/p>\n\n\n\n<p>\u201cHoje, mais um dia importante na luta dos aprovados da pol\u00edcia penal que tanto temos contato nas \u00faltimas semanas, al\u00e9m de muitos outros concurseiros que vibraram conosco pela aprova\u00e7\u00e3o na Assembleia Legislativa desse projeto de lei com importante emenda do nosso mandato. Apesar de sancionada com alguns vetos, agradecemos o governo, atrav\u00e9s da chefe do executivo F\u00e1tima Bezerra, por ter mantido a emenda t\u00e3o comemorada e fundamental para fazer justi\u00e7a aos que bravamente lutam, se capacitando, para alcan\u00e7ar o t\u00e3o sonhado cargo efetivo p\u00fablico\u201d, destacou Ubaldo em sess\u00e3o ordin\u00e1ria.<\/p>\n\n\n\n<p>Desse modo, todos os concursos permanecem suspensos de mar\u00e7o de 2020 at\u00e9 enquanto estiver vigente o estado de calamidade p\u00fablica. \u201cEnfatizo, por fim, que essa emenda foi fruto de muitos di\u00e1logos com concursados do RN que est\u00e3o sendo penalizados com a demora de realiza\u00e7\u00f5es de etapas e convoca\u00e7\u00f5es devido \u00e0 pandemia e que \u00e9 mais um dia para refor\u00e7ar o quanto vale \u00e0 pena unir esfor\u00e7os e lutar pelo que acreditamos e \u00e9 bom para nossa popula\u00e7\u00e3o e pro desenvolvimento do nosso estado\u201d, concluiu o parlamentar.<\/p>\n\n\n\n<p>Mat\u00e9ria publicada no <a href=\"https:\/\/blogafonte.com.br\/2021\/08\/12\/sancionada-lei-com-emenda-de-ubaldo-que-garante-suspensao-de-validade-de-concursos-durante-pandemia\/\">Blog A Fonte<\/a>. <\/p>\n","protected":false},"featured_media":2700,"parent":0,"template":"","class_list":["post-2699","news","type-news","status-publish","has-post-thumbnail","hentry"],"acf":[],"yoast_head":"<!-- This site is optimized with the Yoast SEO plugin v24.6 - https:\/\/yoast.com\/wordpress\/plugins\/seo\/ -->\n<title>Sancionada lei com emenda de Ubaldo que garante suspens\u00e3o de validade de concursos durante pandemia - Ubaldo Fernandes<\/title>\n<meta name=\"robots\" content=\"index, follow, max-snippet:-1, max-image-preview:large, max-video-preview:-1\" \/>\n<link rel=\"canonical\" href=\"https:\/\/ubaldofernandes.com\/index.php\/news\/sancionada-lei-com-emenda-de-ubaldo-que-garante-suspensao-de-validade-de-concursos-durante-pandemia\/\" \/>\n<meta property=\"og:locale\" content=\"pt_BR\" \/>\n<meta property=\"og:type\" content=\"article\" \/>\n<meta property=\"og:title\" content=\"Sancionada lei com emenda de Ubaldo que garante suspens\u00e3o de validade de concursos durante pandemia - Ubaldo Fernandes\" \/>\n<meta property=\"og:description\" content=\"O Di\u00e1rio Oficial do Estado desta quinta-feira (12\/08) traz a publica\u00e7\u00e3o da Lei 10.975, que alterou a Lei 10.727 de junho de 2020, garantindo a suspens\u00e3o da validade de concursos p\u00fablicos no \u00e2mbito do estado enquanto perdurar a pandemia. Com emenda do deputado estadual Ubaldo Fernandes (PL), a mat\u00e9ria, de autoria da deputada Isolda Dantas [&hellip;]\" \/>\n<meta property=\"og:url\" content=\"https:\/\/ubaldofernandes.com\/index.php\/news\/sancionada-lei-com-emenda-de-ubaldo-que-garante-suspensao-de-validade-de-concursos-durante-pandemia\/\" \/>\n<meta property=\"og:site_name\" content=\"Ubaldo Fernandes\" \/>\n<meta property=\"article:modified_time\" content=\"2021-08-13T10:59:01+00:00\" \/>\n<meta property=\"og:image\" content=\"https:\/\/ubaldofernandes.com\/wp-content\/uploads\/2021\/08\/Ubaldo-Lei-Concursos.jpeg\" \/>\n\t<meta property=\"og:image:width\" content=\"696\" \/>\n\t<meta property=\"og:image:height\" content=\"464\" \/>\n\t<meta property=\"og:image:type\" content=\"image\/jpeg\" \/>\n<meta name=\"twitter:card\" content=\"summary_large_image\" \/>\n<meta name=\"twitter:label1\" content=\"Est. tempo de leitura\" \/>\n\t<meta name=\"twitter:data1\" content=\"1 minuto\" \/>\n<script type=\"application\/ld+json\" class=\"yoast-schema-graph\">{\"@context\":\"https:\/\/schema.org\",\"@graph\":[{\"@type\":\"WebPage\",\"@id\":\"https:\/\/ubaldofernandes.com\/index.php\/news\/sancionada-lei-com-emenda-de-ubaldo-que-garante-suspensao-de-validade-de-concursos-durante-pandemia\/\",\"url\":\"https:\/\/ubaldofernandes.com\/index.php\/news\/sancionada-lei-com-emenda-de-ubaldo-que-garante-suspensao-de-validade-de-concursos-durante-pandemia\/\",\"name\":\"Sancionada lei com emenda de Ubaldo que garante suspens\u00e3o de validade de concursos durante pandemia - Ubaldo Fernandes\",\"isPartOf\":{\"@id\":\"https:\/\/ubaldofernandes.com\/#website\"},\"primaryImageOfPage\":{\"@id\":\"https:\/\/ubaldofernandes.com\/index.php\/news\/sancionada-lei-com-emenda-de-ubaldo-que-garante-suspensao-de-validade-de-concursos-durante-pandemia\/#primaryimage\"},\"image\":{\"@id\":\"https:\/\/ubaldofernandes.com\/index.php\/news\/sancionada-lei-com-emenda-de-ubaldo-que-garante-suspensao-de-validade-de-concursos-durante-pandemia\/#primaryimage\"},\"thumbnailUrl\":\"https:\/\/ubaldofernandes.com\/wp-content\/uploads\/2021\/08\/Ubaldo-Lei-Concursos.jpeg\",\"datePublished\":\"2021-08-12T22:56:00+00:00\",\"dateModified\":\"2021-08-13T10:59:01+00:00\",\"breadcrumb\":{\"@id\":\"https:\/\/ubaldofernandes.com\/index.php\/news\/sancionada-lei-com-emenda-de-ubaldo-que-garante-suspensao-de-validade-de-concursos-durante-pandemia\/#breadcrumb\"},\"inLanguage\":\"pt-BR\",\"potentialAction\":[{\"@type\":\"ReadAction\",\"target\":[\"https:\/\/ubaldofernandes.com\/index.php\/news\/sancionada-lei-com-emenda-de-ubaldo-que-garante-suspensao-de-validade-de-concursos-durante-pandemia\/\"]}]},{\"@type\":\"ImageObject\",\"inLanguage\":\"pt-BR\",\"@id\":\"https:\/\/ubaldofernandes.com\/index.php\/news\/sancionada-lei-com-emenda-de-ubaldo-que-garante-suspensao-de-validade-de-concursos-durante-pandemia\/#primaryimage\",\"url\":\"https:\/\/ubaldofernandes.com\/wp-content\/uploads\/2021\/08\/Ubaldo-Lei-Concursos.jpeg\",\"contentUrl\":\"https:\/\/ubaldofernandes.com\/wp-content\/uploads\/2021\/08\/Ubaldo-Lei-Concursos.jpeg\",\"width\":696,\"height\":464},{\"@type\":\"BreadcrumbList\",\"@id\":\"https:\/\/ubaldofernandes.com\/index.php\/news\/sancionada-lei-com-emenda-de-ubaldo-que-garante-suspensao-de-validade-de-concursos-durante-pandemia\/#breadcrumb\",\"itemListElement\":[{\"@type\":\"ListItem\",\"position\":1,\"name\":\"In\u00edcio\",\"item\":\"https:\/\/ubaldofernandes.com\/\"},{\"@type\":\"ListItem\",\"position\":2,\"name\":\"Not\u00edcias\",\"item\":\"https:\/\/ubaldofernandes.com\/index.php\/news\/\"},{\"@type\":\"ListItem\",\"position\":3,\"name\":\"Sancionada lei com emenda de Ubaldo que garante suspens\u00e3o de validade de concursos durante pandemia\"}]},{\"@type\":\"WebSite\",\"@id\":\"https:\/\/ubaldofernandes.com\/#website\",\"url\":\"https:\/\/ubaldofernandes.com\/\",\"name\":\"Ubaldo Fernandes\",\"description\":\"Deputado Estadual\",\"potentialAction\":[{\"@type\":\"SearchAction\",\"target\":{\"@type\":\"EntryPoint\",\"urlTemplate\":\"https:\/\/ubaldofernandes.com\/?s={search_term_string}\"},\"query-input\":{\"@type\":\"PropertyValueSpecification\",\"valueRequired\":true,\"valueName\":\"search_term_string\"}}],\"inLanguage\":\"pt-BR\"}]}<\/script>\n<!-- \/ Yoast SEO plugin. -->","yoast_head_json":{"title":"Sancionada lei com emenda de Ubaldo que garante suspens\u00e3o de validade de concursos durante pandemia - Ubaldo Fernandes","robots":{"index":"index","follow":"follow","max-snippet":"max-snippet:-1","max-image-preview":"max-image-preview:large","max-video-preview":"max-video-preview:-1"},"canonical":"https:\/\/ubaldofernandes.com\/index.php\/news\/sancionada-lei-com-emenda-de-ubaldo-que-garante-suspensao-de-validade-de-concursos-durante-pandemia\/","og_locale":"pt_BR","og_type":"article","og_title":"Sancionada lei com emenda de Ubaldo que garante suspens\u00e3o de validade de concursos durante pandemia - Ubaldo Fernandes","og_description":"O Di\u00e1rio Oficial do Estado desta quinta-feira (12\/08) traz a publica\u00e7\u00e3o da Lei 10.975, que alterou a Lei 10.727 de junho de 2020, garantindo a suspens\u00e3o da validade de concursos p\u00fablicos no \u00e2mbito do estado enquanto perdurar a pandemia. Com emenda do deputado estadual Ubaldo Fernandes (PL), a mat\u00e9ria, de autoria da deputada Isolda Dantas [&hellip;]","og_url":"https:\/\/ubaldofernandes.com\/index.php\/news\/sancionada-lei-com-emenda-de-ubaldo-que-garante-suspensao-de-validade-de-concursos-durante-pandemia\/","og_site_name":"Ubaldo Fernandes","article_modified_time":"2021-08-13T10:59:01+00:00","og_image":[{"width":696,"height":464,"url":"https:\/\/ubaldofernandes.com\/wp-content\/uploads\/2021\/08\/Ubaldo-Lei-Concursos.jpeg","type":"image\/jpeg"}],"twitter_card":"summary_large_image","twitter_misc":{"Est. tempo de leitura":"1 minuto"},"schema":{"@context":"https:\/\/schema.org","@graph":[{"@type":"WebPage","@id":"https:\/\/ubaldofernandes.com\/index.php\/news\/sancionada-lei-com-emenda-de-ubaldo-que-garante-suspensao-de-validade-de-concursos-durante-pandemia\/","url":"https:\/\/ubaldofernandes.com\/index.php\/news\/sancionada-lei-com-emenda-de-ubaldo-que-garante-suspensao-de-validade-de-concursos-durante-pandemia\/","name":"Sancionada lei com emenda de Ubaldo que garante suspens\u00e3o de validade de concursos durante pandemia - Ubaldo Fernandes","isPartOf":{"@id":"https:\/\/ubaldofernandes.com\/#website"},"primaryImageOfPage":{"@id":"https:\/\/ubaldofernandes.com\/index.php\/news\/sancionada-lei-com-emenda-de-ubaldo-que-garante-suspensao-de-validade-de-concursos-durante-pandemia\/#primaryimage"},"image":{"@id":"https:\/\/ubaldofernandes.com\/index.php\/news\/sancionada-lei-com-emenda-de-ubaldo-que-garante-suspensao-de-validade-de-concursos-durante-pandemia\/#primaryimage"},"thumbnailUrl":"https:\/\/ubaldofernandes.com\/wp-content\/uploads\/2021\/08\/Ubaldo-Lei-Concursos.jpeg","datePublished":"2021-08-12T22:56:00+00:00","dateModified":"2021-08-13T10:59:01+00:00","breadcrumb":{"@id":"https:\/\/ubaldofernandes.com\/index.php\/news\/sancionada-lei-com-emenda-de-ubaldo-que-garante-suspensao-de-validade-de-concursos-durante-pandemia\/#breadcrumb"},"inLanguage":"pt-BR","potentialAction":[{"@type":"ReadAction","target":["https:\/\/ubaldofernandes.com\/index.php\/news\/sancionada-lei-com-emenda-de-ubaldo-que-garante-suspensao-de-validade-de-concursos-durante-pandemia\/"]}]},{"@type":"ImageObject","inLanguage":"pt-BR","@id":"https:\/\/ubaldofernandes.com\/index.php\/news\/sancionada-lei-com-emenda-de-ubaldo-que-garante-suspensao-de-validade-de-concursos-durante-pandemia\/#primaryimage","url":"https:\/\/ubaldofernandes.com\/wp-content\/uploads\/2021\/08\/Ubaldo-Lei-Concursos.jpeg","contentUrl":"https:\/\/ubaldofernandes.com\/wp-content\/uploads\/2021\/08\/Ubaldo-Lei-Concursos.jpeg","width":696,"height":464},{"@type":"BreadcrumbList","@id":"https:\/\/ubaldofernandes.com\/index.php\/news\/sancionada-lei-com-emenda-de-ubaldo-que-garante-suspensao-de-validade-de-concursos-durante-pandemia\/#breadcrumb","itemListElement":[{"@type":"ListItem","position":1,"name":"In\u00edcio","item":"https:\/\/ubaldofernandes.com\/"},{"@type":"ListItem","position":2,"name":"Not\u00edcias","item":"https:\/\/ubaldofernandes.com\/index.php\/news\/"},{"@type":"ListItem","position":3,"name":"Sancionada lei com emenda de Ubaldo que garante suspens\u00e3o de validade de concursos durante pandemia"}]},{"@type":"WebSite","@id":"https:\/\/ubaldofernandes.com\/#website","url":"https:\/\/ubaldofernandes.com\/","name":"Ubaldo Fernandes","description":"Deputado Estadual","potentialAction":[{"@type":"SearchAction","target":{"@type":"EntryPoint","urlTemplate":"https:\/\/ubaldofernandes.com\/?s={search_term_string}"},"query-input":{"@type":"PropertyValueSpecification","valueRequired":true,"valueName":"search_term_string"}}],"inLanguage":"pt-BR"}]}},"_links":{"self":[{"href":"https:\/\/ubaldofernandes.com\/index.php\/wp-json\/wp\/v2\/news\/2699","targetHints":{"allow":["GET"]}}],"collection":[{"href":"https:\/\/ubaldofernandes.com\/index.php\/wp-json\/wp\/v2\/news"}],"about":[{"href":"https:\/\/ubaldofernandes.com\/index.php\/wp-json\/wp\/v2\/types\/news"}],"wp:featuredmedia":[{"embeddable":true,"href":"https:\/\/ubaldofernandes.com\/index.php\/wp-json\/wp\/v2\/media\/2700"}],"wp:attachment":[{"href":"https:\/\/ubaldofernandes.com\/index.php\/wp-json\/wp\/v2\/media?parent=2699"}],"curies":[{"name":"wp","href":"https:\/\/api.w.org\/{rel}","templated":true}]}}