{"id":2708,"date":"2021-08-16T12:47:30","date_gmt":"2021-08-16T15:47:30","guid":{"rendered":"https:\/\/ubaldofernandes.com\/?post_type=news&#038;p=2708"},"modified":"2021-08-16T19:51:10","modified_gmt":"2021-08-16T22:51:10","slug":"ubaldo-passa-pelo-trairi-serido-mato-grande-e-agreste-no-fim-de-semana","status":"publish","type":"news","link":"https:\/\/ubaldofernandes.com\/index.php\/news\/ubaldo-passa-pelo-trairi-serido-mato-grande-e-agreste-no-fim-de-semana\/","title":{"rendered":"Ubaldo passa pelo Trairi, Serid\u00f3, Mato Grande e Agreste no fim de semana"},"content":{"rendered":"\n<p>Mais um fim de semana totalmente na estrada. O deputado estadual Ubaldo Fernandes cumpriu agenda extensa no \u00faltimo final de semana (s\u00e1bado e domingo, 14 e 15 de agosto), passando pelas regi\u00f5es Trairi, Serid\u00f3 e Agreste, com destaque para participa\u00e7\u00e3o em eventos religiosos de alguns munic\u00edpios.&nbsp;<\/p>\n\n\n\n<p>No s\u00e1bado (14), voltou a sua cidade natal, Tangar\u00e1, no Tairi, onde concedeu entrevista \u00e0 R\u00e1dio FM Tangar\u00e1 e participou de um momento significativo para o munic\u00edpio, quando esteve na a\u00e7\u00e3o de gra\u00e7as pela \u00e1gua encontrada um po\u00e7o perfurado no Assentamento Roda, com celebra\u00e7\u00e3o do pastor Elder Cavalcante, da Igreja Internacional da Gra\u00e7a de Deus.<\/p>\n\n\n\n<p>J\u00e1 \u00e0 noite, o parlamentar foi \u00e0 Acari, no Serid\u00f3, onde participou da Novena de encerramento da Festa de Nossa Senhora da Guia, ao lado do vereador Zuil Ribeiro. No domingo (15) pela manh\u00e3, Ubaldo Fernandes visitou a comunidade do S\u00edtio S\u00e3o Tom\u00e9, nos munic\u00edpios de Jardim de Angicos e Taipu, no Mato Grande, onde ouviu suas demandas e colocou seu mandato \u00e0 disposi\u00e7\u00e3o para buscar melhorias, como a melhora da oferta de \u00e1gua para abastecimento humano e de animais.<\/p>\n\n\n\n<p>No retorno para Natal, o deputado participou, na noite de domingo, das festividades religiosas da padroeira da comunidade Tancredo Neves, de S\u00e3o Jos\u00e9 de Mipibu, a Nossa Senhora da Assun\u00e7\u00e3o. A celebra\u00e7\u00e3o foi do p\u00e1roco da igreja matriz da cidade, o padre Lenilson de Morais.<\/p>\n\n\n\n<p>Mat\u00e9ria publicada no <a href=\"http:\/\/www.alexsilvaassu.com.br\/2021\/08\/ubaldo-passa-pelo-trairi-serido-mato.html\">Blog Alex Silva<\/a>. <\/p>\n","protected":false},"featured_media":2709,"parent":0,"template":"","class_list":["post-2708","news","type-news","status-publish","has-post-thumbnail","hentry"],"acf":[],"yoast_head":"<!-- This site is optimized with the Yoast SEO plugin v24.6 - https:\/\/yoast.com\/wordpress\/plugins\/seo\/ -->\n<title>Ubaldo passa pelo Trairi, Serid\u00f3, Mato Grande e Agreste no fim de semana - Ubaldo Fernandes<\/title>\n<meta name=\"robots\" content=\"index, follow, max-snippet:-1, max-image-preview:large, max-video-preview:-1\" \/>\n<link rel=\"canonical\" href=\"https:\/\/ubaldofernandes.com\/index.php\/news\/ubaldo-passa-pelo-trairi-serido-mato-grande-e-agreste-no-fim-de-semana\/\" \/>\n<meta property=\"og:locale\" content=\"pt_BR\" \/>\n<meta property=\"og:type\" content=\"article\" \/>\n<meta property=\"og:title\" content=\"Ubaldo passa pelo Trairi, Serid\u00f3, Mato Grande e Agreste no fim de semana - Ubaldo Fernandes\" \/>\n<meta property=\"og:description\" content=\"Mais um fim de semana totalmente na estrada. O deputado estadual Ubaldo Fernandes cumpriu agenda extensa no \u00faltimo final de semana (s\u00e1bado e domingo, 14 e 15 de agosto), passando pelas regi\u00f5es Trairi, Serid\u00f3 e Agreste, com destaque para participa\u00e7\u00e3o em eventos religiosos de alguns munic\u00edpios.&nbsp; No s\u00e1bado (14), voltou a sua cidade natal, Tangar\u00e1, [&hellip;]\" \/>\n<meta property=\"og:url\" content=\"https:\/\/ubaldofernandes.com\/index.php\/news\/ubaldo-passa-pelo-trairi-serido-mato-grande-e-agreste-no-fim-de-semana\/\" \/>\n<meta property=\"og:site_name\" content=\"Ubaldo Fernandes\" \/>\n<meta property=\"article:modified_time\" content=\"2021-08-16T22:51:10+00:00\" \/>\n<meta property=\"og:image\" content=\"https:\/\/ubaldofernandes.com\/wp-content\/uploads\/2021\/08\/Blog-Alex-Silva.jpg\" \/>\n\t<meta property=\"og:image:width\" content=\"320\" \/>\n\t<meta property=\"og:image:height\" content=\"180\" \/>\n\t<meta property=\"og:image:type\" content=\"image\/jpeg\" \/>\n<meta name=\"twitter:card\" content=\"summary_large_image\" \/>\n<meta name=\"twitter:label1\" content=\"Est. tempo de leitura\" \/>\n\t<meta name=\"twitter:data1\" content=\"1 minuto\" \/>\n<script type=\"application\/ld+json\" class=\"yoast-schema-graph\">{\"@context\":\"https:\/\/schema.org\",\"@graph\":[{\"@type\":\"WebPage\",\"@id\":\"https:\/\/ubaldofernandes.com\/index.php\/news\/ubaldo-passa-pelo-trairi-serido-mato-grande-e-agreste-no-fim-de-semana\/\",\"url\":\"https:\/\/ubaldofernandes.com\/index.php\/news\/ubaldo-passa-pelo-trairi-serido-mato-grande-e-agreste-no-fim-de-semana\/\",\"name\":\"Ubaldo passa pelo Trairi, Serid\u00f3, Mato Grande e Agreste no fim de semana - Ubaldo Fernandes\",\"isPartOf\":{\"@id\":\"https:\/\/ubaldofernandes.com\/#website\"},\"primaryImageOfPage\":{\"@id\":\"https:\/\/ubaldofernandes.com\/index.php\/news\/ubaldo-passa-pelo-trairi-serido-mato-grande-e-agreste-no-fim-de-semana\/#primaryimage\"},\"image\":{\"@id\":\"https:\/\/ubaldofernandes.com\/index.php\/news\/ubaldo-passa-pelo-trairi-serido-mato-grande-e-agreste-no-fim-de-semana\/#primaryimage\"},\"thumbnailUrl\":\"https:\/\/ubaldofernandes.com\/wp-content\/uploads\/2021\/08\/Blog-Alex-Silva.jpg\",\"datePublished\":\"2021-08-16T15:47:30+00:00\",\"dateModified\":\"2021-08-16T22:51:10+00:00\",\"breadcrumb\":{\"@id\":\"https:\/\/ubaldofernandes.com\/index.php\/news\/ubaldo-passa-pelo-trairi-serido-mato-grande-e-agreste-no-fim-de-semana\/#breadcrumb\"},\"inLanguage\":\"pt-BR\",\"potentialAction\":[{\"@type\":\"ReadAction\",\"target\":[\"https:\/\/ubaldofernandes.com\/index.php\/news\/ubaldo-passa-pelo-trairi-serido-mato-grande-e-agreste-no-fim-de-semana\/\"]}]},{\"@type\":\"ImageObject\",\"inLanguage\":\"pt-BR\",\"@id\":\"https:\/\/ubaldofernandes.com\/index.php\/news\/ubaldo-passa-pelo-trairi-serido-mato-grande-e-agreste-no-fim-de-semana\/#primaryimage\",\"url\":\"https:\/\/ubaldofernandes.com\/wp-content\/uploads\/2021\/08\/Blog-Alex-Silva.jpg\",\"contentUrl\":\"https:\/\/ubaldofernandes.com\/wp-content\/uploads\/2021\/08\/Blog-Alex-Silva.jpg\",\"width\":320,\"height\":180},{\"@type\":\"BreadcrumbList\",\"@id\":\"https:\/\/ubaldofernandes.com\/index.php\/news\/ubaldo-passa-pelo-trairi-serido-mato-grande-e-agreste-no-fim-de-semana\/#breadcrumb\",\"itemListElement\":[{\"@type\":\"ListItem\",\"position\":1,\"name\":\"In\u00edcio\",\"item\":\"https:\/\/ubaldofernandes.com\/\"},{\"@type\":\"ListItem\",\"position\":2,\"name\":\"Not\u00edcias\",\"item\":\"https:\/\/ubaldofernandes.com\/index.php\/news\/\"},{\"@type\":\"ListItem\",\"position\":3,\"name\":\"Ubaldo passa pelo Trairi, Serid\u00f3, Mato Grande e Agreste no fim de semana\"}]},{\"@type\":\"WebSite\",\"@id\":\"https:\/\/ubaldofernandes.com\/#website\",\"url\":\"https:\/\/ubaldofernandes.com\/\",\"name\":\"Ubaldo Fernandes\",\"description\":\"Deputado Estadual\",\"potentialAction\":[{\"@type\":\"SearchAction\",\"target\":{\"@type\":\"EntryPoint\",\"urlTemplate\":\"https:\/\/ubaldofernandes.com\/?s={search_term_string}\"},\"query-input\":{\"@type\":\"PropertyValueSpecification\",\"valueRequired\":true,\"valueName\":\"search_term_string\"}}],\"inLanguage\":\"pt-BR\"}]}<\/script>\n<!-- \/ Yoast SEO plugin. -->","yoast_head_json":{"title":"Ubaldo passa pelo Trairi, Serid\u00f3, Mato Grande e Agreste no fim de semana - Ubaldo Fernandes","robots":{"index":"index","follow":"follow","max-snippet":"max-snippet:-1","max-image-preview":"max-image-preview:large","max-video-preview":"max-video-preview:-1"},"canonical":"https:\/\/ubaldofernandes.com\/index.php\/news\/ubaldo-passa-pelo-trairi-serido-mato-grande-e-agreste-no-fim-de-semana\/","og_locale":"pt_BR","og_type":"article","og_title":"Ubaldo passa pelo Trairi, Serid\u00f3, Mato Grande e Agreste no fim de semana - Ubaldo Fernandes","og_description":"Mais um fim de semana totalmente na estrada. O deputado estadual Ubaldo Fernandes cumpriu agenda extensa no \u00faltimo final de semana (s\u00e1bado e domingo, 14 e 15 de agosto), passando pelas regi\u00f5es Trairi, Serid\u00f3 e Agreste, com destaque para participa\u00e7\u00e3o em eventos religiosos de alguns munic\u00edpios.&nbsp; No s\u00e1bado (14), voltou a sua cidade natal, Tangar\u00e1, [&hellip;]","og_url":"https:\/\/ubaldofernandes.com\/index.php\/news\/ubaldo-passa-pelo-trairi-serido-mato-grande-e-agreste-no-fim-de-semana\/","og_site_name":"Ubaldo Fernandes","article_modified_time":"2021-08-16T22:51:10+00:00","og_image":[{"width":320,"height":180,"url":"https:\/\/ubaldofernandes.com\/wp-content\/uploads\/2021\/08\/Blog-Alex-Silva.jpg","type":"image\/jpeg"}],"twitter_card":"summary_large_image","twitter_misc":{"Est. tempo de leitura":"1 minuto"},"schema":{"@context":"https:\/\/schema.org","@graph":[{"@type":"WebPage","@id":"https:\/\/ubaldofernandes.com\/index.php\/news\/ubaldo-passa-pelo-trairi-serido-mato-grande-e-agreste-no-fim-de-semana\/","url":"https:\/\/ubaldofernandes.com\/index.php\/news\/ubaldo-passa-pelo-trairi-serido-mato-grande-e-agreste-no-fim-de-semana\/","name":"Ubaldo passa pelo Trairi, Serid\u00f3, Mato Grande e Agreste no fim de semana - Ubaldo Fernandes","isPartOf":{"@id":"https:\/\/ubaldofernandes.com\/#website"},"primaryImageOfPage":{"@id":"https:\/\/ubaldofernandes.com\/index.php\/news\/ubaldo-passa-pelo-trairi-serido-mato-grande-e-agreste-no-fim-de-semana\/#primaryimage"},"image":{"@id":"https:\/\/ubaldofernandes.com\/index.php\/news\/ubaldo-passa-pelo-trairi-serido-mato-grande-e-agreste-no-fim-de-semana\/#primaryimage"},"thumbnailUrl":"https:\/\/ubaldofernandes.com\/wp-content\/uploads\/2021\/08\/Blog-Alex-Silva.jpg","datePublished":"2021-08-16T15:47:30+00:00","dateModified":"2021-08-16T22:51:10+00:00","breadcrumb":{"@id":"https:\/\/ubaldofernandes.com\/index.php\/news\/ubaldo-passa-pelo-trairi-serido-mato-grande-e-agreste-no-fim-de-semana\/#breadcrumb"},"inLanguage":"pt-BR","potentialAction":[{"@type":"ReadAction","target":["https:\/\/ubaldofernandes.com\/index.php\/news\/ubaldo-passa-pelo-trairi-serido-mato-grande-e-agreste-no-fim-de-semana\/"]}]},{"@type":"ImageObject","inLanguage":"pt-BR","@id":"https:\/\/ubaldofernandes.com\/index.php\/news\/ubaldo-passa-pelo-trairi-serido-mato-grande-e-agreste-no-fim-de-semana\/#primaryimage","url":"https:\/\/ubaldofernandes.com\/wp-content\/uploads\/2021\/08\/Blog-Alex-Silva.jpg","contentUrl":"https:\/\/ubaldofernandes.com\/wp-content\/uploads\/2021\/08\/Blog-Alex-Silva.jpg","width":320,"height":180},{"@type":"BreadcrumbList","@id":"https:\/\/ubaldofernandes.com\/index.php\/news\/ubaldo-passa-pelo-trairi-serido-mato-grande-e-agreste-no-fim-de-semana\/#breadcrumb","itemListElement":[{"@type":"ListItem","position":1,"name":"In\u00edcio","item":"https:\/\/ubaldofernandes.com\/"},{"@type":"ListItem","position":2,"name":"Not\u00edcias","item":"https:\/\/ubaldofernandes.com\/index.php\/news\/"},{"@type":"ListItem","position":3,"name":"Ubaldo passa pelo Trairi, Serid\u00f3, Mato Grande e Agreste no fim de semana"}]},{"@type":"WebSite","@id":"https:\/\/ubaldofernandes.com\/#website","url":"https:\/\/ubaldofernandes.com\/","name":"Ubaldo Fernandes","description":"Deputado Estadual","potentialAction":[{"@type":"SearchAction","target":{"@type":"EntryPoint","urlTemplate":"https:\/\/ubaldofernandes.com\/?s={search_term_string}"},"query-input":{"@type":"PropertyValueSpecification","valueRequired":true,"valueName":"search_term_string"}}],"inLanguage":"pt-BR"}]}},"_links":{"self":[{"href":"https:\/\/ubaldofernandes.com\/index.php\/wp-json\/wp\/v2\/news\/2708","targetHints":{"allow":["GET"]}}],"collection":[{"href":"https:\/\/ubaldofernandes.com\/index.php\/wp-json\/wp\/v2\/news"}],"about":[{"href":"https:\/\/ubaldofernandes.com\/index.php\/wp-json\/wp\/v2\/types\/news"}],"wp:featuredmedia":[{"embeddable":true,"href":"https:\/\/ubaldofernandes.com\/index.php\/wp-json\/wp\/v2\/media\/2709"}],"wp:attachment":[{"href":"https:\/\/ubaldofernandes.com\/index.php\/wp-json\/wp\/v2\/media?parent=2708"}],"curies":[{"name":"wp","href":"https:\/\/api.w.org\/{rel}","templated":true}]}}