{"id":2769,"date":"2021-08-17T12:09:00","date_gmt":"2021-08-17T15:09:00","guid":{"rendered":"https:\/\/ubaldofernandes.com\/?post_type=news&#038;p=2769"},"modified":"2021-08-18T09:12:37","modified_gmt":"2021-08-18T12:12:37","slug":"ubaldo-parabeniza-acoes-na-seguranca-do-governo-em-inauguracao-de-delegacia","status":"publish","type":"news","link":"https:\/\/ubaldofernandes.com\/index.php\/news\/ubaldo-parabeniza-acoes-na-seguranca-do-governo-em-inauguracao-de-delegacia\/","title":{"rendered":"Ubaldo parabeniza a\u00e7\u00f5es na seguran\u00e7a do Governo em inaugura\u00e7\u00e3o de delegacia"},"content":{"rendered":"\n<p>Representando a Assembleia Legislativa, o deputado estadual Ubaldo Fernandes participou, na manh\u00e3 desta segunda-feira (16), da inaugura\u00e7\u00e3o da Delegacia de Homic\u00eddios de Parnamirim, pelo Governo do Estado. Na solenidade, o parlamentar destacou os investimentos que o poder executivo vem realizando na \u00e1rea de seguran\u00e7a p\u00fablica.<\/p>\n\n\n\n<p>\u201cQuero, igualmente aos que me antecederam, destacar nosso reconhecimento \u00e0 coragem da governadora em priorizar a seguran\u00e7a p\u00fablica. Sabemos que o Estado que prioriza essa \u00e1rea essencial \u00e9 um estado bem melhor de se viver! Sou testemunha de que, na Assembleia Legislativa, o governo tem pautado v\u00e1rios temas desse setor \u2013 com a estrutura\u00e7\u00e3o do Corpo de Bombeiros, do Itep, da Pol\u00edcia Civil, da Policia Militar e da Pol\u00edcia Penal. Para todos esses \u00f3rg\u00e3os, o governo enviou mensagens e a Assembleia, reconhecendo essa prioridade, tem aprovado mat\u00e9rias por unanimidade\u201d, frisou o parlamentar.<\/p>\n\n\n\n<p>Ubaldo enfatizou ainda que essa Delegacia implementada em Parnamirim demonstra tamb\u00e9m a preocupa\u00e7\u00e3o do Governo com a seguran\u00e7a da terceira maior cidade do Rio Grande do Norte. \u201cEm nome da Assembleia, quero parabenizar seu governo e sua equipe, atrav\u00e9s aqui da delegada Geral da Pol\u00edcia Civil, Ana Cl\u00e1udia Saraiva, reconhecendo a luta de todos voc\u00eas. \u00c9 por isso que os n\u00fameros da nossa seguran\u00e7a est\u00e3o melhorando, como demonstram as estat\u00edsticas\u201d, finalizou.<br>SAIBA<\/p>\n\n\n\n<p>A DHPP foi instalada em um im\u00f3vel alugado pela Prefeitura que foi reformado pelo Estado, incluindo mob\u00edlias, computadores, instala\u00e7\u00f5es de internet e hidr\u00e1ulicas. Passa a funcionar no bairro Santos Reis, com efetivo de nove policiais, sendo dois delegados, dois escriv\u00e3es e cinco agentes.<\/p>\n\n\n\n<figure class=\"wp-block-image size-large\"><img loading=\"lazy\" decoding=\"async\" width=\"450\" height=\"253\" src=\"https:\/\/ubaldofernandes.com\/wp-content\/uploads\/2021\/08\/Delegacia-Parnamirim-2.jpg\" alt=\"\" class=\"wp-image-2770\" srcset=\"https:\/\/ubaldofernandes.com\/wp-content\/uploads\/2021\/08\/Delegacia-Parnamirim-2.jpg 450w, https:\/\/ubaldofernandes.com\/wp-content\/uploads\/2021\/08\/Delegacia-Parnamirim-2-300x169.jpg 300w\" sizes=\"auto, (max-width: 450px) 100vw, 450px\" \/><\/figure>\n\n\n\n<p>Mat\u00e9ria publicada no <a href=\"http:\/\/www.vlaudeyliberato.com\/ubaldo-parabeniza-acoes-na-seguranca-do-governo-em-inauguracao-de-delegacia\/\">Blog do Vlaudey Liberato<\/a>. <\/p>\n","protected":false},"featured_media":2771,"parent":0,"template":"","class_list":["post-2769","news","type-news","status-publish","has-post-thumbnail","hentry"],"acf":[],"yoast_head":"<!-- This site is optimized with the Yoast SEO plugin v24.6 - https:\/\/yoast.com\/wordpress\/plugins\/seo\/ -->\n<title>Ubaldo parabeniza a\u00e7\u00f5es na seguran\u00e7a do Governo em inaugura\u00e7\u00e3o de delegacia - Ubaldo Fernandes<\/title>\n<meta name=\"robots\" content=\"index, follow, max-snippet:-1, max-image-preview:large, max-video-preview:-1\" \/>\n<link rel=\"canonical\" href=\"https:\/\/ubaldofernandes.com\/index.php\/news\/ubaldo-parabeniza-acoes-na-seguranca-do-governo-em-inauguracao-de-delegacia\/\" \/>\n<meta property=\"og:locale\" content=\"pt_BR\" \/>\n<meta property=\"og:type\" content=\"article\" \/>\n<meta property=\"og:title\" content=\"Ubaldo parabeniza a\u00e7\u00f5es na seguran\u00e7a do Governo em inaugura\u00e7\u00e3o de delegacia - Ubaldo Fernandes\" \/>\n<meta property=\"og:description\" content=\"Representando a Assembleia Legislativa, o deputado estadual Ubaldo Fernandes participou, na manh\u00e3 desta segunda-feira (16), da inaugura\u00e7\u00e3o da Delegacia de Homic\u00eddios de Parnamirim, pelo Governo do Estado. Na solenidade, o parlamentar destacou os investimentos que o poder executivo vem realizando na \u00e1rea de seguran\u00e7a p\u00fablica. \u201cQuero, igualmente aos que me antecederam, destacar nosso reconhecimento \u00e0 [&hellip;]\" \/>\n<meta property=\"og:url\" content=\"https:\/\/ubaldofernandes.com\/index.php\/news\/ubaldo-parabeniza-acoes-na-seguranca-do-governo-em-inauguracao-de-delegacia\/\" \/>\n<meta property=\"og:site_name\" content=\"Ubaldo Fernandes\" \/>\n<meta property=\"article:modified_time\" content=\"2021-08-18T12:12:37+00:00\" \/>\n<meta property=\"og:image\" content=\"https:\/\/ubaldofernandes.com\/wp-content\/uploads\/2021\/08\/Delegacia-Parnamirim.jpg\" \/>\n\t<meta property=\"og:image:width\" content=\"450\" \/>\n\t<meta property=\"og:image:height\" content=\"338\" \/>\n\t<meta property=\"og:image:type\" content=\"image\/jpeg\" \/>\n<meta name=\"twitter:card\" content=\"summary_large_image\" \/>\n<meta name=\"twitter:label1\" content=\"Est. tempo de leitura\" \/>\n\t<meta name=\"twitter:data1\" content=\"1 minuto\" \/>\n<script type=\"application\/ld+json\" class=\"yoast-schema-graph\">{\"@context\":\"https:\/\/schema.org\",\"@graph\":[{\"@type\":\"WebPage\",\"@id\":\"https:\/\/ubaldofernandes.com\/index.php\/news\/ubaldo-parabeniza-acoes-na-seguranca-do-governo-em-inauguracao-de-delegacia\/\",\"url\":\"https:\/\/ubaldofernandes.com\/index.php\/news\/ubaldo-parabeniza-acoes-na-seguranca-do-governo-em-inauguracao-de-delegacia\/\",\"name\":\"Ubaldo parabeniza a\u00e7\u00f5es na seguran\u00e7a do Governo em inaugura\u00e7\u00e3o de delegacia - Ubaldo Fernandes\",\"isPartOf\":{\"@id\":\"https:\/\/ubaldofernandes.com\/#website\"},\"primaryImageOfPage\":{\"@id\":\"https:\/\/ubaldofernandes.com\/index.php\/news\/ubaldo-parabeniza-acoes-na-seguranca-do-governo-em-inauguracao-de-delegacia\/#primaryimage\"},\"image\":{\"@id\":\"https:\/\/ubaldofernandes.com\/index.php\/news\/ubaldo-parabeniza-acoes-na-seguranca-do-governo-em-inauguracao-de-delegacia\/#primaryimage\"},\"thumbnailUrl\":\"https:\/\/ubaldofernandes.com\/wp-content\/uploads\/2021\/08\/Delegacia-Parnamirim.jpg\",\"datePublished\":\"2021-08-17T15:09:00+00:00\",\"dateModified\":\"2021-08-18T12:12:37+00:00\",\"breadcrumb\":{\"@id\":\"https:\/\/ubaldofernandes.com\/index.php\/news\/ubaldo-parabeniza-acoes-na-seguranca-do-governo-em-inauguracao-de-delegacia\/#breadcrumb\"},\"inLanguage\":\"pt-BR\",\"potentialAction\":[{\"@type\":\"ReadAction\",\"target\":[\"https:\/\/ubaldofernandes.com\/index.php\/news\/ubaldo-parabeniza-acoes-na-seguranca-do-governo-em-inauguracao-de-delegacia\/\"]}]},{\"@type\":\"ImageObject\",\"inLanguage\":\"pt-BR\",\"@id\":\"https:\/\/ubaldofernandes.com\/index.php\/news\/ubaldo-parabeniza-acoes-na-seguranca-do-governo-em-inauguracao-de-delegacia\/#primaryimage\",\"url\":\"https:\/\/ubaldofernandes.com\/wp-content\/uploads\/2021\/08\/Delegacia-Parnamirim.jpg\",\"contentUrl\":\"https:\/\/ubaldofernandes.com\/wp-content\/uploads\/2021\/08\/Delegacia-Parnamirim.jpg\",\"width\":450,\"height\":338},{\"@type\":\"BreadcrumbList\",\"@id\":\"https:\/\/ubaldofernandes.com\/index.php\/news\/ubaldo-parabeniza-acoes-na-seguranca-do-governo-em-inauguracao-de-delegacia\/#breadcrumb\",\"itemListElement\":[{\"@type\":\"ListItem\",\"position\":1,\"name\":\"In\u00edcio\",\"item\":\"https:\/\/ubaldofernandes.com\/\"},{\"@type\":\"ListItem\",\"position\":2,\"name\":\"Not\u00edcias\",\"item\":\"https:\/\/ubaldofernandes.com\/index.php\/news\/\"},{\"@type\":\"ListItem\",\"position\":3,\"name\":\"Ubaldo parabeniza a\u00e7\u00f5es na seguran\u00e7a do Governo em inaugura\u00e7\u00e3o de delegacia\"}]},{\"@type\":\"WebSite\",\"@id\":\"https:\/\/ubaldofernandes.com\/#website\",\"url\":\"https:\/\/ubaldofernandes.com\/\",\"name\":\"Ubaldo Fernandes\",\"description\":\"Deputado Estadual\",\"potentialAction\":[{\"@type\":\"SearchAction\",\"target\":{\"@type\":\"EntryPoint\",\"urlTemplate\":\"https:\/\/ubaldofernandes.com\/?s={search_term_string}\"},\"query-input\":{\"@type\":\"PropertyValueSpecification\",\"valueRequired\":true,\"valueName\":\"search_term_string\"}}],\"inLanguage\":\"pt-BR\"}]}<\/script>\n<!-- \/ Yoast SEO plugin. -->","yoast_head_json":{"title":"Ubaldo parabeniza a\u00e7\u00f5es na seguran\u00e7a do Governo em inaugura\u00e7\u00e3o de delegacia - Ubaldo Fernandes","robots":{"index":"index","follow":"follow","max-snippet":"max-snippet:-1","max-image-preview":"max-image-preview:large","max-video-preview":"max-video-preview:-1"},"canonical":"https:\/\/ubaldofernandes.com\/index.php\/news\/ubaldo-parabeniza-acoes-na-seguranca-do-governo-em-inauguracao-de-delegacia\/","og_locale":"pt_BR","og_type":"article","og_title":"Ubaldo parabeniza a\u00e7\u00f5es na seguran\u00e7a do Governo em inaugura\u00e7\u00e3o de delegacia - Ubaldo Fernandes","og_description":"Representando a Assembleia Legislativa, o deputado estadual Ubaldo Fernandes participou, na manh\u00e3 desta segunda-feira (16), da inaugura\u00e7\u00e3o da Delegacia de Homic\u00eddios de Parnamirim, pelo Governo do Estado. Na solenidade, o parlamentar destacou os investimentos que o poder executivo vem realizando na \u00e1rea de seguran\u00e7a p\u00fablica. \u201cQuero, igualmente aos que me antecederam, destacar nosso reconhecimento \u00e0 [&hellip;]","og_url":"https:\/\/ubaldofernandes.com\/index.php\/news\/ubaldo-parabeniza-acoes-na-seguranca-do-governo-em-inauguracao-de-delegacia\/","og_site_name":"Ubaldo Fernandes","article_modified_time":"2021-08-18T12:12:37+00:00","og_image":[{"width":450,"height":338,"url":"https:\/\/ubaldofernandes.com\/wp-content\/uploads\/2021\/08\/Delegacia-Parnamirim.jpg","type":"image\/jpeg"}],"twitter_card":"summary_large_image","twitter_misc":{"Est. tempo de leitura":"1 minuto"},"schema":{"@context":"https:\/\/schema.org","@graph":[{"@type":"WebPage","@id":"https:\/\/ubaldofernandes.com\/index.php\/news\/ubaldo-parabeniza-acoes-na-seguranca-do-governo-em-inauguracao-de-delegacia\/","url":"https:\/\/ubaldofernandes.com\/index.php\/news\/ubaldo-parabeniza-acoes-na-seguranca-do-governo-em-inauguracao-de-delegacia\/","name":"Ubaldo parabeniza a\u00e7\u00f5es na seguran\u00e7a do Governo em inaugura\u00e7\u00e3o de delegacia - Ubaldo Fernandes","isPartOf":{"@id":"https:\/\/ubaldofernandes.com\/#website"},"primaryImageOfPage":{"@id":"https:\/\/ubaldofernandes.com\/index.php\/news\/ubaldo-parabeniza-acoes-na-seguranca-do-governo-em-inauguracao-de-delegacia\/#primaryimage"},"image":{"@id":"https:\/\/ubaldofernandes.com\/index.php\/news\/ubaldo-parabeniza-acoes-na-seguranca-do-governo-em-inauguracao-de-delegacia\/#primaryimage"},"thumbnailUrl":"https:\/\/ubaldofernandes.com\/wp-content\/uploads\/2021\/08\/Delegacia-Parnamirim.jpg","datePublished":"2021-08-17T15:09:00+00:00","dateModified":"2021-08-18T12:12:37+00:00","breadcrumb":{"@id":"https:\/\/ubaldofernandes.com\/index.php\/news\/ubaldo-parabeniza-acoes-na-seguranca-do-governo-em-inauguracao-de-delegacia\/#breadcrumb"},"inLanguage":"pt-BR","potentialAction":[{"@type":"ReadAction","target":["https:\/\/ubaldofernandes.com\/index.php\/news\/ubaldo-parabeniza-acoes-na-seguranca-do-governo-em-inauguracao-de-delegacia\/"]}]},{"@type":"ImageObject","inLanguage":"pt-BR","@id":"https:\/\/ubaldofernandes.com\/index.php\/news\/ubaldo-parabeniza-acoes-na-seguranca-do-governo-em-inauguracao-de-delegacia\/#primaryimage","url":"https:\/\/ubaldofernandes.com\/wp-content\/uploads\/2021\/08\/Delegacia-Parnamirim.jpg","contentUrl":"https:\/\/ubaldofernandes.com\/wp-content\/uploads\/2021\/08\/Delegacia-Parnamirim.jpg","width":450,"height":338},{"@type":"BreadcrumbList","@id":"https:\/\/ubaldofernandes.com\/index.php\/news\/ubaldo-parabeniza-acoes-na-seguranca-do-governo-em-inauguracao-de-delegacia\/#breadcrumb","itemListElement":[{"@type":"ListItem","position":1,"name":"In\u00edcio","item":"https:\/\/ubaldofernandes.com\/"},{"@type":"ListItem","position":2,"name":"Not\u00edcias","item":"https:\/\/ubaldofernandes.com\/index.php\/news\/"},{"@type":"ListItem","position":3,"name":"Ubaldo parabeniza a\u00e7\u00f5es na seguran\u00e7a do Governo em inaugura\u00e7\u00e3o de delegacia"}]},{"@type":"WebSite","@id":"https:\/\/ubaldofernandes.com\/#website","url":"https:\/\/ubaldofernandes.com\/","name":"Ubaldo Fernandes","description":"Deputado Estadual","potentialAction":[{"@type":"SearchAction","target":{"@type":"EntryPoint","urlTemplate":"https:\/\/ubaldofernandes.com\/?s={search_term_string}"},"query-input":{"@type":"PropertyValueSpecification","valueRequired":true,"valueName":"search_term_string"}}],"inLanguage":"pt-BR"}]}},"_links":{"self":[{"href":"https:\/\/ubaldofernandes.com\/index.php\/wp-json\/wp\/v2\/news\/2769","targetHints":{"allow":["GET"]}}],"collection":[{"href":"https:\/\/ubaldofernandes.com\/index.php\/wp-json\/wp\/v2\/news"}],"about":[{"href":"https:\/\/ubaldofernandes.com\/index.php\/wp-json\/wp\/v2\/types\/news"}],"wp:featuredmedia":[{"embeddable":true,"href":"https:\/\/ubaldofernandes.com\/index.php\/wp-json\/wp\/v2\/media\/2771"}],"wp:attachment":[{"href":"https:\/\/ubaldofernandes.com\/index.php\/wp-json\/wp\/v2\/media?parent=2769"}],"curies":[{"name":"wp","href":"https:\/\/api.w.org\/{rel}","templated":true}]}}