{"id":2772,"date":"2021-08-17T15:15:00","date_gmt":"2021-08-17T18:15:00","guid":{"rendered":"https:\/\/ubaldofernandes.com\/?post_type=news&#038;p=2772"},"modified":"2021-08-18T09:17:06","modified_gmt":"2021-08-18T12:17:06","slug":"macau-recebeu-emenda-de-ubaldo-para-compra-de-ambulancia","status":"publish","type":"news","link":"https:\/\/ubaldofernandes.com\/index.php\/news\/macau-recebeu-emenda-de-ubaldo-para-compra-de-ambulancia\/","title":{"rendered":"Macau recebeu emenda de Ubaldo para compra de ambul\u00e2ncia"},"content":{"rendered":"\n<p>Mais um munic\u00edpio do Rio Grande do Norte recebeu recentemente verbas estaduais para a compra de uma ambul\u00e2ncia. Trata-se da cidade de Macau, no Polo Costa Branca, que est\u00e1 sendo beneficiada com uma emenda parlamentar no valor de R$ 100 mil do deputado estadual Ubaldo Fernandes (PL).&nbsp;<\/p>\n\n\n\n<p>\u201cO Governo do Estado nos passou o extrato demonstrando a transfer\u00eancia dos recursos para a prefeitura da cidade e j\u00e1 telefonei ao vereador Fagner para dar a boa not\u00edcia, assim como solicitar que ele cobre do Munic\u00edpio agilidade no processo de compra para que a popula\u00e7\u00e3o seja beneficiada o quanto antes com esse investimento necess\u00e1rio na \u00e1rea da sa\u00fade da sua cidade\u201d, enfatiza o parlamentar.<\/p>\n\n\n\n<p>Mat\u00e9ria publicada no <a href=\"https:\/\/jucurutuense.blogspot.com\/2021\/08\/macau-recebeu-emenda-de-ubaldo-para.html\">Blog O Jucurutuense<\/a>. <\/p>\n","protected":false},"featured_media":2773,"parent":0,"template":"","class_list":["post-2772","news","type-news","status-publish","has-post-thumbnail","hentry"],"acf":[],"yoast_head":"<!-- This site is optimized with the Yoast SEO plugin v24.6 - https:\/\/yoast.com\/wordpress\/plugins\/seo\/ -->\n<title>Macau recebeu emenda de Ubaldo para compra de ambul\u00e2ncia - Ubaldo Fernandes<\/title>\n<meta name=\"robots\" content=\"index, follow, max-snippet:-1, max-image-preview:large, max-video-preview:-1\" \/>\n<link rel=\"canonical\" href=\"https:\/\/ubaldofernandes.com\/index.php\/news\/macau-recebeu-emenda-de-ubaldo-para-compra-de-ambulancia\/\" \/>\n<meta property=\"og:locale\" content=\"pt_BR\" \/>\n<meta property=\"og:type\" content=\"article\" \/>\n<meta property=\"og:title\" content=\"Macau recebeu emenda de Ubaldo para compra de ambul\u00e2ncia - Ubaldo Fernandes\" \/>\n<meta property=\"og:description\" content=\"Mais um munic\u00edpio do Rio Grande do Norte recebeu recentemente verbas estaduais para a compra de uma ambul\u00e2ncia. Trata-se da cidade de Macau, no Polo Costa Branca, que est\u00e1 sendo beneficiada com uma emenda parlamentar no valor de R$ 100 mil do deputado estadual Ubaldo Fernandes (PL).&nbsp; \u201cO Governo do Estado nos passou o extrato [&hellip;]\" \/>\n<meta property=\"og:url\" content=\"https:\/\/ubaldofernandes.com\/index.php\/news\/macau-recebeu-emenda-de-ubaldo-para-compra-de-ambulancia\/\" \/>\n<meta property=\"og:site_name\" content=\"Ubaldo Fernandes\" \/>\n<meta property=\"article:modified_time\" content=\"2021-08-18T12:17:06+00:00\" \/>\n<meta property=\"og:image\" content=\"https:\/\/ubaldofernandes.com\/wp-content\/uploads\/2021\/08\/Ubaldo-em-Macau.png\" \/>\n\t<meta property=\"og:image:width\" content=\"400\" \/>\n\t<meta property=\"og:image:height\" content=\"300\" \/>\n\t<meta property=\"og:image:type\" content=\"image\/png\" \/>\n<meta name=\"twitter:card\" content=\"summary_large_image\" \/>\n<meta name=\"twitter:label1\" content=\"Est. tempo de leitura\" \/>\n\t<meta name=\"twitter:data1\" content=\"1 minuto\" \/>\n<script type=\"application\/ld+json\" class=\"yoast-schema-graph\">{\"@context\":\"https:\/\/schema.org\",\"@graph\":[{\"@type\":\"WebPage\",\"@id\":\"https:\/\/ubaldofernandes.com\/index.php\/news\/macau-recebeu-emenda-de-ubaldo-para-compra-de-ambulancia\/\",\"url\":\"https:\/\/ubaldofernandes.com\/index.php\/news\/macau-recebeu-emenda-de-ubaldo-para-compra-de-ambulancia\/\",\"name\":\"Macau recebeu emenda de Ubaldo para compra de ambul\u00e2ncia - Ubaldo Fernandes\",\"isPartOf\":{\"@id\":\"https:\/\/ubaldofernandes.com\/#website\"},\"primaryImageOfPage\":{\"@id\":\"https:\/\/ubaldofernandes.com\/index.php\/news\/macau-recebeu-emenda-de-ubaldo-para-compra-de-ambulancia\/#primaryimage\"},\"image\":{\"@id\":\"https:\/\/ubaldofernandes.com\/index.php\/news\/macau-recebeu-emenda-de-ubaldo-para-compra-de-ambulancia\/#primaryimage\"},\"thumbnailUrl\":\"https:\/\/ubaldofernandes.com\/wp-content\/uploads\/2021\/08\/Ubaldo-em-Macau.png\",\"datePublished\":\"2021-08-17T18:15:00+00:00\",\"dateModified\":\"2021-08-18T12:17:06+00:00\",\"breadcrumb\":{\"@id\":\"https:\/\/ubaldofernandes.com\/index.php\/news\/macau-recebeu-emenda-de-ubaldo-para-compra-de-ambulancia\/#breadcrumb\"},\"inLanguage\":\"pt-BR\",\"potentialAction\":[{\"@type\":\"ReadAction\",\"target\":[\"https:\/\/ubaldofernandes.com\/index.php\/news\/macau-recebeu-emenda-de-ubaldo-para-compra-de-ambulancia\/\"]}]},{\"@type\":\"ImageObject\",\"inLanguage\":\"pt-BR\",\"@id\":\"https:\/\/ubaldofernandes.com\/index.php\/news\/macau-recebeu-emenda-de-ubaldo-para-compra-de-ambulancia\/#primaryimage\",\"url\":\"https:\/\/ubaldofernandes.com\/wp-content\/uploads\/2021\/08\/Ubaldo-em-Macau.png\",\"contentUrl\":\"https:\/\/ubaldofernandes.com\/wp-content\/uploads\/2021\/08\/Ubaldo-em-Macau.png\",\"width\":400,\"height\":300},{\"@type\":\"BreadcrumbList\",\"@id\":\"https:\/\/ubaldofernandes.com\/index.php\/news\/macau-recebeu-emenda-de-ubaldo-para-compra-de-ambulancia\/#breadcrumb\",\"itemListElement\":[{\"@type\":\"ListItem\",\"position\":1,\"name\":\"In\u00edcio\",\"item\":\"https:\/\/ubaldofernandes.com\/\"},{\"@type\":\"ListItem\",\"position\":2,\"name\":\"Not\u00edcias\",\"item\":\"https:\/\/ubaldofernandes.com\/index.php\/news\/\"},{\"@type\":\"ListItem\",\"position\":3,\"name\":\"Macau recebeu emenda de Ubaldo para compra de ambul\u00e2ncia\"}]},{\"@type\":\"WebSite\",\"@id\":\"https:\/\/ubaldofernandes.com\/#website\",\"url\":\"https:\/\/ubaldofernandes.com\/\",\"name\":\"Ubaldo Fernandes\",\"description\":\"Deputado Estadual\",\"potentialAction\":[{\"@type\":\"SearchAction\",\"target\":{\"@type\":\"EntryPoint\",\"urlTemplate\":\"https:\/\/ubaldofernandes.com\/?s={search_term_string}\"},\"query-input\":{\"@type\":\"PropertyValueSpecification\",\"valueRequired\":true,\"valueName\":\"search_term_string\"}}],\"inLanguage\":\"pt-BR\"}]}<\/script>\n<!-- \/ Yoast SEO plugin. -->","yoast_head_json":{"title":"Macau recebeu emenda de Ubaldo para compra de ambul\u00e2ncia - Ubaldo Fernandes","robots":{"index":"index","follow":"follow","max-snippet":"max-snippet:-1","max-image-preview":"max-image-preview:large","max-video-preview":"max-video-preview:-1"},"canonical":"https:\/\/ubaldofernandes.com\/index.php\/news\/macau-recebeu-emenda-de-ubaldo-para-compra-de-ambulancia\/","og_locale":"pt_BR","og_type":"article","og_title":"Macau recebeu emenda de Ubaldo para compra de ambul\u00e2ncia - Ubaldo Fernandes","og_description":"Mais um munic\u00edpio do Rio Grande do Norte recebeu recentemente verbas estaduais para a compra de uma ambul\u00e2ncia. Trata-se da cidade de Macau, no Polo Costa Branca, que est\u00e1 sendo beneficiada com uma emenda parlamentar no valor de R$ 100 mil do deputado estadual Ubaldo Fernandes (PL).&nbsp; \u201cO Governo do Estado nos passou o extrato [&hellip;]","og_url":"https:\/\/ubaldofernandes.com\/index.php\/news\/macau-recebeu-emenda-de-ubaldo-para-compra-de-ambulancia\/","og_site_name":"Ubaldo Fernandes","article_modified_time":"2021-08-18T12:17:06+00:00","og_image":[{"width":400,"height":300,"url":"https:\/\/ubaldofernandes.com\/wp-content\/uploads\/2021\/08\/Ubaldo-em-Macau.png","type":"image\/png"}],"twitter_card":"summary_large_image","twitter_misc":{"Est. tempo de leitura":"1 minuto"},"schema":{"@context":"https:\/\/schema.org","@graph":[{"@type":"WebPage","@id":"https:\/\/ubaldofernandes.com\/index.php\/news\/macau-recebeu-emenda-de-ubaldo-para-compra-de-ambulancia\/","url":"https:\/\/ubaldofernandes.com\/index.php\/news\/macau-recebeu-emenda-de-ubaldo-para-compra-de-ambulancia\/","name":"Macau recebeu emenda de Ubaldo para compra de ambul\u00e2ncia - Ubaldo Fernandes","isPartOf":{"@id":"https:\/\/ubaldofernandes.com\/#website"},"primaryImageOfPage":{"@id":"https:\/\/ubaldofernandes.com\/index.php\/news\/macau-recebeu-emenda-de-ubaldo-para-compra-de-ambulancia\/#primaryimage"},"image":{"@id":"https:\/\/ubaldofernandes.com\/index.php\/news\/macau-recebeu-emenda-de-ubaldo-para-compra-de-ambulancia\/#primaryimage"},"thumbnailUrl":"https:\/\/ubaldofernandes.com\/wp-content\/uploads\/2021\/08\/Ubaldo-em-Macau.png","datePublished":"2021-08-17T18:15:00+00:00","dateModified":"2021-08-18T12:17:06+00:00","breadcrumb":{"@id":"https:\/\/ubaldofernandes.com\/index.php\/news\/macau-recebeu-emenda-de-ubaldo-para-compra-de-ambulancia\/#breadcrumb"},"inLanguage":"pt-BR","potentialAction":[{"@type":"ReadAction","target":["https:\/\/ubaldofernandes.com\/index.php\/news\/macau-recebeu-emenda-de-ubaldo-para-compra-de-ambulancia\/"]}]},{"@type":"ImageObject","inLanguage":"pt-BR","@id":"https:\/\/ubaldofernandes.com\/index.php\/news\/macau-recebeu-emenda-de-ubaldo-para-compra-de-ambulancia\/#primaryimage","url":"https:\/\/ubaldofernandes.com\/wp-content\/uploads\/2021\/08\/Ubaldo-em-Macau.png","contentUrl":"https:\/\/ubaldofernandes.com\/wp-content\/uploads\/2021\/08\/Ubaldo-em-Macau.png","width":400,"height":300},{"@type":"BreadcrumbList","@id":"https:\/\/ubaldofernandes.com\/index.php\/news\/macau-recebeu-emenda-de-ubaldo-para-compra-de-ambulancia\/#breadcrumb","itemListElement":[{"@type":"ListItem","position":1,"name":"In\u00edcio","item":"https:\/\/ubaldofernandes.com\/"},{"@type":"ListItem","position":2,"name":"Not\u00edcias","item":"https:\/\/ubaldofernandes.com\/index.php\/news\/"},{"@type":"ListItem","position":3,"name":"Macau recebeu emenda de Ubaldo para compra de ambul\u00e2ncia"}]},{"@type":"WebSite","@id":"https:\/\/ubaldofernandes.com\/#website","url":"https:\/\/ubaldofernandes.com\/","name":"Ubaldo Fernandes","description":"Deputado Estadual","potentialAction":[{"@type":"SearchAction","target":{"@type":"EntryPoint","urlTemplate":"https:\/\/ubaldofernandes.com\/?s={search_term_string}"},"query-input":{"@type":"PropertyValueSpecification","valueRequired":true,"valueName":"search_term_string"}}],"inLanguage":"pt-BR"}]}},"_links":{"self":[{"href":"https:\/\/ubaldofernandes.com\/index.php\/wp-json\/wp\/v2\/news\/2772","targetHints":{"allow":["GET"]}}],"collection":[{"href":"https:\/\/ubaldofernandes.com\/index.php\/wp-json\/wp\/v2\/news"}],"about":[{"href":"https:\/\/ubaldofernandes.com\/index.php\/wp-json\/wp\/v2\/types\/news"}],"wp:featuredmedia":[{"embeddable":true,"href":"https:\/\/ubaldofernandes.com\/index.php\/wp-json\/wp\/v2\/media\/2773"}],"wp:attachment":[{"href":"https:\/\/ubaldofernandes.com\/index.php\/wp-json\/wp\/v2\/media?parent=2772"}],"curies":[{"name":"wp","href":"https:\/\/api.w.org\/{rel}","templated":true}]}}