{"id":2795,"date":"2021-08-19T14:08:00","date_gmt":"2021-08-19T17:08:00","guid":{"rendered":"https:\/\/ubaldofernandes.com\/?post_type=news&#038;p=2795"},"modified":"2021-08-23T15:51:59","modified_gmt":"2021-08-23T18:51:59","slug":"em-horario-de-lideres-parlamentares-abordam-seguranca-publica-e-acao-social","status":"publish","type":"news","link":"https:\/\/ubaldofernandes.com\/index.php\/news\/em-horario-de-lideres-parlamentares-abordam-seguranca-publica-e-acao-social\/","title":{"rendered":"Em hor\u00e1rio de l\u00edderes, parlamentares abordam seguran\u00e7a p\u00fablica e a\u00e7\u00e3o social"},"content":{"rendered":"\n<p>No hor\u00e1rio destinado aos l\u00edderes, durante a sess\u00e3o plen\u00e1ria h\u00edbrida, se pronunciaram os deputados Francisco do PT e Ubaldo Fernandes (PL). As quest\u00f5es relativas aos policiais militares, bombeiros e operadores da seguran\u00e7a p\u00fablica no RN foram destaques no discurso de Francisco.<\/p>\n\n\n\n<p>\u201cVemos cobran\u00e7as leg\u00edtimas dos colegas parlamentares relativas \u00e0 seguran\u00e7a p\u00fablica, que est\u00e1 muito bem representada no plen\u00e1rio pelos colegas Coronel Azevedo e Subtenente Eliabe, mas todos n\u00f3s sempre apoiamos qualquer projeto ou pauta relativo (\u00e0 seguran\u00e7a). Mas tamb\u00e9m \u00e9 preciso dizer que j\u00e1 avan\u00e7amos e continuaremos\u201d, afirmou Francisco.<\/p>\n\n\n\n<p>O parlamentar citou as a\u00e7\u00f5es do atual governo em prol da seguran\u00e7a p\u00fablica. \u201cH\u00e1 15 anos tinha concurso para a PM e a professora F\u00e1tima Bezerra destravou, chamou mais de mil novos policiais que j\u00e1 est\u00e3o nas ruas e agora t\u00eam mais 300 em processo de forma\u00e7\u00e3o, ent\u00e3o isso \u00e9 um avan\u00e7o importante, n\u00e3o se pode deixar de reconhecer\u201d, frisou o deputado.<\/p>\n\n\n\n<p>Francisco citou investimentos na \u00e1rea e disse que est\u00e1 em curso o processo de aquisi\u00e7\u00e3o de novo fardamento, mais moderno, que ir\u00e1 oferecer mais conforto no dia a dia. Tamb\u00e9m mencionou a entrega de novas viaturas e a licita\u00e7\u00e3o para loca\u00e7\u00e3o de novos ve\u00edculos. \u201cTamb\u00e9m de 2019 para c\u00e1 votamos uma s\u00e9rie de leis valorizando o sal\u00e1rio dos policiais, bombeiros e operadores de seguran\u00e7a. Votamos leis que garantem a promo\u00e7\u00e3o nas mais diversas patentes e temos ainda a quest\u00e3o das di\u00e1rias operacionais\u201d, disse.<\/p>\n\n\n\n<p>\u201cAinda h\u00e1 necessidade de avan\u00e7os importantes, mas n\u00e3o se pode deixar de reconhecer os avan\u00e7os que j\u00e1 tivemos\u201d, disse. O deputado finalizou sua participa\u00e7\u00e3o solicitando que seja enviado para a Casa projeto de lei atualizando o plano de cargos e sal\u00e1rios dos servidores do Detran.<\/p>\n\n\n\n<p>A necessidade de aprimorar a log\u00edstica do Programa do Leite foi o tema principal no pronunciamento do deputado Ubaldo Fernandes. O deputado afirmou que h\u00e1 dificuldades para implanta\u00e7\u00e3o e monitoramento e fez um apelo \u00e0 Secretaria de A\u00e7\u00e3o Social para que aumente a cota de distribui\u00e7\u00e3o. \u201cPrincipalmente na zona Norte de Natal, em bairros com volume da popula\u00e7\u00e3o carente que precisa desse apoio assistencial e da complementa\u00e7\u00e3o alimentar\u201d, afirmou.<\/p>\n\n\n\n<p>Ubaldo citou a comunidade Para\u00edso, em Igap\u00f3, aonde somente num distribuidor houve queda de 350 para 100 beneficiados. O deputado tamb\u00e9m cobrou melhorias para as escolas.<\/p>\n\n\n\n<p>Mat\u00e9ria publicada no <a href=\"https:\/\/eliasjornalista.com\/em-horario-de-lideres-parlamentares-abordam-seguranca-publica-e-acao-social\/\">Blog Elias Jornalista<\/a>. <\/p>\n","protected":false},"featured_media":2796,"parent":0,"template":"","class_list":["post-2795","news","type-news","status-publish","has-post-thumbnail","hentry"],"acf":[],"yoast_head":"<!-- This site is optimized with the Yoast SEO plugin v24.6 - https:\/\/yoast.com\/wordpress\/plugins\/seo\/ -->\n<title>Em hor\u00e1rio de l\u00edderes, parlamentares abordam seguran\u00e7a p\u00fablica e a\u00e7\u00e3o social - Ubaldo Fernandes<\/title>\n<meta name=\"robots\" content=\"index, follow, max-snippet:-1, max-image-preview:large, max-video-preview:-1\" \/>\n<link rel=\"canonical\" href=\"https:\/\/ubaldofernandes.com\/index.php\/news\/em-horario-de-lideres-parlamentares-abordam-seguranca-publica-e-acao-social\/\" \/>\n<meta property=\"og:locale\" content=\"pt_BR\" \/>\n<meta property=\"og:type\" content=\"article\" \/>\n<meta property=\"og:title\" content=\"Em hor\u00e1rio de l\u00edderes, parlamentares abordam seguran\u00e7a p\u00fablica e a\u00e7\u00e3o social - Ubaldo Fernandes\" \/>\n<meta property=\"og:description\" content=\"No hor\u00e1rio destinado aos l\u00edderes, durante a sess\u00e3o plen\u00e1ria h\u00edbrida, se pronunciaram os deputados Francisco do PT e Ubaldo Fernandes (PL). As quest\u00f5es relativas aos policiais militares, bombeiros e operadores da seguran\u00e7a p\u00fablica no RN foram destaques no discurso de Francisco. \u201cVemos cobran\u00e7as leg\u00edtimas dos colegas parlamentares relativas \u00e0 seguran\u00e7a p\u00fablica, que est\u00e1 muito bem [&hellip;]\" \/>\n<meta property=\"og:url\" content=\"https:\/\/ubaldofernandes.com\/index.php\/news\/em-horario-de-lideres-parlamentares-abordam-seguranca-publica-e-acao-social\/\" \/>\n<meta property=\"og:site_name\" content=\"Ubaldo Fernandes\" \/>\n<meta property=\"article:modified_time\" content=\"2021-08-23T18:51:59+00:00\" \/>\n<meta property=\"og:image\" content=\"https:\/\/ubaldofernandes.com\/wp-content\/uploads\/2021\/08\/Blog-Elias-Jornalista.jpg\" \/>\n\t<meta property=\"og:image:width\" content=\"630\" \/>\n\t<meta property=\"og:image:height\" content=\"415\" \/>\n\t<meta property=\"og:image:type\" content=\"image\/jpeg\" \/>\n<meta name=\"twitter:card\" content=\"summary_large_image\" \/>\n<meta name=\"twitter:label1\" content=\"Est. tempo de leitura\" \/>\n\t<meta name=\"twitter:data1\" content=\"2 minutos\" \/>\n<script type=\"application\/ld+json\" class=\"yoast-schema-graph\">{\"@context\":\"https:\/\/schema.org\",\"@graph\":[{\"@type\":\"WebPage\",\"@id\":\"https:\/\/ubaldofernandes.com\/index.php\/news\/em-horario-de-lideres-parlamentares-abordam-seguranca-publica-e-acao-social\/\",\"url\":\"https:\/\/ubaldofernandes.com\/index.php\/news\/em-horario-de-lideres-parlamentares-abordam-seguranca-publica-e-acao-social\/\",\"name\":\"Em hor\u00e1rio de l\u00edderes, parlamentares abordam seguran\u00e7a p\u00fablica e a\u00e7\u00e3o social - Ubaldo Fernandes\",\"isPartOf\":{\"@id\":\"https:\/\/ubaldofernandes.com\/#website\"},\"primaryImageOfPage\":{\"@id\":\"https:\/\/ubaldofernandes.com\/index.php\/news\/em-horario-de-lideres-parlamentares-abordam-seguranca-publica-e-acao-social\/#primaryimage\"},\"image\":{\"@id\":\"https:\/\/ubaldofernandes.com\/index.php\/news\/em-horario-de-lideres-parlamentares-abordam-seguranca-publica-e-acao-social\/#primaryimage\"},\"thumbnailUrl\":\"https:\/\/ubaldofernandes.com\/wp-content\/uploads\/2021\/08\/Blog-Elias-Jornalista.jpg\",\"datePublished\":\"2021-08-19T17:08:00+00:00\",\"dateModified\":\"2021-08-23T18:51:59+00:00\",\"breadcrumb\":{\"@id\":\"https:\/\/ubaldofernandes.com\/index.php\/news\/em-horario-de-lideres-parlamentares-abordam-seguranca-publica-e-acao-social\/#breadcrumb\"},\"inLanguage\":\"pt-BR\",\"potentialAction\":[{\"@type\":\"ReadAction\",\"target\":[\"https:\/\/ubaldofernandes.com\/index.php\/news\/em-horario-de-lideres-parlamentares-abordam-seguranca-publica-e-acao-social\/\"]}]},{\"@type\":\"ImageObject\",\"inLanguage\":\"pt-BR\",\"@id\":\"https:\/\/ubaldofernandes.com\/index.php\/news\/em-horario-de-lideres-parlamentares-abordam-seguranca-publica-e-acao-social\/#primaryimage\",\"url\":\"https:\/\/ubaldofernandes.com\/wp-content\/uploads\/2021\/08\/Blog-Elias-Jornalista.jpg\",\"contentUrl\":\"https:\/\/ubaldofernandes.com\/wp-content\/uploads\/2021\/08\/Blog-Elias-Jornalista.jpg\",\"width\":630,\"height\":415},{\"@type\":\"BreadcrumbList\",\"@id\":\"https:\/\/ubaldofernandes.com\/index.php\/news\/em-horario-de-lideres-parlamentares-abordam-seguranca-publica-e-acao-social\/#breadcrumb\",\"itemListElement\":[{\"@type\":\"ListItem\",\"position\":1,\"name\":\"In\u00edcio\",\"item\":\"https:\/\/ubaldofernandes.com\/\"},{\"@type\":\"ListItem\",\"position\":2,\"name\":\"Not\u00edcias\",\"item\":\"https:\/\/ubaldofernandes.com\/index.php\/news\/\"},{\"@type\":\"ListItem\",\"position\":3,\"name\":\"Em hor\u00e1rio de l\u00edderes, parlamentares abordam seguran\u00e7a p\u00fablica e a\u00e7\u00e3o social\"}]},{\"@type\":\"WebSite\",\"@id\":\"https:\/\/ubaldofernandes.com\/#website\",\"url\":\"https:\/\/ubaldofernandes.com\/\",\"name\":\"Ubaldo Fernandes\",\"description\":\"Deputado Estadual\",\"potentialAction\":[{\"@type\":\"SearchAction\",\"target\":{\"@type\":\"EntryPoint\",\"urlTemplate\":\"https:\/\/ubaldofernandes.com\/?s={search_term_string}\"},\"query-input\":{\"@type\":\"PropertyValueSpecification\",\"valueRequired\":true,\"valueName\":\"search_term_string\"}}],\"inLanguage\":\"pt-BR\"}]}<\/script>\n<!-- \/ Yoast SEO plugin. -->","yoast_head_json":{"title":"Em hor\u00e1rio de l\u00edderes, parlamentares abordam seguran\u00e7a p\u00fablica e a\u00e7\u00e3o social - Ubaldo Fernandes","robots":{"index":"index","follow":"follow","max-snippet":"max-snippet:-1","max-image-preview":"max-image-preview:large","max-video-preview":"max-video-preview:-1"},"canonical":"https:\/\/ubaldofernandes.com\/index.php\/news\/em-horario-de-lideres-parlamentares-abordam-seguranca-publica-e-acao-social\/","og_locale":"pt_BR","og_type":"article","og_title":"Em hor\u00e1rio de l\u00edderes, parlamentares abordam seguran\u00e7a p\u00fablica e a\u00e7\u00e3o social - Ubaldo Fernandes","og_description":"No hor\u00e1rio destinado aos l\u00edderes, durante a sess\u00e3o plen\u00e1ria h\u00edbrida, se pronunciaram os deputados Francisco do PT e Ubaldo Fernandes (PL). As quest\u00f5es relativas aos policiais militares, bombeiros e operadores da seguran\u00e7a p\u00fablica no RN foram destaques no discurso de Francisco. \u201cVemos cobran\u00e7as leg\u00edtimas dos colegas parlamentares relativas \u00e0 seguran\u00e7a p\u00fablica, que est\u00e1 muito bem [&hellip;]","og_url":"https:\/\/ubaldofernandes.com\/index.php\/news\/em-horario-de-lideres-parlamentares-abordam-seguranca-publica-e-acao-social\/","og_site_name":"Ubaldo Fernandes","article_modified_time":"2021-08-23T18:51:59+00:00","og_image":[{"width":630,"height":415,"url":"https:\/\/ubaldofernandes.com\/wp-content\/uploads\/2021\/08\/Blog-Elias-Jornalista.jpg","type":"image\/jpeg"}],"twitter_card":"summary_large_image","twitter_misc":{"Est. tempo de leitura":"2 minutos"},"schema":{"@context":"https:\/\/schema.org","@graph":[{"@type":"WebPage","@id":"https:\/\/ubaldofernandes.com\/index.php\/news\/em-horario-de-lideres-parlamentares-abordam-seguranca-publica-e-acao-social\/","url":"https:\/\/ubaldofernandes.com\/index.php\/news\/em-horario-de-lideres-parlamentares-abordam-seguranca-publica-e-acao-social\/","name":"Em hor\u00e1rio de l\u00edderes, parlamentares abordam seguran\u00e7a p\u00fablica e a\u00e7\u00e3o social - Ubaldo Fernandes","isPartOf":{"@id":"https:\/\/ubaldofernandes.com\/#website"},"primaryImageOfPage":{"@id":"https:\/\/ubaldofernandes.com\/index.php\/news\/em-horario-de-lideres-parlamentares-abordam-seguranca-publica-e-acao-social\/#primaryimage"},"image":{"@id":"https:\/\/ubaldofernandes.com\/index.php\/news\/em-horario-de-lideres-parlamentares-abordam-seguranca-publica-e-acao-social\/#primaryimage"},"thumbnailUrl":"https:\/\/ubaldofernandes.com\/wp-content\/uploads\/2021\/08\/Blog-Elias-Jornalista.jpg","datePublished":"2021-08-19T17:08:00+00:00","dateModified":"2021-08-23T18:51:59+00:00","breadcrumb":{"@id":"https:\/\/ubaldofernandes.com\/index.php\/news\/em-horario-de-lideres-parlamentares-abordam-seguranca-publica-e-acao-social\/#breadcrumb"},"inLanguage":"pt-BR","potentialAction":[{"@type":"ReadAction","target":["https:\/\/ubaldofernandes.com\/index.php\/news\/em-horario-de-lideres-parlamentares-abordam-seguranca-publica-e-acao-social\/"]}]},{"@type":"ImageObject","inLanguage":"pt-BR","@id":"https:\/\/ubaldofernandes.com\/index.php\/news\/em-horario-de-lideres-parlamentares-abordam-seguranca-publica-e-acao-social\/#primaryimage","url":"https:\/\/ubaldofernandes.com\/wp-content\/uploads\/2021\/08\/Blog-Elias-Jornalista.jpg","contentUrl":"https:\/\/ubaldofernandes.com\/wp-content\/uploads\/2021\/08\/Blog-Elias-Jornalista.jpg","width":630,"height":415},{"@type":"BreadcrumbList","@id":"https:\/\/ubaldofernandes.com\/index.php\/news\/em-horario-de-lideres-parlamentares-abordam-seguranca-publica-e-acao-social\/#breadcrumb","itemListElement":[{"@type":"ListItem","position":1,"name":"In\u00edcio","item":"https:\/\/ubaldofernandes.com\/"},{"@type":"ListItem","position":2,"name":"Not\u00edcias","item":"https:\/\/ubaldofernandes.com\/index.php\/news\/"},{"@type":"ListItem","position":3,"name":"Em hor\u00e1rio de l\u00edderes, parlamentares abordam seguran\u00e7a p\u00fablica e a\u00e7\u00e3o social"}]},{"@type":"WebSite","@id":"https:\/\/ubaldofernandes.com\/#website","url":"https:\/\/ubaldofernandes.com\/","name":"Ubaldo Fernandes","description":"Deputado Estadual","potentialAction":[{"@type":"SearchAction","target":{"@type":"EntryPoint","urlTemplate":"https:\/\/ubaldofernandes.com\/?s={search_term_string}"},"query-input":{"@type":"PropertyValueSpecification","valueRequired":true,"valueName":"search_term_string"}}],"inLanguage":"pt-BR"}]}},"_links":{"self":[{"href":"https:\/\/ubaldofernandes.com\/index.php\/wp-json\/wp\/v2\/news\/2795","targetHints":{"allow":["GET"]}}],"collection":[{"href":"https:\/\/ubaldofernandes.com\/index.php\/wp-json\/wp\/v2\/news"}],"about":[{"href":"https:\/\/ubaldofernandes.com\/index.php\/wp-json\/wp\/v2\/types\/news"}],"wp:featuredmedia":[{"embeddable":true,"href":"https:\/\/ubaldofernandes.com\/index.php\/wp-json\/wp\/v2\/media\/2796"}],"wp:attachment":[{"href":"https:\/\/ubaldofernandes.com\/index.php\/wp-json\/wp\/v2\/media?parent=2795"}],"curies":[{"name":"wp","href":"https:\/\/api.w.org\/{rel}","templated":true}]}}