{"id":2809,"date":"2021-08-25T13:45:00","date_gmt":"2021-08-25T16:45:00","guid":{"rendered":"https:\/\/ubaldofernandes.com\/?post_type=news&#038;p=2809"},"modified":"2021-08-26T09:55:25","modified_gmt":"2021-08-26T12:55:25","slug":"agosto-lilas-deputados-votarao-pl-de-ubaldo-que-obriga-cartazes-em-unidades-de-saude-alertando-sobre-estupro-e-violencia-sexual-2","status":"publish","type":"news","link":"https:\/\/ubaldofernandes.com\/index.php\/news\/agosto-lilas-deputados-votarao-pl-de-ubaldo-que-obriga-cartazes-em-unidades-de-saude-alertando-sobre-estupro-e-violencia-sexual-2\/","title":{"rendered":"Agosto Lil\u00e1s: deputados votar\u00e3o PL de Ubaldo que obriga cartazes em unidades de sa\u00fade alertando sobre estupro e viol\u00eancia sexual"},"content":{"rendered":"\n<p>Os deputados do Rio Grande do Norte votar\u00e3o, nos pr\u00f3ximos dias, um Projeto de Lei que disp\u00f5e sobre a obrigatoriedade de afixa\u00e7\u00e3o de cartazes em hospitais, cl\u00ednicas e laborat\u00f3rios, p\u00fablicos ou privados, do Rio Grande do Norte, informando sobre o dever de comunica\u00e7\u00e3o \u00e0s autoridades competentes em casos ou ind\u00edcios de estupro ou viol\u00eancia sexual. O PL 1932\/2020 \u00e9 de autoria do deputado estadual Ubaldo Fernandes (PL) e est\u00e1 inserido nas mat\u00e9rias priorit\u00e1rias do Agosto Lil\u00e1s \u2013 de combate \u00e0 viol\u00eancia contra mulheres.<\/p>\n\n\n\n<p>O assunto foi trazido pela parlamentar na Sess\u00e3o Plen\u00e1ria desta quarta-feira (25), quando Ubaldo informou que a mat\u00e9ria j\u00e1 foi aprovada nas comiss\u00f5es tem\u00e1ticas da casa legislativa, devendo ir a plen\u00e1rio nos pr\u00f3ximos dias. Ele pediu, desde j\u00e1, apoio dos colegas deputados e deputadas para a aprova\u00e7\u00e3o. \u201cOs informativos dever\u00e3o estar em locais de f\u00e1cil visualiza\u00e7\u00e3o e com os dizeres: com base no art. 66, II, da lei das contraven\u00e7\u00f5es penais, comete contraven\u00e7\u00e3o penal o profissional de sa\u00fade que omitir da autoridade competente casos ou ind\u00edcios de estupro ou viol\u00eancia sexual de que teve ci\u00eancia no exerc\u00edcio da medicina ou de outra profiss\u00e3o sanit\u00e1ria\u201d, destacou.<\/p>\n\n\n\n<p>Fernandes citou, ainda, uma lei de sua autoria, sancionada em fevereiro de 2020, de n\u00b0 10.688, que cria o programa de preven\u00e7\u00e3o ao abuso sexual e viol\u00eancia no transporte coletivo p\u00fablico e privado no Rio Grande do Norte, visando identificar situa\u00e7\u00f5es de ass\u00e9dio e abusos sexuais, incentivando a den\u00fancia das situa\u00e7\u00f5es de viol\u00eancia sexual, e tamb\u00e9m, prevenindo contra situa\u00e7\u00f5es cotidianas de viol\u00eancia, tais como assaltos.<\/p>\n\n\n\n<p>\u201cPelo programa, as empresas ficam obrigadas a colocar no interior dos ve\u00edculos cartazes que incentivem a den\u00fancia, bem como informar, de maneira clara, como a v\u00edtima deve proceder para dar andamento \u00e0 den\u00fancia e identificar o agressor. Os cartazes devem conter o n\u00famero da pol\u00edcia militar (190), pol\u00edcia civil (197) e central de atendimento \u00e0 mulher (180). Com mais acesso \u00e0 informa\u00e7\u00e3o e facilitando o contato com os \u00f3rg\u00e3os de apoio e repress\u00e3o, diminuiremos esses casos de viol\u00eancia\u201d, destacou.<\/p>\n\n\n\n<p>Mat\u00e9ria publicada no <a href=\"https:\/\/senadinhomacaiba.com.br\/agosto-lilas-deputados-votarao-pl-de-ubaldo-que-obriga-cartazes-em-unidades-de-saude-alertando-sobre-estupro-e-violencia-sexual\/\">Blog Senadinho Maca\u00edba<\/a>. <\/p>\n","protected":false},"featured_media":2808,"parent":0,"template":"","class_list":["post-2809","news","type-news","status-publish","has-post-thumbnail","hentry"],"acf":[],"yoast_head":"<!-- This site is optimized with the Yoast SEO plugin v24.6 - https:\/\/yoast.com\/wordpress\/plugins\/seo\/ -->\n<title>Agosto Lil\u00e1s: deputados votar\u00e3o PL de Ubaldo que obriga cartazes em unidades de sa\u00fade alertando sobre estupro e viol\u00eancia sexual - Ubaldo Fernandes<\/title>\n<meta name=\"robots\" content=\"index, follow, max-snippet:-1, max-image-preview:large, max-video-preview:-1\" \/>\n<link rel=\"canonical\" href=\"https:\/\/ubaldofernandes.com\/index.php\/news\/agosto-lilas-deputados-votarao-pl-de-ubaldo-que-obriga-cartazes-em-unidades-de-saude-alertando-sobre-estupro-e-violencia-sexual-2\/\" \/>\n<meta property=\"og:locale\" content=\"pt_BR\" \/>\n<meta property=\"og:type\" content=\"article\" \/>\n<meta property=\"og:title\" content=\"Agosto Lil\u00e1s: deputados votar\u00e3o PL de Ubaldo que obriga cartazes em unidades de sa\u00fade alertando sobre estupro e viol\u00eancia sexual - Ubaldo Fernandes\" \/>\n<meta property=\"og:description\" content=\"Os deputados do Rio Grande do Norte votar\u00e3o, nos pr\u00f3ximos dias, um Projeto de Lei que disp\u00f5e sobre a obrigatoriedade de afixa\u00e7\u00e3o de cartazes em hospitais, cl\u00ednicas e laborat\u00f3rios, p\u00fablicos ou privados, do Rio Grande do Norte, informando sobre o dever de comunica\u00e7\u00e3o \u00e0s autoridades competentes em casos ou ind\u00edcios de estupro ou viol\u00eancia sexual. [&hellip;]\" \/>\n<meta property=\"og:url\" content=\"https:\/\/ubaldofernandes.com\/index.php\/news\/agosto-lilas-deputados-votarao-pl-de-ubaldo-que-obriga-cartazes-em-unidades-de-saude-alertando-sobre-estupro-e-violencia-sexual-2\/\" \/>\n<meta property=\"og:site_name\" content=\"Ubaldo Fernandes\" \/>\n<meta property=\"article:modified_time\" content=\"2021-08-26T12:55:25+00:00\" \/>\n<meta property=\"og:image\" content=\"https:\/\/ubaldofernandes.com\/wp-content\/uploads\/2021\/08\/Ubaldo-A-Fonte-1.jpeg\" \/>\n\t<meta property=\"og:image:width\" content=\"696\" \/>\n\t<meta property=\"og:image:height\" content=\"417\" \/>\n\t<meta property=\"og:image:type\" content=\"image\/jpeg\" \/>\n<meta name=\"twitter:card\" content=\"summary_large_image\" \/>\n<meta name=\"twitter:label1\" content=\"Est. tempo de leitura\" \/>\n\t<meta name=\"twitter:data1\" content=\"2 minutos\" \/>\n<script type=\"application\/ld+json\" class=\"yoast-schema-graph\">{\"@context\":\"https:\/\/schema.org\",\"@graph\":[{\"@type\":\"WebPage\",\"@id\":\"https:\/\/ubaldofernandes.com\/index.php\/news\/agosto-lilas-deputados-votarao-pl-de-ubaldo-que-obriga-cartazes-em-unidades-de-saude-alertando-sobre-estupro-e-violencia-sexual-2\/\",\"url\":\"https:\/\/ubaldofernandes.com\/index.php\/news\/agosto-lilas-deputados-votarao-pl-de-ubaldo-que-obriga-cartazes-em-unidades-de-saude-alertando-sobre-estupro-e-violencia-sexual-2\/\",\"name\":\"Agosto Lil\u00e1s: deputados votar\u00e3o PL de Ubaldo que obriga cartazes em unidades de sa\u00fade alertando sobre estupro e viol\u00eancia sexual - Ubaldo Fernandes\",\"isPartOf\":{\"@id\":\"https:\/\/ubaldofernandes.com\/#website\"},\"primaryImageOfPage\":{\"@id\":\"https:\/\/ubaldofernandes.com\/index.php\/news\/agosto-lilas-deputados-votarao-pl-de-ubaldo-que-obriga-cartazes-em-unidades-de-saude-alertando-sobre-estupro-e-violencia-sexual-2\/#primaryimage\"},\"image\":{\"@id\":\"https:\/\/ubaldofernandes.com\/index.php\/news\/agosto-lilas-deputados-votarao-pl-de-ubaldo-que-obriga-cartazes-em-unidades-de-saude-alertando-sobre-estupro-e-violencia-sexual-2\/#primaryimage\"},\"thumbnailUrl\":\"https:\/\/ubaldofernandes.com\/wp-content\/uploads\/2021\/08\/Ubaldo-A-Fonte-1.jpeg\",\"datePublished\":\"2021-08-25T16:45:00+00:00\",\"dateModified\":\"2021-08-26T12:55:25+00:00\",\"breadcrumb\":{\"@id\":\"https:\/\/ubaldofernandes.com\/index.php\/news\/agosto-lilas-deputados-votarao-pl-de-ubaldo-que-obriga-cartazes-em-unidades-de-saude-alertando-sobre-estupro-e-violencia-sexual-2\/#breadcrumb\"},\"inLanguage\":\"pt-BR\",\"potentialAction\":[{\"@type\":\"ReadAction\",\"target\":[\"https:\/\/ubaldofernandes.com\/index.php\/news\/agosto-lilas-deputados-votarao-pl-de-ubaldo-que-obriga-cartazes-em-unidades-de-saude-alertando-sobre-estupro-e-violencia-sexual-2\/\"]}]},{\"@type\":\"ImageObject\",\"inLanguage\":\"pt-BR\",\"@id\":\"https:\/\/ubaldofernandes.com\/index.php\/news\/agosto-lilas-deputados-votarao-pl-de-ubaldo-que-obriga-cartazes-em-unidades-de-saude-alertando-sobre-estupro-e-violencia-sexual-2\/#primaryimage\",\"url\":\"https:\/\/ubaldofernandes.com\/wp-content\/uploads\/2021\/08\/Ubaldo-A-Fonte-1.jpeg\",\"contentUrl\":\"https:\/\/ubaldofernandes.com\/wp-content\/uploads\/2021\/08\/Ubaldo-A-Fonte-1.jpeg\",\"width\":696,\"height\":417},{\"@type\":\"BreadcrumbList\",\"@id\":\"https:\/\/ubaldofernandes.com\/index.php\/news\/agosto-lilas-deputados-votarao-pl-de-ubaldo-que-obriga-cartazes-em-unidades-de-saude-alertando-sobre-estupro-e-violencia-sexual-2\/#breadcrumb\",\"itemListElement\":[{\"@type\":\"ListItem\",\"position\":1,\"name\":\"In\u00edcio\",\"item\":\"https:\/\/ubaldofernandes.com\/\"},{\"@type\":\"ListItem\",\"position\":2,\"name\":\"Not\u00edcias\",\"item\":\"https:\/\/ubaldofernandes.com\/index.php\/news\/\"},{\"@type\":\"ListItem\",\"position\":3,\"name\":\"Agosto Lil\u00e1s: deputados votar\u00e3o PL de Ubaldo que obriga cartazes em unidades de sa\u00fade alertando sobre estupro e viol\u00eancia sexual\"}]},{\"@type\":\"WebSite\",\"@id\":\"https:\/\/ubaldofernandes.com\/#website\",\"url\":\"https:\/\/ubaldofernandes.com\/\",\"name\":\"Ubaldo Fernandes\",\"description\":\"Deputado Estadual\",\"potentialAction\":[{\"@type\":\"SearchAction\",\"target\":{\"@type\":\"EntryPoint\",\"urlTemplate\":\"https:\/\/ubaldofernandes.com\/?s={search_term_string}\"},\"query-input\":{\"@type\":\"PropertyValueSpecification\",\"valueRequired\":true,\"valueName\":\"search_term_string\"}}],\"inLanguage\":\"pt-BR\"}]}<\/script>\n<!-- \/ Yoast SEO plugin. -->","yoast_head_json":{"title":"Agosto Lil\u00e1s: deputados votar\u00e3o PL de Ubaldo que obriga cartazes em unidades de sa\u00fade alertando sobre estupro e viol\u00eancia sexual - Ubaldo Fernandes","robots":{"index":"index","follow":"follow","max-snippet":"max-snippet:-1","max-image-preview":"max-image-preview:large","max-video-preview":"max-video-preview:-1"},"canonical":"https:\/\/ubaldofernandes.com\/index.php\/news\/agosto-lilas-deputados-votarao-pl-de-ubaldo-que-obriga-cartazes-em-unidades-de-saude-alertando-sobre-estupro-e-violencia-sexual-2\/","og_locale":"pt_BR","og_type":"article","og_title":"Agosto Lil\u00e1s: deputados votar\u00e3o PL de Ubaldo que obriga cartazes em unidades de sa\u00fade alertando sobre estupro e viol\u00eancia sexual - Ubaldo Fernandes","og_description":"Os deputados do Rio Grande do Norte votar\u00e3o, nos pr\u00f3ximos dias, um Projeto de Lei que disp\u00f5e sobre a obrigatoriedade de afixa\u00e7\u00e3o de cartazes em hospitais, cl\u00ednicas e laborat\u00f3rios, p\u00fablicos ou privados, do Rio Grande do Norte, informando sobre o dever de comunica\u00e7\u00e3o \u00e0s autoridades competentes em casos ou ind\u00edcios de estupro ou viol\u00eancia sexual. [&hellip;]","og_url":"https:\/\/ubaldofernandes.com\/index.php\/news\/agosto-lilas-deputados-votarao-pl-de-ubaldo-que-obriga-cartazes-em-unidades-de-saude-alertando-sobre-estupro-e-violencia-sexual-2\/","og_site_name":"Ubaldo Fernandes","article_modified_time":"2021-08-26T12:55:25+00:00","og_image":[{"width":696,"height":417,"url":"https:\/\/ubaldofernandes.com\/wp-content\/uploads\/2021\/08\/Ubaldo-A-Fonte-1.jpeg","type":"image\/jpeg"}],"twitter_card":"summary_large_image","twitter_misc":{"Est. tempo de leitura":"2 minutos"},"schema":{"@context":"https:\/\/schema.org","@graph":[{"@type":"WebPage","@id":"https:\/\/ubaldofernandes.com\/index.php\/news\/agosto-lilas-deputados-votarao-pl-de-ubaldo-que-obriga-cartazes-em-unidades-de-saude-alertando-sobre-estupro-e-violencia-sexual-2\/","url":"https:\/\/ubaldofernandes.com\/index.php\/news\/agosto-lilas-deputados-votarao-pl-de-ubaldo-que-obriga-cartazes-em-unidades-de-saude-alertando-sobre-estupro-e-violencia-sexual-2\/","name":"Agosto Lil\u00e1s: deputados votar\u00e3o PL de Ubaldo que obriga cartazes em unidades de sa\u00fade alertando sobre estupro e viol\u00eancia sexual - Ubaldo Fernandes","isPartOf":{"@id":"https:\/\/ubaldofernandes.com\/#website"},"primaryImageOfPage":{"@id":"https:\/\/ubaldofernandes.com\/index.php\/news\/agosto-lilas-deputados-votarao-pl-de-ubaldo-que-obriga-cartazes-em-unidades-de-saude-alertando-sobre-estupro-e-violencia-sexual-2\/#primaryimage"},"image":{"@id":"https:\/\/ubaldofernandes.com\/index.php\/news\/agosto-lilas-deputados-votarao-pl-de-ubaldo-que-obriga-cartazes-em-unidades-de-saude-alertando-sobre-estupro-e-violencia-sexual-2\/#primaryimage"},"thumbnailUrl":"https:\/\/ubaldofernandes.com\/wp-content\/uploads\/2021\/08\/Ubaldo-A-Fonte-1.jpeg","datePublished":"2021-08-25T16:45:00+00:00","dateModified":"2021-08-26T12:55:25+00:00","breadcrumb":{"@id":"https:\/\/ubaldofernandes.com\/index.php\/news\/agosto-lilas-deputados-votarao-pl-de-ubaldo-que-obriga-cartazes-em-unidades-de-saude-alertando-sobre-estupro-e-violencia-sexual-2\/#breadcrumb"},"inLanguage":"pt-BR","potentialAction":[{"@type":"ReadAction","target":["https:\/\/ubaldofernandes.com\/index.php\/news\/agosto-lilas-deputados-votarao-pl-de-ubaldo-que-obriga-cartazes-em-unidades-de-saude-alertando-sobre-estupro-e-violencia-sexual-2\/"]}]},{"@type":"ImageObject","inLanguage":"pt-BR","@id":"https:\/\/ubaldofernandes.com\/index.php\/news\/agosto-lilas-deputados-votarao-pl-de-ubaldo-que-obriga-cartazes-em-unidades-de-saude-alertando-sobre-estupro-e-violencia-sexual-2\/#primaryimage","url":"https:\/\/ubaldofernandes.com\/wp-content\/uploads\/2021\/08\/Ubaldo-A-Fonte-1.jpeg","contentUrl":"https:\/\/ubaldofernandes.com\/wp-content\/uploads\/2021\/08\/Ubaldo-A-Fonte-1.jpeg","width":696,"height":417},{"@type":"BreadcrumbList","@id":"https:\/\/ubaldofernandes.com\/index.php\/news\/agosto-lilas-deputados-votarao-pl-de-ubaldo-que-obriga-cartazes-em-unidades-de-saude-alertando-sobre-estupro-e-violencia-sexual-2\/#breadcrumb","itemListElement":[{"@type":"ListItem","position":1,"name":"In\u00edcio","item":"https:\/\/ubaldofernandes.com\/"},{"@type":"ListItem","position":2,"name":"Not\u00edcias","item":"https:\/\/ubaldofernandes.com\/index.php\/news\/"},{"@type":"ListItem","position":3,"name":"Agosto Lil\u00e1s: deputados votar\u00e3o PL de Ubaldo que obriga cartazes em unidades de sa\u00fade alertando sobre estupro e viol\u00eancia sexual"}]},{"@type":"WebSite","@id":"https:\/\/ubaldofernandes.com\/#website","url":"https:\/\/ubaldofernandes.com\/","name":"Ubaldo Fernandes","description":"Deputado Estadual","potentialAction":[{"@type":"SearchAction","target":{"@type":"EntryPoint","urlTemplate":"https:\/\/ubaldofernandes.com\/?s={search_term_string}"},"query-input":{"@type":"PropertyValueSpecification","valueRequired":true,"valueName":"search_term_string"}}],"inLanguage":"pt-BR"}]}},"_links":{"self":[{"href":"https:\/\/ubaldofernandes.com\/index.php\/wp-json\/wp\/v2\/news\/2809","targetHints":{"allow":["GET"]}}],"collection":[{"href":"https:\/\/ubaldofernandes.com\/index.php\/wp-json\/wp\/v2\/news"}],"about":[{"href":"https:\/\/ubaldofernandes.com\/index.php\/wp-json\/wp\/v2\/types\/news"}],"wp:featuredmedia":[{"embeddable":true,"href":"https:\/\/ubaldofernandes.com\/index.php\/wp-json\/wp\/v2\/media\/2808"}],"wp:attachment":[{"href":"https:\/\/ubaldofernandes.com\/index.php\/wp-json\/wp\/v2\/media?parent=2809"}],"curies":[{"name":"wp","href":"https:\/\/api.w.org\/{rel}","templated":true}]}}