{"id":2814,"date":"2021-08-26T15:10:00","date_gmt":"2021-08-26T18:10:00","guid":{"rendered":"https:\/\/ubaldofernandes.com\/?post_type=news&#038;p=2814"},"modified":"2021-08-27T09:10:24","modified_gmt":"2021-08-27T12:10:24","slug":"operacao-tapa-buracos-ubaldo-comemora-atendimento-de-pleito-na-rn-093-2","status":"publish","type":"news","link":"https:\/\/ubaldofernandes.com\/index.php\/news\/operacao-tapa-buracos-ubaldo-comemora-atendimento-de-pleito-na-rn-093-2\/","title":{"rendered":"Opera\u00e7\u00e3o tapa-buracos: Ubaldo comemora atendimento de pleito na RN 093"},"content":{"rendered":"\n<p>Um dos maiores reivindicadores da opera\u00e7\u00e3o tapa-buracos na RN 093, que liga Tangar\u00e1 \u00e0 cidade de S\u00edtio Novo, o deputado estadual Ubaldo Fernandes (PL) externou, na sess\u00e3o plen\u00e1ria desta quinta-feira (26), a felicidade no atendimento deste pleito que luta junto ao Departamento de Estradas e Rodagens (DER\/RN) desde 2019, como comprovam v\u00e1rios requerimentos, of\u00edcios, audi\u00eancias no \u00f3rg\u00e3o estadual e pronunciamentos na Assembleia Legislativa.<\/p>\n\n\n\n<p>\u201cMuito bom quando vemos que todo nosso trabalho e as diversas idas a secretarias e aos munic\u00edpios \u2013 na luta por melhorias para as pessoas \u2013 gera resultados e valem a pena. Esta semana, iniciou finalmente esse recapeamento. Essa \u00e9 uma de nossas lutas desde 2019, quando fomos v\u00e1rias vezes ao DER, juntamente com lideran\u00e7as locais, e mais recentemente encamp\u00e1vamos essa batalha ao lado da atual prefeita, Andrezza Brasil. Solicit\u00e1vamos a opera\u00e7\u00e3o tapa buracos na RN-093 no entroncamento da BR 226 com aproximadamente 18 km\u201d, observou o parlamentar.<\/p>\n\n\n\n<p>Fernandes destaca que essa obra otimiza o traslado de motoristas dos dois munic\u00edpios que utilizam a estrada diariamente. \u201cA realiza\u00e7\u00e3o de tal obra \u00e9 de suma import\u00e2ncia para a regi\u00e3o, visando potencializar o desenvolvimento e escoamento da produ\u00e7\u00e3o agr\u00edcola, melhorando as condi\u00e7\u00f5es de tr\u00e2nsito, contribuindo para preven\u00e7\u00e3o de acidentes, al\u00e9m de melhorar o acesso e a qualidade de vida das pessoas que ali residem. E essa melhoria na rodovia estadual tamb\u00e9m \u00e9 importante para o acesso inclusive de turistas\u201d, pontuou. Por fim, agradeceu o Governo do Estado, atrav\u00e9s do diretor geral do DER, Manoel Marques e todos que encamparam essa luta com ele, a exemplo do vice-prefeito de Tangar\u00e1, Augusto Alves, Gija, e demais lideran\u00e7as dos dois munic\u00edpios.<\/p>\n\n\n\n<p>Mat\u00e9ria publicada no <a href=\"http:\/\/www.vlaudeyliberato.com\/operacao-tapa-buracos-ubaldo-comemora-atendimento-de-pleito-na-rn-093\/\">Blog do Vlaudey Liberato<\/a>. <\/p>\n","protected":false},"featured_media":2815,"parent":0,"template":"","class_list":["post-2814","news","type-news","status-publish","has-post-thumbnail","hentry"],"acf":[],"yoast_head":"<!-- This site is optimized with the Yoast SEO plugin v24.6 - https:\/\/yoast.com\/wordpress\/plugins\/seo\/ -->\n<title>Opera\u00e7\u00e3o tapa-buracos: Ubaldo comemora atendimento de pleito na RN 093 - Ubaldo Fernandes<\/title>\n<meta name=\"robots\" content=\"index, follow, max-snippet:-1, max-image-preview:large, max-video-preview:-1\" \/>\n<link rel=\"canonical\" href=\"https:\/\/ubaldofernandes.com\/index.php\/news\/operacao-tapa-buracos-ubaldo-comemora-atendimento-de-pleito-na-rn-093-2\/\" \/>\n<meta property=\"og:locale\" content=\"pt_BR\" \/>\n<meta property=\"og:type\" content=\"article\" \/>\n<meta property=\"og:title\" content=\"Opera\u00e7\u00e3o tapa-buracos: Ubaldo comemora atendimento de pleito na RN 093 - Ubaldo Fernandes\" \/>\n<meta property=\"og:description\" content=\"Um dos maiores reivindicadores da opera\u00e7\u00e3o tapa-buracos na RN 093, que liga Tangar\u00e1 \u00e0 cidade de S\u00edtio Novo, o deputado estadual Ubaldo Fernandes (PL) externou, na sess\u00e3o plen\u00e1ria desta quinta-feira (26), a felicidade no atendimento deste pleito que luta junto ao Departamento de Estradas e Rodagens (DER\/RN) desde 2019, como comprovam v\u00e1rios requerimentos, of\u00edcios, audi\u00eancias [&hellip;]\" \/>\n<meta property=\"og:url\" content=\"https:\/\/ubaldofernandes.com\/index.php\/news\/operacao-tapa-buracos-ubaldo-comemora-atendimento-de-pleito-na-rn-093-2\/\" \/>\n<meta property=\"og:site_name\" content=\"Ubaldo Fernandes\" \/>\n<meta property=\"article:modified_time\" content=\"2021-08-27T12:10:24+00:00\" \/>\n<meta property=\"og:image\" content=\"https:\/\/ubaldofernandes.com\/wp-content\/uploads\/2021\/08\/Blog-Vlaudey-Liberato.jpg\" \/>\n\t<meta property=\"og:image:width\" content=\"430\" \/>\n\t<meta property=\"og:image:height\" content=\"287\" \/>\n\t<meta property=\"og:image:type\" content=\"image\/jpeg\" \/>\n<meta name=\"twitter:card\" content=\"summary_large_image\" \/>\n<meta name=\"twitter:label1\" content=\"Est. tempo de leitura\" \/>\n\t<meta name=\"twitter:data1\" content=\"1 minuto\" \/>\n<script type=\"application\/ld+json\" class=\"yoast-schema-graph\">{\"@context\":\"https:\/\/schema.org\",\"@graph\":[{\"@type\":\"WebPage\",\"@id\":\"https:\/\/ubaldofernandes.com\/index.php\/news\/operacao-tapa-buracos-ubaldo-comemora-atendimento-de-pleito-na-rn-093-2\/\",\"url\":\"https:\/\/ubaldofernandes.com\/index.php\/news\/operacao-tapa-buracos-ubaldo-comemora-atendimento-de-pleito-na-rn-093-2\/\",\"name\":\"Opera\u00e7\u00e3o tapa-buracos: Ubaldo comemora atendimento de pleito na RN 093 - Ubaldo Fernandes\",\"isPartOf\":{\"@id\":\"https:\/\/ubaldofernandes.com\/#website\"},\"primaryImageOfPage\":{\"@id\":\"https:\/\/ubaldofernandes.com\/index.php\/news\/operacao-tapa-buracos-ubaldo-comemora-atendimento-de-pleito-na-rn-093-2\/#primaryimage\"},\"image\":{\"@id\":\"https:\/\/ubaldofernandes.com\/index.php\/news\/operacao-tapa-buracos-ubaldo-comemora-atendimento-de-pleito-na-rn-093-2\/#primaryimage\"},\"thumbnailUrl\":\"https:\/\/ubaldofernandes.com\/wp-content\/uploads\/2021\/08\/Blog-Vlaudey-Liberato.jpg\",\"datePublished\":\"2021-08-26T18:10:00+00:00\",\"dateModified\":\"2021-08-27T12:10:24+00:00\",\"breadcrumb\":{\"@id\":\"https:\/\/ubaldofernandes.com\/index.php\/news\/operacao-tapa-buracos-ubaldo-comemora-atendimento-de-pleito-na-rn-093-2\/#breadcrumb\"},\"inLanguage\":\"pt-BR\",\"potentialAction\":[{\"@type\":\"ReadAction\",\"target\":[\"https:\/\/ubaldofernandes.com\/index.php\/news\/operacao-tapa-buracos-ubaldo-comemora-atendimento-de-pleito-na-rn-093-2\/\"]}]},{\"@type\":\"ImageObject\",\"inLanguage\":\"pt-BR\",\"@id\":\"https:\/\/ubaldofernandes.com\/index.php\/news\/operacao-tapa-buracos-ubaldo-comemora-atendimento-de-pleito-na-rn-093-2\/#primaryimage\",\"url\":\"https:\/\/ubaldofernandes.com\/wp-content\/uploads\/2021\/08\/Blog-Vlaudey-Liberato.jpg\",\"contentUrl\":\"https:\/\/ubaldofernandes.com\/wp-content\/uploads\/2021\/08\/Blog-Vlaudey-Liberato.jpg\",\"width\":430,\"height\":287},{\"@type\":\"BreadcrumbList\",\"@id\":\"https:\/\/ubaldofernandes.com\/index.php\/news\/operacao-tapa-buracos-ubaldo-comemora-atendimento-de-pleito-na-rn-093-2\/#breadcrumb\",\"itemListElement\":[{\"@type\":\"ListItem\",\"position\":1,\"name\":\"In\u00edcio\",\"item\":\"https:\/\/ubaldofernandes.com\/\"},{\"@type\":\"ListItem\",\"position\":2,\"name\":\"Not\u00edcias\",\"item\":\"https:\/\/ubaldofernandes.com\/index.php\/news\/\"},{\"@type\":\"ListItem\",\"position\":3,\"name\":\"Opera\u00e7\u00e3o tapa-buracos: Ubaldo comemora atendimento de pleito na RN 093\"}]},{\"@type\":\"WebSite\",\"@id\":\"https:\/\/ubaldofernandes.com\/#website\",\"url\":\"https:\/\/ubaldofernandes.com\/\",\"name\":\"Ubaldo Fernandes\",\"description\":\"Deputado Estadual\",\"potentialAction\":[{\"@type\":\"SearchAction\",\"target\":{\"@type\":\"EntryPoint\",\"urlTemplate\":\"https:\/\/ubaldofernandes.com\/?s={search_term_string}\"},\"query-input\":{\"@type\":\"PropertyValueSpecification\",\"valueRequired\":true,\"valueName\":\"search_term_string\"}}],\"inLanguage\":\"pt-BR\"}]}<\/script>\n<!-- \/ Yoast SEO plugin. -->","yoast_head_json":{"title":"Opera\u00e7\u00e3o tapa-buracos: Ubaldo comemora atendimento de pleito na RN 093 - Ubaldo Fernandes","robots":{"index":"index","follow":"follow","max-snippet":"max-snippet:-1","max-image-preview":"max-image-preview:large","max-video-preview":"max-video-preview:-1"},"canonical":"https:\/\/ubaldofernandes.com\/index.php\/news\/operacao-tapa-buracos-ubaldo-comemora-atendimento-de-pleito-na-rn-093-2\/","og_locale":"pt_BR","og_type":"article","og_title":"Opera\u00e7\u00e3o tapa-buracos: Ubaldo comemora atendimento de pleito na RN 093 - Ubaldo Fernandes","og_description":"Um dos maiores reivindicadores da opera\u00e7\u00e3o tapa-buracos na RN 093, que liga Tangar\u00e1 \u00e0 cidade de S\u00edtio Novo, o deputado estadual Ubaldo Fernandes (PL) externou, na sess\u00e3o plen\u00e1ria desta quinta-feira (26), a felicidade no atendimento deste pleito que luta junto ao Departamento de Estradas e Rodagens (DER\/RN) desde 2019, como comprovam v\u00e1rios requerimentos, of\u00edcios, audi\u00eancias [&hellip;]","og_url":"https:\/\/ubaldofernandes.com\/index.php\/news\/operacao-tapa-buracos-ubaldo-comemora-atendimento-de-pleito-na-rn-093-2\/","og_site_name":"Ubaldo Fernandes","article_modified_time":"2021-08-27T12:10:24+00:00","og_image":[{"width":430,"height":287,"url":"https:\/\/ubaldofernandes.com\/wp-content\/uploads\/2021\/08\/Blog-Vlaudey-Liberato.jpg","type":"image\/jpeg"}],"twitter_card":"summary_large_image","twitter_misc":{"Est. tempo de leitura":"1 minuto"},"schema":{"@context":"https:\/\/schema.org","@graph":[{"@type":"WebPage","@id":"https:\/\/ubaldofernandes.com\/index.php\/news\/operacao-tapa-buracos-ubaldo-comemora-atendimento-de-pleito-na-rn-093-2\/","url":"https:\/\/ubaldofernandes.com\/index.php\/news\/operacao-tapa-buracos-ubaldo-comemora-atendimento-de-pleito-na-rn-093-2\/","name":"Opera\u00e7\u00e3o tapa-buracos: Ubaldo comemora atendimento de pleito na RN 093 - Ubaldo Fernandes","isPartOf":{"@id":"https:\/\/ubaldofernandes.com\/#website"},"primaryImageOfPage":{"@id":"https:\/\/ubaldofernandes.com\/index.php\/news\/operacao-tapa-buracos-ubaldo-comemora-atendimento-de-pleito-na-rn-093-2\/#primaryimage"},"image":{"@id":"https:\/\/ubaldofernandes.com\/index.php\/news\/operacao-tapa-buracos-ubaldo-comemora-atendimento-de-pleito-na-rn-093-2\/#primaryimage"},"thumbnailUrl":"https:\/\/ubaldofernandes.com\/wp-content\/uploads\/2021\/08\/Blog-Vlaudey-Liberato.jpg","datePublished":"2021-08-26T18:10:00+00:00","dateModified":"2021-08-27T12:10:24+00:00","breadcrumb":{"@id":"https:\/\/ubaldofernandes.com\/index.php\/news\/operacao-tapa-buracos-ubaldo-comemora-atendimento-de-pleito-na-rn-093-2\/#breadcrumb"},"inLanguage":"pt-BR","potentialAction":[{"@type":"ReadAction","target":["https:\/\/ubaldofernandes.com\/index.php\/news\/operacao-tapa-buracos-ubaldo-comemora-atendimento-de-pleito-na-rn-093-2\/"]}]},{"@type":"ImageObject","inLanguage":"pt-BR","@id":"https:\/\/ubaldofernandes.com\/index.php\/news\/operacao-tapa-buracos-ubaldo-comemora-atendimento-de-pleito-na-rn-093-2\/#primaryimage","url":"https:\/\/ubaldofernandes.com\/wp-content\/uploads\/2021\/08\/Blog-Vlaudey-Liberato.jpg","contentUrl":"https:\/\/ubaldofernandes.com\/wp-content\/uploads\/2021\/08\/Blog-Vlaudey-Liberato.jpg","width":430,"height":287},{"@type":"BreadcrumbList","@id":"https:\/\/ubaldofernandes.com\/index.php\/news\/operacao-tapa-buracos-ubaldo-comemora-atendimento-de-pleito-na-rn-093-2\/#breadcrumb","itemListElement":[{"@type":"ListItem","position":1,"name":"In\u00edcio","item":"https:\/\/ubaldofernandes.com\/"},{"@type":"ListItem","position":2,"name":"Not\u00edcias","item":"https:\/\/ubaldofernandes.com\/index.php\/news\/"},{"@type":"ListItem","position":3,"name":"Opera\u00e7\u00e3o tapa-buracos: Ubaldo comemora atendimento de pleito na RN 093"}]},{"@type":"WebSite","@id":"https:\/\/ubaldofernandes.com\/#website","url":"https:\/\/ubaldofernandes.com\/","name":"Ubaldo Fernandes","description":"Deputado Estadual","potentialAction":[{"@type":"SearchAction","target":{"@type":"EntryPoint","urlTemplate":"https:\/\/ubaldofernandes.com\/?s={search_term_string}"},"query-input":{"@type":"PropertyValueSpecification","valueRequired":true,"valueName":"search_term_string"}}],"inLanguage":"pt-BR"}]}},"_links":{"self":[{"href":"https:\/\/ubaldofernandes.com\/index.php\/wp-json\/wp\/v2\/news\/2814","targetHints":{"allow":["GET"]}}],"collection":[{"href":"https:\/\/ubaldofernandes.com\/index.php\/wp-json\/wp\/v2\/news"}],"about":[{"href":"https:\/\/ubaldofernandes.com\/index.php\/wp-json\/wp\/v2\/types\/news"}],"wp:featuredmedia":[{"embeddable":true,"href":"https:\/\/ubaldofernandes.com\/index.php\/wp-json\/wp\/v2\/media\/2815"}],"wp:attachment":[{"href":"https:\/\/ubaldofernandes.com\/index.php\/wp-json\/wp\/v2\/media?parent=2814"}],"curies":[{"name":"wp","href":"https:\/\/api.w.org\/{rel}","templated":true}]}}