{"id":2819,"date":"2021-09-01T12:00:57","date_gmt":"2021-09-01T15:00:57","guid":{"rendered":"https:\/\/ubaldofernandes.com\/?post_type=news&#038;p=2819"},"modified":"2021-09-02T09:36:12","modified_gmt":"2021-09-02T12:36:12","slug":"ubaldo-fernandes-recebe-comenda-antonio-de-azevedo-maia-em-jardim-do-serido","status":"publish","type":"news","link":"https:\/\/ubaldofernandes.com\/index.php\/news\/ubaldo-fernandes-recebe-comenda-antonio-de-azevedo-maia-em-jardim-do-serido\/","title":{"rendered":"Ubaldo Fernandes recebe Comenda Ant\u00f4nio de Azevedo Maia em Jardim do Serid\u00f3"},"content":{"rendered":"\n<p>O deputado estadual Ubaldo Fernandes cumpriu, mais uma vez, agenda no Serid\u00f3. O parlamentar passou por Carna\u00faba dos Dantas, Parelhas e Jardim do Serid\u00f3 nesta ter\u00e7a-feira, 31 de agosto. \u201cRecebi convite para receber uma importante Comenda (Ant\u00f4nio de Azevedo Maia) em Jardim do Serid\u00f3, por proposi\u00e7\u00e3o do amigo, o vereador Ozires Borges Vilar, e aproveitamos a oportunidade para passar por munic\u00edpios pr\u00f3ximos para ouvir as demandas da regi\u00e3o e buscar contribuir com iniciativas de nosso mandato\u201d, explica.<\/p>\n\n\n\n<p>Na primeira parada, em Carna\u00faba dos Dantas, Ubaldo se reuniu com moradores da comunidade Carna\u00faba de Baixo, onde visitou o amigo Josimar Dantas, ao lado do suplente de vereador, Luciano Dantas. Em seguida, foram \u00e0 Casa do Idoso e Associa\u00e7\u00e3o dos Moradores, tamb\u00e9m discutir sobre suas necessidades. \u201cAgradecemos o presidente da Associa\u00e7\u00e3o, Sr. Ant\u00f4nio C\u00e2ndido, pela calorosa receptividade. Na ocasi\u00e3o, pudemos conhecer melhor o artesanato do munic\u00edpio, ouvindo suas principais demandas. Obrigado pela linda imagem de Nossa Senhora das Vit\u00f3rias\u201d, agradeceu. Por fim, antes de seguirem para outro munic\u00edpio, concedeu entrevista na R\u00e1dio 93 FM. Em seguida, j\u00e1 em Parelhas, fez visita ao suplente de vereador Itam\u00e1rio e concedeu entrevista \u00e0 R\u00e1dio de Parelhas.<\/p>\n\n\n\n<p>Por fim, em Jardim do Serid\u00f3 tamb\u00e9m participou de bate-papo na R\u00e1dio Cabugi do Serid\u00f3 AM e encerrou recebendo Comenda Ant\u00f4nio de Azevedo Maia na C\u00e2mara de Vereadores. \u201cFico muito feliz em ser agraciado com tamanha honraria, o que demonstra que nossa atua\u00e7\u00e3o est\u00e1 levando contribui\u00e7\u00f5es aos munic\u00edpios potiguares. Todo meu agradecimento ao vereador Ozires pelo reconhecimento ao nosso trabalho\u201d, destaca o parlamentar.<\/p>\n\n\n\n<figure class=\"wp-block-gallery columns-3 is-cropped wp-block-gallery-1 is-layout-flex wp-block-gallery-is-layout-flex\"><ul class=\"blocks-gallery-grid\"><li class=\"blocks-gallery-item\"><figure><a href=\"https:\/\/ubaldofernandes.com\/wp-content\/uploads\/2021\/09\/Comenda-2.jpeg\"><img loading=\"lazy\" decoding=\"async\" width=\"1024\" height=\"738\" src=\"https:\/\/ubaldofernandes.com\/wp-content\/uploads\/2021\/09\/Comenda-2-1024x738.jpeg\" alt=\"\" data-id=\"2821\" data-full-url=\"https:\/\/ubaldofernandes.com\/wp-content\/uploads\/2021\/09\/Comenda-2.jpeg\" data-link=\"https:\/\/ubaldofernandes.com\/?attachment_id=2821\" class=\"wp-image-2821\" srcset=\"https:\/\/ubaldofernandes.com\/wp-content\/uploads\/2021\/09\/Comenda-2-1024x738.jpeg 1024w, https:\/\/ubaldofernandes.com\/wp-content\/uploads\/2021\/09\/Comenda-2-300x216.jpeg 300w, https:\/\/ubaldofernandes.com\/wp-content\/uploads\/2021\/09\/Comenda-2-768x553.jpeg 768w, https:\/\/ubaldofernandes.com\/wp-content\/uploads\/2021\/09\/Comenda-2.jpeg 1217w\" sizes=\"auto, (max-width: 1024px) 100vw, 1024px\" \/><\/a><\/figure><\/li><li class=\"blocks-gallery-item\"><figure><a href=\"https:\/\/ubaldofernandes.com\/wp-content\/uploads\/2021\/09\/Comenda-3.jpeg\"><img loading=\"lazy\" decoding=\"async\" width=\"585\" height=\"630\" src=\"https:\/\/ubaldofernandes.com\/wp-content\/uploads\/2021\/09\/Comenda-3.jpeg\" alt=\"\" data-id=\"2822\" data-full-url=\"https:\/\/ubaldofernandes.com\/wp-content\/uploads\/2021\/09\/Comenda-3.jpeg\" data-link=\"https:\/\/ubaldofernandes.com\/?attachment_id=2822\" class=\"wp-image-2822\" srcset=\"https:\/\/ubaldofernandes.com\/wp-content\/uploads\/2021\/09\/Comenda-3.jpeg 585w, https:\/\/ubaldofernandes.com\/wp-content\/uploads\/2021\/09\/Comenda-3-279x300.jpeg 279w\" sizes=\"auto, (max-width: 585px) 100vw, 585px\" \/><\/a><\/figure><\/li><li class=\"blocks-gallery-item\"><figure><a href=\"https:\/\/ubaldofernandes.com\/wp-content\/uploads\/2021\/09\/Comenda-4.jpeg\"><img loading=\"lazy\" decoding=\"async\" width=\"1024\" height=\"768\" src=\"https:\/\/ubaldofernandes.com\/wp-content\/uploads\/2021\/09\/Comenda-4-1024x768.jpeg\" alt=\"\" data-id=\"2823\" data-full-url=\"https:\/\/ubaldofernandes.com\/wp-content\/uploads\/2021\/09\/Comenda-4.jpeg\" data-link=\"https:\/\/ubaldofernandes.com\/?attachment_id=2823\" class=\"wp-image-2823\" srcset=\"https:\/\/ubaldofernandes.com\/wp-content\/uploads\/2021\/09\/Comenda-4-1024x768.jpeg 1024w, https:\/\/ubaldofernandes.com\/wp-content\/uploads\/2021\/09\/Comenda-4-300x225.jpeg 300w, https:\/\/ubaldofernandes.com\/wp-content\/uploads\/2021\/09\/Comenda-4-768x576.jpeg 768w, https:\/\/ubaldofernandes.com\/wp-content\/uploads\/2021\/09\/Comenda-4.jpeg 1536w\" sizes=\"auto, (max-width: 1024px) 100vw, 1024px\" \/><\/a><\/figure><\/li><\/ul><\/figure>\n\n\n\n<p>Mat\u00e9ria publicada no<a href=\"https:\/\/blogafonte.com.br\/2021\/09\/01\/ubaldo-fernandes-recebe-comenda-antonio-de-azevedo-maia-em-jardim-do-serido\/\"> Blog A Fonte<\/a>.<\/p>\n","protected":false},"featured_media":2820,"parent":0,"template":"","class_list":["post-2819","news","type-news","status-publish","has-post-thumbnail","hentry"],"acf":[],"yoast_head":"<!-- This site is optimized with the Yoast SEO plugin v24.6 - https:\/\/yoast.com\/wordpress\/plugins\/seo\/ -->\n<title>Ubaldo Fernandes recebe Comenda Ant\u00f4nio de Azevedo Maia em Jardim do Serid\u00f3 - Ubaldo Fernandes<\/title>\n<meta name=\"robots\" content=\"index, follow, max-snippet:-1, max-image-preview:large, max-video-preview:-1\" \/>\n<link rel=\"canonical\" href=\"https:\/\/ubaldofernandes.com\/index.php\/news\/ubaldo-fernandes-recebe-comenda-antonio-de-azevedo-maia-em-jardim-do-serido\/\" \/>\n<meta property=\"og:locale\" content=\"pt_BR\" \/>\n<meta property=\"og:type\" content=\"article\" \/>\n<meta property=\"og:title\" content=\"Ubaldo Fernandes recebe Comenda Ant\u00f4nio de Azevedo Maia em Jardim do Serid\u00f3 - Ubaldo Fernandes\" \/>\n<meta property=\"og:description\" content=\"O deputado estadual Ubaldo Fernandes cumpriu, mais uma vez, agenda no Serid\u00f3. O parlamentar passou por Carna\u00faba dos Dantas, Parelhas e Jardim do Serid\u00f3 nesta ter\u00e7a-feira, 31 de agosto. \u201cRecebi convite para receber uma importante Comenda (Ant\u00f4nio de Azevedo Maia) em Jardim do Serid\u00f3, por proposi\u00e7\u00e3o do amigo, o vereador Ozires Borges Vilar, e aproveitamos [&hellip;]\" \/>\n<meta property=\"og:url\" content=\"https:\/\/ubaldofernandes.com\/index.php\/news\/ubaldo-fernandes-recebe-comenda-antonio-de-azevedo-maia-em-jardim-do-serido\/\" \/>\n<meta property=\"og:site_name\" content=\"Ubaldo Fernandes\" \/>\n<meta property=\"article:modified_time\" content=\"2021-09-02T12:36:12+00:00\" \/>\n<meta property=\"og:image\" content=\"https:\/\/ubaldofernandes.com\/wp-content\/uploads\/2021\/09\/Ozires-Ubaldo-e-Aninha-696x928-1.jpeg\" \/>\n\t<meta property=\"og:image:width\" content=\"696\" \/>\n\t<meta property=\"og:image:height\" content=\"928\" \/>\n\t<meta property=\"og:image:type\" content=\"image\/jpeg\" \/>\n<meta name=\"twitter:card\" content=\"summary_large_image\" \/>\n<meta name=\"twitter:label1\" content=\"Est. tempo de leitura\" \/>\n\t<meta name=\"twitter:data1\" content=\"1 minuto\" \/>\n<script type=\"application\/ld+json\" class=\"yoast-schema-graph\">{\"@context\":\"https:\/\/schema.org\",\"@graph\":[{\"@type\":\"WebPage\",\"@id\":\"https:\/\/ubaldofernandes.com\/index.php\/news\/ubaldo-fernandes-recebe-comenda-antonio-de-azevedo-maia-em-jardim-do-serido\/\",\"url\":\"https:\/\/ubaldofernandes.com\/index.php\/news\/ubaldo-fernandes-recebe-comenda-antonio-de-azevedo-maia-em-jardim-do-serido\/\",\"name\":\"Ubaldo Fernandes recebe Comenda Ant\u00f4nio de Azevedo Maia em Jardim do Serid\u00f3 - Ubaldo Fernandes\",\"isPartOf\":{\"@id\":\"https:\/\/ubaldofernandes.com\/#website\"},\"primaryImageOfPage\":{\"@id\":\"https:\/\/ubaldofernandes.com\/index.php\/news\/ubaldo-fernandes-recebe-comenda-antonio-de-azevedo-maia-em-jardim-do-serido\/#primaryimage\"},\"image\":{\"@id\":\"https:\/\/ubaldofernandes.com\/index.php\/news\/ubaldo-fernandes-recebe-comenda-antonio-de-azevedo-maia-em-jardim-do-serido\/#primaryimage\"},\"thumbnailUrl\":\"https:\/\/ubaldofernandes.com\/wp-content\/uploads\/2021\/09\/Ozires-Ubaldo-e-Aninha-696x928-1.jpeg\",\"datePublished\":\"2021-09-01T15:00:57+00:00\",\"dateModified\":\"2021-09-02T12:36:12+00:00\",\"breadcrumb\":{\"@id\":\"https:\/\/ubaldofernandes.com\/index.php\/news\/ubaldo-fernandes-recebe-comenda-antonio-de-azevedo-maia-em-jardim-do-serido\/#breadcrumb\"},\"inLanguage\":\"pt-BR\",\"potentialAction\":[{\"@type\":\"ReadAction\",\"target\":[\"https:\/\/ubaldofernandes.com\/index.php\/news\/ubaldo-fernandes-recebe-comenda-antonio-de-azevedo-maia-em-jardim-do-serido\/\"]}]},{\"@type\":\"ImageObject\",\"inLanguage\":\"pt-BR\",\"@id\":\"https:\/\/ubaldofernandes.com\/index.php\/news\/ubaldo-fernandes-recebe-comenda-antonio-de-azevedo-maia-em-jardim-do-serido\/#primaryimage\",\"url\":\"https:\/\/ubaldofernandes.com\/wp-content\/uploads\/2021\/09\/Ozires-Ubaldo-e-Aninha-696x928-1.jpeg\",\"contentUrl\":\"https:\/\/ubaldofernandes.com\/wp-content\/uploads\/2021\/09\/Ozires-Ubaldo-e-Aninha-696x928-1.jpeg\",\"width\":696,\"height\":928},{\"@type\":\"BreadcrumbList\",\"@id\":\"https:\/\/ubaldofernandes.com\/index.php\/news\/ubaldo-fernandes-recebe-comenda-antonio-de-azevedo-maia-em-jardim-do-serido\/#breadcrumb\",\"itemListElement\":[{\"@type\":\"ListItem\",\"position\":1,\"name\":\"In\u00edcio\",\"item\":\"https:\/\/ubaldofernandes.com\/\"},{\"@type\":\"ListItem\",\"position\":2,\"name\":\"Not\u00edcias\",\"item\":\"https:\/\/ubaldofernandes.com\/index.php\/news\/\"},{\"@type\":\"ListItem\",\"position\":3,\"name\":\"Ubaldo Fernandes recebe Comenda Ant\u00f4nio de Azevedo Maia em Jardim do Serid\u00f3\"}]},{\"@type\":\"WebSite\",\"@id\":\"https:\/\/ubaldofernandes.com\/#website\",\"url\":\"https:\/\/ubaldofernandes.com\/\",\"name\":\"Ubaldo Fernandes\",\"description\":\"Deputado Estadual\",\"potentialAction\":[{\"@type\":\"SearchAction\",\"target\":{\"@type\":\"EntryPoint\",\"urlTemplate\":\"https:\/\/ubaldofernandes.com\/?s={search_term_string}\"},\"query-input\":{\"@type\":\"PropertyValueSpecification\",\"valueRequired\":true,\"valueName\":\"search_term_string\"}}],\"inLanguage\":\"pt-BR\"}]}<\/script>\n<!-- \/ Yoast SEO plugin. -->","yoast_head_json":{"title":"Ubaldo Fernandes recebe Comenda Ant\u00f4nio de Azevedo Maia em Jardim do Serid\u00f3 - Ubaldo Fernandes","robots":{"index":"index","follow":"follow","max-snippet":"max-snippet:-1","max-image-preview":"max-image-preview:large","max-video-preview":"max-video-preview:-1"},"canonical":"https:\/\/ubaldofernandes.com\/index.php\/news\/ubaldo-fernandes-recebe-comenda-antonio-de-azevedo-maia-em-jardim-do-serido\/","og_locale":"pt_BR","og_type":"article","og_title":"Ubaldo Fernandes recebe Comenda Ant\u00f4nio de Azevedo Maia em Jardim do Serid\u00f3 - Ubaldo Fernandes","og_description":"O deputado estadual Ubaldo Fernandes cumpriu, mais uma vez, agenda no Serid\u00f3. O parlamentar passou por Carna\u00faba dos Dantas, Parelhas e Jardim do Serid\u00f3 nesta ter\u00e7a-feira, 31 de agosto. \u201cRecebi convite para receber uma importante Comenda (Ant\u00f4nio de Azevedo Maia) em Jardim do Serid\u00f3, por proposi\u00e7\u00e3o do amigo, o vereador Ozires Borges Vilar, e aproveitamos [&hellip;]","og_url":"https:\/\/ubaldofernandes.com\/index.php\/news\/ubaldo-fernandes-recebe-comenda-antonio-de-azevedo-maia-em-jardim-do-serido\/","og_site_name":"Ubaldo Fernandes","article_modified_time":"2021-09-02T12:36:12+00:00","og_image":[{"width":696,"height":928,"url":"https:\/\/ubaldofernandes.com\/wp-content\/uploads\/2021\/09\/Ozires-Ubaldo-e-Aninha-696x928-1.jpeg","type":"image\/jpeg"}],"twitter_card":"summary_large_image","twitter_misc":{"Est. tempo de leitura":"1 minuto"},"schema":{"@context":"https:\/\/schema.org","@graph":[{"@type":"WebPage","@id":"https:\/\/ubaldofernandes.com\/index.php\/news\/ubaldo-fernandes-recebe-comenda-antonio-de-azevedo-maia-em-jardim-do-serido\/","url":"https:\/\/ubaldofernandes.com\/index.php\/news\/ubaldo-fernandes-recebe-comenda-antonio-de-azevedo-maia-em-jardim-do-serido\/","name":"Ubaldo Fernandes recebe Comenda Ant\u00f4nio de Azevedo Maia em Jardim do Serid\u00f3 - Ubaldo Fernandes","isPartOf":{"@id":"https:\/\/ubaldofernandes.com\/#website"},"primaryImageOfPage":{"@id":"https:\/\/ubaldofernandes.com\/index.php\/news\/ubaldo-fernandes-recebe-comenda-antonio-de-azevedo-maia-em-jardim-do-serido\/#primaryimage"},"image":{"@id":"https:\/\/ubaldofernandes.com\/index.php\/news\/ubaldo-fernandes-recebe-comenda-antonio-de-azevedo-maia-em-jardim-do-serido\/#primaryimage"},"thumbnailUrl":"https:\/\/ubaldofernandes.com\/wp-content\/uploads\/2021\/09\/Ozires-Ubaldo-e-Aninha-696x928-1.jpeg","datePublished":"2021-09-01T15:00:57+00:00","dateModified":"2021-09-02T12:36:12+00:00","breadcrumb":{"@id":"https:\/\/ubaldofernandes.com\/index.php\/news\/ubaldo-fernandes-recebe-comenda-antonio-de-azevedo-maia-em-jardim-do-serido\/#breadcrumb"},"inLanguage":"pt-BR","potentialAction":[{"@type":"ReadAction","target":["https:\/\/ubaldofernandes.com\/index.php\/news\/ubaldo-fernandes-recebe-comenda-antonio-de-azevedo-maia-em-jardim-do-serido\/"]}]},{"@type":"ImageObject","inLanguage":"pt-BR","@id":"https:\/\/ubaldofernandes.com\/index.php\/news\/ubaldo-fernandes-recebe-comenda-antonio-de-azevedo-maia-em-jardim-do-serido\/#primaryimage","url":"https:\/\/ubaldofernandes.com\/wp-content\/uploads\/2021\/09\/Ozires-Ubaldo-e-Aninha-696x928-1.jpeg","contentUrl":"https:\/\/ubaldofernandes.com\/wp-content\/uploads\/2021\/09\/Ozires-Ubaldo-e-Aninha-696x928-1.jpeg","width":696,"height":928},{"@type":"BreadcrumbList","@id":"https:\/\/ubaldofernandes.com\/index.php\/news\/ubaldo-fernandes-recebe-comenda-antonio-de-azevedo-maia-em-jardim-do-serido\/#breadcrumb","itemListElement":[{"@type":"ListItem","position":1,"name":"In\u00edcio","item":"https:\/\/ubaldofernandes.com\/"},{"@type":"ListItem","position":2,"name":"Not\u00edcias","item":"https:\/\/ubaldofernandes.com\/index.php\/news\/"},{"@type":"ListItem","position":3,"name":"Ubaldo Fernandes recebe Comenda Ant\u00f4nio de Azevedo Maia em Jardim do Serid\u00f3"}]},{"@type":"WebSite","@id":"https:\/\/ubaldofernandes.com\/#website","url":"https:\/\/ubaldofernandes.com\/","name":"Ubaldo Fernandes","description":"Deputado Estadual","potentialAction":[{"@type":"SearchAction","target":{"@type":"EntryPoint","urlTemplate":"https:\/\/ubaldofernandes.com\/?s={search_term_string}"},"query-input":{"@type":"PropertyValueSpecification","valueRequired":true,"valueName":"search_term_string"}}],"inLanguage":"pt-BR"}]}},"_links":{"self":[{"href":"https:\/\/ubaldofernandes.com\/index.php\/wp-json\/wp\/v2\/news\/2819","targetHints":{"allow":["GET"]}}],"collection":[{"href":"https:\/\/ubaldofernandes.com\/index.php\/wp-json\/wp\/v2\/news"}],"about":[{"href":"https:\/\/ubaldofernandes.com\/index.php\/wp-json\/wp\/v2\/types\/news"}],"wp:featuredmedia":[{"embeddable":true,"href":"https:\/\/ubaldofernandes.com\/index.php\/wp-json\/wp\/v2\/media\/2820"}],"wp:attachment":[{"href":"https:\/\/ubaldofernandes.com\/index.php\/wp-json\/wp\/v2\/media?parent=2819"}],"curies":[{"name":"wp","href":"https:\/\/api.w.org\/{rel}","templated":true}]}}