{"id":2830,"date":"2021-09-02T22:51:41","date_gmt":"2021-09-03T01:51:41","guid":{"rendered":"https:\/\/ubaldofernandes.com\/?post_type=news&#038;p=2830"},"modified":"2021-09-04T08:54:26","modified_gmt":"2021-09-04T11:54:26","slug":"bairro-das-rocas-faz-aniversario-nesta-sexta-com-alvorada-e-sessao-solene-2","status":"publish","type":"news","link":"https:\/\/ubaldofernandes.com\/index.php\/news\/bairro-das-rocas-faz-aniversario-nesta-sexta-com-alvorada-e-sessao-solene-2\/","title":{"rendered":"Bairro das Rocas faz anivers\u00e1rio nesta sexta com alvorada e Sess\u00e3o Solene"},"content":{"rendered":"\n<p>Um dos bairros mais antigos de Natal, Rocas faz anivers\u00e1rio nesta sexta-feira, 3 de setembro, e ter\u00e1 v\u00e1rios eventos alusivos durante o m\u00eas, por iniciativa do deputado Ubaldo Fernandes (PL), morador e representante da regi\u00e3o.&nbsp;<\/p>\n\n\n\n<p>Os primeiros eventos acontecem justamente no Dia do Bairro das Rocas, institu\u00eddo em 2010 no Calend\u00e1rio Oficial de Eventos da Cidade de Natal pelo Projeto de Lei n\u00b0 192\/2010, de autoria do ent\u00e3o vereador Ubaldo Fernandes.&nbsp;<\/p>\n\n\n\n<p>Segundo o deputado, ser\u00e1 um dia de festa para todos que amam essa comunidade. Logo cedo, por volta das 6h30, far\u00e3o alvorada pelas ruas do bairro com a Banda Municipal de S\u00e3o Gon\u00e7alo, pertencente \u00e0 Funda\u00e7\u00e3o de Cultura Dona Militana, sob a reg\u00eancia do maestro Aldo Correia. J\u00e1 \u00e0 noite, \u00e0s 19h, realizar\u00e3o Sess\u00e3o Solene no N\u00facleo IFRN das Rocas, quando homenagear\u00e3o 10 personalidades com relevantes servi\u00e7os prestados \u00e0s Rocas.&nbsp;<\/p>\n\n\n\n<p>O parlamentar programa ainda outros eventos. No dia 12\/09, \u00e0s 19h, ter\u00e1 uma&nbsp; Missa na Igreja Sagrada Fam\u00edlia. J\u00e1 no dia 19\/09, a partir das 18h, acontece um Culto na Assembleia de Deus Igreja Polo Rocas \u2013 Setor 15. Por fim, no dia 25\/09, das 8h \u00e0s 13h, Ubaldo realizar\u00e1 a A\u00e7\u00e3o do Bem em local ainda a ser definido.<\/p>\n\n\n\n<p>&#8220;N\u00e3o nasci nas Rocas, mas sou roqueiro de corpo e alma. Foi neste bairro que escolhi viver e constituir fam\u00edlia, quando cheguei de Tangar\u00e1. Desde que comecei minha caminhada- primeiro nos movimentos sociais e depois na pol\u00edtica &#8211; trabalho para melhorar a qualidade de vida dos moradores dessa regi\u00e3o. E o bairro das Rocas tem muito a comemorar, principalmente nos \u00faltimos anos e ainda h\u00e1 muito trabalho pela frente&#8221;, enfatiza o parlamentar.&nbsp;<\/p>\n\n\n\n<p>HIST\u00d3RIA&nbsp;<\/p>\n\n\n\n<p>O Bairro das Rocas teve seu in\u00edcio de povoamento em meados de 1880\u00a0 Primeiramente, o historiador Luiz C\u00e2mara Cascudo o nomeou de \u201cIlha de Montenegro&#8221;, em 1956. Logo em seguida, devido \u00e0 quantidade de grupos de pescadores que chegaram \u00e0 regi\u00e3o (1980), teve seu nome alterado para \u201cAtol das Rocas\u201d, que era bastante famoso para os pescadores devido \u00e0 sua boa \u00e1rea para a pesca. Segundo o pr\u00f3prio Cascudo, deu-se o nome pois os pescadores pescavam nas \u00e1guas do atol e denominaram as Rocas como \u201ca morada em terras firmes\u201d.<\/p>\n\n\n\n<p>Mat\u00e9ria publicada no <a href=\"http:\/\/www.alexsilvaassu.com.br\/2021\/09\/bairro-das-rocas-faz-aniversario-nesta.html\">Blog do Alex Silva Assu<\/a>. <\/p>\n","protected":false},"featured_media":2831,"parent":0,"template":"","class_list":["post-2830","news","type-news","status-publish","has-post-thumbnail","hentry"],"acf":[],"yoast_head":"<!-- This site is optimized with the Yoast SEO plugin v24.6 - https:\/\/yoast.com\/wordpress\/plugins\/seo\/ -->\n<title>Bairro das Rocas faz anivers\u00e1rio nesta sexta com alvorada e Sess\u00e3o Solene - Ubaldo Fernandes<\/title>\n<meta name=\"robots\" content=\"index, follow, max-snippet:-1, max-image-preview:large, max-video-preview:-1\" \/>\n<link rel=\"canonical\" href=\"https:\/\/ubaldofernandes.com\/index.php\/news\/bairro-das-rocas-faz-aniversario-nesta-sexta-com-alvorada-e-sessao-solene-2\/\" \/>\n<meta property=\"og:locale\" content=\"pt_BR\" \/>\n<meta property=\"og:type\" content=\"article\" \/>\n<meta property=\"og:title\" content=\"Bairro das Rocas faz anivers\u00e1rio nesta sexta com alvorada e Sess\u00e3o Solene - Ubaldo Fernandes\" \/>\n<meta property=\"og:description\" content=\"Um dos bairros mais antigos de Natal, Rocas faz anivers\u00e1rio nesta sexta-feira, 3 de setembro, e ter\u00e1 v\u00e1rios eventos alusivos durante o m\u00eas, por iniciativa do deputado Ubaldo Fernandes (PL), morador e representante da regi\u00e3o.&nbsp; Os primeiros eventos acontecem justamente no Dia do Bairro das Rocas, institu\u00eddo em 2010 no Calend\u00e1rio Oficial de Eventos da [&hellip;]\" \/>\n<meta property=\"og:url\" content=\"https:\/\/ubaldofernandes.com\/index.php\/news\/bairro-das-rocas-faz-aniversario-nesta-sexta-com-alvorada-e-sessao-solene-2\/\" \/>\n<meta property=\"og:site_name\" content=\"Ubaldo Fernandes\" \/>\n<meta property=\"article:modified_time\" content=\"2021-09-04T11:54:26+00:00\" \/>\n<meta property=\"og:image\" content=\"https:\/\/ubaldofernandes.com\/wp-content\/uploads\/2021\/09\/Blog-Alex-Silva-Ass\u00fa-1.jpg\" \/>\n\t<meta property=\"og:image:width\" content=\"1080\" \/>\n\t<meta property=\"og:image:height\" content=\"1080\" \/>\n\t<meta property=\"og:image:type\" content=\"image\/jpeg\" \/>\n<meta name=\"twitter:card\" content=\"summary_large_image\" \/>\n<meta name=\"twitter:label1\" content=\"Est. tempo de leitura\" \/>\n\t<meta name=\"twitter:data1\" content=\"2 minutos\" \/>\n<script type=\"application\/ld+json\" class=\"yoast-schema-graph\">{\"@context\":\"https:\/\/schema.org\",\"@graph\":[{\"@type\":\"WebPage\",\"@id\":\"https:\/\/ubaldofernandes.com\/index.php\/news\/bairro-das-rocas-faz-aniversario-nesta-sexta-com-alvorada-e-sessao-solene-2\/\",\"url\":\"https:\/\/ubaldofernandes.com\/index.php\/news\/bairro-das-rocas-faz-aniversario-nesta-sexta-com-alvorada-e-sessao-solene-2\/\",\"name\":\"Bairro das Rocas faz anivers\u00e1rio nesta sexta com alvorada e Sess\u00e3o Solene - Ubaldo Fernandes\",\"isPartOf\":{\"@id\":\"https:\/\/ubaldofernandes.com\/#website\"},\"primaryImageOfPage\":{\"@id\":\"https:\/\/ubaldofernandes.com\/index.php\/news\/bairro-das-rocas-faz-aniversario-nesta-sexta-com-alvorada-e-sessao-solene-2\/#primaryimage\"},\"image\":{\"@id\":\"https:\/\/ubaldofernandes.com\/index.php\/news\/bairro-das-rocas-faz-aniversario-nesta-sexta-com-alvorada-e-sessao-solene-2\/#primaryimage\"},\"thumbnailUrl\":\"https:\/\/ubaldofernandes.com\/wp-content\/uploads\/2021\/09\/Blog-Alex-Silva-Ass\u00fa-1.jpg\",\"datePublished\":\"2021-09-03T01:51:41+00:00\",\"dateModified\":\"2021-09-04T11:54:26+00:00\",\"breadcrumb\":{\"@id\":\"https:\/\/ubaldofernandes.com\/index.php\/news\/bairro-das-rocas-faz-aniversario-nesta-sexta-com-alvorada-e-sessao-solene-2\/#breadcrumb\"},\"inLanguage\":\"pt-BR\",\"potentialAction\":[{\"@type\":\"ReadAction\",\"target\":[\"https:\/\/ubaldofernandes.com\/index.php\/news\/bairro-das-rocas-faz-aniversario-nesta-sexta-com-alvorada-e-sessao-solene-2\/\"]}]},{\"@type\":\"ImageObject\",\"inLanguage\":\"pt-BR\",\"@id\":\"https:\/\/ubaldofernandes.com\/index.php\/news\/bairro-das-rocas-faz-aniversario-nesta-sexta-com-alvorada-e-sessao-solene-2\/#primaryimage\",\"url\":\"https:\/\/ubaldofernandes.com\/wp-content\/uploads\/2021\/09\/Blog-Alex-Silva-Ass\u00fa-1.jpg\",\"contentUrl\":\"https:\/\/ubaldofernandes.com\/wp-content\/uploads\/2021\/09\/Blog-Alex-Silva-Ass\u00fa-1.jpg\",\"width\":1080,\"height\":1080},{\"@type\":\"BreadcrumbList\",\"@id\":\"https:\/\/ubaldofernandes.com\/index.php\/news\/bairro-das-rocas-faz-aniversario-nesta-sexta-com-alvorada-e-sessao-solene-2\/#breadcrumb\",\"itemListElement\":[{\"@type\":\"ListItem\",\"position\":1,\"name\":\"In\u00edcio\",\"item\":\"https:\/\/ubaldofernandes.com\/\"},{\"@type\":\"ListItem\",\"position\":2,\"name\":\"Not\u00edcias\",\"item\":\"https:\/\/ubaldofernandes.com\/index.php\/news\/\"},{\"@type\":\"ListItem\",\"position\":3,\"name\":\"Bairro das Rocas faz anivers\u00e1rio nesta sexta com alvorada e Sess\u00e3o Solene\"}]},{\"@type\":\"WebSite\",\"@id\":\"https:\/\/ubaldofernandes.com\/#website\",\"url\":\"https:\/\/ubaldofernandes.com\/\",\"name\":\"Ubaldo Fernandes\",\"description\":\"Deputado Estadual\",\"potentialAction\":[{\"@type\":\"SearchAction\",\"target\":{\"@type\":\"EntryPoint\",\"urlTemplate\":\"https:\/\/ubaldofernandes.com\/?s={search_term_string}\"},\"query-input\":{\"@type\":\"PropertyValueSpecification\",\"valueRequired\":true,\"valueName\":\"search_term_string\"}}],\"inLanguage\":\"pt-BR\"}]}<\/script>\n<!-- \/ Yoast SEO plugin. -->","yoast_head_json":{"title":"Bairro das Rocas faz anivers\u00e1rio nesta sexta com alvorada e Sess\u00e3o Solene - Ubaldo Fernandes","robots":{"index":"index","follow":"follow","max-snippet":"max-snippet:-1","max-image-preview":"max-image-preview:large","max-video-preview":"max-video-preview:-1"},"canonical":"https:\/\/ubaldofernandes.com\/index.php\/news\/bairro-das-rocas-faz-aniversario-nesta-sexta-com-alvorada-e-sessao-solene-2\/","og_locale":"pt_BR","og_type":"article","og_title":"Bairro das Rocas faz anivers\u00e1rio nesta sexta com alvorada e Sess\u00e3o Solene - Ubaldo Fernandes","og_description":"Um dos bairros mais antigos de Natal, Rocas faz anivers\u00e1rio nesta sexta-feira, 3 de setembro, e ter\u00e1 v\u00e1rios eventos alusivos durante o m\u00eas, por iniciativa do deputado Ubaldo Fernandes (PL), morador e representante da regi\u00e3o.&nbsp; Os primeiros eventos acontecem justamente no Dia do Bairro das Rocas, institu\u00eddo em 2010 no Calend\u00e1rio Oficial de Eventos da [&hellip;]","og_url":"https:\/\/ubaldofernandes.com\/index.php\/news\/bairro-das-rocas-faz-aniversario-nesta-sexta-com-alvorada-e-sessao-solene-2\/","og_site_name":"Ubaldo Fernandes","article_modified_time":"2021-09-04T11:54:26+00:00","og_image":[{"width":1080,"height":1080,"url":"https:\/\/ubaldofernandes.com\/wp-content\/uploads\/2021\/09\/Blog-Alex-Silva-Ass\u00fa-1.jpg","type":"image\/jpeg"}],"twitter_card":"summary_large_image","twitter_misc":{"Est. tempo de leitura":"2 minutos"},"schema":{"@context":"https:\/\/schema.org","@graph":[{"@type":"WebPage","@id":"https:\/\/ubaldofernandes.com\/index.php\/news\/bairro-das-rocas-faz-aniversario-nesta-sexta-com-alvorada-e-sessao-solene-2\/","url":"https:\/\/ubaldofernandes.com\/index.php\/news\/bairro-das-rocas-faz-aniversario-nesta-sexta-com-alvorada-e-sessao-solene-2\/","name":"Bairro das Rocas faz anivers\u00e1rio nesta sexta com alvorada e Sess\u00e3o Solene - Ubaldo Fernandes","isPartOf":{"@id":"https:\/\/ubaldofernandes.com\/#website"},"primaryImageOfPage":{"@id":"https:\/\/ubaldofernandes.com\/index.php\/news\/bairro-das-rocas-faz-aniversario-nesta-sexta-com-alvorada-e-sessao-solene-2\/#primaryimage"},"image":{"@id":"https:\/\/ubaldofernandes.com\/index.php\/news\/bairro-das-rocas-faz-aniversario-nesta-sexta-com-alvorada-e-sessao-solene-2\/#primaryimage"},"thumbnailUrl":"https:\/\/ubaldofernandes.com\/wp-content\/uploads\/2021\/09\/Blog-Alex-Silva-Ass\u00fa-1.jpg","datePublished":"2021-09-03T01:51:41+00:00","dateModified":"2021-09-04T11:54:26+00:00","breadcrumb":{"@id":"https:\/\/ubaldofernandes.com\/index.php\/news\/bairro-das-rocas-faz-aniversario-nesta-sexta-com-alvorada-e-sessao-solene-2\/#breadcrumb"},"inLanguage":"pt-BR","potentialAction":[{"@type":"ReadAction","target":["https:\/\/ubaldofernandes.com\/index.php\/news\/bairro-das-rocas-faz-aniversario-nesta-sexta-com-alvorada-e-sessao-solene-2\/"]}]},{"@type":"ImageObject","inLanguage":"pt-BR","@id":"https:\/\/ubaldofernandes.com\/index.php\/news\/bairro-das-rocas-faz-aniversario-nesta-sexta-com-alvorada-e-sessao-solene-2\/#primaryimage","url":"https:\/\/ubaldofernandes.com\/wp-content\/uploads\/2021\/09\/Blog-Alex-Silva-Ass\u00fa-1.jpg","contentUrl":"https:\/\/ubaldofernandes.com\/wp-content\/uploads\/2021\/09\/Blog-Alex-Silva-Ass\u00fa-1.jpg","width":1080,"height":1080},{"@type":"BreadcrumbList","@id":"https:\/\/ubaldofernandes.com\/index.php\/news\/bairro-das-rocas-faz-aniversario-nesta-sexta-com-alvorada-e-sessao-solene-2\/#breadcrumb","itemListElement":[{"@type":"ListItem","position":1,"name":"In\u00edcio","item":"https:\/\/ubaldofernandes.com\/"},{"@type":"ListItem","position":2,"name":"Not\u00edcias","item":"https:\/\/ubaldofernandes.com\/index.php\/news\/"},{"@type":"ListItem","position":3,"name":"Bairro das Rocas faz anivers\u00e1rio nesta sexta com alvorada e Sess\u00e3o Solene"}]},{"@type":"WebSite","@id":"https:\/\/ubaldofernandes.com\/#website","url":"https:\/\/ubaldofernandes.com\/","name":"Ubaldo Fernandes","description":"Deputado Estadual","potentialAction":[{"@type":"SearchAction","target":{"@type":"EntryPoint","urlTemplate":"https:\/\/ubaldofernandes.com\/?s={search_term_string}"},"query-input":{"@type":"PropertyValueSpecification","valueRequired":true,"valueName":"search_term_string"}}],"inLanguage":"pt-BR"}]}},"_links":{"self":[{"href":"https:\/\/ubaldofernandes.com\/index.php\/wp-json\/wp\/v2\/news\/2830","targetHints":{"allow":["GET"]}}],"collection":[{"href":"https:\/\/ubaldofernandes.com\/index.php\/wp-json\/wp\/v2\/news"}],"about":[{"href":"https:\/\/ubaldofernandes.com\/index.php\/wp-json\/wp\/v2\/types\/news"}],"wp:featuredmedia":[{"embeddable":true,"href":"https:\/\/ubaldofernandes.com\/index.php\/wp-json\/wp\/v2\/media\/2831"}],"wp:attachment":[{"href":"https:\/\/ubaldofernandes.com\/index.php\/wp-json\/wp\/v2\/media?parent=2830"}],"curies":[{"name":"wp","href":"https:\/\/api.w.org\/{rel}","templated":true}]}}