{"id":2843,"date":"2021-09-09T15:31:00","date_gmt":"2021-09-09T18:31:00","guid":{"rendered":"https:\/\/ubaldofernandes.com\/?post_type=news&#038;p=2843"},"modified":"2021-09-10T09:36:37","modified_gmt":"2021-09-10T12:36:37","slug":"assembleia-aprova-pl-pra-suspender-na-pandemia-mandados-de-reintegracao-de-posse-despejos-remocoes-entre-outros","status":"publish","type":"news","link":"https:\/\/ubaldofernandes.com\/index.php\/news\/assembleia-aprova-pl-pra-suspender-na-pandemia-mandados-de-reintegracao-de-posse-despejos-remocoes-entre-outros\/","title":{"rendered":"Assembleia aprova PL pra suspender na pandemia mandados de reintegra\u00e7\u00e3o de posse, despejos, remo\u00e7\u00f5es, entre outros"},"content":{"rendered":"\n<p>A Assembleia Legislativa do Rio Grande do Norte aprovou, na manh\u00e3 desta quarta-feira (08), o Projeto de Lei n\u00ba 135\/2020, de autoria do deputado Ubaldo Fernandes (PL), que disp\u00f5e sobre a suspens\u00e3o do cumprimento de mandados de reintegra\u00e7\u00e3o de posse e imiss\u00e3o na posse; despejos e remo\u00e7\u00f5es judiciais ou extrajudiciais; cobran\u00e7as de multas contratuais e juros de mora em casos de n\u00e3o pagamento do aluguel, presta\u00e7\u00e3o de quita\u00e7\u00e3o do im\u00f3vel residencial e da taxa condominial, como medida tempor\u00e1ria diante da pandemia do coronav\u00edrus.<\/p>\n\n\n\n<p>\u201cCentenas de fam\u00edlias est\u00e3o hoje amea\u00e7adas de despejos e remo\u00e7\u00f5es for\u00e7adas. Os processos de remo\u00e7\u00e3o, al\u00e9m de gerar deslocamentos de pessoas, tamb\u00e9m as obrigam a entrar em situa\u00e7\u00f5es de maior precariedade e exposi\u00e7\u00e3o ao v\u00edrus, como compartilhar habita\u00e7\u00e3o com outras fam\u00edlias e, em casos extremos, a morarem na rua. \u00c9 importante salientar que as condi\u00e7\u00f5es de moradia das popula\u00e7\u00f5es mais pobres j\u00e1 se caracterizam pelo adensamento excessivo e coabita\u00e7\u00e3o, o que coloca pessoas com diferentes graus de vulnerabilidade ao v\u00edrus em reduzido espa\u00e7o de habita\u00e7\u00e3o, e dificulta o isolamento de idosos e outros vulner\u00e1veis. Sendo assim, as remo\u00e7\u00f5es de fam\u00edlias inteiras, no atual momento, podem ampliar ainda mais a cadeia de cont\u00e1gio\u201d, justificou o propositor.<\/p>\n\n\n\n<p>Al\u00e9m disso, frisou o parlamentar, as medidas de isolamento social geraram in\u00fameras consequ\u00eancias econ\u00f4micas, que afetam v\u00e1rias fam\u00edlias que est\u00e3o com dificuldades para pagar aluguel, presta\u00e7\u00f5es da casa e taxas condominiais. \u201cS\u00f3 em processos judiciais em disputa, s\u00e3o milhares de fam\u00edlias envolvidas em conflitos coletivos amea\u00e7adas de despejo no Rio Grande do Norte. Como exemplo, temos a comunidade do Jac\u00f3, com 30 fam\u00edlias envolvidas no processo, dando cerca de 100 pessoas no total, que segue em disputa e em tramita\u00e7\u00e3o, agora talvez se encaminhando pra uma resolu\u00e7\u00e3o. \u00c9 bom lembrar que conflitos como esse tem v\u00e1rias pessoas envolvidas indiretamente. Uma remo\u00e7\u00e3o significa o desmonte da rede de solidariedade de fam\u00edlias e vizinhos. Separam-se fam\u00edlias e vizinhos de anos. H\u00e1 uma quest\u00e3o de v\u00ednculo afetivo com o local muito forte tamb\u00e9m\u201d.<\/p>\n\n\n\n<p>Por fim, Ubaldo destacou que este projeto de lei gera seguran\u00e7a tamb\u00e9m em rela\u00e7\u00e3o aos que moram de aluguel, e n\u00e3o s\u00f3 na quest\u00e3o coletiva da a\u00e7\u00e3o de reintegra\u00e7\u00e3o de posse e o quantitativo de pessoas nas ruas tamb\u00e9m \u00e9 um sinal do crescimento dos despejos individuais, que est\u00e1 sinalizado tamb\u00e9m no crescimento de grupos que procuram os movimentos organizados para se mobilizar. \u201cDiante de todo o exposto, pe\u00e7o aos colegas o voto positivo para essa mat\u00e9ria que traz justi\u00e7a social neste momento t\u00e3o cr\u00edtico que vivemos, principalmente para as comunidades mais carentes do RN\u201d, defendeu.<\/p>\n\n\n\n<p>A mat\u00e9ria foi subscrita pelos deputados Isolda Dantas (PT) e Francisco do PT (PT) e segue agora pra san\u00e7\u00e3o do Governo do Estado.<\/p>\n\n\n\n<p>Mat\u00e9ria publicada no <a href=\"http:\/\/www.vlaudeyliberato.com\/assembleia-aprova-pl-pra-suspender-na-pandemia-mandados-de-reintegracao-de-posse-despejos-remocoes-entre-outros\/\">Blog do Vlaudey Liberato<\/a>.<\/p>\n\n\n\n<p><\/p>\n","protected":false},"featured_media":2844,"parent":0,"template":"","class_list":["post-2843","news","type-news","status-publish","has-post-thumbnail","hentry"],"acf":[],"yoast_head":"<!-- This site is optimized with the Yoast SEO plugin v24.6 - https:\/\/yoast.com\/wordpress\/plugins\/seo\/ -->\n<title>Assembleia aprova PL pra suspender na pandemia mandados de reintegra\u00e7\u00e3o de posse, despejos, remo\u00e7\u00f5es, entre outros - Ubaldo Fernandes<\/title>\n<meta name=\"robots\" content=\"index, follow, max-snippet:-1, max-image-preview:large, max-video-preview:-1\" \/>\n<link rel=\"canonical\" href=\"https:\/\/ubaldofernandes.com\/index.php\/news\/assembleia-aprova-pl-pra-suspender-na-pandemia-mandados-de-reintegracao-de-posse-despejos-remocoes-entre-outros\/\" \/>\n<meta property=\"og:locale\" content=\"pt_BR\" \/>\n<meta property=\"og:type\" content=\"article\" \/>\n<meta property=\"og:title\" content=\"Assembleia aprova PL pra suspender na pandemia mandados de reintegra\u00e7\u00e3o de posse, despejos, remo\u00e7\u00f5es, entre outros - Ubaldo Fernandes\" \/>\n<meta property=\"og:description\" content=\"A Assembleia Legislativa do Rio Grande do Norte aprovou, na manh\u00e3 desta quarta-feira (08), o Projeto de Lei n\u00ba 135\/2020, de autoria do deputado Ubaldo Fernandes (PL), que disp\u00f5e sobre a suspens\u00e3o do cumprimento de mandados de reintegra\u00e7\u00e3o de posse e imiss\u00e3o na posse; despejos e remo\u00e7\u00f5es judiciais ou extrajudiciais; cobran\u00e7as de multas contratuais e [&hellip;]\" \/>\n<meta property=\"og:url\" content=\"https:\/\/ubaldofernandes.com\/index.php\/news\/assembleia-aprova-pl-pra-suspender-na-pandemia-mandados-de-reintegracao-de-posse-despejos-remocoes-entre-outros\/\" \/>\n<meta property=\"og:site_name\" content=\"Ubaldo Fernandes\" \/>\n<meta property=\"article:modified_time\" content=\"2021-09-10T12:36:37+00:00\" \/>\n<meta property=\"og:image\" content=\"https:\/\/ubaldofernandes.com\/wp-content\/uploads\/2021\/09\/blog-do-vlaudey.jpg\" \/>\n\t<meta property=\"og:image:width\" content=\"430\" \/>\n\t<meta property=\"og:image:height\" content=\"287\" \/>\n\t<meta property=\"og:image:type\" content=\"image\/jpeg\" \/>\n<meta name=\"twitter:card\" content=\"summary_large_image\" \/>\n<meta name=\"twitter:label1\" content=\"Est. tempo de leitura\" \/>\n\t<meta name=\"twitter:data1\" content=\"3 minutos\" \/>\n<script type=\"application\/ld+json\" class=\"yoast-schema-graph\">{\"@context\":\"https:\/\/schema.org\",\"@graph\":[{\"@type\":\"WebPage\",\"@id\":\"https:\/\/ubaldofernandes.com\/index.php\/news\/assembleia-aprova-pl-pra-suspender-na-pandemia-mandados-de-reintegracao-de-posse-despejos-remocoes-entre-outros\/\",\"url\":\"https:\/\/ubaldofernandes.com\/index.php\/news\/assembleia-aprova-pl-pra-suspender-na-pandemia-mandados-de-reintegracao-de-posse-despejos-remocoes-entre-outros\/\",\"name\":\"Assembleia aprova PL pra suspender na pandemia mandados de reintegra\u00e7\u00e3o de posse, despejos, remo\u00e7\u00f5es, entre outros - Ubaldo Fernandes\",\"isPartOf\":{\"@id\":\"https:\/\/ubaldofernandes.com\/#website\"},\"primaryImageOfPage\":{\"@id\":\"https:\/\/ubaldofernandes.com\/index.php\/news\/assembleia-aprova-pl-pra-suspender-na-pandemia-mandados-de-reintegracao-de-posse-despejos-remocoes-entre-outros\/#primaryimage\"},\"image\":{\"@id\":\"https:\/\/ubaldofernandes.com\/index.php\/news\/assembleia-aprova-pl-pra-suspender-na-pandemia-mandados-de-reintegracao-de-posse-despejos-remocoes-entre-outros\/#primaryimage\"},\"thumbnailUrl\":\"https:\/\/ubaldofernandes.com\/wp-content\/uploads\/2021\/09\/blog-do-vlaudey.jpg\",\"datePublished\":\"2021-09-09T18:31:00+00:00\",\"dateModified\":\"2021-09-10T12:36:37+00:00\",\"breadcrumb\":{\"@id\":\"https:\/\/ubaldofernandes.com\/index.php\/news\/assembleia-aprova-pl-pra-suspender-na-pandemia-mandados-de-reintegracao-de-posse-despejos-remocoes-entre-outros\/#breadcrumb\"},\"inLanguage\":\"pt-BR\",\"potentialAction\":[{\"@type\":\"ReadAction\",\"target\":[\"https:\/\/ubaldofernandes.com\/index.php\/news\/assembleia-aprova-pl-pra-suspender-na-pandemia-mandados-de-reintegracao-de-posse-despejos-remocoes-entre-outros\/\"]}]},{\"@type\":\"ImageObject\",\"inLanguage\":\"pt-BR\",\"@id\":\"https:\/\/ubaldofernandes.com\/index.php\/news\/assembleia-aprova-pl-pra-suspender-na-pandemia-mandados-de-reintegracao-de-posse-despejos-remocoes-entre-outros\/#primaryimage\",\"url\":\"https:\/\/ubaldofernandes.com\/wp-content\/uploads\/2021\/09\/blog-do-vlaudey.jpg\",\"contentUrl\":\"https:\/\/ubaldofernandes.com\/wp-content\/uploads\/2021\/09\/blog-do-vlaudey.jpg\",\"width\":430,\"height\":287},{\"@type\":\"BreadcrumbList\",\"@id\":\"https:\/\/ubaldofernandes.com\/index.php\/news\/assembleia-aprova-pl-pra-suspender-na-pandemia-mandados-de-reintegracao-de-posse-despejos-remocoes-entre-outros\/#breadcrumb\",\"itemListElement\":[{\"@type\":\"ListItem\",\"position\":1,\"name\":\"In\u00edcio\",\"item\":\"https:\/\/ubaldofernandes.com\/\"},{\"@type\":\"ListItem\",\"position\":2,\"name\":\"Not\u00edcias\",\"item\":\"https:\/\/ubaldofernandes.com\/index.php\/news\/\"},{\"@type\":\"ListItem\",\"position\":3,\"name\":\"Assembleia aprova PL pra suspender na pandemia mandados de reintegra\u00e7\u00e3o de posse, despejos, remo\u00e7\u00f5es, entre outros\"}]},{\"@type\":\"WebSite\",\"@id\":\"https:\/\/ubaldofernandes.com\/#website\",\"url\":\"https:\/\/ubaldofernandes.com\/\",\"name\":\"Ubaldo Fernandes\",\"description\":\"Deputado Estadual\",\"potentialAction\":[{\"@type\":\"SearchAction\",\"target\":{\"@type\":\"EntryPoint\",\"urlTemplate\":\"https:\/\/ubaldofernandes.com\/?s={search_term_string}\"},\"query-input\":{\"@type\":\"PropertyValueSpecification\",\"valueRequired\":true,\"valueName\":\"search_term_string\"}}],\"inLanguage\":\"pt-BR\"}]}<\/script>\n<!-- \/ Yoast SEO plugin. -->","yoast_head_json":{"title":"Assembleia aprova PL pra suspender na pandemia mandados de reintegra\u00e7\u00e3o de posse, despejos, remo\u00e7\u00f5es, entre outros - Ubaldo Fernandes","robots":{"index":"index","follow":"follow","max-snippet":"max-snippet:-1","max-image-preview":"max-image-preview:large","max-video-preview":"max-video-preview:-1"},"canonical":"https:\/\/ubaldofernandes.com\/index.php\/news\/assembleia-aprova-pl-pra-suspender-na-pandemia-mandados-de-reintegracao-de-posse-despejos-remocoes-entre-outros\/","og_locale":"pt_BR","og_type":"article","og_title":"Assembleia aprova PL pra suspender na pandemia mandados de reintegra\u00e7\u00e3o de posse, despejos, remo\u00e7\u00f5es, entre outros - Ubaldo Fernandes","og_description":"A Assembleia Legislativa do Rio Grande do Norte aprovou, na manh\u00e3 desta quarta-feira (08), o Projeto de Lei n\u00ba 135\/2020, de autoria do deputado Ubaldo Fernandes (PL), que disp\u00f5e sobre a suspens\u00e3o do cumprimento de mandados de reintegra\u00e7\u00e3o de posse e imiss\u00e3o na posse; despejos e remo\u00e7\u00f5es judiciais ou extrajudiciais; cobran\u00e7as de multas contratuais e [&hellip;]","og_url":"https:\/\/ubaldofernandes.com\/index.php\/news\/assembleia-aprova-pl-pra-suspender-na-pandemia-mandados-de-reintegracao-de-posse-despejos-remocoes-entre-outros\/","og_site_name":"Ubaldo Fernandes","article_modified_time":"2021-09-10T12:36:37+00:00","og_image":[{"width":430,"height":287,"url":"https:\/\/ubaldofernandes.com\/wp-content\/uploads\/2021\/09\/blog-do-vlaudey.jpg","type":"image\/jpeg"}],"twitter_card":"summary_large_image","twitter_misc":{"Est. tempo de leitura":"3 minutos"},"schema":{"@context":"https:\/\/schema.org","@graph":[{"@type":"WebPage","@id":"https:\/\/ubaldofernandes.com\/index.php\/news\/assembleia-aprova-pl-pra-suspender-na-pandemia-mandados-de-reintegracao-de-posse-despejos-remocoes-entre-outros\/","url":"https:\/\/ubaldofernandes.com\/index.php\/news\/assembleia-aprova-pl-pra-suspender-na-pandemia-mandados-de-reintegracao-de-posse-despejos-remocoes-entre-outros\/","name":"Assembleia aprova PL pra suspender na pandemia mandados de reintegra\u00e7\u00e3o de posse, despejos, remo\u00e7\u00f5es, entre outros - Ubaldo Fernandes","isPartOf":{"@id":"https:\/\/ubaldofernandes.com\/#website"},"primaryImageOfPage":{"@id":"https:\/\/ubaldofernandes.com\/index.php\/news\/assembleia-aprova-pl-pra-suspender-na-pandemia-mandados-de-reintegracao-de-posse-despejos-remocoes-entre-outros\/#primaryimage"},"image":{"@id":"https:\/\/ubaldofernandes.com\/index.php\/news\/assembleia-aprova-pl-pra-suspender-na-pandemia-mandados-de-reintegracao-de-posse-despejos-remocoes-entre-outros\/#primaryimage"},"thumbnailUrl":"https:\/\/ubaldofernandes.com\/wp-content\/uploads\/2021\/09\/blog-do-vlaudey.jpg","datePublished":"2021-09-09T18:31:00+00:00","dateModified":"2021-09-10T12:36:37+00:00","breadcrumb":{"@id":"https:\/\/ubaldofernandes.com\/index.php\/news\/assembleia-aprova-pl-pra-suspender-na-pandemia-mandados-de-reintegracao-de-posse-despejos-remocoes-entre-outros\/#breadcrumb"},"inLanguage":"pt-BR","potentialAction":[{"@type":"ReadAction","target":["https:\/\/ubaldofernandes.com\/index.php\/news\/assembleia-aprova-pl-pra-suspender-na-pandemia-mandados-de-reintegracao-de-posse-despejos-remocoes-entre-outros\/"]}]},{"@type":"ImageObject","inLanguage":"pt-BR","@id":"https:\/\/ubaldofernandes.com\/index.php\/news\/assembleia-aprova-pl-pra-suspender-na-pandemia-mandados-de-reintegracao-de-posse-despejos-remocoes-entre-outros\/#primaryimage","url":"https:\/\/ubaldofernandes.com\/wp-content\/uploads\/2021\/09\/blog-do-vlaudey.jpg","contentUrl":"https:\/\/ubaldofernandes.com\/wp-content\/uploads\/2021\/09\/blog-do-vlaudey.jpg","width":430,"height":287},{"@type":"BreadcrumbList","@id":"https:\/\/ubaldofernandes.com\/index.php\/news\/assembleia-aprova-pl-pra-suspender-na-pandemia-mandados-de-reintegracao-de-posse-despejos-remocoes-entre-outros\/#breadcrumb","itemListElement":[{"@type":"ListItem","position":1,"name":"In\u00edcio","item":"https:\/\/ubaldofernandes.com\/"},{"@type":"ListItem","position":2,"name":"Not\u00edcias","item":"https:\/\/ubaldofernandes.com\/index.php\/news\/"},{"@type":"ListItem","position":3,"name":"Assembleia aprova PL pra suspender na pandemia mandados de reintegra\u00e7\u00e3o de posse, despejos, remo\u00e7\u00f5es, entre outros"}]},{"@type":"WebSite","@id":"https:\/\/ubaldofernandes.com\/#website","url":"https:\/\/ubaldofernandes.com\/","name":"Ubaldo Fernandes","description":"Deputado Estadual","potentialAction":[{"@type":"SearchAction","target":{"@type":"EntryPoint","urlTemplate":"https:\/\/ubaldofernandes.com\/?s={search_term_string}"},"query-input":{"@type":"PropertyValueSpecification","valueRequired":true,"valueName":"search_term_string"}}],"inLanguage":"pt-BR"}]}},"_links":{"self":[{"href":"https:\/\/ubaldofernandes.com\/index.php\/wp-json\/wp\/v2\/news\/2843","targetHints":{"allow":["GET"]}}],"collection":[{"href":"https:\/\/ubaldofernandes.com\/index.php\/wp-json\/wp\/v2\/news"}],"about":[{"href":"https:\/\/ubaldofernandes.com\/index.php\/wp-json\/wp\/v2\/types\/news"}],"wp:featuredmedia":[{"embeddable":true,"href":"https:\/\/ubaldofernandes.com\/index.php\/wp-json\/wp\/v2\/media\/2844"}],"wp:attachment":[{"href":"https:\/\/ubaldofernandes.com\/index.php\/wp-json\/wp\/v2\/media?parent=2843"}],"curies":[{"name":"wp","href":"https:\/\/api.w.org\/{rel}","templated":true}]}}