{"id":2889,"date":"2021-09-14T13:14:00","date_gmt":"2021-09-14T16:14:00","guid":{"rendered":"https:\/\/ubaldofernandes.com\/?post_type=news&#038;p=2889"},"modified":"2021-09-15T09:34:22","modified_gmt":"2021-09-15T12:34:22","slug":"deputado-estadual-ubaldo-fernandes-defende-licitacao-urgente-do-transporte-publico-de-natal","status":"publish","type":"news","link":"https:\/\/ubaldofernandes.com\/index.php\/news\/deputado-estadual-ubaldo-fernandes-defende-licitacao-urgente-do-transporte-publico-de-natal\/","title":{"rendered":"Deputado estadual Ubaldo Fernandes defende licita\u00e7\u00e3o urgente do transporte p\u00fablico de Natal"},"content":{"rendered":"\n<p>Enquanto havia um protesto em frente \u00e0 Prefeitura do Natal \u2013 ao lado da Assembleia Legislativa \u2013 na manh\u00e3 desta ter\u00e7a-feira 14, o deputado estadual Ubaldo Fernandes \u2013 com forte atua\u00e7\u00e3o em Natal e tendo sido vereador da capital potiguar por dois mandatos, falava na Sess\u00e3o Ordin\u00e1ria sobre a luta em prol de transporte p\u00fablico de qualidade, al\u00e9m de agilidade para a licita\u00e7\u00e3o que \u00e9 aguardada h\u00e1 mais de uma d\u00e9cada.<\/p>\n\n\n\n<p>\u201cParabenizamos todo o esfor\u00e7o dos vereadores da capital e lideran\u00e7as comunit\u00e1rias que lutam conosco junto \u00e0 Secretaria de Mobilidade Urbana de Natal para conseguir ampliar linhas de \u00f4nibus e acelerar a licita\u00e7\u00e3o p\u00fablica. Uma proposta apresentada pela pasta ontem em audi\u00eancia p\u00fablica na C\u00e2mara de Natal prev\u00ea um aumento de 62% no n\u00famero de viagens de \u00f4nibus por m\u00eas. Esse crescimento estaria ligado a uma mudan\u00e7a completa do conceito de linhas, viagens e itiner\u00e1rios nas ruas e avenidas. Al\u00e9m disso, a expectativa da pasta seria reduzir a quilometragem total por m\u00eas dos \u00f4nibus em 20%, al\u00e9m de aumentar de 81 para 90 linhas de \u00f4nibus. O novo desenho deve ser a base da licita\u00e7\u00e3o do transporte p\u00fablico, prevista para ser lan\u00e7ada at\u00e9 o fim desse ano, se Deus quiser\u201d, comentou.<\/p>\n\n\n\n<p>O parlamentar pontuou que nas d\u00e9cadas anteriores o sistema era muito melhor e vem caindo de qualidade ano a ano, como admitiu a pr\u00f3pria STTU que informou que atual modelo est\u00e1 ultrapassado, uma vez que foi projetado para a capital dos anos 80, como explicou o secret\u00e1rio Paulo C\u00e9sar. \u201cSentimos maior abertura ao di\u00e1logo por parte do \u00f3rg\u00e3o municipal, que anunciou uma s\u00e9rie de reuni\u00f5es com l\u00edderes comunit\u00e1rios de todas as regi\u00f5es para saber da viabilidade, car\u00eancias e sugest\u00f5es para o projeto. Ficamos esperan\u00e7osos com essa futura licita\u00e7\u00e3o, uma vez que garantiram que era consenso que o novo desenho do transporte p\u00fablico deve ser colocado em pr\u00e1tica a partir das \u00e1reas mais carentes de \u00f4nibus da cidade\u201d.<\/p>\n\n\n\n<p>\u201cO secret\u00e1rio disse que escutaria os anseios, trabalhando em cima de dados t\u00e9cnicos, pesquisas, mas enfatizando que a popula\u00e7\u00e3o \u00e9 quem vivencia, conhece a regi\u00e3o e que dessas reuni\u00f5es podem surgir altera\u00e7\u00f5es necess\u00e1rias ao projeto. Desejamos dias melhores aos usu\u00e1rios dos transportes p\u00fablicos de Natal e contem conosco na constru\u00e7\u00e3o dessa nova realidade\u201d, finalizou o deputado.<\/p>\n\n\n\n<p>Mat\u00e9ria publicada no <a href=\"https:\/\/agorarn.com.br\/ultimas\/deputado-estadual-ubaldo-fernandes-defende-licitacao-urgente-do-transporte-publico-de-natal\/\">jornal Agora RN<\/a>. <\/p>\n","protected":false},"featured_media":2890,"parent":0,"template":"","class_list":["post-2889","news","type-news","status-publish","has-post-thumbnail","hentry"],"acf":[],"yoast_head":"<!-- This site is optimized with the Yoast SEO plugin v24.6 - https:\/\/yoast.com\/wordpress\/plugins\/seo\/ -->\n<title>Deputado estadual Ubaldo Fernandes defende licita\u00e7\u00e3o urgente do transporte p\u00fablico de Natal - Ubaldo Fernandes<\/title>\n<meta name=\"robots\" content=\"index, follow, max-snippet:-1, max-image-preview:large, max-video-preview:-1\" \/>\n<link rel=\"canonical\" href=\"https:\/\/ubaldofernandes.com\/index.php\/news\/deputado-estadual-ubaldo-fernandes-defende-licitacao-urgente-do-transporte-publico-de-natal\/\" \/>\n<meta property=\"og:locale\" content=\"pt_BR\" \/>\n<meta property=\"og:type\" content=\"article\" \/>\n<meta property=\"og:title\" content=\"Deputado estadual Ubaldo Fernandes defende licita\u00e7\u00e3o urgente do transporte p\u00fablico de Natal - Ubaldo Fernandes\" \/>\n<meta property=\"og:description\" content=\"Enquanto havia um protesto em frente \u00e0 Prefeitura do Natal \u2013 ao lado da Assembleia Legislativa \u2013 na manh\u00e3 desta ter\u00e7a-feira 14, o deputado estadual Ubaldo Fernandes \u2013 com forte atua\u00e7\u00e3o em Natal e tendo sido vereador da capital potiguar por dois mandatos, falava na Sess\u00e3o Ordin\u00e1ria sobre a luta em prol de transporte p\u00fablico [&hellip;]\" \/>\n<meta property=\"og:url\" content=\"https:\/\/ubaldofernandes.com\/index.php\/news\/deputado-estadual-ubaldo-fernandes-defende-licitacao-urgente-do-transporte-publico-de-natal\/\" \/>\n<meta property=\"og:site_name\" content=\"Ubaldo Fernandes\" \/>\n<meta property=\"article:modified_time\" content=\"2021-09-15T12:34:22+00:00\" \/>\n<meta property=\"og:image\" content=\"https:\/\/ubaldofernandes.com\/wp-content\/uploads\/2021\/09\/Agora-RN-140921.jpeg\" \/>\n\t<meta property=\"og:image:width\" content=\"930\" \/>\n\t<meta property=\"og:image:height\" content=\"524\" \/>\n\t<meta property=\"og:image:type\" content=\"image\/jpeg\" \/>\n<meta name=\"twitter:card\" content=\"summary_large_image\" \/>\n<meta name=\"twitter:label1\" content=\"Est. tempo de leitura\" \/>\n\t<meta name=\"twitter:data1\" content=\"2 minutos\" \/>\n<script type=\"application\/ld+json\" class=\"yoast-schema-graph\">{\"@context\":\"https:\/\/schema.org\",\"@graph\":[{\"@type\":\"WebPage\",\"@id\":\"https:\/\/ubaldofernandes.com\/index.php\/news\/deputado-estadual-ubaldo-fernandes-defende-licitacao-urgente-do-transporte-publico-de-natal\/\",\"url\":\"https:\/\/ubaldofernandes.com\/index.php\/news\/deputado-estadual-ubaldo-fernandes-defende-licitacao-urgente-do-transporte-publico-de-natal\/\",\"name\":\"Deputado estadual Ubaldo Fernandes defende licita\u00e7\u00e3o urgente do transporte p\u00fablico de Natal - Ubaldo Fernandes\",\"isPartOf\":{\"@id\":\"https:\/\/ubaldofernandes.com\/#website\"},\"primaryImageOfPage\":{\"@id\":\"https:\/\/ubaldofernandes.com\/index.php\/news\/deputado-estadual-ubaldo-fernandes-defende-licitacao-urgente-do-transporte-publico-de-natal\/#primaryimage\"},\"image\":{\"@id\":\"https:\/\/ubaldofernandes.com\/index.php\/news\/deputado-estadual-ubaldo-fernandes-defende-licitacao-urgente-do-transporte-publico-de-natal\/#primaryimage\"},\"thumbnailUrl\":\"https:\/\/ubaldofernandes.com\/wp-content\/uploads\/2021\/09\/Agora-RN-140921.jpeg\",\"datePublished\":\"2021-09-14T16:14:00+00:00\",\"dateModified\":\"2021-09-15T12:34:22+00:00\",\"breadcrumb\":{\"@id\":\"https:\/\/ubaldofernandes.com\/index.php\/news\/deputado-estadual-ubaldo-fernandes-defende-licitacao-urgente-do-transporte-publico-de-natal\/#breadcrumb\"},\"inLanguage\":\"pt-BR\",\"potentialAction\":[{\"@type\":\"ReadAction\",\"target\":[\"https:\/\/ubaldofernandes.com\/index.php\/news\/deputado-estadual-ubaldo-fernandes-defende-licitacao-urgente-do-transporte-publico-de-natal\/\"]}]},{\"@type\":\"ImageObject\",\"inLanguage\":\"pt-BR\",\"@id\":\"https:\/\/ubaldofernandes.com\/index.php\/news\/deputado-estadual-ubaldo-fernandes-defende-licitacao-urgente-do-transporte-publico-de-natal\/#primaryimage\",\"url\":\"https:\/\/ubaldofernandes.com\/wp-content\/uploads\/2021\/09\/Agora-RN-140921.jpeg\",\"contentUrl\":\"https:\/\/ubaldofernandes.com\/wp-content\/uploads\/2021\/09\/Agora-RN-140921.jpeg\",\"width\":930,\"height\":524},{\"@type\":\"BreadcrumbList\",\"@id\":\"https:\/\/ubaldofernandes.com\/index.php\/news\/deputado-estadual-ubaldo-fernandes-defende-licitacao-urgente-do-transporte-publico-de-natal\/#breadcrumb\",\"itemListElement\":[{\"@type\":\"ListItem\",\"position\":1,\"name\":\"In\u00edcio\",\"item\":\"https:\/\/ubaldofernandes.com\/\"},{\"@type\":\"ListItem\",\"position\":2,\"name\":\"Not\u00edcias\",\"item\":\"https:\/\/ubaldofernandes.com\/index.php\/news\/\"},{\"@type\":\"ListItem\",\"position\":3,\"name\":\"Deputado estadual Ubaldo Fernandes defende licita\u00e7\u00e3o urgente do transporte p\u00fablico de Natal\"}]},{\"@type\":\"WebSite\",\"@id\":\"https:\/\/ubaldofernandes.com\/#website\",\"url\":\"https:\/\/ubaldofernandes.com\/\",\"name\":\"Ubaldo Fernandes\",\"description\":\"Deputado Estadual\",\"potentialAction\":[{\"@type\":\"SearchAction\",\"target\":{\"@type\":\"EntryPoint\",\"urlTemplate\":\"https:\/\/ubaldofernandes.com\/?s={search_term_string}\"},\"query-input\":{\"@type\":\"PropertyValueSpecification\",\"valueRequired\":true,\"valueName\":\"search_term_string\"}}],\"inLanguage\":\"pt-BR\"}]}<\/script>\n<!-- \/ Yoast SEO plugin. -->","yoast_head_json":{"title":"Deputado estadual Ubaldo Fernandes defende licita\u00e7\u00e3o urgente do transporte p\u00fablico de Natal - Ubaldo Fernandes","robots":{"index":"index","follow":"follow","max-snippet":"max-snippet:-1","max-image-preview":"max-image-preview:large","max-video-preview":"max-video-preview:-1"},"canonical":"https:\/\/ubaldofernandes.com\/index.php\/news\/deputado-estadual-ubaldo-fernandes-defende-licitacao-urgente-do-transporte-publico-de-natal\/","og_locale":"pt_BR","og_type":"article","og_title":"Deputado estadual Ubaldo Fernandes defende licita\u00e7\u00e3o urgente do transporte p\u00fablico de Natal - Ubaldo Fernandes","og_description":"Enquanto havia um protesto em frente \u00e0 Prefeitura do Natal \u2013 ao lado da Assembleia Legislativa \u2013 na manh\u00e3 desta ter\u00e7a-feira 14, o deputado estadual Ubaldo Fernandes \u2013 com forte atua\u00e7\u00e3o em Natal e tendo sido vereador da capital potiguar por dois mandatos, falava na Sess\u00e3o Ordin\u00e1ria sobre a luta em prol de transporte p\u00fablico [&hellip;]","og_url":"https:\/\/ubaldofernandes.com\/index.php\/news\/deputado-estadual-ubaldo-fernandes-defende-licitacao-urgente-do-transporte-publico-de-natal\/","og_site_name":"Ubaldo Fernandes","article_modified_time":"2021-09-15T12:34:22+00:00","og_image":[{"width":930,"height":524,"url":"https:\/\/ubaldofernandes.com\/wp-content\/uploads\/2021\/09\/Agora-RN-140921.jpeg","type":"image\/jpeg"}],"twitter_card":"summary_large_image","twitter_misc":{"Est. tempo de leitura":"2 minutos"},"schema":{"@context":"https:\/\/schema.org","@graph":[{"@type":"WebPage","@id":"https:\/\/ubaldofernandes.com\/index.php\/news\/deputado-estadual-ubaldo-fernandes-defende-licitacao-urgente-do-transporte-publico-de-natal\/","url":"https:\/\/ubaldofernandes.com\/index.php\/news\/deputado-estadual-ubaldo-fernandes-defende-licitacao-urgente-do-transporte-publico-de-natal\/","name":"Deputado estadual Ubaldo Fernandes defende licita\u00e7\u00e3o urgente do transporte p\u00fablico de Natal - Ubaldo Fernandes","isPartOf":{"@id":"https:\/\/ubaldofernandes.com\/#website"},"primaryImageOfPage":{"@id":"https:\/\/ubaldofernandes.com\/index.php\/news\/deputado-estadual-ubaldo-fernandes-defende-licitacao-urgente-do-transporte-publico-de-natal\/#primaryimage"},"image":{"@id":"https:\/\/ubaldofernandes.com\/index.php\/news\/deputado-estadual-ubaldo-fernandes-defende-licitacao-urgente-do-transporte-publico-de-natal\/#primaryimage"},"thumbnailUrl":"https:\/\/ubaldofernandes.com\/wp-content\/uploads\/2021\/09\/Agora-RN-140921.jpeg","datePublished":"2021-09-14T16:14:00+00:00","dateModified":"2021-09-15T12:34:22+00:00","breadcrumb":{"@id":"https:\/\/ubaldofernandes.com\/index.php\/news\/deputado-estadual-ubaldo-fernandes-defende-licitacao-urgente-do-transporte-publico-de-natal\/#breadcrumb"},"inLanguage":"pt-BR","potentialAction":[{"@type":"ReadAction","target":["https:\/\/ubaldofernandes.com\/index.php\/news\/deputado-estadual-ubaldo-fernandes-defende-licitacao-urgente-do-transporte-publico-de-natal\/"]}]},{"@type":"ImageObject","inLanguage":"pt-BR","@id":"https:\/\/ubaldofernandes.com\/index.php\/news\/deputado-estadual-ubaldo-fernandes-defende-licitacao-urgente-do-transporte-publico-de-natal\/#primaryimage","url":"https:\/\/ubaldofernandes.com\/wp-content\/uploads\/2021\/09\/Agora-RN-140921.jpeg","contentUrl":"https:\/\/ubaldofernandes.com\/wp-content\/uploads\/2021\/09\/Agora-RN-140921.jpeg","width":930,"height":524},{"@type":"BreadcrumbList","@id":"https:\/\/ubaldofernandes.com\/index.php\/news\/deputado-estadual-ubaldo-fernandes-defende-licitacao-urgente-do-transporte-publico-de-natal\/#breadcrumb","itemListElement":[{"@type":"ListItem","position":1,"name":"In\u00edcio","item":"https:\/\/ubaldofernandes.com\/"},{"@type":"ListItem","position":2,"name":"Not\u00edcias","item":"https:\/\/ubaldofernandes.com\/index.php\/news\/"},{"@type":"ListItem","position":3,"name":"Deputado estadual Ubaldo Fernandes defende licita\u00e7\u00e3o urgente do transporte p\u00fablico de Natal"}]},{"@type":"WebSite","@id":"https:\/\/ubaldofernandes.com\/#website","url":"https:\/\/ubaldofernandes.com\/","name":"Ubaldo Fernandes","description":"Deputado Estadual","potentialAction":[{"@type":"SearchAction","target":{"@type":"EntryPoint","urlTemplate":"https:\/\/ubaldofernandes.com\/?s={search_term_string}"},"query-input":{"@type":"PropertyValueSpecification","valueRequired":true,"valueName":"search_term_string"}}],"inLanguage":"pt-BR"}]}},"_links":{"self":[{"href":"https:\/\/ubaldofernandes.com\/index.php\/wp-json\/wp\/v2\/news\/2889","targetHints":{"allow":["GET"]}}],"collection":[{"href":"https:\/\/ubaldofernandes.com\/index.php\/wp-json\/wp\/v2\/news"}],"about":[{"href":"https:\/\/ubaldofernandes.com\/index.php\/wp-json\/wp\/v2\/types\/news"}],"wp:featuredmedia":[{"embeddable":true,"href":"https:\/\/ubaldofernandes.com\/index.php\/wp-json\/wp\/v2\/media\/2890"}],"wp:attachment":[{"href":"https:\/\/ubaldofernandes.com\/index.php\/wp-json\/wp\/v2\/media?parent=2889"}],"curies":[{"name":"wp","href":"https:\/\/api.w.org\/{rel}","templated":true}]}}