{"id":2899,"date":"2021-09-15T18:10:24","date_gmt":"2021-09-15T21:10:24","guid":{"rendered":"https:\/\/ubaldofernandes.com\/?post_type=news&#038;p=2899"},"modified":"2021-09-16T08:54:25","modified_gmt":"2021-09-16T11:54:25","slug":"pl-de-autoria-de-ubaldo-visa-criar-campanha-de-prevencao-a-acidentes-com-gas-cozinha","status":"publish","type":"news","link":"https:\/\/ubaldofernandes.com\/index.php\/news\/pl-de-autoria-de-ubaldo-visa-criar-campanha-de-prevencao-a-acidentes-com-gas-cozinha\/","title":{"rendered":"PL de autoria de Ubaldo visa criar campanha de preven\u00e7\u00e3o a acidentes com g\u00e1s cozinha"},"content":{"rendered":"\n<p>Usando o hor\u00e1rio de lideran\u00e7as da Sess\u00e3o Ordin\u00e1ria desta quarta-feira (15), o deputado estadual Ubaldo Fernandes destacou um projeto de lei de sua autoria que disp\u00f5e sobre a implementa\u00e7\u00e3o de campanhas de conscientiza\u00e7\u00e3o do uso adequado de g\u00e1s residencial com o objetivo de garantir maior seguran\u00e7a \u00e0s fam\u00edlias e seus lares quanto ao uso adequado do g\u00e1s residencial, evitando acidentes dom\u00e9sticos em decorr\u00eancia de explos\u00f5es de botij\u00f5es de g\u00e1s.<\/p>\n\n\n\n<p>\u201cQuero destacar mais um triste incidente com g\u00e1s de cozinha, que aconteceu no Rio Grande do Norte esta semana \u2013 mais especificamente na regi\u00e3o metropolitana \u2013 de um idoso de 73 anos que ficou ferido com queimaduras em todo o corpo ap\u00f3s uma explos\u00e3o na noite da segunda-feira em Parnamirim \u2013 al\u00e9m dos demais casos, que tinham acontecido em M\u00e3e Luiza e no meu bairro, as Rocas, onde infelizmente duas pessoas faleceram \u2013 enfatizando que j\u00e1 foi aprovado um PL de nossa autoria de preven\u00e7\u00e3o a esses acidentes dom\u00e9sticos na Comiss\u00e3o de Constitui\u00e7\u00e3o e Justi\u00e7a e est\u00e1 na Comiss\u00e3o de Educa\u00e7\u00e3o\/Desenvolvimento, devendo vir a plen\u00e1rio nos pr\u00f3ximos dias\u201d, disse o parlamentar.<\/p>\n\n\n\n<p>Ubaldo disse que aprovando a mat\u00e9ria e sendo sancionada pelo governo, essa lei obrigar\u00e1 o Estado a elaborar campanhas de conscientiza\u00e7\u00e3o do uso adequado do botij\u00e3o de g\u00e1s e do g\u00e1s encanado para fins residenciais, por meio de m\u00eddia digital, outdoors, informes televisivos e radiof\u00f4nicos. \u201cEssa mat\u00e9ria prev\u00ea que os fornecedores e vendedores de botij\u00f5es de g\u00e1s residencial, bem como os prestadores do servi\u00e7o de g\u00e1s encanado, entreguem ao consumidor uma cartilha informativa a respeito do seu uso adequado; j\u00e1 os condom\u00ednios residenciais dever\u00e3o fixar nos elevadores informativos sobre uso adequado do g\u00e1s residencial\u201d, explicou.<\/p>\n\n\n\n<p>Com a Lei em vigor, em caso de descumprimento, o vendedor, fornecedor ou prestador de servi\u00e7o estariam sujeitos \u00e0 advert\u00eancia formal, multa em caso de reincid\u00eancia. \u201cDesde j\u00e1, quero contar com o apoio dos deputados e deputadas para a futura aprova\u00e7\u00e3o desse projeto de lei quando chegar a plen\u00e1rio. Uma lei importante para evitar esses tristes epis\u00f3dios que est\u00e3o acontecendo no nosso estado\u201d, concluiu.<\/p>\n\n\n\n<p>Mat\u00e9ria publicada no <a href=\"https:\/\/senadinhomacaiba.com.br\/pl-de-autoria-de-ubaldo-visa-criar-campanha-de-prevencao-a-acidentes-com-gas-cozinha\/\">Blog Senadinho Maca\u00edba<\/a>.<\/p>\n","protected":false},"featured_media":2900,"parent":0,"template":"","class_list":["post-2899","news","type-news","status-publish","has-post-thumbnail","hentry"],"acf":[],"yoast_head":"<!-- This site is optimized with the Yoast SEO plugin v24.6 - https:\/\/yoast.com\/wordpress\/plugins\/seo\/ -->\n<title>PL de autoria de Ubaldo visa criar campanha de preven\u00e7\u00e3o a acidentes com g\u00e1s cozinha - Ubaldo Fernandes<\/title>\n<meta name=\"robots\" content=\"index, follow, max-snippet:-1, max-image-preview:large, max-video-preview:-1\" \/>\n<link rel=\"canonical\" href=\"https:\/\/ubaldofernandes.com\/index.php\/news\/pl-de-autoria-de-ubaldo-visa-criar-campanha-de-prevencao-a-acidentes-com-gas-cozinha\/\" \/>\n<meta property=\"og:locale\" content=\"pt_BR\" \/>\n<meta property=\"og:type\" content=\"article\" \/>\n<meta property=\"og:title\" content=\"PL de autoria de Ubaldo visa criar campanha de preven\u00e7\u00e3o a acidentes com g\u00e1s cozinha - Ubaldo Fernandes\" \/>\n<meta property=\"og:description\" content=\"Usando o hor\u00e1rio de lideran\u00e7as da Sess\u00e3o Ordin\u00e1ria desta quarta-feira (15), o deputado estadual Ubaldo Fernandes destacou um projeto de lei de sua autoria que disp\u00f5e sobre a implementa\u00e7\u00e3o de campanhas de conscientiza\u00e7\u00e3o do uso adequado de g\u00e1s residencial com o objetivo de garantir maior seguran\u00e7a \u00e0s fam\u00edlias e seus lares quanto ao uso adequado [&hellip;]\" \/>\n<meta property=\"og:url\" content=\"https:\/\/ubaldofernandes.com\/index.php\/news\/pl-de-autoria-de-ubaldo-visa-criar-campanha-de-prevencao-a-acidentes-com-gas-cozinha\/\" \/>\n<meta property=\"og:site_name\" content=\"Ubaldo Fernandes\" \/>\n<meta property=\"article:modified_time\" content=\"2021-09-16T11:54:25+00:00\" \/>\n<meta property=\"og:image\" content=\"https:\/\/ubaldofernandes.com\/wp-content\/uploads\/2021\/09\/Ubaldo-PL-gas-cozinha.jpg\" \/>\n\t<meta property=\"og:image:width\" content=\"1280\" \/>\n\t<meta property=\"og:image:height\" content=\"854\" \/>\n\t<meta property=\"og:image:type\" content=\"image\/jpeg\" \/>\n<meta name=\"twitter:card\" content=\"summary_large_image\" \/>\n<meta name=\"twitter:label1\" content=\"Est. tempo de leitura\" \/>\n\t<meta name=\"twitter:data1\" content=\"2 minutos\" \/>\n<script type=\"application\/ld+json\" class=\"yoast-schema-graph\">{\"@context\":\"https:\/\/schema.org\",\"@graph\":[{\"@type\":\"WebPage\",\"@id\":\"https:\/\/ubaldofernandes.com\/index.php\/news\/pl-de-autoria-de-ubaldo-visa-criar-campanha-de-prevencao-a-acidentes-com-gas-cozinha\/\",\"url\":\"https:\/\/ubaldofernandes.com\/index.php\/news\/pl-de-autoria-de-ubaldo-visa-criar-campanha-de-prevencao-a-acidentes-com-gas-cozinha\/\",\"name\":\"PL de autoria de Ubaldo visa criar campanha de preven\u00e7\u00e3o a acidentes com g\u00e1s cozinha - Ubaldo Fernandes\",\"isPartOf\":{\"@id\":\"https:\/\/ubaldofernandes.com\/#website\"},\"primaryImageOfPage\":{\"@id\":\"https:\/\/ubaldofernandes.com\/index.php\/news\/pl-de-autoria-de-ubaldo-visa-criar-campanha-de-prevencao-a-acidentes-com-gas-cozinha\/#primaryimage\"},\"image\":{\"@id\":\"https:\/\/ubaldofernandes.com\/index.php\/news\/pl-de-autoria-de-ubaldo-visa-criar-campanha-de-prevencao-a-acidentes-com-gas-cozinha\/#primaryimage\"},\"thumbnailUrl\":\"https:\/\/ubaldofernandes.com\/wp-content\/uploads\/2021\/09\/Ubaldo-PL-gas-cozinha.jpg\",\"datePublished\":\"2021-09-15T21:10:24+00:00\",\"dateModified\":\"2021-09-16T11:54:25+00:00\",\"breadcrumb\":{\"@id\":\"https:\/\/ubaldofernandes.com\/index.php\/news\/pl-de-autoria-de-ubaldo-visa-criar-campanha-de-prevencao-a-acidentes-com-gas-cozinha\/#breadcrumb\"},\"inLanguage\":\"pt-BR\",\"potentialAction\":[{\"@type\":\"ReadAction\",\"target\":[\"https:\/\/ubaldofernandes.com\/index.php\/news\/pl-de-autoria-de-ubaldo-visa-criar-campanha-de-prevencao-a-acidentes-com-gas-cozinha\/\"]}]},{\"@type\":\"ImageObject\",\"inLanguage\":\"pt-BR\",\"@id\":\"https:\/\/ubaldofernandes.com\/index.php\/news\/pl-de-autoria-de-ubaldo-visa-criar-campanha-de-prevencao-a-acidentes-com-gas-cozinha\/#primaryimage\",\"url\":\"https:\/\/ubaldofernandes.com\/wp-content\/uploads\/2021\/09\/Ubaldo-PL-gas-cozinha.jpg\",\"contentUrl\":\"https:\/\/ubaldofernandes.com\/wp-content\/uploads\/2021\/09\/Ubaldo-PL-gas-cozinha.jpg\",\"width\":1280,\"height\":854},{\"@type\":\"BreadcrumbList\",\"@id\":\"https:\/\/ubaldofernandes.com\/index.php\/news\/pl-de-autoria-de-ubaldo-visa-criar-campanha-de-prevencao-a-acidentes-com-gas-cozinha\/#breadcrumb\",\"itemListElement\":[{\"@type\":\"ListItem\",\"position\":1,\"name\":\"In\u00edcio\",\"item\":\"https:\/\/ubaldofernandes.com\/\"},{\"@type\":\"ListItem\",\"position\":2,\"name\":\"Not\u00edcias\",\"item\":\"https:\/\/ubaldofernandes.com\/index.php\/news\/\"},{\"@type\":\"ListItem\",\"position\":3,\"name\":\"PL de autoria de Ubaldo visa criar campanha de preven\u00e7\u00e3o a acidentes com g\u00e1s cozinha\"}]},{\"@type\":\"WebSite\",\"@id\":\"https:\/\/ubaldofernandes.com\/#website\",\"url\":\"https:\/\/ubaldofernandes.com\/\",\"name\":\"Ubaldo Fernandes\",\"description\":\"Deputado Estadual\",\"potentialAction\":[{\"@type\":\"SearchAction\",\"target\":{\"@type\":\"EntryPoint\",\"urlTemplate\":\"https:\/\/ubaldofernandes.com\/?s={search_term_string}\"},\"query-input\":{\"@type\":\"PropertyValueSpecification\",\"valueRequired\":true,\"valueName\":\"search_term_string\"}}],\"inLanguage\":\"pt-BR\"}]}<\/script>\n<!-- \/ Yoast SEO plugin. -->","yoast_head_json":{"title":"PL de autoria de Ubaldo visa criar campanha de preven\u00e7\u00e3o a acidentes com g\u00e1s cozinha - Ubaldo Fernandes","robots":{"index":"index","follow":"follow","max-snippet":"max-snippet:-1","max-image-preview":"max-image-preview:large","max-video-preview":"max-video-preview:-1"},"canonical":"https:\/\/ubaldofernandes.com\/index.php\/news\/pl-de-autoria-de-ubaldo-visa-criar-campanha-de-prevencao-a-acidentes-com-gas-cozinha\/","og_locale":"pt_BR","og_type":"article","og_title":"PL de autoria de Ubaldo visa criar campanha de preven\u00e7\u00e3o a acidentes com g\u00e1s cozinha - Ubaldo Fernandes","og_description":"Usando o hor\u00e1rio de lideran\u00e7as da Sess\u00e3o Ordin\u00e1ria desta quarta-feira (15), o deputado estadual Ubaldo Fernandes destacou um projeto de lei de sua autoria que disp\u00f5e sobre a implementa\u00e7\u00e3o de campanhas de conscientiza\u00e7\u00e3o do uso adequado de g\u00e1s residencial com o objetivo de garantir maior seguran\u00e7a \u00e0s fam\u00edlias e seus lares quanto ao uso adequado [&hellip;]","og_url":"https:\/\/ubaldofernandes.com\/index.php\/news\/pl-de-autoria-de-ubaldo-visa-criar-campanha-de-prevencao-a-acidentes-com-gas-cozinha\/","og_site_name":"Ubaldo Fernandes","article_modified_time":"2021-09-16T11:54:25+00:00","og_image":[{"width":1280,"height":854,"url":"https:\/\/ubaldofernandes.com\/wp-content\/uploads\/2021\/09\/Ubaldo-PL-gas-cozinha.jpg","type":"image\/jpeg"}],"twitter_card":"summary_large_image","twitter_misc":{"Est. tempo de leitura":"2 minutos"},"schema":{"@context":"https:\/\/schema.org","@graph":[{"@type":"WebPage","@id":"https:\/\/ubaldofernandes.com\/index.php\/news\/pl-de-autoria-de-ubaldo-visa-criar-campanha-de-prevencao-a-acidentes-com-gas-cozinha\/","url":"https:\/\/ubaldofernandes.com\/index.php\/news\/pl-de-autoria-de-ubaldo-visa-criar-campanha-de-prevencao-a-acidentes-com-gas-cozinha\/","name":"PL de autoria de Ubaldo visa criar campanha de preven\u00e7\u00e3o a acidentes com g\u00e1s cozinha - Ubaldo Fernandes","isPartOf":{"@id":"https:\/\/ubaldofernandes.com\/#website"},"primaryImageOfPage":{"@id":"https:\/\/ubaldofernandes.com\/index.php\/news\/pl-de-autoria-de-ubaldo-visa-criar-campanha-de-prevencao-a-acidentes-com-gas-cozinha\/#primaryimage"},"image":{"@id":"https:\/\/ubaldofernandes.com\/index.php\/news\/pl-de-autoria-de-ubaldo-visa-criar-campanha-de-prevencao-a-acidentes-com-gas-cozinha\/#primaryimage"},"thumbnailUrl":"https:\/\/ubaldofernandes.com\/wp-content\/uploads\/2021\/09\/Ubaldo-PL-gas-cozinha.jpg","datePublished":"2021-09-15T21:10:24+00:00","dateModified":"2021-09-16T11:54:25+00:00","breadcrumb":{"@id":"https:\/\/ubaldofernandes.com\/index.php\/news\/pl-de-autoria-de-ubaldo-visa-criar-campanha-de-prevencao-a-acidentes-com-gas-cozinha\/#breadcrumb"},"inLanguage":"pt-BR","potentialAction":[{"@type":"ReadAction","target":["https:\/\/ubaldofernandes.com\/index.php\/news\/pl-de-autoria-de-ubaldo-visa-criar-campanha-de-prevencao-a-acidentes-com-gas-cozinha\/"]}]},{"@type":"ImageObject","inLanguage":"pt-BR","@id":"https:\/\/ubaldofernandes.com\/index.php\/news\/pl-de-autoria-de-ubaldo-visa-criar-campanha-de-prevencao-a-acidentes-com-gas-cozinha\/#primaryimage","url":"https:\/\/ubaldofernandes.com\/wp-content\/uploads\/2021\/09\/Ubaldo-PL-gas-cozinha.jpg","contentUrl":"https:\/\/ubaldofernandes.com\/wp-content\/uploads\/2021\/09\/Ubaldo-PL-gas-cozinha.jpg","width":1280,"height":854},{"@type":"BreadcrumbList","@id":"https:\/\/ubaldofernandes.com\/index.php\/news\/pl-de-autoria-de-ubaldo-visa-criar-campanha-de-prevencao-a-acidentes-com-gas-cozinha\/#breadcrumb","itemListElement":[{"@type":"ListItem","position":1,"name":"In\u00edcio","item":"https:\/\/ubaldofernandes.com\/"},{"@type":"ListItem","position":2,"name":"Not\u00edcias","item":"https:\/\/ubaldofernandes.com\/index.php\/news\/"},{"@type":"ListItem","position":3,"name":"PL de autoria de Ubaldo visa criar campanha de preven\u00e7\u00e3o a acidentes com g\u00e1s cozinha"}]},{"@type":"WebSite","@id":"https:\/\/ubaldofernandes.com\/#website","url":"https:\/\/ubaldofernandes.com\/","name":"Ubaldo Fernandes","description":"Deputado Estadual","potentialAction":[{"@type":"SearchAction","target":{"@type":"EntryPoint","urlTemplate":"https:\/\/ubaldofernandes.com\/?s={search_term_string}"},"query-input":{"@type":"PropertyValueSpecification","valueRequired":true,"valueName":"search_term_string"}}],"inLanguage":"pt-BR"}]}},"_links":{"self":[{"href":"https:\/\/ubaldofernandes.com\/index.php\/wp-json\/wp\/v2\/news\/2899","targetHints":{"allow":["GET"]}}],"collection":[{"href":"https:\/\/ubaldofernandes.com\/index.php\/wp-json\/wp\/v2\/news"}],"about":[{"href":"https:\/\/ubaldofernandes.com\/index.php\/wp-json\/wp\/v2\/types\/news"}],"wp:featuredmedia":[{"embeddable":true,"href":"https:\/\/ubaldofernandes.com\/index.php\/wp-json\/wp\/v2\/media\/2900"}],"wp:attachment":[{"href":"https:\/\/ubaldofernandes.com\/index.php\/wp-json\/wp\/v2\/media?parent=2899"}],"curies":[{"name":"wp","href":"https:\/\/api.w.org\/{rel}","templated":true}]}}