{"id":2906,"date":"2021-09-16T22:16:00","date_gmt":"2021-09-17T01:16:00","guid":{"rendered":"https:\/\/ubaldofernandes.com\/?post_type=news&#038;p=2906"},"modified":"2021-09-21T09:20:58","modified_gmt":"2021-09-21T12:20:58","slug":"deputado-ubaldo-fernandes-estara-em-mossoro-nesta-sexta-17","status":"publish","type":"news","link":"https:\/\/ubaldofernandes.com\/index.php\/news\/deputado-ubaldo-fernandes-estara-em-mossoro-nesta-sexta-17\/","title":{"rendered":"Deputado Ubaldo Fernandes estar\u00e1 em Mossor\u00f3 nesta sexta (17)"},"content":{"rendered":"\n<p>Deputado estadual que destinou recentemente R$ 100 mil para a sa\u00fade p\u00fablica do munic\u00edpio de Mossor\u00f3 (compra de ambul\u00e2ncia), Ubaldo Fernandes estar\u00e1 na capital oestana nesta sexta-feira (17) em agenda ao lado do vereador Costinha, parceiro do seu mandato.<\/p>\n\n\n\n<p>Na agenda, reuni\u00f5es com o Padre Janedson, da Par\u00f3quia do Alto de S\u00e3o Manoel, com o presidente da C\u00e2mara Municipal, Lawrence Amorim, ocasi\u00e3o em que tamb\u00e9m assistir\u00e1 apresenta\u00e7\u00e3o do aplicativo P\u00f3s-covid com seu desenvolvedor, Paulo Paiva. Ubaldo Fernandes ainda conceder\u00e1 entrevista na r\u00e1dio Difusora e visitas \u00e0 Associa\u00e7\u00e3o Jovem Esperan\u00e7a e ao barrac\u00e3o da escola de samba com Marcinho.<\/p>\n\n\n\n<p>\u201cEssas viagens s\u00e3o importantes para que possamos ver de perto as realidades e ouvir as necessidades das lideran\u00e7as, comunidades e entidades do interior, colocando nosso mandato \u00e0 disposi\u00e7\u00e3o na luta por dias melhores. Mossor\u00f3 \u00e9 um dos munic\u00edpios priorit\u00e1rios na nossa atua\u00e7\u00e3o e estamos sempre colaborando para seu desenvolvimento\u201d, destaca o parlamentar.<\/p>\n\n\n\n<p>Mat\u00e9ria publicada no <a href=\"https:\/\/blogafonte.com.br\/2021\/09\/16\/deputado-ubaldo-estara-em-mossoro-nesta-sexta-17\/\">Blog A Fonte<\/a>. <\/p>\n","protected":false},"featured_media":2907,"parent":0,"template":"","class_list":["post-2906","news","type-news","status-publish","has-post-thumbnail","hentry"],"acf":[],"yoast_head":"<!-- This site is optimized with the Yoast SEO plugin v24.6 - https:\/\/yoast.com\/wordpress\/plugins\/seo\/ -->\n<title>Deputado Ubaldo Fernandes estar\u00e1 em Mossor\u00f3 nesta sexta (17) - Ubaldo Fernandes<\/title>\n<meta name=\"robots\" content=\"index, follow, max-snippet:-1, max-image-preview:large, max-video-preview:-1\" \/>\n<link rel=\"canonical\" href=\"https:\/\/ubaldofernandes.com\/index.php\/news\/deputado-ubaldo-fernandes-estara-em-mossoro-nesta-sexta-17\/\" \/>\n<meta property=\"og:locale\" content=\"pt_BR\" \/>\n<meta property=\"og:type\" content=\"article\" \/>\n<meta property=\"og:title\" content=\"Deputado Ubaldo Fernandes estar\u00e1 em Mossor\u00f3 nesta sexta (17) - Ubaldo Fernandes\" \/>\n<meta property=\"og:description\" content=\"Deputado estadual que destinou recentemente R$ 100 mil para a sa\u00fade p\u00fablica do munic\u00edpio de Mossor\u00f3 (compra de ambul\u00e2ncia), Ubaldo Fernandes estar\u00e1 na capital oestana nesta sexta-feira (17) em agenda ao lado do vereador Costinha, parceiro do seu mandato. Na agenda, reuni\u00f5es com o Padre Janedson, da Par\u00f3quia do Alto de S\u00e3o Manoel, com o [&hellip;]\" \/>\n<meta property=\"og:url\" content=\"https:\/\/ubaldofernandes.com\/index.php\/news\/deputado-ubaldo-fernandes-estara-em-mossoro-nesta-sexta-17\/\" \/>\n<meta property=\"og:site_name\" content=\"Ubaldo Fernandes\" \/>\n<meta property=\"article:modified_time\" content=\"2021-09-21T12:20:58+00:00\" \/>\n<meta property=\"og:image\" content=\"https:\/\/ubaldofernandes.com\/wp-content\/uploads\/2021\/09\/Ubaldo-Fernandes-PL-1-696x465-1.jpeg\" \/>\n\t<meta property=\"og:image:width\" content=\"696\" \/>\n\t<meta property=\"og:image:height\" content=\"465\" \/>\n\t<meta property=\"og:image:type\" content=\"image\/jpeg\" \/>\n<meta name=\"twitter:card\" content=\"summary_large_image\" \/>\n<meta name=\"twitter:label1\" content=\"Est. tempo de leitura\" \/>\n\t<meta name=\"twitter:data1\" content=\"1 minuto\" \/>\n<script type=\"application\/ld+json\" class=\"yoast-schema-graph\">{\"@context\":\"https:\/\/schema.org\",\"@graph\":[{\"@type\":\"WebPage\",\"@id\":\"https:\/\/ubaldofernandes.com\/index.php\/news\/deputado-ubaldo-fernandes-estara-em-mossoro-nesta-sexta-17\/\",\"url\":\"https:\/\/ubaldofernandes.com\/index.php\/news\/deputado-ubaldo-fernandes-estara-em-mossoro-nesta-sexta-17\/\",\"name\":\"Deputado Ubaldo Fernandes estar\u00e1 em Mossor\u00f3 nesta sexta (17) - Ubaldo Fernandes\",\"isPartOf\":{\"@id\":\"https:\/\/ubaldofernandes.com\/#website\"},\"primaryImageOfPage\":{\"@id\":\"https:\/\/ubaldofernandes.com\/index.php\/news\/deputado-ubaldo-fernandes-estara-em-mossoro-nesta-sexta-17\/#primaryimage\"},\"image\":{\"@id\":\"https:\/\/ubaldofernandes.com\/index.php\/news\/deputado-ubaldo-fernandes-estara-em-mossoro-nesta-sexta-17\/#primaryimage\"},\"thumbnailUrl\":\"https:\/\/ubaldofernandes.com\/wp-content\/uploads\/2021\/09\/Ubaldo-Fernandes-PL-1-696x465-1.jpeg\",\"datePublished\":\"2021-09-17T01:16:00+00:00\",\"dateModified\":\"2021-09-21T12:20:58+00:00\",\"breadcrumb\":{\"@id\":\"https:\/\/ubaldofernandes.com\/index.php\/news\/deputado-ubaldo-fernandes-estara-em-mossoro-nesta-sexta-17\/#breadcrumb\"},\"inLanguage\":\"pt-BR\",\"potentialAction\":[{\"@type\":\"ReadAction\",\"target\":[\"https:\/\/ubaldofernandes.com\/index.php\/news\/deputado-ubaldo-fernandes-estara-em-mossoro-nesta-sexta-17\/\"]}]},{\"@type\":\"ImageObject\",\"inLanguage\":\"pt-BR\",\"@id\":\"https:\/\/ubaldofernandes.com\/index.php\/news\/deputado-ubaldo-fernandes-estara-em-mossoro-nesta-sexta-17\/#primaryimage\",\"url\":\"https:\/\/ubaldofernandes.com\/wp-content\/uploads\/2021\/09\/Ubaldo-Fernandes-PL-1-696x465-1.jpeg\",\"contentUrl\":\"https:\/\/ubaldofernandes.com\/wp-content\/uploads\/2021\/09\/Ubaldo-Fernandes-PL-1-696x465-1.jpeg\",\"width\":696,\"height\":465},{\"@type\":\"BreadcrumbList\",\"@id\":\"https:\/\/ubaldofernandes.com\/index.php\/news\/deputado-ubaldo-fernandes-estara-em-mossoro-nesta-sexta-17\/#breadcrumb\",\"itemListElement\":[{\"@type\":\"ListItem\",\"position\":1,\"name\":\"In\u00edcio\",\"item\":\"https:\/\/ubaldofernandes.com\/\"},{\"@type\":\"ListItem\",\"position\":2,\"name\":\"Not\u00edcias\",\"item\":\"https:\/\/ubaldofernandes.com\/index.php\/news\/\"},{\"@type\":\"ListItem\",\"position\":3,\"name\":\"Deputado Ubaldo Fernandes estar\u00e1 em Mossor\u00f3 nesta sexta (17)\"}]},{\"@type\":\"WebSite\",\"@id\":\"https:\/\/ubaldofernandes.com\/#website\",\"url\":\"https:\/\/ubaldofernandes.com\/\",\"name\":\"Ubaldo Fernandes\",\"description\":\"Deputado Estadual\",\"potentialAction\":[{\"@type\":\"SearchAction\",\"target\":{\"@type\":\"EntryPoint\",\"urlTemplate\":\"https:\/\/ubaldofernandes.com\/?s={search_term_string}\"},\"query-input\":{\"@type\":\"PropertyValueSpecification\",\"valueRequired\":true,\"valueName\":\"search_term_string\"}}],\"inLanguage\":\"pt-BR\"}]}<\/script>\n<!-- \/ Yoast SEO plugin. -->","yoast_head_json":{"title":"Deputado Ubaldo Fernandes estar\u00e1 em Mossor\u00f3 nesta sexta (17) - Ubaldo Fernandes","robots":{"index":"index","follow":"follow","max-snippet":"max-snippet:-1","max-image-preview":"max-image-preview:large","max-video-preview":"max-video-preview:-1"},"canonical":"https:\/\/ubaldofernandes.com\/index.php\/news\/deputado-ubaldo-fernandes-estara-em-mossoro-nesta-sexta-17\/","og_locale":"pt_BR","og_type":"article","og_title":"Deputado Ubaldo Fernandes estar\u00e1 em Mossor\u00f3 nesta sexta (17) - Ubaldo Fernandes","og_description":"Deputado estadual que destinou recentemente R$ 100 mil para a sa\u00fade p\u00fablica do munic\u00edpio de Mossor\u00f3 (compra de ambul\u00e2ncia), Ubaldo Fernandes estar\u00e1 na capital oestana nesta sexta-feira (17) em agenda ao lado do vereador Costinha, parceiro do seu mandato. Na agenda, reuni\u00f5es com o Padre Janedson, da Par\u00f3quia do Alto de S\u00e3o Manoel, com o [&hellip;]","og_url":"https:\/\/ubaldofernandes.com\/index.php\/news\/deputado-ubaldo-fernandes-estara-em-mossoro-nesta-sexta-17\/","og_site_name":"Ubaldo Fernandes","article_modified_time":"2021-09-21T12:20:58+00:00","og_image":[{"width":696,"height":465,"url":"https:\/\/ubaldofernandes.com\/wp-content\/uploads\/2021\/09\/Ubaldo-Fernandes-PL-1-696x465-1.jpeg","type":"image\/jpeg"}],"twitter_card":"summary_large_image","twitter_misc":{"Est. tempo de leitura":"1 minuto"},"schema":{"@context":"https:\/\/schema.org","@graph":[{"@type":"WebPage","@id":"https:\/\/ubaldofernandes.com\/index.php\/news\/deputado-ubaldo-fernandes-estara-em-mossoro-nesta-sexta-17\/","url":"https:\/\/ubaldofernandes.com\/index.php\/news\/deputado-ubaldo-fernandes-estara-em-mossoro-nesta-sexta-17\/","name":"Deputado Ubaldo Fernandes estar\u00e1 em Mossor\u00f3 nesta sexta (17) - Ubaldo Fernandes","isPartOf":{"@id":"https:\/\/ubaldofernandes.com\/#website"},"primaryImageOfPage":{"@id":"https:\/\/ubaldofernandes.com\/index.php\/news\/deputado-ubaldo-fernandes-estara-em-mossoro-nesta-sexta-17\/#primaryimage"},"image":{"@id":"https:\/\/ubaldofernandes.com\/index.php\/news\/deputado-ubaldo-fernandes-estara-em-mossoro-nesta-sexta-17\/#primaryimage"},"thumbnailUrl":"https:\/\/ubaldofernandes.com\/wp-content\/uploads\/2021\/09\/Ubaldo-Fernandes-PL-1-696x465-1.jpeg","datePublished":"2021-09-17T01:16:00+00:00","dateModified":"2021-09-21T12:20:58+00:00","breadcrumb":{"@id":"https:\/\/ubaldofernandes.com\/index.php\/news\/deputado-ubaldo-fernandes-estara-em-mossoro-nesta-sexta-17\/#breadcrumb"},"inLanguage":"pt-BR","potentialAction":[{"@type":"ReadAction","target":["https:\/\/ubaldofernandes.com\/index.php\/news\/deputado-ubaldo-fernandes-estara-em-mossoro-nesta-sexta-17\/"]}]},{"@type":"ImageObject","inLanguage":"pt-BR","@id":"https:\/\/ubaldofernandes.com\/index.php\/news\/deputado-ubaldo-fernandes-estara-em-mossoro-nesta-sexta-17\/#primaryimage","url":"https:\/\/ubaldofernandes.com\/wp-content\/uploads\/2021\/09\/Ubaldo-Fernandes-PL-1-696x465-1.jpeg","contentUrl":"https:\/\/ubaldofernandes.com\/wp-content\/uploads\/2021\/09\/Ubaldo-Fernandes-PL-1-696x465-1.jpeg","width":696,"height":465},{"@type":"BreadcrumbList","@id":"https:\/\/ubaldofernandes.com\/index.php\/news\/deputado-ubaldo-fernandes-estara-em-mossoro-nesta-sexta-17\/#breadcrumb","itemListElement":[{"@type":"ListItem","position":1,"name":"In\u00edcio","item":"https:\/\/ubaldofernandes.com\/"},{"@type":"ListItem","position":2,"name":"Not\u00edcias","item":"https:\/\/ubaldofernandes.com\/index.php\/news\/"},{"@type":"ListItem","position":3,"name":"Deputado Ubaldo Fernandes estar\u00e1 em Mossor\u00f3 nesta sexta (17)"}]},{"@type":"WebSite","@id":"https:\/\/ubaldofernandes.com\/#website","url":"https:\/\/ubaldofernandes.com\/","name":"Ubaldo Fernandes","description":"Deputado Estadual","potentialAction":[{"@type":"SearchAction","target":{"@type":"EntryPoint","urlTemplate":"https:\/\/ubaldofernandes.com\/?s={search_term_string}"},"query-input":{"@type":"PropertyValueSpecification","valueRequired":true,"valueName":"search_term_string"}}],"inLanguage":"pt-BR"}]}},"_links":{"self":[{"href":"https:\/\/ubaldofernandes.com\/index.php\/wp-json\/wp\/v2\/news\/2906","targetHints":{"allow":["GET"]}}],"collection":[{"href":"https:\/\/ubaldofernandes.com\/index.php\/wp-json\/wp\/v2\/news"}],"about":[{"href":"https:\/\/ubaldofernandes.com\/index.php\/wp-json\/wp\/v2\/types\/news"}],"wp:featuredmedia":[{"embeddable":true,"href":"https:\/\/ubaldofernandes.com\/index.php\/wp-json\/wp\/v2\/media\/2907"}],"wp:attachment":[{"href":"https:\/\/ubaldofernandes.com\/index.php\/wp-json\/wp\/v2\/media?parent=2906"}],"curies":[{"name":"wp","href":"https:\/\/api.w.org\/{rel}","templated":true}]}}