{"id":2911,"date":"2021-09-20T21:00:00","date_gmt":"2021-09-21T00:00:00","guid":{"rendered":"https:\/\/ubaldofernandes.com\/?post_type=news&#038;p=2911"},"modified":"2021-09-21T09:37:01","modified_gmt":"2021-09-21T12:37:01","slug":"em-currais-novos-ubaldo-participou-de-audiencia-que-debateu-fortalecimento-de-associacoes","status":"publish","type":"news","link":"https:\/\/ubaldofernandes.com\/index.php\/news\/em-currais-novos-ubaldo-participou-de-audiencia-que-debateu-fortalecimento-de-associacoes\/","title":{"rendered":"Em Currais Novos, Ubaldo participou de Audi\u00eancia que debateu fortalecimento de associa\u00e7\u00f5es"},"content":{"rendered":"\n<p>O deputado estadual Ubaldo Fernandes participou, na manh\u00e3 desta segunda-feira (20), de Audi\u00eancia P\u00fablica em Currais Novos, realizada pelo vereador Daniel Bezerra, que apresentou demandas da entidades da sociedade civil organizada, como a necessidade de cria\u00e7\u00e3o de um F\u00f3rum Municipal de Economia Solid\u00e1ria, emiss\u00e3o da carteira do artes\u00e3o e melhorias para que produtores rurais possam conviver com a seca, como a constru\u00e7\u00e3o de barreiros.<\/p>\n\n\n\n<p>\u201cParabenizo a proposi\u00e7\u00e3o dessa audi\u00eancia pelo vereador t\u00e3o atuante, vereador Daniel Bezerra, que \u00e9 trazer a este parlamento, que \u00e9 a caixa de resson\u00e2ncia da sociedade, para debater esse tema importante que \u00e9 atua\u00e7\u00e3o dos movimentos sociais. Sinto aqui muito bem e \u00e9 natural que foi dele que iniciei e me credenciei para hoje representar nosso povo na Assembleia Legislativa.<\/p>\n\n\n\n<p>Gra\u00e7as a esses movimentos que temos uma sociedade mais digna e justa que lutam e fazem com que direitos sejam conquistados e respeitados\u201d, destacou Ubaldo.<\/p>\n\n\n\n<div class=\"wp-block-image\"><figure class=\"aligncenter size-large\"><img loading=\"lazy\" decoding=\"async\" width=\"450\" height=\"300\" src=\"https:\/\/ubaldofernandes.com\/wp-content\/uploads\/2021\/09\/Ubaldo-Fernandes-Currais-Novos-2.jpg\" alt=\"\" class=\"wp-image-2912\" srcset=\"https:\/\/ubaldofernandes.com\/wp-content\/uploads\/2021\/09\/Ubaldo-Fernandes-Currais-Novos-2.jpg 450w, https:\/\/ubaldofernandes.com\/wp-content\/uploads\/2021\/09\/Ubaldo-Fernandes-Currais-Novos-2-300x200.jpg 300w\" sizes=\"auto, (max-width: 450px) 100vw, 450px\" \/><\/figure><\/div>\n\n\n\n<p>Para o propositor da Audi\u00eancia, Daniel Bezerra, a discuss\u00e3o \u00e9 importante para saber como fortalecer essas institui\u00e7\u00f5es. \u201cCurrais Novos tem hoje mais de 60 associa\u00e7\u00f5es que fazem um trabalho muito significativo.<\/p>\n\n\n\n<p>Para que elas continuem fazendo esse trabalho, \u00e9 fundamental que se tenha planejamento e parcerias\u201d, argumentou. O parlamentar disse ainda que a Audi\u00eancia era o in\u00edcio de um trabalho que pretende desenvolver para que elas tenham acesso a recursos atrav\u00e9s de editais ou emendas e citou a iniciativa do deputado estadual Ubaldo, que destinar\u00e1 recursos de Emendas Parlamentares de 2022 para as entidades do munic\u00edpio.<\/p>\n\n\n\n<p>No evento, o professor do Departamento de Administra\u00e7\u00e3o P\u00fablica da UFRN, Washington Jos\u00e9, falou sobre a exist\u00eancia do projeto de lei municipal da Economia Solid\u00e1ria que est\u00e1 em an\u00e1lise pelo Poder Executivo \u2013 representado na Audi\u00eancia P\u00fablica pela secret\u00e1ria de Educa\u00e7\u00e3o, Lourdes Juli\u00e3o. Contribu\u00edram com o debate as coordenadoras da Pol\u00edtica Estadual de Economia Solid\u00e1ria, Lidiane Freire e do Programa Estadual de Artesanato, Gra\u00e7a Leal; o diretor-presidente do Sicoob-RN, Manoel Santa Rosa; o subsecret\u00e1rio de Pesca da Sape, Davi Soares e o bispo Diocesano de Caic\u00f3, Dom Ant\u00f4nio Carlos.<\/p>\n\n\n\n<p>Participaram do evento as Associa\u00e7\u00f5es do Alto de Santa Rita, Mirador, Cachoeira, Totor\u00f3, Malhada, Maxinar\u00e9, S\u00e3o Rafael, S\u00e3o Sebasti\u00e3o, das bordadeiras, Apadevis, Recicla Currais Novos e outras.<\/p>\n\n\n\n<p>Na tribuna do audit\u00f3rio, os representantes relataram as dificuldades enfrentadas e apontaram as principais necessidades. Tamb\u00e9m participaram da discuss\u00e3o, o Servi\u00e7o de Apoio aos Projetos Alternativos Comunit\u00e1rios e o Banco do Nordeste. Prestigiaram o evento os vereadores G Charles Dantas, Lucieldo Silva, Iranilson Medeiros, Cleyber Trajano, o presidente da Casa Legislativa, Edmilson Sousa.<\/p>\n\n\n\n<div class=\"wp-block-image\"><figure class=\"aligncenter size-large\"><img loading=\"lazy\" decoding=\"async\" width=\"450\" height=\"300\" src=\"https:\/\/ubaldofernandes.com\/wp-content\/uploads\/2021\/09\/Ubaldo-Fernandes-Currais-Novos-3.jpg\" alt=\"\" class=\"wp-image-2913\" srcset=\"https:\/\/ubaldofernandes.com\/wp-content\/uploads\/2021\/09\/Ubaldo-Fernandes-Currais-Novos-3.jpg 450w, https:\/\/ubaldofernandes.com\/wp-content\/uploads\/2021\/09\/Ubaldo-Fernandes-Currais-Novos-3-300x200.jpg 300w\" sizes=\"auto, (max-width: 450px) 100vw, 450px\" \/><\/figure><\/div>\n\n\n\n<p>Mat\u00e9ria publ,icada no <a href=\"http:\/\/www.vlaudeyliberato.com\/em-currais-ubaldo-participou-de-audiencia-que-debateu-fortalecimento-de-associacoes\/\">Blog do Vlaudey Liberato<\/a>. <\/p>\n","protected":false},"featured_media":2914,"parent":0,"template":"","class_list":["post-2911","news","type-news","status-publish","has-post-thumbnail","hentry"],"acf":[],"yoast_head":"<!-- This site is optimized with the Yoast SEO plugin v24.6 - https:\/\/yoast.com\/wordpress\/plugins\/seo\/ -->\n<title>Em Currais Novos, Ubaldo participou de Audi\u00eancia que debateu fortalecimento de associa\u00e7\u00f5es - Ubaldo Fernandes<\/title>\n<meta name=\"robots\" content=\"index, follow, max-snippet:-1, max-image-preview:large, max-video-preview:-1\" \/>\n<link rel=\"canonical\" href=\"https:\/\/ubaldofernandes.com\/index.php\/news\/em-currais-novos-ubaldo-participou-de-audiencia-que-debateu-fortalecimento-de-associacoes\/\" \/>\n<meta property=\"og:locale\" content=\"pt_BR\" \/>\n<meta property=\"og:type\" content=\"article\" \/>\n<meta property=\"og:title\" content=\"Em Currais Novos, Ubaldo participou de Audi\u00eancia que debateu fortalecimento de associa\u00e7\u00f5es - Ubaldo Fernandes\" \/>\n<meta property=\"og:description\" content=\"O deputado estadual Ubaldo Fernandes participou, na manh\u00e3 desta segunda-feira (20), de Audi\u00eancia P\u00fablica em Currais Novos, realizada pelo vereador Daniel Bezerra, que apresentou demandas da entidades da sociedade civil organizada, como a necessidade de cria\u00e7\u00e3o de um F\u00f3rum Municipal de Economia Solid\u00e1ria, emiss\u00e3o da carteira do artes\u00e3o e melhorias para que produtores rurais possam [&hellip;]\" \/>\n<meta property=\"og:url\" content=\"https:\/\/ubaldofernandes.com\/index.php\/news\/em-currais-novos-ubaldo-participou-de-audiencia-que-debateu-fortalecimento-de-associacoes\/\" \/>\n<meta property=\"og:site_name\" content=\"Ubaldo Fernandes\" \/>\n<meta property=\"article:modified_time\" content=\"2021-09-21T12:37:01+00:00\" \/>\n<meta property=\"og:image\" content=\"https:\/\/ubaldofernandes.com\/wp-content\/uploads\/2021\/09\/Ubaldo-Fernandes-Currais-Novos-200921.jpg\" \/>\n\t<meta property=\"og:image:width\" content=\"450\" \/>\n\t<meta property=\"og:image:height\" content=\"300\" \/>\n\t<meta property=\"og:image:type\" content=\"image\/jpeg\" \/>\n<meta name=\"twitter:card\" content=\"summary_large_image\" \/>\n<meta name=\"twitter:label1\" content=\"Est. tempo de leitura\" \/>\n\t<meta name=\"twitter:data1\" content=\"2 minutos\" \/>\n<script type=\"application\/ld+json\" class=\"yoast-schema-graph\">{\"@context\":\"https:\/\/schema.org\",\"@graph\":[{\"@type\":\"WebPage\",\"@id\":\"https:\/\/ubaldofernandes.com\/index.php\/news\/em-currais-novos-ubaldo-participou-de-audiencia-que-debateu-fortalecimento-de-associacoes\/\",\"url\":\"https:\/\/ubaldofernandes.com\/index.php\/news\/em-currais-novos-ubaldo-participou-de-audiencia-que-debateu-fortalecimento-de-associacoes\/\",\"name\":\"Em Currais Novos, Ubaldo participou de Audi\u00eancia que debateu fortalecimento de associa\u00e7\u00f5es - Ubaldo Fernandes\",\"isPartOf\":{\"@id\":\"https:\/\/ubaldofernandes.com\/#website\"},\"primaryImageOfPage\":{\"@id\":\"https:\/\/ubaldofernandes.com\/index.php\/news\/em-currais-novos-ubaldo-participou-de-audiencia-que-debateu-fortalecimento-de-associacoes\/#primaryimage\"},\"image\":{\"@id\":\"https:\/\/ubaldofernandes.com\/index.php\/news\/em-currais-novos-ubaldo-participou-de-audiencia-que-debateu-fortalecimento-de-associacoes\/#primaryimage\"},\"thumbnailUrl\":\"https:\/\/ubaldofernandes.com\/wp-content\/uploads\/2021\/09\/Ubaldo-Fernandes-Currais-Novos-200921.jpg\",\"datePublished\":\"2021-09-21T00:00:00+00:00\",\"dateModified\":\"2021-09-21T12:37:01+00:00\",\"breadcrumb\":{\"@id\":\"https:\/\/ubaldofernandes.com\/index.php\/news\/em-currais-novos-ubaldo-participou-de-audiencia-que-debateu-fortalecimento-de-associacoes\/#breadcrumb\"},\"inLanguage\":\"pt-BR\",\"potentialAction\":[{\"@type\":\"ReadAction\",\"target\":[\"https:\/\/ubaldofernandes.com\/index.php\/news\/em-currais-novos-ubaldo-participou-de-audiencia-que-debateu-fortalecimento-de-associacoes\/\"]}]},{\"@type\":\"ImageObject\",\"inLanguage\":\"pt-BR\",\"@id\":\"https:\/\/ubaldofernandes.com\/index.php\/news\/em-currais-novos-ubaldo-participou-de-audiencia-que-debateu-fortalecimento-de-associacoes\/#primaryimage\",\"url\":\"https:\/\/ubaldofernandes.com\/wp-content\/uploads\/2021\/09\/Ubaldo-Fernandes-Currais-Novos-200921.jpg\",\"contentUrl\":\"https:\/\/ubaldofernandes.com\/wp-content\/uploads\/2021\/09\/Ubaldo-Fernandes-Currais-Novos-200921.jpg\",\"width\":450,\"height\":300},{\"@type\":\"BreadcrumbList\",\"@id\":\"https:\/\/ubaldofernandes.com\/index.php\/news\/em-currais-novos-ubaldo-participou-de-audiencia-que-debateu-fortalecimento-de-associacoes\/#breadcrumb\",\"itemListElement\":[{\"@type\":\"ListItem\",\"position\":1,\"name\":\"In\u00edcio\",\"item\":\"https:\/\/ubaldofernandes.com\/\"},{\"@type\":\"ListItem\",\"position\":2,\"name\":\"Not\u00edcias\",\"item\":\"https:\/\/ubaldofernandes.com\/index.php\/news\/\"},{\"@type\":\"ListItem\",\"position\":3,\"name\":\"Em Currais Novos, Ubaldo participou de Audi\u00eancia que debateu fortalecimento de associa\u00e7\u00f5es\"}]},{\"@type\":\"WebSite\",\"@id\":\"https:\/\/ubaldofernandes.com\/#website\",\"url\":\"https:\/\/ubaldofernandes.com\/\",\"name\":\"Ubaldo Fernandes\",\"description\":\"Deputado Estadual\",\"potentialAction\":[{\"@type\":\"SearchAction\",\"target\":{\"@type\":\"EntryPoint\",\"urlTemplate\":\"https:\/\/ubaldofernandes.com\/?s={search_term_string}\"},\"query-input\":{\"@type\":\"PropertyValueSpecification\",\"valueRequired\":true,\"valueName\":\"search_term_string\"}}],\"inLanguage\":\"pt-BR\"}]}<\/script>\n<!-- \/ Yoast SEO plugin. -->","yoast_head_json":{"title":"Em Currais Novos, Ubaldo participou de Audi\u00eancia que debateu fortalecimento de associa\u00e7\u00f5es - Ubaldo Fernandes","robots":{"index":"index","follow":"follow","max-snippet":"max-snippet:-1","max-image-preview":"max-image-preview:large","max-video-preview":"max-video-preview:-1"},"canonical":"https:\/\/ubaldofernandes.com\/index.php\/news\/em-currais-novos-ubaldo-participou-de-audiencia-que-debateu-fortalecimento-de-associacoes\/","og_locale":"pt_BR","og_type":"article","og_title":"Em Currais Novos, Ubaldo participou de Audi\u00eancia que debateu fortalecimento de associa\u00e7\u00f5es - Ubaldo Fernandes","og_description":"O deputado estadual Ubaldo Fernandes participou, na manh\u00e3 desta segunda-feira (20), de Audi\u00eancia P\u00fablica em Currais Novos, realizada pelo vereador Daniel Bezerra, que apresentou demandas da entidades da sociedade civil organizada, como a necessidade de cria\u00e7\u00e3o de um F\u00f3rum Municipal de Economia Solid\u00e1ria, emiss\u00e3o da carteira do artes\u00e3o e melhorias para que produtores rurais possam [&hellip;]","og_url":"https:\/\/ubaldofernandes.com\/index.php\/news\/em-currais-novos-ubaldo-participou-de-audiencia-que-debateu-fortalecimento-de-associacoes\/","og_site_name":"Ubaldo Fernandes","article_modified_time":"2021-09-21T12:37:01+00:00","og_image":[{"width":450,"height":300,"url":"https:\/\/ubaldofernandes.com\/wp-content\/uploads\/2021\/09\/Ubaldo-Fernandes-Currais-Novos-200921.jpg","type":"image\/jpeg"}],"twitter_card":"summary_large_image","twitter_misc":{"Est. tempo de leitura":"2 minutos"},"schema":{"@context":"https:\/\/schema.org","@graph":[{"@type":"WebPage","@id":"https:\/\/ubaldofernandes.com\/index.php\/news\/em-currais-novos-ubaldo-participou-de-audiencia-que-debateu-fortalecimento-de-associacoes\/","url":"https:\/\/ubaldofernandes.com\/index.php\/news\/em-currais-novos-ubaldo-participou-de-audiencia-que-debateu-fortalecimento-de-associacoes\/","name":"Em Currais Novos, Ubaldo participou de Audi\u00eancia que debateu fortalecimento de associa\u00e7\u00f5es - Ubaldo Fernandes","isPartOf":{"@id":"https:\/\/ubaldofernandes.com\/#website"},"primaryImageOfPage":{"@id":"https:\/\/ubaldofernandes.com\/index.php\/news\/em-currais-novos-ubaldo-participou-de-audiencia-que-debateu-fortalecimento-de-associacoes\/#primaryimage"},"image":{"@id":"https:\/\/ubaldofernandes.com\/index.php\/news\/em-currais-novos-ubaldo-participou-de-audiencia-que-debateu-fortalecimento-de-associacoes\/#primaryimage"},"thumbnailUrl":"https:\/\/ubaldofernandes.com\/wp-content\/uploads\/2021\/09\/Ubaldo-Fernandes-Currais-Novos-200921.jpg","datePublished":"2021-09-21T00:00:00+00:00","dateModified":"2021-09-21T12:37:01+00:00","breadcrumb":{"@id":"https:\/\/ubaldofernandes.com\/index.php\/news\/em-currais-novos-ubaldo-participou-de-audiencia-que-debateu-fortalecimento-de-associacoes\/#breadcrumb"},"inLanguage":"pt-BR","potentialAction":[{"@type":"ReadAction","target":["https:\/\/ubaldofernandes.com\/index.php\/news\/em-currais-novos-ubaldo-participou-de-audiencia-que-debateu-fortalecimento-de-associacoes\/"]}]},{"@type":"ImageObject","inLanguage":"pt-BR","@id":"https:\/\/ubaldofernandes.com\/index.php\/news\/em-currais-novos-ubaldo-participou-de-audiencia-que-debateu-fortalecimento-de-associacoes\/#primaryimage","url":"https:\/\/ubaldofernandes.com\/wp-content\/uploads\/2021\/09\/Ubaldo-Fernandes-Currais-Novos-200921.jpg","contentUrl":"https:\/\/ubaldofernandes.com\/wp-content\/uploads\/2021\/09\/Ubaldo-Fernandes-Currais-Novos-200921.jpg","width":450,"height":300},{"@type":"BreadcrumbList","@id":"https:\/\/ubaldofernandes.com\/index.php\/news\/em-currais-novos-ubaldo-participou-de-audiencia-que-debateu-fortalecimento-de-associacoes\/#breadcrumb","itemListElement":[{"@type":"ListItem","position":1,"name":"In\u00edcio","item":"https:\/\/ubaldofernandes.com\/"},{"@type":"ListItem","position":2,"name":"Not\u00edcias","item":"https:\/\/ubaldofernandes.com\/index.php\/news\/"},{"@type":"ListItem","position":3,"name":"Em Currais Novos, Ubaldo participou de Audi\u00eancia que debateu fortalecimento de associa\u00e7\u00f5es"}]},{"@type":"WebSite","@id":"https:\/\/ubaldofernandes.com\/#website","url":"https:\/\/ubaldofernandes.com\/","name":"Ubaldo Fernandes","description":"Deputado Estadual","potentialAction":[{"@type":"SearchAction","target":{"@type":"EntryPoint","urlTemplate":"https:\/\/ubaldofernandes.com\/?s={search_term_string}"},"query-input":{"@type":"PropertyValueSpecification","valueRequired":true,"valueName":"search_term_string"}}],"inLanguage":"pt-BR"}]}},"_links":{"self":[{"href":"https:\/\/ubaldofernandes.com\/index.php\/wp-json\/wp\/v2\/news\/2911","targetHints":{"allow":["GET"]}}],"collection":[{"href":"https:\/\/ubaldofernandes.com\/index.php\/wp-json\/wp\/v2\/news"}],"about":[{"href":"https:\/\/ubaldofernandes.com\/index.php\/wp-json\/wp\/v2\/types\/news"}],"wp:featuredmedia":[{"embeddable":true,"href":"https:\/\/ubaldofernandes.com\/index.php\/wp-json\/wp\/v2\/media\/2914"}],"wp:attachment":[{"href":"https:\/\/ubaldofernandes.com\/index.php\/wp-json\/wp\/v2\/media?parent=2911"}],"curies":[{"name":"wp","href":"https:\/\/api.w.org\/{rel}","templated":true}]}}