{"id":2967,"date":"2021-09-25T20:59:00","date_gmt":"2021-09-25T23:59:00","guid":{"rendered":"https:\/\/ubaldofernandes.com\/?post_type=news&#038;p=2967"},"modified":"2021-09-28T10:03:32","modified_gmt":"2021-09-28T13:03:32","slug":"acao-do-bem-realizou-mais-de-1-000-atendimentos-nas-rocas-em-natal","status":"publish","type":"news","link":"https:\/\/ubaldofernandes.com\/index.php\/news\/acao-do-bem-realizou-mais-de-1-000-atendimentos-nas-rocas-em-natal\/","title":{"rendered":"A\u00e7\u00e3o do Bem realizou mais de 1.000 atendimentos nas Rocas, em Natal"},"content":{"rendered":"\n<p>O Vereador de Natal, Herberth Sena, em parceria com o mandato do deputado Ubaldo Fernandes, realizou a \u201cA\u00e7\u00e3o do Bem\u201d no bairro das Rocas. A iniciativa aconteceu neste s\u00e1bado (25), na Escola Estadual Isabel Gondim, e contou com mais de 1000 atendimentos \u00e0 popula\u00e7\u00e3o.<\/p>\n\n\n\n<p>A atividade faz parte da programa\u00e7\u00e3o em celebra\u00e7\u00e3o aos festejos de anivers\u00e1rio de bairro. Durante o evento foram oferecidos atendimentos gratuitos com: cl\u00ednicos gerais, fonoaudi\u00f3logo, nutricionista, psic\u00f3logo, massoterapeuta, sa\u00fade bucal, aferi\u00e7\u00e3o de press\u00e3o arterial, teste de glicemia, emiss\u00e3o de RG (1\u00aa via), emiss\u00e3o de CPF (1\u00aa via), emiss\u00e3o de carteira de trabalho, assessoria jur\u00eddica, fotos 3\u00d74, corte de cabelo e recrea\u00e7\u00e3o infantil.<\/p>\n\n\n\n<p>A aposentada, Iraci Sotero, elogiou o trabalho realizado. \u201cVim aqui no evento para receber atendimento m\u00e9dico. Fiz aferi\u00e7\u00e3o de press\u00e3o e teste de glicemia. Fui muito bem atendida e indico o servi\u00e7o para todos\u201d, explicou.<\/p>\n\n\n\n<p>O Vereador Herberth Sena afirma que a a\u00e7\u00e3o ainda ser\u00e1 realizada em outros bairros. \u201cNosso objetivo \u00e9 levar a A\u00e7\u00e3o do Bem para outras comunidades do munic\u00edpio. S\u00e3o servi\u00e7os de cidadania, est\u00e9tica e sa\u00fade que devem chegar \u00e0s comunidades que mais precisam\u201d, disse o parlamentar.<\/p>\n\n\n\n<p>\u201cEm parceria com o Vereador Herberth constru\u00edmos esse dia de a\u00e7\u00e3o social. A atividade \u00e9 muito importante para a popula\u00e7\u00e3o carente. Quero agradecer todos os nossos parceiros e os moradores do bairro pela participa\u00e7\u00e3o maci\u00e7a\u201d, afirmou o deputado Ubaldo.<\/p>\n\n\n\n<p><strong>Parcerias<\/strong><\/p>\n\n\n\n<p>O evento contou com muitas parcerias importantes, entre elas o Sistema Fecom\u00e9rcio, que levou servi\u00e7os de est\u00e9tica e a\u00e7\u00f5es de educa\u00e7\u00e3o em sa\u00fade.<\/p>\n\n\n\n<p>\u201c\u00c9 com muita alegria que participamos de eventos assim. Estamos aqui para oferecer o que temos de melhor\u201d, explicou o Diretor Executivo, Fernando Virg\u00edlio.<\/p>\n\n\n\n<p>Mat\u00e9ria publicada no <a href=\"https:\/\/blogafonte.com.br\/2021\/09\/25\/acao-do-bem-realizou-mais-de-1-000-atendimentos-nas-rocas-em-natal\/\">Blog A Fonte<\/a>. <\/p>\n\n\n\n<figure class=\"wp-block-gallery columns-3 is-cropped wp-block-gallery-1 is-layout-flex wp-block-gallery-is-layout-flex\"><ul class=\"blocks-gallery-grid\"><li class=\"blocks-gallery-item\"><figure><a href=\"https:\/\/ubaldofernandes.com\/wp-content\/uploads\/2021\/09\/Acao-do-Bem-2.jpeg\"><img loading=\"lazy\" decoding=\"async\" width=\"1024\" height=\"768\" src=\"https:\/\/ubaldofernandes.com\/wp-content\/uploads\/2021\/09\/Acao-do-Bem-2.jpeg\" alt=\"\" data-id=\"2969\" data-full-url=\"https:\/\/ubaldofernandes.com\/wp-content\/uploads\/2021\/09\/Acao-do-Bem-2.jpeg\" data-link=\"https:\/\/ubaldofernandes.com\/?attachment_id=2969\" class=\"wp-image-2969\" srcset=\"https:\/\/ubaldofernandes.com\/wp-content\/uploads\/2021\/09\/Acao-do-Bem-2.jpeg 1024w, https:\/\/ubaldofernandes.com\/wp-content\/uploads\/2021\/09\/Acao-do-Bem-2-300x225.jpeg 300w, https:\/\/ubaldofernandes.com\/wp-content\/uploads\/2021\/09\/Acao-do-Bem-2-768x576.jpeg 768w\" sizes=\"auto, (max-width: 1024px) 100vw, 1024px\" \/><\/a><\/figure><\/li><li class=\"blocks-gallery-item\"><figure><a href=\"https:\/\/ubaldofernandes.com\/wp-content\/uploads\/2021\/09\/Acao-do-Bem-3.jpeg\"><img loading=\"lazy\" decoding=\"async\" width=\"1024\" height=\"768\" src=\"https:\/\/ubaldofernandes.com\/wp-content\/uploads\/2021\/09\/Acao-do-Bem-3.jpeg\" alt=\"\" data-id=\"2970\" data-full-url=\"https:\/\/ubaldofernandes.com\/wp-content\/uploads\/2021\/09\/Acao-do-Bem-3.jpeg\" data-link=\"https:\/\/ubaldofernandes.com\/?attachment_id=2970\" class=\"wp-image-2970\" srcset=\"https:\/\/ubaldofernandes.com\/wp-content\/uploads\/2021\/09\/Acao-do-Bem-3.jpeg 1024w, https:\/\/ubaldofernandes.com\/wp-content\/uploads\/2021\/09\/Acao-do-Bem-3-300x225.jpeg 300w, https:\/\/ubaldofernandes.com\/wp-content\/uploads\/2021\/09\/Acao-do-Bem-3-768x576.jpeg 768w\" sizes=\"auto, (max-width: 1024px) 100vw, 1024px\" \/><\/a><\/figure><\/li><li class=\"blocks-gallery-item\"><figure><a href=\"https:\/\/ubaldofernandes.com\/wp-content\/uploads\/2021\/09\/Acao-do-Bem-4.jpeg\"><img loading=\"lazy\" decoding=\"async\" width=\"1024\" height=\"768\" src=\"https:\/\/ubaldofernandes.com\/wp-content\/uploads\/2021\/09\/Acao-do-Bem-4.jpeg\" alt=\"\" data-id=\"2971\" data-full-url=\"https:\/\/ubaldofernandes.com\/wp-content\/uploads\/2021\/09\/Acao-do-Bem-4.jpeg\" data-link=\"https:\/\/ubaldofernandes.com\/?attachment_id=2971\" class=\"wp-image-2971\" srcset=\"https:\/\/ubaldofernandes.com\/wp-content\/uploads\/2021\/09\/Acao-do-Bem-4.jpeg 1024w, https:\/\/ubaldofernandes.com\/wp-content\/uploads\/2021\/09\/Acao-do-Bem-4-300x225.jpeg 300w, https:\/\/ubaldofernandes.com\/wp-content\/uploads\/2021\/09\/Acao-do-Bem-4-768x576.jpeg 768w\" sizes=\"auto, (max-width: 1024px) 100vw, 1024px\" \/><\/a><\/figure><\/li><li class=\"blocks-gallery-item\"><figure><a href=\"https:\/\/ubaldofernandes.com\/wp-content\/uploads\/2021\/09\/Acao-do-Bem-5.jpeg\"><img loading=\"lazy\" decoding=\"async\" width=\"1024\" height=\"768\" src=\"https:\/\/ubaldofernandes.com\/wp-content\/uploads\/2021\/09\/Acao-do-Bem-5.jpeg\" alt=\"\" data-id=\"2972\" data-full-url=\"https:\/\/ubaldofernandes.com\/wp-content\/uploads\/2021\/09\/Acao-do-Bem-5.jpeg\" data-link=\"https:\/\/ubaldofernandes.com\/?attachment_id=2972\" class=\"wp-image-2972\" srcset=\"https:\/\/ubaldofernandes.com\/wp-content\/uploads\/2021\/09\/Acao-do-Bem-5.jpeg 1024w, https:\/\/ubaldofernandes.com\/wp-content\/uploads\/2021\/09\/Acao-do-Bem-5-300x225.jpeg 300w, https:\/\/ubaldofernandes.com\/wp-content\/uploads\/2021\/09\/Acao-do-Bem-5-768x576.jpeg 768w\" sizes=\"auto, (max-width: 1024px) 100vw, 1024px\" \/><\/a><\/figure><\/li><li class=\"blocks-gallery-item\"><figure><a href=\"https:\/\/ubaldofernandes.com\/wp-content\/uploads\/2021\/09\/Acao-do-Bem-6.jpeg\"><img loading=\"lazy\" decoding=\"async\" width=\"1024\" height=\"768\" src=\"https:\/\/ubaldofernandes.com\/wp-content\/uploads\/2021\/09\/Acao-do-Bem-6.jpeg\" alt=\"\" data-id=\"2973\" data-full-url=\"https:\/\/ubaldofernandes.com\/wp-content\/uploads\/2021\/09\/Acao-do-Bem-6.jpeg\" data-link=\"https:\/\/ubaldofernandes.com\/?attachment_id=2973\" class=\"wp-image-2973\" srcset=\"https:\/\/ubaldofernandes.com\/wp-content\/uploads\/2021\/09\/Acao-do-Bem-6.jpeg 1024w, https:\/\/ubaldofernandes.com\/wp-content\/uploads\/2021\/09\/Acao-do-Bem-6-300x225.jpeg 300w, https:\/\/ubaldofernandes.com\/wp-content\/uploads\/2021\/09\/Acao-do-Bem-6-768x576.jpeg 768w\" sizes=\"auto, (max-width: 1024px) 100vw, 1024px\" \/><\/a><\/figure><\/li><\/ul><\/figure>\n","protected":false},"featured_media":2968,"parent":0,"template":"","class_list":["post-2967","news","type-news","status-publish","has-post-thumbnail","hentry"],"acf":[],"yoast_head":"<!-- This site is optimized with the Yoast SEO plugin v24.6 - https:\/\/yoast.com\/wordpress\/plugins\/seo\/ -->\n<title>A\u00e7\u00e3o do Bem realizou mais de 1.000 atendimentos nas Rocas, em Natal - Ubaldo Fernandes<\/title>\n<meta name=\"robots\" content=\"index, follow, max-snippet:-1, max-image-preview:large, max-video-preview:-1\" \/>\n<link rel=\"canonical\" href=\"https:\/\/ubaldofernandes.com\/index.php\/news\/acao-do-bem-realizou-mais-de-1-000-atendimentos-nas-rocas-em-natal\/\" \/>\n<meta property=\"og:locale\" content=\"pt_BR\" \/>\n<meta property=\"og:type\" content=\"article\" \/>\n<meta property=\"og:title\" content=\"A\u00e7\u00e3o do Bem realizou mais de 1.000 atendimentos nas Rocas, em Natal - Ubaldo Fernandes\" \/>\n<meta property=\"og:description\" content=\"O Vereador de Natal, Herberth Sena, em parceria com o mandato do deputado Ubaldo Fernandes, realizou a \u201cA\u00e7\u00e3o do Bem\u201d no bairro das Rocas. A iniciativa aconteceu neste s\u00e1bado (25), na Escola Estadual Isabel Gondim, e contou com mais de 1000 atendimentos \u00e0 popula\u00e7\u00e3o. A atividade faz parte da programa\u00e7\u00e3o em celebra\u00e7\u00e3o aos festejos de [&hellip;]\" \/>\n<meta property=\"og:url\" content=\"https:\/\/ubaldofernandes.com\/index.php\/news\/acao-do-bem-realizou-mais-de-1-000-atendimentos-nas-rocas-em-natal\/\" \/>\n<meta property=\"og:site_name\" content=\"Ubaldo Fernandes\" \/>\n<meta property=\"article:modified_time\" content=\"2021-09-28T13:03:32+00:00\" \/>\n<meta property=\"og:image\" content=\"https:\/\/ubaldofernandes.com\/wp-content\/uploads\/2021\/09\/Acao-do-Bem-250921.jpeg\" \/>\n\t<meta property=\"og:image:width\" content=\"1024\" \/>\n\t<meta property=\"og:image:height\" content=\"768\" \/>\n\t<meta property=\"og:image:type\" content=\"image\/jpeg\" \/>\n<meta name=\"twitter:card\" content=\"summary_large_image\" \/>\n<meta name=\"twitter:label1\" content=\"Est. tempo de leitura\" \/>\n\t<meta name=\"twitter:data1\" content=\"2 minutos\" \/>\n<script type=\"application\/ld+json\" class=\"yoast-schema-graph\">{\"@context\":\"https:\/\/schema.org\",\"@graph\":[{\"@type\":\"WebPage\",\"@id\":\"https:\/\/ubaldofernandes.com\/index.php\/news\/acao-do-bem-realizou-mais-de-1-000-atendimentos-nas-rocas-em-natal\/\",\"url\":\"https:\/\/ubaldofernandes.com\/index.php\/news\/acao-do-bem-realizou-mais-de-1-000-atendimentos-nas-rocas-em-natal\/\",\"name\":\"A\u00e7\u00e3o do Bem realizou mais de 1.000 atendimentos nas Rocas, em Natal - Ubaldo Fernandes\",\"isPartOf\":{\"@id\":\"https:\/\/ubaldofernandes.com\/#website\"},\"primaryImageOfPage\":{\"@id\":\"https:\/\/ubaldofernandes.com\/index.php\/news\/acao-do-bem-realizou-mais-de-1-000-atendimentos-nas-rocas-em-natal\/#primaryimage\"},\"image\":{\"@id\":\"https:\/\/ubaldofernandes.com\/index.php\/news\/acao-do-bem-realizou-mais-de-1-000-atendimentos-nas-rocas-em-natal\/#primaryimage\"},\"thumbnailUrl\":\"https:\/\/ubaldofernandes.com\/wp-content\/uploads\/2021\/09\/Acao-do-Bem-250921.jpeg\",\"datePublished\":\"2021-09-25T23:59:00+00:00\",\"dateModified\":\"2021-09-28T13:03:32+00:00\",\"breadcrumb\":{\"@id\":\"https:\/\/ubaldofernandes.com\/index.php\/news\/acao-do-bem-realizou-mais-de-1-000-atendimentos-nas-rocas-em-natal\/#breadcrumb\"},\"inLanguage\":\"pt-BR\",\"potentialAction\":[{\"@type\":\"ReadAction\",\"target\":[\"https:\/\/ubaldofernandes.com\/index.php\/news\/acao-do-bem-realizou-mais-de-1-000-atendimentos-nas-rocas-em-natal\/\"]}]},{\"@type\":\"ImageObject\",\"inLanguage\":\"pt-BR\",\"@id\":\"https:\/\/ubaldofernandes.com\/index.php\/news\/acao-do-bem-realizou-mais-de-1-000-atendimentos-nas-rocas-em-natal\/#primaryimage\",\"url\":\"https:\/\/ubaldofernandes.com\/wp-content\/uploads\/2021\/09\/Acao-do-Bem-250921.jpeg\",\"contentUrl\":\"https:\/\/ubaldofernandes.com\/wp-content\/uploads\/2021\/09\/Acao-do-Bem-250921.jpeg\",\"width\":1024,\"height\":768},{\"@type\":\"BreadcrumbList\",\"@id\":\"https:\/\/ubaldofernandes.com\/index.php\/news\/acao-do-bem-realizou-mais-de-1-000-atendimentos-nas-rocas-em-natal\/#breadcrumb\",\"itemListElement\":[{\"@type\":\"ListItem\",\"position\":1,\"name\":\"In\u00edcio\",\"item\":\"https:\/\/ubaldofernandes.com\/\"},{\"@type\":\"ListItem\",\"position\":2,\"name\":\"Not\u00edcias\",\"item\":\"https:\/\/ubaldofernandes.com\/index.php\/news\/\"},{\"@type\":\"ListItem\",\"position\":3,\"name\":\"A\u00e7\u00e3o do Bem realizou mais de 1.000 atendimentos nas Rocas, em Natal\"}]},{\"@type\":\"WebSite\",\"@id\":\"https:\/\/ubaldofernandes.com\/#website\",\"url\":\"https:\/\/ubaldofernandes.com\/\",\"name\":\"Ubaldo Fernandes\",\"description\":\"Deputado Estadual\",\"potentialAction\":[{\"@type\":\"SearchAction\",\"target\":{\"@type\":\"EntryPoint\",\"urlTemplate\":\"https:\/\/ubaldofernandes.com\/?s={search_term_string}\"},\"query-input\":{\"@type\":\"PropertyValueSpecification\",\"valueRequired\":true,\"valueName\":\"search_term_string\"}}],\"inLanguage\":\"pt-BR\"}]}<\/script>\n<!-- \/ Yoast SEO plugin. -->","yoast_head_json":{"title":"A\u00e7\u00e3o do Bem realizou mais de 1.000 atendimentos nas Rocas, em Natal - Ubaldo Fernandes","robots":{"index":"index","follow":"follow","max-snippet":"max-snippet:-1","max-image-preview":"max-image-preview:large","max-video-preview":"max-video-preview:-1"},"canonical":"https:\/\/ubaldofernandes.com\/index.php\/news\/acao-do-bem-realizou-mais-de-1-000-atendimentos-nas-rocas-em-natal\/","og_locale":"pt_BR","og_type":"article","og_title":"A\u00e7\u00e3o do Bem realizou mais de 1.000 atendimentos nas Rocas, em Natal - Ubaldo Fernandes","og_description":"O Vereador de Natal, Herberth Sena, em parceria com o mandato do deputado Ubaldo Fernandes, realizou a \u201cA\u00e7\u00e3o do Bem\u201d no bairro das Rocas. A iniciativa aconteceu neste s\u00e1bado (25), na Escola Estadual Isabel Gondim, e contou com mais de 1000 atendimentos \u00e0 popula\u00e7\u00e3o. A atividade faz parte da programa\u00e7\u00e3o em celebra\u00e7\u00e3o aos festejos de [&hellip;]","og_url":"https:\/\/ubaldofernandes.com\/index.php\/news\/acao-do-bem-realizou-mais-de-1-000-atendimentos-nas-rocas-em-natal\/","og_site_name":"Ubaldo Fernandes","article_modified_time":"2021-09-28T13:03:32+00:00","og_image":[{"width":1024,"height":768,"url":"https:\/\/ubaldofernandes.com\/wp-content\/uploads\/2021\/09\/Acao-do-Bem-250921.jpeg","type":"image\/jpeg"}],"twitter_card":"summary_large_image","twitter_misc":{"Est. tempo de leitura":"2 minutos"},"schema":{"@context":"https:\/\/schema.org","@graph":[{"@type":"WebPage","@id":"https:\/\/ubaldofernandes.com\/index.php\/news\/acao-do-bem-realizou-mais-de-1-000-atendimentos-nas-rocas-em-natal\/","url":"https:\/\/ubaldofernandes.com\/index.php\/news\/acao-do-bem-realizou-mais-de-1-000-atendimentos-nas-rocas-em-natal\/","name":"A\u00e7\u00e3o do Bem realizou mais de 1.000 atendimentos nas Rocas, em Natal - Ubaldo Fernandes","isPartOf":{"@id":"https:\/\/ubaldofernandes.com\/#website"},"primaryImageOfPage":{"@id":"https:\/\/ubaldofernandes.com\/index.php\/news\/acao-do-bem-realizou-mais-de-1-000-atendimentos-nas-rocas-em-natal\/#primaryimage"},"image":{"@id":"https:\/\/ubaldofernandes.com\/index.php\/news\/acao-do-bem-realizou-mais-de-1-000-atendimentos-nas-rocas-em-natal\/#primaryimage"},"thumbnailUrl":"https:\/\/ubaldofernandes.com\/wp-content\/uploads\/2021\/09\/Acao-do-Bem-250921.jpeg","datePublished":"2021-09-25T23:59:00+00:00","dateModified":"2021-09-28T13:03:32+00:00","breadcrumb":{"@id":"https:\/\/ubaldofernandes.com\/index.php\/news\/acao-do-bem-realizou-mais-de-1-000-atendimentos-nas-rocas-em-natal\/#breadcrumb"},"inLanguage":"pt-BR","potentialAction":[{"@type":"ReadAction","target":["https:\/\/ubaldofernandes.com\/index.php\/news\/acao-do-bem-realizou-mais-de-1-000-atendimentos-nas-rocas-em-natal\/"]}]},{"@type":"ImageObject","inLanguage":"pt-BR","@id":"https:\/\/ubaldofernandes.com\/index.php\/news\/acao-do-bem-realizou-mais-de-1-000-atendimentos-nas-rocas-em-natal\/#primaryimage","url":"https:\/\/ubaldofernandes.com\/wp-content\/uploads\/2021\/09\/Acao-do-Bem-250921.jpeg","contentUrl":"https:\/\/ubaldofernandes.com\/wp-content\/uploads\/2021\/09\/Acao-do-Bem-250921.jpeg","width":1024,"height":768},{"@type":"BreadcrumbList","@id":"https:\/\/ubaldofernandes.com\/index.php\/news\/acao-do-bem-realizou-mais-de-1-000-atendimentos-nas-rocas-em-natal\/#breadcrumb","itemListElement":[{"@type":"ListItem","position":1,"name":"In\u00edcio","item":"https:\/\/ubaldofernandes.com\/"},{"@type":"ListItem","position":2,"name":"Not\u00edcias","item":"https:\/\/ubaldofernandes.com\/index.php\/news\/"},{"@type":"ListItem","position":3,"name":"A\u00e7\u00e3o do Bem realizou mais de 1.000 atendimentos nas Rocas, em Natal"}]},{"@type":"WebSite","@id":"https:\/\/ubaldofernandes.com\/#website","url":"https:\/\/ubaldofernandes.com\/","name":"Ubaldo Fernandes","description":"Deputado Estadual","potentialAction":[{"@type":"SearchAction","target":{"@type":"EntryPoint","urlTemplate":"https:\/\/ubaldofernandes.com\/?s={search_term_string}"},"query-input":{"@type":"PropertyValueSpecification","valueRequired":true,"valueName":"search_term_string"}}],"inLanguage":"pt-BR"}]}},"_links":{"self":[{"href":"https:\/\/ubaldofernandes.com\/index.php\/wp-json\/wp\/v2\/news\/2967","targetHints":{"allow":["GET"]}}],"collection":[{"href":"https:\/\/ubaldofernandes.com\/index.php\/wp-json\/wp\/v2\/news"}],"about":[{"href":"https:\/\/ubaldofernandes.com\/index.php\/wp-json\/wp\/v2\/types\/news"}],"wp:featuredmedia":[{"embeddable":true,"href":"https:\/\/ubaldofernandes.com\/index.php\/wp-json\/wp\/v2\/media\/2968"}],"wp:attachment":[{"href":"https:\/\/ubaldofernandes.com\/index.php\/wp-json\/wp\/v2\/media?parent=2967"}],"curies":[{"name":"wp","href":"https:\/\/api.w.org\/{rel}","templated":true}]}}