{"id":313,"date":"2020-07-02T12:20:57","date_gmt":"2020-07-02T15:20:57","guid":{"rendered":"https:\/\/ubaldofernandes.com\/?post_type=news&#038;p=313"},"modified":"2020-07-28T10:10:04","modified_gmt":"2020-07-28T13:10:04","slug":"alrn-frente-parlamentar-promove-jornada-online-em-defesa-da-vida-de-pessoas-idosas","status":"publish","type":"news","link":"https:\/\/ubaldofernandes.com\/index.php\/news\/alrn-frente-parlamentar-promove-jornada-online-em-defesa-da-vida-de-pessoas-idosas\/","title":{"rendered":"ALRN: Frente Parlamentar promove jornada online em Defesa da Vida de Pessoas Idosas"},"content":{"rendered":"\n<p>A Frente Parlamentar em Defesa dos Direitos da Pessoa Idosa da Assembleia Legislativa do Rio Grande do Norte promove na pr\u00f3xima segunda-feira (06), atrav\u00e9s de videoconfer\u00eancia, a \u201cJornada em Defesa da Vida de Pessoas Idosas\u201d. \u201cA ideia deste encontro \u00e9 debater novas a\u00e7\u00f5es para proteger nossos idosos e rever o que tem sido feito para a promo\u00e7\u00e3o da sa\u00fade e do bem-estar dessa popula\u00e7\u00e3o t\u00e3o importante em nosso Estado\u201d, explica Ubaldo Fernandes, presidente da Frente.<\/p>\n\n\n\n<p>A Jornada acontecer\u00e1 das 9h \u00e0s 12h, aberta ao p\u00fablico e ser\u00e1 transmitida ao vivo pela TV Assembleia, pelos canais 51.3 (TV aberta) ou 18.1 (em v\u00e1rias regi\u00f5es do RN), pelo YouTube e pelo site da ALRN (www.al.rn.leg.br). Os interessados ainda podem participar, enviando perguntas pelo WhatsApp (84) 98848-8516.<\/p>\n\n\n\n<p>Na oportunidade, ser\u00e1 lan\u00e7ada a \u201cRede de Prote\u00e7\u00e3o e Valoriza\u00e7\u00e3o \u00e0 Pessoa Idosa do Rio Grande do Norte\u201d, com objetivo de garantir o direito da pessoa idosa a viver em paz e com dignidade. \u201cEsta Rede trabalhar\u00e1, de forma integrada, para fortalecer os servi\u00e7os j\u00e1 existentes e apoiar novas iniciativas que assegurem a dignidade e a visibilidade das pessoas idosas do Estado\u201d, ressalta o parlamentar.<\/p>\n\n\n\n<p>Participar\u00e3o como convidados Maria Socorro de Morais, primeira Secret\u00e1ria Nacional de Promo\u00e7\u00e3o e Defesa dos Direitos da Pessoa Idosa; Suely Magna Nobre Felipe, promotora do Minist\u00e9rio P\u00fablico do Rio Grande do Norte; Terezinha Peixoto Cabral, representante da Associa\u00e7\u00e3o do MP; Deborah Cartagenes, presidente da Comiss\u00e3o Nacional dos Direitos da Pessoa Idosa do Conselho Federal da OAB; Crismedio da Costa Neto, geront\u00f3logo e ativista do Interc\u00e2mbio 60+; senador Paulo Paim (PT\/RS); deputada federal Tereza Nelma (PSDB\/AL) e o deputado federal Roberto de Lucena (PV\/SP).<\/p>\n\n\n\n<p>Mat\u00e9ria publicada no Blog <a rel=\"noreferrer noopener\" href=\"http:\/\/tribunadajustica.com.br\/alrn-frente-parlamentar-promove-jornada-online-em-defesa-da-vida-de-pessoas-idosas\/#.Xv4t_jOfIeY.whatsapp\" target=\"_blank\">tribunadajustica.co<\/a><a href=\"http:\/\/tribunadajustica.com.br\/alrn-frente-parlamentar-promove-jornada-online-em-defesa-da-vida-de-pessoas-idosas\/#.Xv4t_jOfIeY.whatsapp\" target=\"_blank\" rel=\"noreferrer noopener\">m<\/a><\/p>\n","protected":false},"featured_media":315,"parent":0,"template":"","class_list":["post-313","news","type-news","status-publish","has-post-thumbnail","hentry"],"acf":[],"yoast_head":"<!-- This site is optimized with the Yoast SEO plugin v24.6 - https:\/\/yoast.com\/wordpress\/plugins\/seo\/ -->\n<title>ALRN: Frente Parlamentar promove jornada online em Defesa da Vida de Pessoas Idosas - Ubaldo Fernandes<\/title>\n<meta name=\"robots\" content=\"index, follow, max-snippet:-1, max-image-preview:large, max-video-preview:-1\" \/>\n<link rel=\"canonical\" href=\"https:\/\/ubaldofernandes.com\/index.php\/news\/alrn-frente-parlamentar-promove-jornada-online-em-defesa-da-vida-de-pessoas-idosas\/\" \/>\n<meta property=\"og:locale\" content=\"pt_BR\" \/>\n<meta property=\"og:type\" content=\"article\" \/>\n<meta property=\"og:title\" content=\"ALRN: Frente Parlamentar promove jornada online em Defesa da Vida de Pessoas Idosas - Ubaldo Fernandes\" \/>\n<meta property=\"og:description\" content=\"A Frente Parlamentar em Defesa dos Direitos da Pessoa Idosa da Assembleia Legislativa do Rio Grande do Norte promove na pr\u00f3xima segunda-feira (06), atrav\u00e9s de videoconfer\u00eancia, a \u201cJornada em Defesa da Vida de Pessoas Idosas\u201d. \u201cA ideia deste encontro \u00e9 debater novas a\u00e7\u00f5es para proteger nossos idosos e rever o que tem sido feito para [&hellip;]\" \/>\n<meta property=\"og:url\" content=\"https:\/\/ubaldofernandes.com\/index.php\/news\/alrn-frente-parlamentar-promove-jornada-online-em-defesa-da-vida-de-pessoas-idosas\/\" \/>\n<meta property=\"og:site_name\" content=\"Ubaldo Fernandes\" \/>\n<meta property=\"article:modified_time\" content=\"2020-07-28T13:10:04+00:00\" \/>\n<meta property=\"og:image\" content=\"https:\/\/ubaldofernandes.com\/wp-content\/uploads\/2020\/07\/2222222222222222.jpeg\" \/>\n\t<meta property=\"og:image:width\" content=\"1280\" \/>\n\t<meta property=\"og:image:height\" content=\"834\" \/>\n\t<meta property=\"og:image:type\" content=\"image\/jpeg\" \/>\n<meta name=\"twitter:card\" content=\"summary_large_image\" \/>\n<meta name=\"twitter:label1\" content=\"Est. tempo de leitura\" \/>\n\t<meta name=\"twitter:data1\" content=\"2 minutos\" \/>\n<script type=\"application\/ld+json\" class=\"yoast-schema-graph\">{\"@context\":\"https:\/\/schema.org\",\"@graph\":[{\"@type\":\"WebPage\",\"@id\":\"https:\/\/ubaldofernandes.com\/index.php\/news\/alrn-frente-parlamentar-promove-jornada-online-em-defesa-da-vida-de-pessoas-idosas\/\",\"url\":\"https:\/\/ubaldofernandes.com\/index.php\/news\/alrn-frente-parlamentar-promove-jornada-online-em-defesa-da-vida-de-pessoas-idosas\/\",\"name\":\"ALRN: Frente Parlamentar promove jornada online em Defesa da Vida de Pessoas Idosas - Ubaldo Fernandes\",\"isPartOf\":{\"@id\":\"https:\/\/ubaldofernandes.com\/#website\"},\"primaryImageOfPage\":{\"@id\":\"https:\/\/ubaldofernandes.com\/index.php\/news\/alrn-frente-parlamentar-promove-jornada-online-em-defesa-da-vida-de-pessoas-idosas\/#primaryimage\"},\"image\":{\"@id\":\"https:\/\/ubaldofernandes.com\/index.php\/news\/alrn-frente-parlamentar-promove-jornada-online-em-defesa-da-vida-de-pessoas-idosas\/#primaryimage\"},\"thumbnailUrl\":\"https:\/\/ubaldofernandes.com\/wp-content\/uploads\/2020\/07\/2222222222222222.jpeg\",\"datePublished\":\"2020-07-02T15:20:57+00:00\",\"dateModified\":\"2020-07-28T13:10:04+00:00\",\"breadcrumb\":{\"@id\":\"https:\/\/ubaldofernandes.com\/index.php\/news\/alrn-frente-parlamentar-promove-jornada-online-em-defesa-da-vida-de-pessoas-idosas\/#breadcrumb\"},\"inLanguage\":\"pt-BR\",\"potentialAction\":[{\"@type\":\"ReadAction\",\"target\":[\"https:\/\/ubaldofernandes.com\/index.php\/news\/alrn-frente-parlamentar-promove-jornada-online-em-defesa-da-vida-de-pessoas-idosas\/\"]}]},{\"@type\":\"ImageObject\",\"inLanguage\":\"pt-BR\",\"@id\":\"https:\/\/ubaldofernandes.com\/index.php\/news\/alrn-frente-parlamentar-promove-jornada-online-em-defesa-da-vida-de-pessoas-idosas\/#primaryimage\",\"url\":\"https:\/\/ubaldofernandes.com\/wp-content\/uploads\/2020\/07\/2222222222222222.jpeg\",\"contentUrl\":\"https:\/\/ubaldofernandes.com\/wp-content\/uploads\/2020\/07\/2222222222222222.jpeg\",\"width\":1280,\"height\":834},{\"@type\":\"BreadcrumbList\",\"@id\":\"https:\/\/ubaldofernandes.com\/index.php\/news\/alrn-frente-parlamentar-promove-jornada-online-em-defesa-da-vida-de-pessoas-idosas\/#breadcrumb\",\"itemListElement\":[{\"@type\":\"ListItem\",\"position\":1,\"name\":\"In\u00edcio\",\"item\":\"https:\/\/ubaldofernandes.com\/\"},{\"@type\":\"ListItem\",\"position\":2,\"name\":\"Not\u00edcias\",\"item\":\"https:\/\/ubaldofernandes.com\/index.php\/news\/\"},{\"@type\":\"ListItem\",\"position\":3,\"name\":\"ALRN: Frente Parlamentar promove jornada online em Defesa da Vida de Pessoas Idosas\"}]},{\"@type\":\"WebSite\",\"@id\":\"https:\/\/ubaldofernandes.com\/#website\",\"url\":\"https:\/\/ubaldofernandes.com\/\",\"name\":\"Ubaldo Fernandes\",\"description\":\"Deputado Estadual\",\"potentialAction\":[{\"@type\":\"SearchAction\",\"target\":{\"@type\":\"EntryPoint\",\"urlTemplate\":\"https:\/\/ubaldofernandes.com\/?s={search_term_string}\"},\"query-input\":{\"@type\":\"PropertyValueSpecification\",\"valueRequired\":true,\"valueName\":\"search_term_string\"}}],\"inLanguage\":\"pt-BR\"}]}<\/script>\n<!-- \/ Yoast SEO plugin. -->","yoast_head_json":{"title":"ALRN: Frente Parlamentar promove jornada online em Defesa da Vida de Pessoas Idosas - Ubaldo Fernandes","robots":{"index":"index","follow":"follow","max-snippet":"max-snippet:-1","max-image-preview":"max-image-preview:large","max-video-preview":"max-video-preview:-1"},"canonical":"https:\/\/ubaldofernandes.com\/index.php\/news\/alrn-frente-parlamentar-promove-jornada-online-em-defesa-da-vida-de-pessoas-idosas\/","og_locale":"pt_BR","og_type":"article","og_title":"ALRN: Frente Parlamentar promove jornada online em Defesa da Vida de Pessoas Idosas - Ubaldo Fernandes","og_description":"A Frente Parlamentar em Defesa dos Direitos da Pessoa Idosa da Assembleia Legislativa do Rio Grande do Norte promove na pr\u00f3xima segunda-feira (06), atrav\u00e9s de videoconfer\u00eancia, a \u201cJornada em Defesa da Vida de Pessoas Idosas\u201d. \u201cA ideia deste encontro \u00e9 debater novas a\u00e7\u00f5es para proteger nossos idosos e rever o que tem sido feito para [&hellip;]","og_url":"https:\/\/ubaldofernandes.com\/index.php\/news\/alrn-frente-parlamentar-promove-jornada-online-em-defesa-da-vida-de-pessoas-idosas\/","og_site_name":"Ubaldo Fernandes","article_modified_time":"2020-07-28T13:10:04+00:00","og_image":[{"width":1280,"height":834,"url":"https:\/\/ubaldofernandes.com\/wp-content\/uploads\/2020\/07\/2222222222222222.jpeg","type":"image\/jpeg"}],"twitter_card":"summary_large_image","twitter_misc":{"Est. tempo de leitura":"2 minutos"},"schema":{"@context":"https:\/\/schema.org","@graph":[{"@type":"WebPage","@id":"https:\/\/ubaldofernandes.com\/index.php\/news\/alrn-frente-parlamentar-promove-jornada-online-em-defesa-da-vida-de-pessoas-idosas\/","url":"https:\/\/ubaldofernandes.com\/index.php\/news\/alrn-frente-parlamentar-promove-jornada-online-em-defesa-da-vida-de-pessoas-idosas\/","name":"ALRN: Frente Parlamentar promove jornada online em Defesa da Vida de Pessoas Idosas - Ubaldo Fernandes","isPartOf":{"@id":"https:\/\/ubaldofernandes.com\/#website"},"primaryImageOfPage":{"@id":"https:\/\/ubaldofernandes.com\/index.php\/news\/alrn-frente-parlamentar-promove-jornada-online-em-defesa-da-vida-de-pessoas-idosas\/#primaryimage"},"image":{"@id":"https:\/\/ubaldofernandes.com\/index.php\/news\/alrn-frente-parlamentar-promove-jornada-online-em-defesa-da-vida-de-pessoas-idosas\/#primaryimage"},"thumbnailUrl":"https:\/\/ubaldofernandes.com\/wp-content\/uploads\/2020\/07\/2222222222222222.jpeg","datePublished":"2020-07-02T15:20:57+00:00","dateModified":"2020-07-28T13:10:04+00:00","breadcrumb":{"@id":"https:\/\/ubaldofernandes.com\/index.php\/news\/alrn-frente-parlamentar-promove-jornada-online-em-defesa-da-vida-de-pessoas-idosas\/#breadcrumb"},"inLanguage":"pt-BR","potentialAction":[{"@type":"ReadAction","target":["https:\/\/ubaldofernandes.com\/index.php\/news\/alrn-frente-parlamentar-promove-jornada-online-em-defesa-da-vida-de-pessoas-idosas\/"]}]},{"@type":"ImageObject","inLanguage":"pt-BR","@id":"https:\/\/ubaldofernandes.com\/index.php\/news\/alrn-frente-parlamentar-promove-jornada-online-em-defesa-da-vida-de-pessoas-idosas\/#primaryimage","url":"https:\/\/ubaldofernandes.com\/wp-content\/uploads\/2020\/07\/2222222222222222.jpeg","contentUrl":"https:\/\/ubaldofernandes.com\/wp-content\/uploads\/2020\/07\/2222222222222222.jpeg","width":1280,"height":834},{"@type":"BreadcrumbList","@id":"https:\/\/ubaldofernandes.com\/index.php\/news\/alrn-frente-parlamentar-promove-jornada-online-em-defesa-da-vida-de-pessoas-idosas\/#breadcrumb","itemListElement":[{"@type":"ListItem","position":1,"name":"In\u00edcio","item":"https:\/\/ubaldofernandes.com\/"},{"@type":"ListItem","position":2,"name":"Not\u00edcias","item":"https:\/\/ubaldofernandes.com\/index.php\/news\/"},{"@type":"ListItem","position":3,"name":"ALRN: Frente Parlamentar promove jornada online em Defesa da Vida de Pessoas Idosas"}]},{"@type":"WebSite","@id":"https:\/\/ubaldofernandes.com\/#website","url":"https:\/\/ubaldofernandes.com\/","name":"Ubaldo Fernandes","description":"Deputado Estadual","potentialAction":[{"@type":"SearchAction","target":{"@type":"EntryPoint","urlTemplate":"https:\/\/ubaldofernandes.com\/?s={search_term_string}"},"query-input":{"@type":"PropertyValueSpecification","valueRequired":true,"valueName":"search_term_string"}}],"inLanguage":"pt-BR"}]}},"_links":{"self":[{"href":"https:\/\/ubaldofernandes.com\/index.php\/wp-json\/wp\/v2\/news\/313","targetHints":{"allow":["GET"]}}],"collection":[{"href":"https:\/\/ubaldofernandes.com\/index.php\/wp-json\/wp\/v2\/news"}],"about":[{"href":"https:\/\/ubaldofernandes.com\/index.php\/wp-json\/wp\/v2\/types\/news"}],"wp:featuredmedia":[{"embeddable":true,"href":"https:\/\/ubaldofernandes.com\/index.php\/wp-json\/wp\/v2\/media\/315"}],"wp:attachment":[{"href":"https:\/\/ubaldofernandes.com\/index.php\/wp-json\/wp\/v2\/media?parent=313"}],"curies":[{"name":"wp","href":"https:\/\/api.w.org\/{rel}","templated":true}]}}