{"id":316,"date":"2020-07-06T12:30:32","date_gmt":"2020-07-06T15:30:32","guid":{"rendered":"https:\/\/ubaldofernandes.com\/?post_type=news&#038;p=316"},"modified":"2020-07-23T21:03:23","modified_gmt":"2020-07-24T00:03:23","slug":"frente-parlamentar-da-alrn-realiza-jornada-online-em-defesa-da-vida-de-pessoas-idosas","status":"publish","type":"news","link":"https:\/\/ubaldofernandes.com\/index.php\/news\/frente-parlamentar-da-alrn-realiza-jornada-online-em-defesa-da-vida-de-pessoas-idosas\/","title":{"rendered":"Frente Parlamentar da ALRN realiza Jornada Online em Defesa da Vida de Pessoas Idosas"},"content":{"rendered":"\n<p>A Frente Parlamentar em Defesa dos Direitos da Pessoa Idosa da Assembleia Legislativa do Rio Grande do Norte, em parceria com Conselho Municipal da Pessoa Idosa do Natal e outras entidades, organizou a Jornada Online em Defesa da Vida de Pessoas Idosas, que aconteceu por meio de plataforma virtual, nesta segunda-feira (06), e serviu para discutir as causas relacionadas aos idosos do Rio Grande do Norte e do Brasil. A ocasi\u00e3o tamb\u00e9m foi oportuna para divulga\u00e7\u00e3o do lan\u00e7amento da Rede de Prote\u00e7\u00e3o e Valoriza\u00e7\u00e3o \u00e0 Pessoa Idosa do Rio Grande do Norte.<\/p>\n\n\n\n<p>De acordo com o presidente da Frente Parlamentar em Defesa dos Direitos da Pessoa Idosa da Assembleia Legislativa do Rio Grande do Norte, o deputado estadual Ubaldo Fernandes (PL), a inten\u00e7\u00e3o do encontro virtual \u00e9 de tra\u00e7ar metas e discutir como est\u00e1 a real situa\u00e7\u00e3o dos idosos, principalmente nesse momento de isolamento social. \u201cO RN tem se destacado como um dos estados que mais desrespeita o direito do idoso nesse per\u00edodo de pandemia e isso chama muito a aten\u00e7\u00e3o. Conforme dados do Disque 100, de mar\u00e7o a maio deste ano, o n\u00famero de den\u00fancias de viol\u00eancia contra o idoso aumentou significativamente. \u00c9 algo que precisa ser seriamente refletido. O governo tem um papel muito importante na execu\u00e7\u00e3o de pol\u00edticas p\u00fablicas de combate a essa realidade\u201d, disse o parlamentar.<\/p>\n\n\n\n<p>O presidente do Conselho Municipal da Pessoa Idosa do Natal e vice-presidente da Frente Parlamentar, Andr\u00e9 Arruda, destacou que a oportunidade serve tamb\u00e9m para lan\u00e7ar a Rede de Prote\u00e7\u00e3o e Valoriza\u00e7\u00e3o \u00e0 Pessoa Idosa do Rio Grande do Norte, que, segundo ele, se integra a diversos \u00f3rg\u00e3os e institui\u00e7\u00f5es e nasce da necessidade de unir pessoas comprometidas com a defesa e garantia de direitos da pessoa idosa.<\/p>\n\n\n\n<p>\u201cAqui nessa jornada estamos com muitas autoridades estaduais e federais e que podem ecoar o grito para uma efetiva\u00e7\u00e3o de pol\u00edticas p\u00fablicas j\u00e1 existentes e forma\u00e7\u00e3o de novas pol\u00edticas em defesa da pessoa idosa, de uma valoriza\u00e7\u00e3o dessas pessoas que dedicaram uma vida inteira em favor do nosso pa\u00eds. Muitas pessoas t\u00eam sido violentadas e esses suspeitos s\u00e3o na maioria entes queridos. Nosso estado, Rio Grande do Norte, tem aparecido sempre em destaque no grande n\u00famero de viol\u00eancia contra pessoa idosa, segundo informa\u00e7\u00e3o do Disque 100. Na pandemia essa viol\u00eancia tem se intensificado. Precisamos reafirmar a necessidade do enfrentamento \u00e0 viol\u00eancia contra a pessoa idosa e incentivar que as pessoas (idosas ou n\u00e3o idosas) possam denunciar. Precisamos tamb\u00e9m dar visibilidade a grandes campanhas de pr\u00e1ticas que visem a evitar a viol\u00eancia contra essas pessoas\u201d, discursou Andr\u00e9 Arruda.<\/p>\n\n\n\n<p>O presidente do Conselho Municipal da Pessoa Idosa do Natal aproveitou para destacar requerimentos e encaminhamentos da Jornada. Ao Governo do Estado do RN, ele sugeriu a cria\u00e7\u00e3o de Centros Dia, para poder tirar o idoso do meio da viol\u00eancia, principalmente aqueles que vivem em comunidades carentes; sugeriu ainda a contribui\u00e7\u00e3o com as institui\u00e7\u00f5es de longa perman\u00eancia; o aparelhamento da delegacia especializada na pessoa idosa, que, de acordo com ele, tem trabalhado muito, mas precisa de uma infraestrutura material e de profissionais humanizados; bem como, sugeriu uma delegacia na zona Norte de Natal e novas delegacias do g\u00eanero em cidades-polo do Estado. Tamb\u00e9m requereu aos prefeitos das cidades do interior do RN a cria\u00e7\u00e3o de Conselhos Municipais. Hoje, dos 167 munic\u00edpios do estado, poucos deles t\u00eam Conselho Municipal.<\/p>\n\n\n\n<p>Mat\u00e9ria publicada no Blog <a href=\"http:\/\/www.politicaemfoco.com\/frente-parlamentar-da-alrn-realiza-jornada-online-em-defesa-da-vida-de-pessoas-idosas\/\" target=\"_blank\" rel=\"noreferrer noopener\">politicaemfoco.com<\/a><\/p>\n","protected":false},"featured_media":317,"parent":0,"template":"","class_list":["post-316","news","type-news","status-publish","has-post-thumbnail","hentry"],"acf":[],"yoast_head":"<!-- This site is optimized with the Yoast SEO plugin v24.6 - https:\/\/yoast.com\/wordpress\/plugins\/seo\/ -->\n<title>Frente Parlamentar da ALRN realiza Jornada Online em Defesa da Vida de Pessoas Idosas - Ubaldo Fernandes<\/title>\n<meta name=\"robots\" content=\"index, follow, max-snippet:-1, max-image-preview:large, max-video-preview:-1\" \/>\n<link rel=\"canonical\" href=\"https:\/\/ubaldofernandes.com\/index.php\/news\/frente-parlamentar-da-alrn-realiza-jornada-online-em-defesa-da-vida-de-pessoas-idosas\/\" \/>\n<meta property=\"og:locale\" content=\"pt_BR\" \/>\n<meta property=\"og:type\" content=\"article\" \/>\n<meta property=\"og:title\" content=\"Frente Parlamentar da ALRN realiza Jornada Online em Defesa da Vida de Pessoas Idosas - Ubaldo Fernandes\" \/>\n<meta property=\"og:description\" content=\"A Frente Parlamentar em Defesa dos Direitos da Pessoa Idosa da Assembleia Legislativa do Rio Grande do Norte, em parceria com Conselho Municipal da Pessoa Idosa do Natal e outras entidades, organizou a Jornada Online em Defesa da Vida de Pessoas Idosas, que aconteceu por meio de plataforma virtual, nesta segunda-feira (06), e serviu para [&hellip;]\" \/>\n<meta property=\"og:url\" content=\"https:\/\/ubaldofernandes.com\/index.php\/news\/frente-parlamentar-da-alrn-realiza-jornada-online-em-defesa-da-vida-de-pessoas-idosas\/\" \/>\n<meta property=\"og:site_name\" content=\"Ubaldo Fernandes\" \/>\n<meta property=\"article:modified_time\" content=\"2020-07-24T00:03:23+00:00\" \/>\n<meta property=\"og:image\" content=\"https:\/\/ubaldofernandes.com\/wp-content\/uploads\/2020\/07\/ubaldo-200722020.jpg\" \/>\n\t<meta property=\"og:image:width\" content=\"800\" \/>\n\t<meta property=\"og:image:height\" content=\"545\" \/>\n\t<meta property=\"og:image:type\" content=\"image\/jpeg\" \/>\n<meta name=\"twitter:card\" content=\"summary_large_image\" \/>\n<meta name=\"twitter:label1\" content=\"Est. tempo de leitura\" \/>\n\t<meta name=\"twitter:data1\" content=\"3 minutos\" \/>\n<script type=\"application\/ld+json\" class=\"yoast-schema-graph\">{\"@context\":\"https:\/\/schema.org\",\"@graph\":[{\"@type\":\"WebPage\",\"@id\":\"https:\/\/ubaldofernandes.com\/index.php\/news\/frente-parlamentar-da-alrn-realiza-jornada-online-em-defesa-da-vida-de-pessoas-idosas\/\",\"url\":\"https:\/\/ubaldofernandes.com\/index.php\/news\/frente-parlamentar-da-alrn-realiza-jornada-online-em-defesa-da-vida-de-pessoas-idosas\/\",\"name\":\"Frente Parlamentar da ALRN realiza Jornada Online em Defesa da Vida de Pessoas Idosas - Ubaldo Fernandes\",\"isPartOf\":{\"@id\":\"https:\/\/ubaldofernandes.com\/#website\"},\"primaryImageOfPage\":{\"@id\":\"https:\/\/ubaldofernandes.com\/index.php\/news\/frente-parlamentar-da-alrn-realiza-jornada-online-em-defesa-da-vida-de-pessoas-idosas\/#primaryimage\"},\"image\":{\"@id\":\"https:\/\/ubaldofernandes.com\/index.php\/news\/frente-parlamentar-da-alrn-realiza-jornada-online-em-defesa-da-vida-de-pessoas-idosas\/#primaryimage\"},\"thumbnailUrl\":\"https:\/\/ubaldofernandes.com\/wp-content\/uploads\/2020\/07\/ubaldo-200722020.jpg\",\"datePublished\":\"2020-07-06T15:30:32+00:00\",\"dateModified\":\"2020-07-24T00:03:23+00:00\",\"breadcrumb\":{\"@id\":\"https:\/\/ubaldofernandes.com\/index.php\/news\/frente-parlamentar-da-alrn-realiza-jornada-online-em-defesa-da-vida-de-pessoas-idosas\/#breadcrumb\"},\"inLanguage\":\"pt-BR\",\"potentialAction\":[{\"@type\":\"ReadAction\",\"target\":[\"https:\/\/ubaldofernandes.com\/index.php\/news\/frente-parlamentar-da-alrn-realiza-jornada-online-em-defesa-da-vida-de-pessoas-idosas\/\"]}]},{\"@type\":\"ImageObject\",\"inLanguage\":\"pt-BR\",\"@id\":\"https:\/\/ubaldofernandes.com\/index.php\/news\/frente-parlamentar-da-alrn-realiza-jornada-online-em-defesa-da-vida-de-pessoas-idosas\/#primaryimage\",\"url\":\"https:\/\/ubaldofernandes.com\/wp-content\/uploads\/2020\/07\/ubaldo-200722020.jpg\",\"contentUrl\":\"https:\/\/ubaldofernandes.com\/wp-content\/uploads\/2020\/07\/ubaldo-200722020.jpg\",\"width\":800,\"height\":545},{\"@type\":\"BreadcrumbList\",\"@id\":\"https:\/\/ubaldofernandes.com\/index.php\/news\/frente-parlamentar-da-alrn-realiza-jornada-online-em-defesa-da-vida-de-pessoas-idosas\/#breadcrumb\",\"itemListElement\":[{\"@type\":\"ListItem\",\"position\":1,\"name\":\"In\u00edcio\",\"item\":\"https:\/\/ubaldofernandes.com\/\"},{\"@type\":\"ListItem\",\"position\":2,\"name\":\"Not\u00edcias\",\"item\":\"https:\/\/ubaldofernandes.com\/index.php\/news\/\"},{\"@type\":\"ListItem\",\"position\":3,\"name\":\"Frente Parlamentar da ALRN realiza Jornada Online em Defesa da Vida de Pessoas Idosas\"}]},{\"@type\":\"WebSite\",\"@id\":\"https:\/\/ubaldofernandes.com\/#website\",\"url\":\"https:\/\/ubaldofernandes.com\/\",\"name\":\"Ubaldo Fernandes\",\"description\":\"Deputado Estadual\",\"potentialAction\":[{\"@type\":\"SearchAction\",\"target\":{\"@type\":\"EntryPoint\",\"urlTemplate\":\"https:\/\/ubaldofernandes.com\/?s={search_term_string}\"},\"query-input\":{\"@type\":\"PropertyValueSpecification\",\"valueRequired\":true,\"valueName\":\"search_term_string\"}}],\"inLanguage\":\"pt-BR\"}]}<\/script>\n<!-- \/ Yoast SEO plugin. -->","yoast_head_json":{"title":"Frente Parlamentar da ALRN realiza Jornada Online em Defesa da Vida de Pessoas Idosas - Ubaldo Fernandes","robots":{"index":"index","follow":"follow","max-snippet":"max-snippet:-1","max-image-preview":"max-image-preview:large","max-video-preview":"max-video-preview:-1"},"canonical":"https:\/\/ubaldofernandes.com\/index.php\/news\/frente-parlamentar-da-alrn-realiza-jornada-online-em-defesa-da-vida-de-pessoas-idosas\/","og_locale":"pt_BR","og_type":"article","og_title":"Frente Parlamentar da ALRN realiza Jornada Online em Defesa da Vida de Pessoas Idosas - Ubaldo Fernandes","og_description":"A Frente Parlamentar em Defesa dos Direitos da Pessoa Idosa da Assembleia Legislativa do Rio Grande do Norte, em parceria com Conselho Municipal da Pessoa Idosa do Natal e outras entidades, organizou a Jornada Online em Defesa da Vida de Pessoas Idosas, que aconteceu por meio de plataforma virtual, nesta segunda-feira (06), e serviu para [&hellip;]","og_url":"https:\/\/ubaldofernandes.com\/index.php\/news\/frente-parlamentar-da-alrn-realiza-jornada-online-em-defesa-da-vida-de-pessoas-idosas\/","og_site_name":"Ubaldo Fernandes","article_modified_time":"2020-07-24T00:03:23+00:00","og_image":[{"width":800,"height":545,"url":"https:\/\/ubaldofernandes.com\/wp-content\/uploads\/2020\/07\/ubaldo-200722020.jpg","type":"image\/jpeg"}],"twitter_card":"summary_large_image","twitter_misc":{"Est. tempo de leitura":"3 minutos"},"schema":{"@context":"https:\/\/schema.org","@graph":[{"@type":"WebPage","@id":"https:\/\/ubaldofernandes.com\/index.php\/news\/frente-parlamentar-da-alrn-realiza-jornada-online-em-defesa-da-vida-de-pessoas-idosas\/","url":"https:\/\/ubaldofernandes.com\/index.php\/news\/frente-parlamentar-da-alrn-realiza-jornada-online-em-defesa-da-vida-de-pessoas-idosas\/","name":"Frente Parlamentar da ALRN realiza Jornada Online em Defesa da Vida de Pessoas Idosas - Ubaldo Fernandes","isPartOf":{"@id":"https:\/\/ubaldofernandes.com\/#website"},"primaryImageOfPage":{"@id":"https:\/\/ubaldofernandes.com\/index.php\/news\/frente-parlamentar-da-alrn-realiza-jornada-online-em-defesa-da-vida-de-pessoas-idosas\/#primaryimage"},"image":{"@id":"https:\/\/ubaldofernandes.com\/index.php\/news\/frente-parlamentar-da-alrn-realiza-jornada-online-em-defesa-da-vida-de-pessoas-idosas\/#primaryimage"},"thumbnailUrl":"https:\/\/ubaldofernandes.com\/wp-content\/uploads\/2020\/07\/ubaldo-200722020.jpg","datePublished":"2020-07-06T15:30:32+00:00","dateModified":"2020-07-24T00:03:23+00:00","breadcrumb":{"@id":"https:\/\/ubaldofernandes.com\/index.php\/news\/frente-parlamentar-da-alrn-realiza-jornada-online-em-defesa-da-vida-de-pessoas-idosas\/#breadcrumb"},"inLanguage":"pt-BR","potentialAction":[{"@type":"ReadAction","target":["https:\/\/ubaldofernandes.com\/index.php\/news\/frente-parlamentar-da-alrn-realiza-jornada-online-em-defesa-da-vida-de-pessoas-idosas\/"]}]},{"@type":"ImageObject","inLanguage":"pt-BR","@id":"https:\/\/ubaldofernandes.com\/index.php\/news\/frente-parlamentar-da-alrn-realiza-jornada-online-em-defesa-da-vida-de-pessoas-idosas\/#primaryimage","url":"https:\/\/ubaldofernandes.com\/wp-content\/uploads\/2020\/07\/ubaldo-200722020.jpg","contentUrl":"https:\/\/ubaldofernandes.com\/wp-content\/uploads\/2020\/07\/ubaldo-200722020.jpg","width":800,"height":545},{"@type":"BreadcrumbList","@id":"https:\/\/ubaldofernandes.com\/index.php\/news\/frente-parlamentar-da-alrn-realiza-jornada-online-em-defesa-da-vida-de-pessoas-idosas\/#breadcrumb","itemListElement":[{"@type":"ListItem","position":1,"name":"In\u00edcio","item":"https:\/\/ubaldofernandes.com\/"},{"@type":"ListItem","position":2,"name":"Not\u00edcias","item":"https:\/\/ubaldofernandes.com\/index.php\/news\/"},{"@type":"ListItem","position":3,"name":"Frente Parlamentar da ALRN realiza Jornada Online em Defesa da Vida de Pessoas Idosas"}]},{"@type":"WebSite","@id":"https:\/\/ubaldofernandes.com\/#website","url":"https:\/\/ubaldofernandes.com\/","name":"Ubaldo Fernandes","description":"Deputado Estadual","potentialAction":[{"@type":"SearchAction","target":{"@type":"EntryPoint","urlTemplate":"https:\/\/ubaldofernandes.com\/?s={search_term_string}"},"query-input":{"@type":"PropertyValueSpecification","valueRequired":true,"valueName":"search_term_string"}}],"inLanguage":"pt-BR"}]}},"_links":{"self":[{"href":"https:\/\/ubaldofernandes.com\/index.php\/wp-json\/wp\/v2\/news\/316","targetHints":{"allow":["GET"]}}],"collection":[{"href":"https:\/\/ubaldofernandes.com\/index.php\/wp-json\/wp\/v2\/news"}],"about":[{"href":"https:\/\/ubaldofernandes.com\/index.php\/wp-json\/wp\/v2\/types\/news"}],"wp:featuredmedia":[{"embeddable":true,"href":"https:\/\/ubaldofernandes.com\/index.php\/wp-json\/wp\/v2\/media\/317"}],"wp:attachment":[{"href":"https:\/\/ubaldofernandes.com\/index.php\/wp-json\/wp\/v2\/media?parent=316"}],"curies":[{"name":"wp","href":"https:\/\/api.w.org\/{rel}","templated":true}]}}