{"id":3185,"date":"2021-10-19T16:25:48","date_gmt":"2021-10-19T19:25:48","guid":{"rendered":"https:\/\/ubaldofernandes.com\/?post_type=news&#038;p=3185"},"modified":"2021-10-21T09:28:58","modified_gmt":"2021-10-21T12:28:58","slug":"ubaldo-enaltece-operacao-da-policia-civil-para-protecao-a-pessoa-idosa","status":"publish","type":"news","link":"https:\/\/ubaldofernandes.com\/index.php\/news\/ubaldo-enaltece-operacao-da-policia-civil-para-protecao-a-pessoa-idosa\/","title":{"rendered":"Ubaldo enaltece opera\u00e7\u00e3o da Pol\u00edcia Civil para prote\u00e7\u00e3o \u00e0 pessoa idosa"},"content":{"rendered":"\n<p>Em pronunciamento durante a sess\u00e3o plen\u00e1ria dessa ter\u00e7a-feira (19), na Assembleia Legislativa, o deputado Ubaldo Fernandes (PL) enalteceu o in\u00edcio da opera\u00e7\u00e3o Vetus II, pela Pol\u00edcia Civil, para a investiga\u00e7\u00e3o de crimes contra idosos. De acordo com o parlamentar, a a\u00e7\u00e3o segue at\u00e9 o dia 18 de novembro, apurando den\u00fancias registradas pelo Disque 100 e demais canais locais.<\/p>\n\n\n\n<p>\u201cO Rio Grande do Norte se destaca no cen\u00e1rio nacional como um dos estados que mais viola o direito da pessoa idosa, por isso a import\u00e2ncia em divulgar e enaltecer a iniciativa da Pol\u00edcia Civil do nosso Estado atrav\u00e9s da Delegacia da Defesa do Idoso\u201d, alertou Ubaldo.<\/p>\n\n\n\n<p>Segundo ele, a opera\u00e7\u00e3o prev\u00ea durante o per\u00edodo a instaura\u00e7\u00e3o e conclus\u00e3o de procedimentos investigativos, al\u00e9m de visitas \u00e0s resid\u00eancias das v\u00edtimas e o cumprimento de mandatos e medidas protetivas. Em sua primeira edi\u00e7\u00e3o, em 2020, a opera\u00e7\u00e3o apurou mais de 250 den\u00fancias.<\/p>\n\n\n\n<p>\u201cRegistro aqui os parab\u00e9ns para a iniciativa. Como presidente na Casa da Frente Parlamentar de Valoriza\u00e7\u00e3o da Pessoa Idosa, \u00e9 nosso dever apoiar e divulgar as relevantes iniciativas que buscam resguardar os direitos dos nossos idosos\u201d, disse Ubaldo, acrescentando que a opera\u00e7\u00e3o \u00e9 parte de uma mobiliza\u00e7\u00e3o nacional coordenada e articulada pelo Minist\u00e9rio da Justi\u00e7a e Seguran\u00e7a P\u00fablica.<\/p>\n\n\n\n<p>Mat\u00e9ria publicada no Portal <a href=\"https:\/\/www.tribunadenoticias.com.br\/2021\/10\/ubaldo-enaltece-operacao-da-policia.html\">Tribuna de Not\u00edcias<\/a>. <\/p>\n","protected":false},"featured_media":3141,"parent":0,"template":"","class_list":["post-3185","news","type-news","status-publish","has-post-thumbnail","hentry"],"acf":[],"yoast_head":"<!-- This site is optimized with the Yoast SEO plugin v24.6 - https:\/\/yoast.com\/wordpress\/plugins\/seo\/ -->\n<title>Ubaldo enaltece opera\u00e7\u00e3o da Pol\u00edcia Civil para prote\u00e7\u00e3o \u00e0 pessoa idosa - Ubaldo Fernandes<\/title>\n<meta name=\"robots\" content=\"index, follow, max-snippet:-1, max-image-preview:large, max-video-preview:-1\" \/>\n<link rel=\"canonical\" href=\"https:\/\/ubaldofernandes.com\/index.php\/news\/ubaldo-enaltece-operacao-da-policia-civil-para-protecao-a-pessoa-idosa\/\" \/>\n<meta property=\"og:locale\" content=\"pt_BR\" \/>\n<meta property=\"og:type\" content=\"article\" \/>\n<meta property=\"og:title\" content=\"Ubaldo enaltece opera\u00e7\u00e3o da Pol\u00edcia Civil para prote\u00e7\u00e3o \u00e0 pessoa idosa - Ubaldo Fernandes\" \/>\n<meta property=\"og:description\" content=\"Em pronunciamento durante a sess\u00e3o plen\u00e1ria dessa ter\u00e7a-feira (19), na Assembleia Legislativa, o deputado Ubaldo Fernandes (PL) enalteceu o in\u00edcio da opera\u00e7\u00e3o Vetus II, pela Pol\u00edcia Civil, para a investiga\u00e7\u00e3o de crimes contra idosos. De acordo com o parlamentar, a a\u00e7\u00e3o segue at\u00e9 o dia 18 de novembro, apurando den\u00fancias registradas pelo Disque 100 e [&hellip;]\" \/>\n<meta property=\"og:url\" content=\"https:\/\/ubaldofernandes.com\/index.php\/news\/ubaldo-enaltece-operacao-da-policia-civil-para-protecao-a-pessoa-idosa\/\" \/>\n<meta property=\"og:site_name\" content=\"Ubaldo Fernandes\" \/>\n<meta property=\"article:modified_time\" content=\"2021-10-21T12:28:58+00:00\" \/>\n<meta property=\"og:image\" content=\"https:\/\/ubaldofernandes.com\/wp-content\/uploads\/2021\/10\/WhatsApp-Image-2021-10-19-at-11.27.47-696x464-1.jpeg\" \/>\n\t<meta property=\"og:image:width\" content=\"696\" \/>\n\t<meta property=\"og:image:height\" content=\"464\" \/>\n\t<meta property=\"og:image:type\" content=\"image\/jpeg\" \/>\n<meta name=\"twitter:card\" content=\"summary_large_image\" \/>\n<meta name=\"twitter:label1\" content=\"Est. tempo de leitura\" \/>\n\t<meta name=\"twitter:data1\" content=\"1 minuto\" \/>\n<script type=\"application\/ld+json\" class=\"yoast-schema-graph\">{\"@context\":\"https:\/\/schema.org\",\"@graph\":[{\"@type\":\"WebPage\",\"@id\":\"https:\/\/ubaldofernandes.com\/index.php\/news\/ubaldo-enaltece-operacao-da-policia-civil-para-protecao-a-pessoa-idosa\/\",\"url\":\"https:\/\/ubaldofernandes.com\/index.php\/news\/ubaldo-enaltece-operacao-da-policia-civil-para-protecao-a-pessoa-idosa\/\",\"name\":\"Ubaldo enaltece opera\u00e7\u00e3o da Pol\u00edcia Civil para prote\u00e7\u00e3o \u00e0 pessoa idosa - Ubaldo Fernandes\",\"isPartOf\":{\"@id\":\"https:\/\/ubaldofernandes.com\/#website\"},\"primaryImageOfPage\":{\"@id\":\"https:\/\/ubaldofernandes.com\/index.php\/news\/ubaldo-enaltece-operacao-da-policia-civil-para-protecao-a-pessoa-idosa\/#primaryimage\"},\"image\":{\"@id\":\"https:\/\/ubaldofernandes.com\/index.php\/news\/ubaldo-enaltece-operacao-da-policia-civil-para-protecao-a-pessoa-idosa\/#primaryimage\"},\"thumbnailUrl\":\"https:\/\/ubaldofernandes.com\/wp-content\/uploads\/2021\/10\/WhatsApp-Image-2021-10-19-at-11.27.47-696x464-1.jpeg\",\"datePublished\":\"2021-10-19T19:25:48+00:00\",\"dateModified\":\"2021-10-21T12:28:58+00:00\",\"breadcrumb\":{\"@id\":\"https:\/\/ubaldofernandes.com\/index.php\/news\/ubaldo-enaltece-operacao-da-policia-civil-para-protecao-a-pessoa-idosa\/#breadcrumb\"},\"inLanguage\":\"pt-BR\",\"potentialAction\":[{\"@type\":\"ReadAction\",\"target\":[\"https:\/\/ubaldofernandes.com\/index.php\/news\/ubaldo-enaltece-operacao-da-policia-civil-para-protecao-a-pessoa-idosa\/\"]}]},{\"@type\":\"ImageObject\",\"inLanguage\":\"pt-BR\",\"@id\":\"https:\/\/ubaldofernandes.com\/index.php\/news\/ubaldo-enaltece-operacao-da-policia-civil-para-protecao-a-pessoa-idosa\/#primaryimage\",\"url\":\"https:\/\/ubaldofernandes.com\/wp-content\/uploads\/2021\/10\/WhatsApp-Image-2021-10-19-at-11.27.47-696x464-1.jpeg\",\"contentUrl\":\"https:\/\/ubaldofernandes.com\/wp-content\/uploads\/2021\/10\/WhatsApp-Image-2021-10-19-at-11.27.47-696x464-1.jpeg\",\"width\":696,\"height\":464},{\"@type\":\"BreadcrumbList\",\"@id\":\"https:\/\/ubaldofernandes.com\/index.php\/news\/ubaldo-enaltece-operacao-da-policia-civil-para-protecao-a-pessoa-idosa\/#breadcrumb\",\"itemListElement\":[{\"@type\":\"ListItem\",\"position\":1,\"name\":\"In\u00edcio\",\"item\":\"https:\/\/ubaldofernandes.com\/\"},{\"@type\":\"ListItem\",\"position\":2,\"name\":\"Not\u00edcias\",\"item\":\"https:\/\/ubaldofernandes.com\/index.php\/news\/\"},{\"@type\":\"ListItem\",\"position\":3,\"name\":\"Ubaldo enaltece opera\u00e7\u00e3o da Pol\u00edcia Civil para prote\u00e7\u00e3o \u00e0 pessoa idosa\"}]},{\"@type\":\"WebSite\",\"@id\":\"https:\/\/ubaldofernandes.com\/#website\",\"url\":\"https:\/\/ubaldofernandes.com\/\",\"name\":\"Ubaldo Fernandes\",\"description\":\"Deputado Estadual\",\"potentialAction\":[{\"@type\":\"SearchAction\",\"target\":{\"@type\":\"EntryPoint\",\"urlTemplate\":\"https:\/\/ubaldofernandes.com\/?s={search_term_string}\"},\"query-input\":{\"@type\":\"PropertyValueSpecification\",\"valueRequired\":true,\"valueName\":\"search_term_string\"}}],\"inLanguage\":\"pt-BR\"}]}<\/script>\n<!-- \/ Yoast SEO plugin. -->","yoast_head_json":{"title":"Ubaldo enaltece opera\u00e7\u00e3o da Pol\u00edcia Civil para prote\u00e7\u00e3o \u00e0 pessoa idosa - Ubaldo Fernandes","robots":{"index":"index","follow":"follow","max-snippet":"max-snippet:-1","max-image-preview":"max-image-preview:large","max-video-preview":"max-video-preview:-1"},"canonical":"https:\/\/ubaldofernandes.com\/index.php\/news\/ubaldo-enaltece-operacao-da-policia-civil-para-protecao-a-pessoa-idosa\/","og_locale":"pt_BR","og_type":"article","og_title":"Ubaldo enaltece opera\u00e7\u00e3o da Pol\u00edcia Civil para prote\u00e7\u00e3o \u00e0 pessoa idosa - Ubaldo Fernandes","og_description":"Em pronunciamento durante a sess\u00e3o plen\u00e1ria dessa ter\u00e7a-feira (19), na Assembleia Legislativa, o deputado Ubaldo Fernandes (PL) enalteceu o in\u00edcio da opera\u00e7\u00e3o Vetus II, pela Pol\u00edcia Civil, para a investiga\u00e7\u00e3o de crimes contra idosos. De acordo com o parlamentar, a a\u00e7\u00e3o segue at\u00e9 o dia 18 de novembro, apurando den\u00fancias registradas pelo Disque 100 e [&hellip;]","og_url":"https:\/\/ubaldofernandes.com\/index.php\/news\/ubaldo-enaltece-operacao-da-policia-civil-para-protecao-a-pessoa-idosa\/","og_site_name":"Ubaldo Fernandes","article_modified_time":"2021-10-21T12:28:58+00:00","og_image":[{"width":696,"height":464,"url":"https:\/\/ubaldofernandes.com\/wp-content\/uploads\/2021\/10\/WhatsApp-Image-2021-10-19-at-11.27.47-696x464-1.jpeg","type":"image\/jpeg"}],"twitter_card":"summary_large_image","twitter_misc":{"Est. tempo de leitura":"1 minuto"},"schema":{"@context":"https:\/\/schema.org","@graph":[{"@type":"WebPage","@id":"https:\/\/ubaldofernandes.com\/index.php\/news\/ubaldo-enaltece-operacao-da-policia-civil-para-protecao-a-pessoa-idosa\/","url":"https:\/\/ubaldofernandes.com\/index.php\/news\/ubaldo-enaltece-operacao-da-policia-civil-para-protecao-a-pessoa-idosa\/","name":"Ubaldo enaltece opera\u00e7\u00e3o da Pol\u00edcia Civil para prote\u00e7\u00e3o \u00e0 pessoa idosa - Ubaldo Fernandes","isPartOf":{"@id":"https:\/\/ubaldofernandes.com\/#website"},"primaryImageOfPage":{"@id":"https:\/\/ubaldofernandes.com\/index.php\/news\/ubaldo-enaltece-operacao-da-policia-civil-para-protecao-a-pessoa-idosa\/#primaryimage"},"image":{"@id":"https:\/\/ubaldofernandes.com\/index.php\/news\/ubaldo-enaltece-operacao-da-policia-civil-para-protecao-a-pessoa-idosa\/#primaryimage"},"thumbnailUrl":"https:\/\/ubaldofernandes.com\/wp-content\/uploads\/2021\/10\/WhatsApp-Image-2021-10-19-at-11.27.47-696x464-1.jpeg","datePublished":"2021-10-19T19:25:48+00:00","dateModified":"2021-10-21T12:28:58+00:00","breadcrumb":{"@id":"https:\/\/ubaldofernandes.com\/index.php\/news\/ubaldo-enaltece-operacao-da-policia-civil-para-protecao-a-pessoa-idosa\/#breadcrumb"},"inLanguage":"pt-BR","potentialAction":[{"@type":"ReadAction","target":["https:\/\/ubaldofernandes.com\/index.php\/news\/ubaldo-enaltece-operacao-da-policia-civil-para-protecao-a-pessoa-idosa\/"]}]},{"@type":"ImageObject","inLanguage":"pt-BR","@id":"https:\/\/ubaldofernandes.com\/index.php\/news\/ubaldo-enaltece-operacao-da-policia-civil-para-protecao-a-pessoa-idosa\/#primaryimage","url":"https:\/\/ubaldofernandes.com\/wp-content\/uploads\/2021\/10\/WhatsApp-Image-2021-10-19-at-11.27.47-696x464-1.jpeg","contentUrl":"https:\/\/ubaldofernandes.com\/wp-content\/uploads\/2021\/10\/WhatsApp-Image-2021-10-19-at-11.27.47-696x464-1.jpeg","width":696,"height":464},{"@type":"BreadcrumbList","@id":"https:\/\/ubaldofernandes.com\/index.php\/news\/ubaldo-enaltece-operacao-da-policia-civil-para-protecao-a-pessoa-idosa\/#breadcrumb","itemListElement":[{"@type":"ListItem","position":1,"name":"In\u00edcio","item":"https:\/\/ubaldofernandes.com\/"},{"@type":"ListItem","position":2,"name":"Not\u00edcias","item":"https:\/\/ubaldofernandes.com\/index.php\/news\/"},{"@type":"ListItem","position":3,"name":"Ubaldo enaltece opera\u00e7\u00e3o da Pol\u00edcia Civil para prote\u00e7\u00e3o \u00e0 pessoa idosa"}]},{"@type":"WebSite","@id":"https:\/\/ubaldofernandes.com\/#website","url":"https:\/\/ubaldofernandes.com\/","name":"Ubaldo Fernandes","description":"Deputado Estadual","potentialAction":[{"@type":"SearchAction","target":{"@type":"EntryPoint","urlTemplate":"https:\/\/ubaldofernandes.com\/?s={search_term_string}"},"query-input":{"@type":"PropertyValueSpecification","valueRequired":true,"valueName":"search_term_string"}}],"inLanguage":"pt-BR"}]}},"_links":{"self":[{"href":"https:\/\/ubaldofernandes.com\/index.php\/wp-json\/wp\/v2\/news\/3185","targetHints":{"allow":["GET"]}}],"collection":[{"href":"https:\/\/ubaldofernandes.com\/index.php\/wp-json\/wp\/v2\/news"}],"about":[{"href":"https:\/\/ubaldofernandes.com\/index.php\/wp-json\/wp\/v2\/types\/news"}],"wp:featuredmedia":[{"embeddable":true,"href":"https:\/\/ubaldofernandes.com\/index.php\/wp-json\/wp\/v2\/media\/3141"}],"wp:attachment":[{"href":"https:\/\/ubaldofernandes.com\/index.php\/wp-json\/wp\/v2\/media?parent=3185"}],"curies":[{"name":"wp","href":"https:\/\/api.w.org\/{rel}","templated":true}]}}