{"id":3196,"date":"2021-10-22T21:17:51","date_gmt":"2021-10-23T00:17:51","guid":{"rendered":"https:\/\/ubaldofernandes.com\/?post_type=news&#038;p=3196"},"modified":"2021-10-26T08:19:57","modified_gmt":"2021-10-26T11:19:57","slug":"ubaldo-participa-de-entrega-de-veiculos-em-sitio-novo-que-contou-com-emenda-de-seu-mandato","status":"publish","type":"news","link":"https:\/\/ubaldofernandes.com\/index.php\/news\/ubaldo-participa-de-entrega-de-veiculos-em-sitio-novo-que-contou-com-emenda-de-seu-mandato\/","title":{"rendered":"Ubaldo participa de entrega de ve\u00edculos em S\u00edtio Novo que contou com emenda de seu mandato"},"content":{"rendered":"\n<p>A Prefeitura de S\u00edtio Novo entregou cinco ve\u00edculos \u00e0 popula\u00e7\u00e3o do munic\u00edpio na manh\u00e3 desta sexta-feira (22). Um deles, uma ambul\u00e2ncia no valor de R$ 130 mil, contou com R$ 100 mil de recursos estaduais oriundos de emenda do deputado estadual Ubaldo Fernandes, que fez quest\u00e3o de participar do evento.<\/p>\n\n\n\n<p>\u201cFico muito feliz vendo o zelo da gest\u00e3o municipal com a sua cidade, principalmente nesses tempos dif\u00edceis de pandemia. Em tempo recorde, est\u00e3o conseguindo fazer essas aquisi\u00e7\u00f5es importantes para as frotas p\u00fablicas. Parabenizo tamb\u00e9m essa unidade de todos, com esse trabalho conjunto da prefeita Andrezza Brasil com a vice-prefeita Nira e a C\u00e2mara Municipal, assim como todos os secret\u00e1rios\u201d, destacou o parlamentar.<\/p>\n\n\n\n<p>Ubaldo Fernandes enfatizou ainda sua liga\u00e7\u00e3o com o Trairi, uma vez que nasceu na cidade vizinha, Tangar\u00e1, destacando seu compromisso com o desenvolvimento da regi\u00e3o. Por fim, o parlamentar refor\u00e7ou sua disposi\u00e7\u00e3o de continuar ajudando o munic\u00edpio, buscando melhorias no Governo.<\/p>\n\n\n\n<p>Al\u00e9m da ambul\u00e2ncia adquirida com recursos de emenda de Ubaldo, o Poder Executivo comprou outra com emenda do ex-deputado Sandro Pimentel, al\u00e9m de uma viatura para Guarda Municipal e dois tratores com implementos. A solenidade teve presen\u00e7a da maioria dos vereadores e secretariado municipal.<\/p>\n\n\n\n<p>Mat\u00e9ria publicada no <a href=\"http:\/\/www.vlaudeyliberato.com\/ubaldo-participa-de-entrega-de-veiculos-em-sitio-novo-que-contou-com-emenda-de-seu-mandato\/\">Blog do Vlaudey Liberato<\/a>. <\/p>\n\n\n\n<div class=\"wp-block-image\"><figure class=\"aligncenter size-large\"><img loading=\"lazy\" decoding=\"async\" width=\"696\" height=\"391\" src=\"https:\/\/ubaldofernandes.com\/wp-content\/uploads\/2021\/10\/Ubaldo-em-Sitio-Novo-1.jpeg\" alt=\"\" class=\"wp-image-3197\" srcset=\"https:\/\/ubaldofernandes.com\/wp-content\/uploads\/2021\/10\/Ubaldo-em-Sitio-Novo-1.jpeg 696w, https:\/\/ubaldofernandes.com\/wp-content\/uploads\/2021\/10\/Ubaldo-em-Sitio-Novo-1-300x169.jpeg 300w\" sizes=\"auto, (max-width: 696px) 100vw, 696px\" \/><\/figure><\/div>\n","protected":false},"featured_media":3193,"parent":0,"template":"","class_list":["post-3196","news","type-news","status-publish","has-post-thumbnail","hentry"],"acf":[],"yoast_head":"<!-- This site is optimized with the Yoast SEO plugin v24.6 - https:\/\/yoast.com\/wordpress\/plugins\/seo\/ -->\n<title>Ubaldo participa de entrega de ve\u00edculos em S\u00edtio Novo que contou com emenda de seu mandato - Ubaldo Fernandes<\/title>\n<meta name=\"robots\" content=\"index, follow, max-snippet:-1, max-image-preview:large, max-video-preview:-1\" \/>\n<link rel=\"canonical\" href=\"https:\/\/ubaldofernandes.com\/index.php\/news\/ubaldo-participa-de-entrega-de-veiculos-em-sitio-novo-que-contou-com-emenda-de-seu-mandato\/\" \/>\n<meta property=\"og:locale\" content=\"pt_BR\" \/>\n<meta property=\"og:type\" content=\"article\" \/>\n<meta property=\"og:title\" content=\"Ubaldo participa de entrega de ve\u00edculos em S\u00edtio Novo que contou com emenda de seu mandato - Ubaldo Fernandes\" \/>\n<meta property=\"og:description\" content=\"A Prefeitura de S\u00edtio Novo entregou cinco ve\u00edculos \u00e0 popula\u00e7\u00e3o do munic\u00edpio na manh\u00e3 desta sexta-feira (22). Um deles, uma ambul\u00e2ncia no valor de R$ 130 mil, contou com R$ 100 mil de recursos estaduais oriundos de emenda do deputado estadual Ubaldo Fernandes, que fez quest\u00e3o de participar do evento. \u201cFico muito feliz vendo o [&hellip;]\" \/>\n<meta property=\"og:url\" content=\"https:\/\/ubaldofernandes.com\/index.php\/news\/ubaldo-participa-de-entrega-de-veiculos-em-sitio-novo-que-contou-com-emenda-de-seu-mandato\/\" \/>\n<meta property=\"og:site_name\" content=\"Ubaldo Fernandes\" \/>\n<meta property=\"article:modified_time\" content=\"2021-10-26T11:19:57+00:00\" \/>\n<meta property=\"og:image\" content=\"https:\/\/ubaldofernandes.com\/wp-content\/uploads\/2021\/10\/Sitio-Novo-1.jpeg\" \/>\n\t<meta property=\"og:image:width\" content=\"1280\" \/>\n\t<meta property=\"og:image:height\" content=\"719\" \/>\n\t<meta property=\"og:image:type\" content=\"image\/jpeg\" \/>\n<meta name=\"twitter:card\" content=\"summary_large_image\" \/>\n<meta name=\"twitter:label1\" content=\"Est. tempo de leitura\" \/>\n\t<meta name=\"twitter:data1\" content=\"1 minuto\" \/>\n<script type=\"application\/ld+json\" class=\"yoast-schema-graph\">{\"@context\":\"https:\/\/schema.org\",\"@graph\":[{\"@type\":\"WebPage\",\"@id\":\"https:\/\/ubaldofernandes.com\/index.php\/news\/ubaldo-participa-de-entrega-de-veiculos-em-sitio-novo-que-contou-com-emenda-de-seu-mandato\/\",\"url\":\"https:\/\/ubaldofernandes.com\/index.php\/news\/ubaldo-participa-de-entrega-de-veiculos-em-sitio-novo-que-contou-com-emenda-de-seu-mandato\/\",\"name\":\"Ubaldo participa de entrega de ve\u00edculos em S\u00edtio Novo que contou com emenda de seu mandato - Ubaldo Fernandes\",\"isPartOf\":{\"@id\":\"https:\/\/ubaldofernandes.com\/#website\"},\"primaryImageOfPage\":{\"@id\":\"https:\/\/ubaldofernandes.com\/index.php\/news\/ubaldo-participa-de-entrega-de-veiculos-em-sitio-novo-que-contou-com-emenda-de-seu-mandato\/#primaryimage\"},\"image\":{\"@id\":\"https:\/\/ubaldofernandes.com\/index.php\/news\/ubaldo-participa-de-entrega-de-veiculos-em-sitio-novo-que-contou-com-emenda-de-seu-mandato\/#primaryimage\"},\"thumbnailUrl\":\"https:\/\/ubaldofernandes.com\/wp-content\/uploads\/2021\/10\/Sitio-Novo-1.jpeg\",\"datePublished\":\"2021-10-23T00:17:51+00:00\",\"dateModified\":\"2021-10-26T11:19:57+00:00\",\"breadcrumb\":{\"@id\":\"https:\/\/ubaldofernandes.com\/index.php\/news\/ubaldo-participa-de-entrega-de-veiculos-em-sitio-novo-que-contou-com-emenda-de-seu-mandato\/#breadcrumb\"},\"inLanguage\":\"pt-BR\",\"potentialAction\":[{\"@type\":\"ReadAction\",\"target\":[\"https:\/\/ubaldofernandes.com\/index.php\/news\/ubaldo-participa-de-entrega-de-veiculos-em-sitio-novo-que-contou-com-emenda-de-seu-mandato\/\"]}]},{\"@type\":\"ImageObject\",\"inLanguage\":\"pt-BR\",\"@id\":\"https:\/\/ubaldofernandes.com\/index.php\/news\/ubaldo-participa-de-entrega-de-veiculos-em-sitio-novo-que-contou-com-emenda-de-seu-mandato\/#primaryimage\",\"url\":\"https:\/\/ubaldofernandes.com\/wp-content\/uploads\/2021\/10\/Sitio-Novo-1.jpeg\",\"contentUrl\":\"https:\/\/ubaldofernandes.com\/wp-content\/uploads\/2021\/10\/Sitio-Novo-1.jpeg\",\"width\":1280,\"height\":719},{\"@type\":\"BreadcrumbList\",\"@id\":\"https:\/\/ubaldofernandes.com\/index.php\/news\/ubaldo-participa-de-entrega-de-veiculos-em-sitio-novo-que-contou-com-emenda-de-seu-mandato\/#breadcrumb\",\"itemListElement\":[{\"@type\":\"ListItem\",\"position\":1,\"name\":\"In\u00edcio\",\"item\":\"https:\/\/ubaldofernandes.com\/\"},{\"@type\":\"ListItem\",\"position\":2,\"name\":\"Not\u00edcias\",\"item\":\"https:\/\/ubaldofernandes.com\/index.php\/news\/\"},{\"@type\":\"ListItem\",\"position\":3,\"name\":\"Ubaldo participa de entrega de ve\u00edculos em S\u00edtio Novo que contou com emenda de seu mandato\"}]},{\"@type\":\"WebSite\",\"@id\":\"https:\/\/ubaldofernandes.com\/#website\",\"url\":\"https:\/\/ubaldofernandes.com\/\",\"name\":\"Ubaldo Fernandes\",\"description\":\"Deputado Estadual\",\"potentialAction\":[{\"@type\":\"SearchAction\",\"target\":{\"@type\":\"EntryPoint\",\"urlTemplate\":\"https:\/\/ubaldofernandes.com\/?s={search_term_string}\"},\"query-input\":{\"@type\":\"PropertyValueSpecification\",\"valueRequired\":true,\"valueName\":\"search_term_string\"}}],\"inLanguage\":\"pt-BR\"}]}<\/script>\n<!-- \/ Yoast SEO plugin. -->","yoast_head_json":{"title":"Ubaldo participa de entrega de ve\u00edculos em S\u00edtio Novo que contou com emenda de seu mandato - Ubaldo Fernandes","robots":{"index":"index","follow":"follow","max-snippet":"max-snippet:-1","max-image-preview":"max-image-preview:large","max-video-preview":"max-video-preview:-1"},"canonical":"https:\/\/ubaldofernandes.com\/index.php\/news\/ubaldo-participa-de-entrega-de-veiculos-em-sitio-novo-que-contou-com-emenda-de-seu-mandato\/","og_locale":"pt_BR","og_type":"article","og_title":"Ubaldo participa de entrega de ve\u00edculos em S\u00edtio Novo que contou com emenda de seu mandato - Ubaldo Fernandes","og_description":"A Prefeitura de S\u00edtio Novo entregou cinco ve\u00edculos \u00e0 popula\u00e7\u00e3o do munic\u00edpio na manh\u00e3 desta sexta-feira (22). Um deles, uma ambul\u00e2ncia no valor de R$ 130 mil, contou com R$ 100 mil de recursos estaduais oriundos de emenda do deputado estadual Ubaldo Fernandes, que fez quest\u00e3o de participar do evento. \u201cFico muito feliz vendo o [&hellip;]","og_url":"https:\/\/ubaldofernandes.com\/index.php\/news\/ubaldo-participa-de-entrega-de-veiculos-em-sitio-novo-que-contou-com-emenda-de-seu-mandato\/","og_site_name":"Ubaldo Fernandes","article_modified_time":"2021-10-26T11:19:57+00:00","og_image":[{"width":1280,"height":719,"url":"https:\/\/ubaldofernandes.com\/wp-content\/uploads\/2021\/10\/Sitio-Novo-1.jpeg","type":"image\/jpeg"}],"twitter_card":"summary_large_image","twitter_misc":{"Est. tempo de leitura":"1 minuto"},"schema":{"@context":"https:\/\/schema.org","@graph":[{"@type":"WebPage","@id":"https:\/\/ubaldofernandes.com\/index.php\/news\/ubaldo-participa-de-entrega-de-veiculos-em-sitio-novo-que-contou-com-emenda-de-seu-mandato\/","url":"https:\/\/ubaldofernandes.com\/index.php\/news\/ubaldo-participa-de-entrega-de-veiculos-em-sitio-novo-que-contou-com-emenda-de-seu-mandato\/","name":"Ubaldo participa de entrega de ve\u00edculos em S\u00edtio Novo que contou com emenda de seu mandato - Ubaldo Fernandes","isPartOf":{"@id":"https:\/\/ubaldofernandes.com\/#website"},"primaryImageOfPage":{"@id":"https:\/\/ubaldofernandes.com\/index.php\/news\/ubaldo-participa-de-entrega-de-veiculos-em-sitio-novo-que-contou-com-emenda-de-seu-mandato\/#primaryimage"},"image":{"@id":"https:\/\/ubaldofernandes.com\/index.php\/news\/ubaldo-participa-de-entrega-de-veiculos-em-sitio-novo-que-contou-com-emenda-de-seu-mandato\/#primaryimage"},"thumbnailUrl":"https:\/\/ubaldofernandes.com\/wp-content\/uploads\/2021\/10\/Sitio-Novo-1.jpeg","datePublished":"2021-10-23T00:17:51+00:00","dateModified":"2021-10-26T11:19:57+00:00","breadcrumb":{"@id":"https:\/\/ubaldofernandes.com\/index.php\/news\/ubaldo-participa-de-entrega-de-veiculos-em-sitio-novo-que-contou-com-emenda-de-seu-mandato\/#breadcrumb"},"inLanguage":"pt-BR","potentialAction":[{"@type":"ReadAction","target":["https:\/\/ubaldofernandes.com\/index.php\/news\/ubaldo-participa-de-entrega-de-veiculos-em-sitio-novo-que-contou-com-emenda-de-seu-mandato\/"]}]},{"@type":"ImageObject","inLanguage":"pt-BR","@id":"https:\/\/ubaldofernandes.com\/index.php\/news\/ubaldo-participa-de-entrega-de-veiculos-em-sitio-novo-que-contou-com-emenda-de-seu-mandato\/#primaryimage","url":"https:\/\/ubaldofernandes.com\/wp-content\/uploads\/2021\/10\/Sitio-Novo-1.jpeg","contentUrl":"https:\/\/ubaldofernandes.com\/wp-content\/uploads\/2021\/10\/Sitio-Novo-1.jpeg","width":1280,"height":719},{"@type":"BreadcrumbList","@id":"https:\/\/ubaldofernandes.com\/index.php\/news\/ubaldo-participa-de-entrega-de-veiculos-em-sitio-novo-que-contou-com-emenda-de-seu-mandato\/#breadcrumb","itemListElement":[{"@type":"ListItem","position":1,"name":"In\u00edcio","item":"https:\/\/ubaldofernandes.com\/"},{"@type":"ListItem","position":2,"name":"Not\u00edcias","item":"https:\/\/ubaldofernandes.com\/index.php\/news\/"},{"@type":"ListItem","position":3,"name":"Ubaldo participa de entrega de ve\u00edculos em S\u00edtio Novo que contou com emenda de seu mandato"}]},{"@type":"WebSite","@id":"https:\/\/ubaldofernandes.com\/#website","url":"https:\/\/ubaldofernandes.com\/","name":"Ubaldo Fernandes","description":"Deputado Estadual","potentialAction":[{"@type":"SearchAction","target":{"@type":"EntryPoint","urlTemplate":"https:\/\/ubaldofernandes.com\/?s={search_term_string}"},"query-input":{"@type":"PropertyValueSpecification","valueRequired":true,"valueName":"search_term_string"}}],"inLanguage":"pt-BR"}]}},"_links":{"self":[{"href":"https:\/\/ubaldofernandes.com\/index.php\/wp-json\/wp\/v2\/news\/3196","targetHints":{"allow":["GET"]}}],"collection":[{"href":"https:\/\/ubaldofernandes.com\/index.php\/wp-json\/wp\/v2\/news"}],"about":[{"href":"https:\/\/ubaldofernandes.com\/index.php\/wp-json\/wp\/v2\/types\/news"}],"wp:featuredmedia":[{"embeddable":true,"href":"https:\/\/ubaldofernandes.com\/index.php\/wp-json\/wp\/v2\/media\/3193"}],"wp:attachment":[{"href":"https:\/\/ubaldofernandes.com\/index.php\/wp-json\/wp\/v2\/media?parent=3196"}],"curies":[{"name":"wp","href":"https:\/\/api.w.org\/{rel}","templated":true}]}}