{"id":3285,"date":"2021-10-26T18:50:00","date_gmt":"2021-10-26T21:50:00","guid":{"rendered":"https:\/\/ubaldofernandes.com\/?post_type=news&#038;p=3285"},"modified":"2021-10-27T10:53:50","modified_gmt":"2021-10-27T13:53:50","slug":"preocupado-deputado-alerta-que-altos-custos-do-destino-natal-pode-afastar-turistas","status":"publish","type":"news","link":"https:\/\/ubaldofernandes.com\/index.php\/news\/preocupado-deputado-alerta-que-altos-custos-do-destino-natal-pode-afastar-turistas\/","title":{"rendered":"Preocupado, Deputado alerta que altos custos do destino Natal pode afastar turistas"},"content":{"rendered":"\n<p>O deputado estadual Ubaldo Fernandes (PL), em pronunciamento na Assembleia Legislativa nesta ter\u00e7a-feira (26),&nbsp; falou sobre sua preocupa\u00e7\u00e3o com os dados que apontam que Natal \u00e9 o destino mais caro entre as capitais do Nordeste, de acordo com reportagem recente que citou dados do Radar Tarifas A\u00e9reas.&nbsp;<\/p>\n\n\n\n<p>\u201cTemos que ter muita aten\u00e7\u00e3o para esse assunto, pois gera preocupa\u00e7\u00e3o principalmente nestes tempos dif\u00edceis. A pesquisa da Fecom\u00e9rcio fez levantamentos entre os quatro principais polos emissores de turismo e a maior varia\u00e7\u00e3o do pre\u00e7o das passagens foi de Belo Horizonte a Natal, que est\u00e1 68.52% mais caro do que o menor valor pesquisado em Fortaleza\u201d, alertou o deputado.&nbsp;<\/p>\n\n\n\n<p>O parlamentar se preocupou diante da constata\u00e7\u00e3o da pesquisa de que Natal n\u00e3o aparece como destino acess\u00edvel em nenhuma das possibilidades.<\/p>\n\n\n\n<p>\u201cO que nos preocupa \u00e9 que a eleva\u00e7\u00e3o dos pre\u00e7os das passagens acaba influenciando a cadeia produtiva do Rio Grande do Norte, como por exemplo o setor de hotelaria\u201d, avaliou.\u00a0<\/p>\n\n\n\n<p>Mat\u00e9ria publicada no <a href=\"https:\/\/blogtuliolemos.com.br\/preocupado-deputado-alerta-que-altos-custos-do-destino-natal-pode-afastar-turistas\/\">Blog Tulio Lemos<\/a>. <\/p>\n","protected":false},"featured_media":3284,"parent":0,"template":"","class_list":["post-3285","news","type-news","status-publish","has-post-thumbnail","hentry"],"acf":[],"yoast_head":"<!-- This site is optimized with the Yoast SEO plugin v24.6 - https:\/\/yoast.com\/wordpress\/plugins\/seo\/ -->\n<title>Preocupado, Deputado alerta que altos custos do destino Natal pode afastar turistas - Ubaldo Fernandes<\/title>\n<meta name=\"robots\" content=\"index, follow, max-snippet:-1, max-image-preview:large, max-video-preview:-1\" \/>\n<link rel=\"canonical\" href=\"https:\/\/ubaldofernandes.com\/index.php\/news\/preocupado-deputado-alerta-que-altos-custos-do-destino-natal-pode-afastar-turistas\/\" \/>\n<meta property=\"og:locale\" content=\"pt_BR\" \/>\n<meta property=\"og:type\" content=\"article\" \/>\n<meta property=\"og:title\" content=\"Preocupado, Deputado alerta que altos custos do destino Natal pode afastar turistas - Ubaldo Fernandes\" \/>\n<meta property=\"og:description\" content=\"O deputado estadual Ubaldo Fernandes (PL), em pronunciamento na Assembleia Legislativa nesta ter\u00e7a-feira (26),&nbsp; falou sobre sua preocupa\u00e7\u00e3o com os dados que apontam que Natal \u00e9 o destino mais caro entre as capitais do Nordeste, de acordo com reportagem recente que citou dados do Radar Tarifas A\u00e9reas.&nbsp; \u201cTemos que ter muita aten\u00e7\u00e3o para esse assunto, [&hellip;]\" \/>\n<meta property=\"og:url\" content=\"https:\/\/ubaldofernandes.com\/index.php\/news\/preocupado-deputado-alerta-que-altos-custos-do-destino-natal-pode-afastar-turistas\/\" \/>\n<meta property=\"og:site_name\" content=\"Ubaldo Fernandes\" \/>\n<meta property=\"article:modified_time\" content=\"2021-10-27T13:53:50+00:00\" \/>\n<meta property=\"og:image\" content=\"https:\/\/ubaldofernandes.com\/wp-content\/uploads\/2021\/10\/Ubaldo-Comissao-3-scaled.jpg\" \/>\n\t<meta property=\"og:image:width\" content=\"2560\" \/>\n\t<meta property=\"og:image:height\" content=\"1708\" \/>\n\t<meta property=\"og:image:type\" content=\"image\/jpeg\" \/>\n<meta name=\"twitter:card\" content=\"summary_large_image\" \/>\n<meta name=\"twitter:label1\" content=\"Est. tempo de leitura\" \/>\n\t<meta name=\"twitter:data1\" content=\"1 minuto\" \/>\n<script type=\"application\/ld+json\" class=\"yoast-schema-graph\">{\"@context\":\"https:\/\/schema.org\",\"@graph\":[{\"@type\":\"WebPage\",\"@id\":\"https:\/\/ubaldofernandes.com\/index.php\/news\/preocupado-deputado-alerta-que-altos-custos-do-destino-natal-pode-afastar-turistas\/\",\"url\":\"https:\/\/ubaldofernandes.com\/index.php\/news\/preocupado-deputado-alerta-que-altos-custos-do-destino-natal-pode-afastar-turistas\/\",\"name\":\"Preocupado, Deputado alerta que altos custos do destino Natal pode afastar turistas - Ubaldo Fernandes\",\"isPartOf\":{\"@id\":\"https:\/\/ubaldofernandes.com\/#website\"},\"primaryImageOfPage\":{\"@id\":\"https:\/\/ubaldofernandes.com\/index.php\/news\/preocupado-deputado-alerta-que-altos-custos-do-destino-natal-pode-afastar-turistas\/#primaryimage\"},\"image\":{\"@id\":\"https:\/\/ubaldofernandes.com\/index.php\/news\/preocupado-deputado-alerta-que-altos-custos-do-destino-natal-pode-afastar-turistas\/#primaryimage\"},\"thumbnailUrl\":\"https:\/\/ubaldofernandes.com\/wp-content\/uploads\/2021\/10\/Ubaldo-Comissao-3-scaled.jpg\",\"datePublished\":\"2021-10-26T21:50:00+00:00\",\"dateModified\":\"2021-10-27T13:53:50+00:00\",\"breadcrumb\":{\"@id\":\"https:\/\/ubaldofernandes.com\/index.php\/news\/preocupado-deputado-alerta-que-altos-custos-do-destino-natal-pode-afastar-turistas\/#breadcrumb\"},\"inLanguage\":\"pt-BR\",\"potentialAction\":[{\"@type\":\"ReadAction\",\"target\":[\"https:\/\/ubaldofernandes.com\/index.php\/news\/preocupado-deputado-alerta-que-altos-custos-do-destino-natal-pode-afastar-turistas\/\"]}]},{\"@type\":\"ImageObject\",\"inLanguage\":\"pt-BR\",\"@id\":\"https:\/\/ubaldofernandes.com\/index.php\/news\/preocupado-deputado-alerta-que-altos-custos-do-destino-natal-pode-afastar-turistas\/#primaryimage\",\"url\":\"https:\/\/ubaldofernandes.com\/wp-content\/uploads\/2021\/10\/Ubaldo-Comissao-3-scaled.jpg\",\"contentUrl\":\"https:\/\/ubaldofernandes.com\/wp-content\/uploads\/2021\/10\/Ubaldo-Comissao-3-scaled.jpg\",\"width\":2560,\"height\":1708},{\"@type\":\"BreadcrumbList\",\"@id\":\"https:\/\/ubaldofernandes.com\/index.php\/news\/preocupado-deputado-alerta-que-altos-custos-do-destino-natal-pode-afastar-turistas\/#breadcrumb\",\"itemListElement\":[{\"@type\":\"ListItem\",\"position\":1,\"name\":\"In\u00edcio\",\"item\":\"https:\/\/ubaldofernandes.com\/\"},{\"@type\":\"ListItem\",\"position\":2,\"name\":\"Not\u00edcias\",\"item\":\"https:\/\/ubaldofernandes.com\/index.php\/news\/\"},{\"@type\":\"ListItem\",\"position\":3,\"name\":\"Preocupado, Deputado alerta que altos custos do destino Natal pode afastar turistas\"}]},{\"@type\":\"WebSite\",\"@id\":\"https:\/\/ubaldofernandes.com\/#website\",\"url\":\"https:\/\/ubaldofernandes.com\/\",\"name\":\"Ubaldo Fernandes\",\"description\":\"Deputado Estadual\",\"potentialAction\":[{\"@type\":\"SearchAction\",\"target\":{\"@type\":\"EntryPoint\",\"urlTemplate\":\"https:\/\/ubaldofernandes.com\/?s={search_term_string}\"},\"query-input\":{\"@type\":\"PropertyValueSpecification\",\"valueRequired\":true,\"valueName\":\"search_term_string\"}}],\"inLanguage\":\"pt-BR\"}]}<\/script>\n<!-- \/ Yoast SEO plugin. -->","yoast_head_json":{"title":"Preocupado, Deputado alerta que altos custos do destino Natal pode afastar turistas - Ubaldo Fernandes","robots":{"index":"index","follow":"follow","max-snippet":"max-snippet:-1","max-image-preview":"max-image-preview:large","max-video-preview":"max-video-preview:-1"},"canonical":"https:\/\/ubaldofernandes.com\/index.php\/news\/preocupado-deputado-alerta-que-altos-custos-do-destino-natal-pode-afastar-turistas\/","og_locale":"pt_BR","og_type":"article","og_title":"Preocupado, Deputado alerta que altos custos do destino Natal pode afastar turistas - Ubaldo Fernandes","og_description":"O deputado estadual Ubaldo Fernandes (PL), em pronunciamento na Assembleia Legislativa nesta ter\u00e7a-feira (26),&nbsp; falou sobre sua preocupa\u00e7\u00e3o com os dados que apontam que Natal \u00e9 o destino mais caro entre as capitais do Nordeste, de acordo com reportagem recente que citou dados do Radar Tarifas A\u00e9reas.&nbsp; \u201cTemos que ter muita aten\u00e7\u00e3o para esse assunto, [&hellip;]","og_url":"https:\/\/ubaldofernandes.com\/index.php\/news\/preocupado-deputado-alerta-que-altos-custos-do-destino-natal-pode-afastar-turistas\/","og_site_name":"Ubaldo Fernandes","article_modified_time":"2021-10-27T13:53:50+00:00","og_image":[{"width":2560,"height":1708,"url":"https:\/\/ubaldofernandes.com\/wp-content\/uploads\/2021\/10\/Ubaldo-Comissao-3-scaled.jpg","type":"image\/jpeg"}],"twitter_card":"summary_large_image","twitter_misc":{"Est. tempo de leitura":"1 minuto"},"schema":{"@context":"https:\/\/schema.org","@graph":[{"@type":"WebPage","@id":"https:\/\/ubaldofernandes.com\/index.php\/news\/preocupado-deputado-alerta-que-altos-custos-do-destino-natal-pode-afastar-turistas\/","url":"https:\/\/ubaldofernandes.com\/index.php\/news\/preocupado-deputado-alerta-que-altos-custos-do-destino-natal-pode-afastar-turistas\/","name":"Preocupado, Deputado alerta que altos custos do destino Natal pode afastar turistas - Ubaldo Fernandes","isPartOf":{"@id":"https:\/\/ubaldofernandes.com\/#website"},"primaryImageOfPage":{"@id":"https:\/\/ubaldofernandes.com\/index.php\/news\/preocupado-deputado-alerta-que-altos-custos-do-destino-natal-pode-afastar-turistas\/#primaryimage"},"image":{"@id":"https:\/\/ubaldofernandes.com\/index.php\/news\/preocupado-deputado-alerta-que-altos-custos-do-destino-natal-pode-afastar-turistas\/#primaryimage"},"thumbnailUrl":"https:\/\/ubaldofernandes.com\/wp-content\/uploads\/2021\/10\/Ubaldo-Comissao-3-scaled.jpg","datePublished":"2021-10-26T21:50:00+00:00","dateModified":"2021-10-27T13:53:50+00:00","breadcrumb":{"@id":"https:\/\/ubaldofernandes.com\/index.php\/news\/preocupado-deputado-alerta-que-altos-custos-do-destino-natal-pode-afastar-turistas\/#breadcrumb"},"inLanguage":"pt-BR","potentialAction":[{"@type":"ReadAction","target":["https:\/\/ubaldofernandes.com\/index.php\/news\/preocupado-deputado-alerta-que-altos-custos-do-destino-natal-pode-afastar-turistas\/"]}]},{"@type":"ImageObject","inLanguage":"pt-BR","@id":"https:\/\/ubaldofernandes.com\/index.php\/news\/preocupado-deputado-alerta-que-altos-custos-do-destino-natal-pode-afastar-turistas\/#primaryimage","url":"https:\/\/ubaldofernandes.com\/wp-content\/uploads\/2021\/10\/Ubaldo-Comissao-3-scaled.jpg","contentUrl":"https:\/\/ubaldofernandes.com\/wp-content\/uploads\/2021\/10\/Ubaldo-Comissao-3-scaled.jpg","width":2560,"height":1708},{"@type":"BreadcrumbList","@id":"https:\/\/ubaldofernandes.com\/index.php\/news\/preocupado-deputado-alerta-que-altos-custos-do-destino-natal-pode-afastar-turistas\/#breadcrumb","itemListElement":[{"@type":"ListItem","position":1,"name":"In\u00edcio","item":"https:\/\/ubaldofernandes.com\/"},{"@type":"ListItem","position":2,"name":"Not\u00edcias","item":"https:\/\/ubaldofernandes.com\/index.php\/news\/"},{"@type":"ListItem","position":3,"name":"Preocupado, Deputado alerta que altos custos do destino Natal pode afastar turistas"}]},{"@type":"WebSite","@id":"https:\/\/ubaldofernandes.com\/#website","url":"https:\/\/ubaldofernandes.com\/","name":"Ubaldo Fernandes","description":"Deputado Estadual","potentialAction":[{"@type":"SearchAction","target":{"@type":"EntryPoint","urlTemplate":"https:\/\/ubaldofernandes.com\/?s={search_term_string}"},"query-input":{"@type":"PropertyValueSpecification","valueRequired":true,"valueName":"search_term_string"}}],"inLanguage":"pt-BR"}]}},"_links":{"self":[{"href":"https:\/\/ubaldofernandes.com\/index.php\/wp-json\/wp\/v2\/news\/3285","targetHints":{"allow":["GET"]}}],"collection":[{"href":"https:\/\/ubaldofernandes.com\/index.php\/wp-json\/wp\/v2\/news"}],"about":[{"href":"https:\/\/ubaldofernandes.com\/index.php\/wp-json\/wp\/v2\/types\/news"}],"wp:featuredmedia":[{"embeddable":true,"href":"https:\/\/ubaldofernandes.com\/index.php\/wp-json\/wp\/v2\/media\/3284"}],"wp:attachment":[{"href":"https:\/\/ubaldofernandes.com\/index.php\/wp-json\/wp\/v2\/media?parent=3285"}],"curies":[{"name":"wp","href":"https:\/\/api.w.org\/{rel}","templated":true}]}}