{"id":3328,"date":"2021-11-04T16:32:53","date_gmt":"2021-11-04T19:32:53","guid":{"rendered":"https:\/\/ubaldofernandes.com\/?post_type=news&#038;p=3328"},"modified":"2021-11-05T08:36:46","modified_gmt":"2021-11-05T11:36:46","slug":"deputado-ubaldo-fernandes-homenageia-radio-currais-novos-em-sessao-solene-pelos-63-anos-da-emissora-nesta-sexta","status":"publish","type":"news","link":"https:\/\/ubaldofernandes.com\/index.php\/news\/deputado-ubaldo-fernandes-homenageia-radio-currais-novos-em-sessao-solene-pelos-63-anos-da-emissora-nesta-sexta\/","title":{"rendered":"Deputado Ubaldo Fernandes homenageia R\u00e1dio Currais Novos em Sess\u00e3o Solene pelos 63 anos da emissora nesta sexta"},"content":{"rendered":"\n<p>O deputado estadual Ubaldo Fernandes, do PL, vai a Currais Novos nesta sexta-feira (05\/11) com a equipe da Assembleia Legislativa do Rio Grande do Norte para realizar uma Sess\u00e3o Solene em homenagem \u00e0 R\u00e1dio Currais Novos FM 90.9 FM, que completa 63 anos de exist\u00eancia agora em 2021. A solenidade acontecer\u00e1 a partir das 9h na C\u00e2mara Municipal com participa\u00e7\u00e3o de fundadores, colaboradores e popula\u00e7\u00e3o.<\/p>\n\n\n\n<blockquote class=\"wp-block-quote is-layout-flow wp-block-quote-is-layout-flow\"><p>\u201cN\u00e3o pod\u00edamos deixar de enaltecer e reverenciar a hist\u00f3ria desse importante ve\u00edculo de comunica\u00e7\u00e3o, n\u00e3o somente para o munic\u00edpio de Currais Novos, mas para toda a regi\u00e3o Serid\u00f3, uma vez que essa emissora tem alcance em v\u00e1rias cidades pr\u00f3ximas, oferecendo uma programa\u00e7\u00e3o ecl\u00e9tica e din\u00e2mica\u201d, enfatiza o parlamentar.<\/p><\/blockquote>\n\n\n\n<p>Fundada em 1958, pelo desembargador Tomaz Salustino, com o nome de R\u00e1dio Breju\u00ed, a hoje R\u00e1dio Currais Novos leva lazer, cultura, esporte e f\u00e9 aos seus ouvintes fieis. Na d\u00e9cada de 1950, o r\u00e1dio era, talvez, o \u00fanico meio de comunica\u00e7\u00e3o, entretenimento e lazer para muitas pessoas que moravam pelo interior do RN e PB e essa emissora tem tido papel fundamental no desenvolvimento dessa regi\u00e3o.<br>Atualmente, a emissora pertence \u00e0 Funda\u00e7\u00e3o Educacional Sant\u2019Ana, ligada \u00e0 Igreja Cat\u00f3lica, mantendo a ideologia de levar o melhor conte\u00fado musical, jornal\u00edstico e religioso para seu p\u00fablico. Com 10 colaboradores e outros 8 profissionais terceirizados, a r\u00e1dio apresenta-se como emissora competitiva no mercado regional.<\/p>\n\n\n\n<p>Mat\u00e9ria publicada no <a href=\"https:\/\/carloseduardototoro.com\/?p=2655\">Blog do Carlos Eduardo<\/a>. <\/p>\n","protected":false},"featured_media":3329,"parent":0,"template":"","class_list":["post-3328","news","type-news","status-publish","has-post-thumbnail","hentry"],"acf":[],"yoast_head":"<!-- This site is optimized with the Yoast SEO plugin v24.6 - https:\/\/yoast.com\/wordpress\/plugins\/seo\/ -->\n<title>Deputado Ubaldo Fernandes homenageia R\u00e1dio Currais Novos em Sess\u00e3o Solene pelos 63 anos da emissora nesta sexta - Ubaldo Fernandes<\/title>\n<meta name=\"robots\" content=\"index, follow, max-snippet:-1, max-image-preview:large, max-video-preview:-1\" \/>\n<link rel=\"canonical\" href=\"https:\/\/ubaldofernandes.com\/index.php\/news\/deputado-ubaldo-fernandes-homenageia-radio-currais-novos-em-sessao-solene-pelos-63-anos-da-emissora-nesta-sexta\/\" \/>\n<meta property=\"og:locale\" content=\"pt_BR\" \/>\n<meta property=\"og:type\" content=\"article\" \/>\n<meta property=\"og:title\" content=\"Deputado Ubaldo Fernandes homenageia R\u00e1dio Currais Novos em Sess\u00e3o Solene pelos 63 anos da emissora nesta sexta - Ubaldo Fernandes\" \/>\n<meta property=\"og:description\" content=\"O deputado estadual Ubaldo Fernandes, do PL, vai a Currais Novos nesta sexta-feira (05\/11) com a equipe da Assembleia Legislativa do Rio Grande do Norte para realizar uma Sess\u00e3o Solene em homenagem \u00e0 R\u00e1dio Currais Novos FM 90.9 FM, que completa 63 anos de exist\u00eancia agora em 2021. A solenidade acontecer\u00e1 a partir das 9h [&hellip;]\" \/>\n<meta property=\"og:url\" content=\"https:\/\/ubaldofernandes.com\/index.php\/news\/deputado-ubaldo-fernandes-homenageia-radio-currais-novos-em-sessao-solene-pelos-63-anos-da-emissora-nesta-sexta\/\" \/>\n<meta property=\"og:site_name\" content=\"Ubaldo Fernandes\" \/>\n<meta property=\"article:modified_time\" content=\"2021-11-05T11:36:46+00:00\" \/>\n<meta property=\"og:image\" content=\"https:\/\/ubaldofernandes.com\/wp-content\/uploads\/2021\/11\/currais-novos.jpg\" \/>\n\t<meta property=\"og:image:width\" content=\"1080\" \/>\n\t<meta property=\"og:image:height\" content=\"1080\" \/>\n\t<meta property=\"og:image:type\" content=\"image\/jpeg\" \/>\n<meta name=\"twitter:card\" content=\"summary_large_image\" \/>\n<meta name=\"twitter:label1\" content=\"Est. tempo de leitura\" \/>\n\t<meta name=\"twitter:data1\" content=\"1 minuto\" \/>\n<script type=\"application\/ld+json\" class=\"yoast-schema-graph\">{\"@context\":\"https:\/\/schema.org\",\"@graph\":[{\"@type\":\"WebPage\",\"@id\":\"https:\/\/ubaldofernandes.com\/index.php\/news\/deputado-ubaldo-fernandes-homenageia-radio-currais-novos-em-sessao-solene-pelos-63-anos-da-emissora-nesta-sexta\/\",\"url\":\"https:\/\/ubaldofernandes.com\/index.php\/news\/deputado-ubaldo-fernandes-homenageia-radio-currais-novos-em-sessao-solene-pelos-63-anos-da-emissora-nesta-sexta\/\",\"name\":\"Deputado Ubaldo Fernandes homenageia R\u00e1dio Currais Novos em Sess\u00e3o Solene pelos 63 anos da emissora nesta sexta - Ubaldo Fernandes\",\"isPartOf\":{\"@id\":\"https:\/\/ubaldofernandes.com\/#website\"},\"primaryImageOfPage\":{\"@id\":\"https:\/\/ubaldofernandes.com\/index.php\/news\/deputado-ubaldo-fernandes-homenageia-radio-currais-novos-em-sessao-solene-pelos-63-anos-da-emissora-nesta-sexta\/#primaryimage\"},\"image\":{\"@id\":\"https:\/\/ubaldofernandes.com\/index.php\/news\/deputado-ubaldo-fernandes-homenageia-radio-currais-novos-em-sessao-solene-pelos-63-anos-da-emissora-nesta-sexta\/#primaryimage\"},\"thumbnailUrl\":\"https:\/\/ubaldofernandes.com\/wp-content\/uploads\/2021\/11\/currais-novos.jpg\",\"datePublished\":\"2021-11-04T19:32:53+00:00\",\"dateModified\":\"2021-11-05T11:36:46+00:00\",\"breadcrumb\":{\"@id\":\"https:\/\/ubaldofernandes.com\/index.php\/news\/deputado-ubaldo-fernandes-homenageia-radio-currais-novos-em-sessao-solene-pelos-63-anos-da-emissora-nesta-sexta\/#breadcrumb\"},\"inLanguage\":\"pt-BR\",\"potentialAction\":[{\"@type\":\"ReadAction\",\"target\":[\"https:\/\/ubaldofernandes.com\/index.php\/news\/deputado-ubaldo-fernandes-homenageia-radio-currais-novos-em-sessao-solene-pelos-63-anos-da-emissora-nesta-sexta\/\"]}]},{\"@type\":\"ImageObject\",\"inLanguage\":\"pt-BR\",\"@id\":\"https:\/\/ubaldofernandes.com\/index.php\/news\/deputado-ubaldo-fernandes-homenageia-radio-currais-novos-em-sessao-solene-pelos-63-anos-da-emissora-nesta-sexta\/#primaryimage\",\"url\":\"https:\/\/ubaldofernandes.com\/wp-content\/uploads\/2021\/11\/currais-novos.jpg\",\"contentUrl\":\"https:\/\/ubaldofernandes.com\/wp-content\/uploads\/2021\/11\/currais-novos.jpg\",\"width\":1080,\"height\":1080},{\"@type\":\"BreadcrumbList\",\"@id\":\"https:\/\/ubaldofernandes.com\/index.php\/news\/deputado-ubaldo-fernandes-homenageia-radio-currais-novos-em-sessao-solene-pelos-63-anos-da-emissora-nesta-sexta\/#breadcrumb\",\"itemListElement\":[{\"@type\":\"ListItem\",\"position\":1,\"name\":\"In\u00edcio\",\"item\":\"https:\/\/ubaldofernandes.com\/\"},{\"@type\":\"ListItem\",\"position\":2,\"name\":\"Not\u00edcias\",\"item\":\"https:\/\/ubaldofernandes.com\/index.php\/news\/\"},{\"@type\":\"ListItem\",\"position\":3,\"name\":\"Deputado Ubaldo Fernandes homenageia R\u00e1dio Currais Novos em Sess\u00e3o Solene pelos 63 anos da emissora nesta sexta\"}]},{\"@type\":\"WebSite\",\"@id\":\"https:\/\/ubaldofernandes.com\/#website\",\"url\":\"https:\/\/ubaldofernandes.com\/\",\"name\":\"Ubaldo Fernandes\",\"description\":\"Deputado Estadual\",\"potentialAction\":[{\"@type\":\"SearchAction\",\"target\":{\"@type\":\"EntryPoint\",\"urlTemplate\":\"https:\/\/ubaldofernandes.com\/?s={search_term_string}\"},\"query-input\":{\"@type\":\"PropertyValueSpecification\",\"valueRequired\":true,\"valueName\":\"search_term_string\"}}],\"inLanguage\":\"pt-BR\"}]}<\/script>\n<!-- \/ Yoast SEO plugin. -->","yoast_head_json":{"title":"Deputado Ubaldo Fernandes homenageia R\u00e1dio Currais Novos em Sess\u00e3o Solene pelos 63 anos da emissora nesta sexta - Ubaldo Fernandes","robots":{"index":"index","follow":"follow","max-snippet":"max-snippet:-1","max-image-preview":"max-image-preview:large","max-video-preview":"max-video-preview:-1"},"canonical":"https:\/\/ubaldofernandes.com\/index.php\/news\/deputado-ubaldo-fernandes-homenageia-radio-currais-novos-em-sessao-solene-pelos-63-anos-da-emissora-nesta-sexta\/","og_locale":"pt_BR","og_type":"article","og_title":"Deputado Ubaldo Fernandes homenageia R\u00e1dio Currais Novos em Sess\u00e3o Solene pelos 63 anos da emissora nesta sexta - Ubaldo Fernandes","og_description":"O deputado estadual Ubaldo Fernandes, do PL, vai a Currais Novos nesta sexta-feira (05\/11) com a equipe da Assembleia Legislativa do Rio Grande do Norte para realizar uma Sess\u00e3o Solene em homenagem \u00e0 R\u00e1dio Currais Novos FM 90.9 FM, que completa 63 anos de exist\u00eancia agora em 2021. A solenidade acontecer\u00e1 a partir das 9h [&hellip;]","og_url":"https:\/\/ubaldofernandes.com\/index.php\/news\/deputado-ubaldo-fernandes-homenageia-radio-currais-novos-em-sessao-solene-pelos-63-anos-da-emissora-nesta-sexta\/","og_site_name":"Ubaldo Fernandes","article_modified_time":"2021-11-05T11:36:46+00:00","og_image":[{"width":1080,"height":1080,"url":"https:\/\/ubaldofernandes.com\/wp-content\/uploads\/2021\/11\/currais-novos.jpg","type":"image\/jpeg"}],"twitter_card":"summary_large_image","twitter_misc":{"Est. tempo de leitura":"1 minuto"},"schema":{"@context":"https:\/\/schema.org","@graph":[{"@type":"WebPage","@id":"https:\/\/ubaldofernandes.com\/index.php\/news\/deputado-ubaldo-fernandes-homenageia-radio-currais-novos-em-sessao-solene-pelos-63-anos-da-emissora-nesta-sexta\/","url":"https:\/\/ubaldofernandes.com\/index.php\/news\/deputado-ubaldo-fernandes-homenageia-radio-currais-novos-em-sessao-solene-pelos-63-anos-da-emissora-nesta-sexta\/","name":"Deputado Ubaldo Fernandes homenageia R\u00e1dio Currais Novos em Sess\u00e3o Solene pelos 63 anos da emissora nesta sexta - Ubaldo Fernandes","isPartOf":{"@id":"https:\/\/ubaldofernandes.com\/#website"},"primaryImageOfPage":{"@id":"https:\/\/ubaldofernandes.com\/index.php\/news\/deputado-ubaldo-fernandes-homenageia-radio-currais-novos-em-sessao-solene-pelos-63-anos-da-emissora-nesta-sexta\/#primaryimage"},"image":{"@id":"https:\/\/ubaldofernandes.com\/index.php\/news\/deputado-ubaldo-fernandes-homenageia-radio-currais-novos-em-sessao-solene-pelos-63-anos-da-emissora-nesta-sexta\/#primaryimage"},"thumbnailUrl":"https:\/\/ubaldofernandes.com\/wp-content\/uploads\/2021\/11\/currais-novos.jpg","datePublished":"2021-11-04T19:32:53+00:00","dateModified":"2021-11-05T11:36:46+00:00","breadcrumb":{"@id":"https:\/\/ubaldofernandes.com\/index.php\/news\/deputado-ubaldo-fernandes-homenageia-radio-currais-novos-em-sessao-solene-pelos-63-anos-da-emissora-nesta-sexta\/#breadcrumb"},"inLanguage":"pt-BR","potentialAction":[{"@type":"ReadAction","target":["https:\/\/ubaldofernandes.com\/index.php\/news\/deputado-ubaldo-fernandes-homenageia-radio-currais-novos-em-sessao-solene-pelos-63-anos-da-emissora-nesta-sexta\/"]}]},{"@type":"ImageObject","inLanguage":"pt-BR","@id":"https:\/\/ubaldofernandes.com\/index.php\/news\/deputado-ubaldo-fernandes-homenageia-radio-currais-novos-em-sessao-solene-pelos-63-anos-da-emissora-nesta-sexta\/#primaryimage","url":"https:\/\/ubaldofernandes.com\/wp-content\/uploads\/2021\/11\/currais-novos.jpg","contentUrl":"https:\/\/ubaldofernandes.com\/wp-content\/uploads\/2021\/11\/currais-novos.jpg","width":1080,"height":1080},{"@type":"BreadcrumbList","@id":"https:\/\/ubaldofernandes.com\/index.php\/news\/deputado-ubaldo-fernandes-homenageia-radio-currais-novos-em-sessao-solene-pelos-63-anos-da-emissora-nesta-sexta\/#breadcrumb","itemListElement":[{"@type":"ListItem","position":1,"name":"In\u00edcio","item":"https:\/\/ubaldofernandes.com\/"},{"@type":"ListItem","position":2,"name":"Not\u00edcias","item":"https:\/\/ubaldofernandes.com\/index.php\/news\/"},{"@type":"ListItem","position":3,"name":"Deputado Ubaldo Fernandes homenageia R\u00e1dio Currais Novos em Sess\u00e3o Solene pelos 63 anos da emissora nesta sexta"}]},{"@type":"WebSite","@id":"https:\/\/ubaldofernandes.com\/#website","url":"https:\/\/ubaldofernandes.com\/","name":"Ubaldo Fernandes","description":"Deputado Estadual","potentialAction":[{"@type":"SearchAction","target":{"@type":"EntryPoint","urlTemplate":"https:\/\/ubaldofernandes.com\/?s={search_term_string}"},"query-input":{"@type":"PropertyValueSpecification","valueRequired":true,"valueName":"search_term_string"}}],"inLanguage":"pt-BR"}]}},"_links":{"self":[{"href":"https:\/\/ubaldofernandes.com\/index.php\/wp-json\/wp\/v2\/news\/3328","targetHints":{"allow":["GET"]}}],"collection":[{"href":"https:\/\/ubaldofernandes.com\/index.php\/wp-json\/wp\/v2\/news"}],"about":[{"href":"https:\/\/ubaldofernandes.com\/index.php\/wp-json\/wp\/v2\/types\/news"}],"wp:featuredmedia":[{"embeddable":true,"href":"https:\/\/ubaldofernandes.com\/index.php\/wp-json\/wp\/v2\/media\/3329"}],"wp:attachment":[{"href":"https:\/\/ubaldofernandes.com\/index.php\/wp-json\/wp\/v2\/media?parent=3328"}],"curies":[{"name":"wp","href":"https:\/\/api.w.org\/{rel}","templated":true}]}}