{"id":3332,"date":"2021-11-09T19:44:09","date_gmt":"2021-11-09T22:44:09","guid":{"rendered":"https:\/\/ubaldofernandes.com\/?post_type=news&#038;p=3332"},"modified":"2021-11-10T10:50:19","modified_gmt":"2021-11-10T13:50:19","slug":"ubaldo-e-herberth-levam-semov-a-comunidades-para-discutir-cronograma-de-obras-viabilizadas-por-emenda-de-joao-maia","status":"publish","type":"news","link":"https:\/\/ubaldofernandes.com\/index.php\/news\/ubaldo-e-herberth-levam-semov-a-comunidades-para-discutir-cronograma-de-obras-viabilizadas-por-emenda-de-joao-maia\/","title":{"rendered":"Ubaldo e Herberth levam SEMOV a comunidades para discutir cronograma de obras viabilizadas por emenda de Jo\u00e3o Maia"},"content":{"rendered":"\n<p>O deputado estadual Ubaldo Fernandes (PL) e o vereador Herberth Sena (PL) levaram o secret\u00e1rio adjunto da Secretaria Municipal de Obras P\u00fablicas e Infraestrutura (SEMOV), Rafael Dias, na noite dessa segunda-feira (08\/11) \u00e0s Rocas para falar sobre cronograma de obras em vias p\u00fablicas do bairro, viabilizadas por emenda parlamentar do deputado federal Jo\u00e3o Maia (PL), que destinou o valor de R$ 400 mil para melhorias de quatro vias da regi\u00e3o leste da capital potiguar.<\/p>\n\n\n\n<p>\u201cCom a gente, n\u00e3o tem hora para trabalhar. O que importa \u00e9 lutar por melhorias pra nossa popula\u00e7\u00e3o. Nos reunimos com moradores das Rocas, debatendo sobre o andamento do capeamento asf\u00e1ltico das ruas Desembargador Lemos Filho e Miramar. Sabemos que esse investimento melhora em at\u00e9 40% os valores dos im\u00f3veis. O representante da Prefeitura do Natal garantiu o in\u00edcio das obras nos pr\u00f3ximos dias. Essa \u00e9 mais uma conquista dos nossos mandatos junto a Jo\u00e3o Maia\u201d, destaca Ubaldo.<\/p>\n\n\n\n<p>Segundo adiantam os representantes p\u00fablicos, ainda nesta semana, estar\u00e3o nas Rua Santos In\u00e1cio (Rocas) e Evaristo de Souza (Santos Reis) conversando com membros de suas comunidades, que tamb\u00e9m ser\u00e3o contempladas com os recursos federais viabilizados por Jo\u00e3o Maia. \u201cEsse asfalto sempre foi um clamor dessas comunidades e estamos articulando esses investimentos junto \u00e0 nossa bancada federal e Prefeitura\u201d, observou Herberth.<\/p>\n\n\n\n<figure class=\"wp-block-gallery aligncenter columns-2 is-cropped wp-block-gallery-1 is-layout-flex wp-block-gallery-is-layout-flex\"><ul class=\"blocks-gallery-grid\"><li class=\"blocks-gallery-item\"><figure><a href=\"https:\/\/ubaldofernandes.com\/wp-content\/uploads\/2021\/11\/semov-2.jpeg\"><img loading=\"lazy\" decoding=\"async\" width=\"300\" height=\"225\" src=\"https:\/\/ubaldofernandes.com\/wp-content\/uploads\/2021\/11\/semov-2-300x225.jpeg\" alt=\"\" data-id=\"3334\" data-full-url=\"https:\/\/ubaldofernandes.com\/wp-content\/uploads\/2021\/11\/semov-2.jpeg\" data-link=\"https:\/\/ubaldofernandes.com\/?attachment_id=3334\" class=\"wp-image-3334\" srcset=\"https:\/\/ubaldofernandes.com\/wp-content\/uploads\/2021\/11\/semov-2-300x225.jpeg 300w, https:\/\/ubaldofernandes.com\/wp-content\/uploads\/2021\/11\/semov-2-768x576.jpeg 768w, https:\/\/ubaldofernandes.com\/wp-content\/uploads\/2021\/11\/semov-2.jpeg 1024w\" sizes=\"auto, (max-width: 300px) 100vw, 300px\" \/><\/a><\/figure><\/li><li class=\"blocks-gallery-item\"><figure><a href=\"https:\/\/ubaldofernandes.com\/wp-content\/uploads\/2021\/11\/semov-3.jpeg\"><img loading=\"lazy\" decoding=\"async\" width=\"225\" height=\"300\" src=\"https:\/\/ubaldofernandes.com\/wp-content\/uploads\/2021\/11\/semov-3-225x300.jpeg\" alt=\"\" data-id=\"3335\" data-full-url=\"https:\/\/ubaldofernandes.com\/wp-content\/uploads\/2021\/11\/semov-3.jpeg\" data-link=\"https:\/\/ubaldofernandes.com\/?attachment_id=3335\" class=\"wp-image-3335\" srcset=\"https:\/\/ubaldofernandes.com\/wp-content\/uploads\/2021\/11\/semov-3-225x300.jpeg 225w, https:\/\/ubaldofernandes.com\/wp-content\/uploads\/2021\/11\/semov-3.jpeg 768w\" sizes=\"auto, (max-width: 225px) 100vw, 225px\" \/><\/a><\/figure><\/li><\/ul><\/figure>\n\n\n\n<p>Mat\u00e9ria publicada no <a href=\"https:\/\/blogafonte.com.br\/2021\/11\/09\/ubaldo-e-herberth-levam-semov-a-comunidades-para-discutir-cronograma-de-obras-viabilizadas-por-emenda-de-joao-maia\/\">Blog A Fonte<\/a>. <\/p>\n","protected":false},"featured_media":3333,"parent":0,"template":"","class_list":["post-3332","news","type-news","status-publish","has-post-thumbnail","hentry"],"acf":[],"yoast_head":"<!-- This site is optimized with the Yoast SEO plugin v24.6 - https:\/\/yoast.com\/wordpress\/plugins\/seo\/ -->\n<title>Ubaldo e Herberth levam SEMOV a comunidades para discutir cronograma de obras viabilizadas por emenda de Jo\u00e3o Maia - Ubaldo Fernandes<\/title>\n<meta name=\"robots\" content=\"index, follow, max-snippet:-1, max-image-preview:large, max-video-preview:-1\" \/>\n<link rel=\"canonical\" href=\"https:\/\/ubaldofernandes.com\/index.php\/news\/ubaldo-e-herberth-levam-semov-a-comunidades-para-discutir-cronograma-de-obras-viabilizadas-por-emenda-de-joao-maia\/\" \/>\n<meta property=\"og:locale\" content=\"pt_BR\" \/>\n<meta property=\"og:type\" content=\"article\" \/>\n<meta property=\"og:title\" content=\"Ubaldo e Herberth levam SEMOV a comunidades para discutir cronograma de obras viabilizadas por emenda de Jo\u00e3o Maia - Ubaldo Fernandes\" \/>\n<meta property=\"og:description\" content=\"O deputado estadual Ubaldo Fernandes (PL) e o vereador Herberth Sena (PL) levaram o secret\u00e1rio adjunto da Secretaria Municipal de Obras P\u00fablicas e Infraestrutura (SEMOV), Rafael Dias, na noite dessa segunda-feira (08\/11) \u00e0s Rocas para falar sobre cronograma de obras em vias p\u00fablicas do bairro, viabilizadas por emenda parlamentar do deputado federal Jo\u00e3o Maia (PL), [&hellip;]\" \/>\n<meta property=\"og:url\" content=\"https:\/\/ubaldofernandes.com\/index.php\/news\/ubaldo-e-herberth-levam-semov-a-comunidades-para-discutir-cronograma-de-obras-viabilizadas-por-emenda-de-joao-maia\/\" \/>\n<meta property=\"og:site_name\" content=\"Ubaldo Fernandes\" \/>\n<meta property=\"article:modified_time\" content=\"2021-11-10T13:50:19+00:00\" \/>\n<meta property=\"og:image\" content=\"https:\/\/ubaldofernandes.com\/wp-content\/uploads\/2021\/11\/semov.jpeg\" \/>\n\t<meta property=\"og:image:width\" content=\"696\" \/>\n\t<meta property=\"og:image:height\" content=\"522\" \/>\n\t<meta property=\"og:image:type\" content=\"image\/jpeg\" \/>\n<meta name=\"twitter:card\" content=\"summary_large_image\" \/>\n<meta name=\"twitter:label1\" content=\"Est. tempo de leitura\" \/>\n\t<meta name=\"twitter:data1\" content=\"1 minuto\" \/>\n<script type=\"application\/ld+json\" class=\"yoast-schema-graph\">{\"@context\":\"https:\/\/schema.org\",\"@graph\":[{\"@type\":\"WebPage\",\"@id\":\"https:\/\/ubaldofernandes.com\/index.php\/news\/ubaldo-e-herberth-levam-semov-a-comunidades-para-discutir-cronograma-de-obras-viabilizadas-por-emenda-de-joao-maia\/\",\"url\":\"https:\/\/ubaldofernandes.com\/index.php\/news\/ubaldo-e-herberth-levam-semov-a-comunidades-para-discutir-cronograma-de-obras-viabilizadas-por-emenda-de-joao-maia\/\",\"name\":\"Ubaldo e Herberth levam SEMOV a comunidades para discutir cronograma de obras viabilizadas por emenda de Jo\u00e3o Maia - Ubaldo Fernandes\",\"isPartOf\":{\"@id\":\"https:\/\/ubaldofernandes.com\/#website\"},\"primaryImageOfPage\":{\"@id\":\"https:\/\/ubaldofernandes.com\/index.php\/news\/ubaldo-e-herberth-levam-semov-a-comunidades-para-discutir-cronograma-de-obras-viabilizadas-por-emenda-de-joao-maia\/#primaryimage\"},\"image\":{\"@id\":\"https:\/\/ubaldofernandes.com\/index.php\/news\/ubaldo-e-herberth-levam-semov-a-comunidades-para-discutir-cronograma-de-obras-viabilizadas-por-emenda-de-joao-maia\/#primaryimage\"},\"thumbnailUrl\":\"https:\/\/ubaldofernandes.com\/wp-content\/uploads\/2021\/11\/semov.jpeg\",\"datePublished\":\"2021-11-09T22:44:09+00:00\",\"dateModified\":\"2021-11-10T13:50:19+00:00\",\"breadcrumb\":{\"@id\":\"https:\/\/ubaldofernandes.com\/index.php\/news\/ubaldo-e-herberth-levam-semov-a-comunidades-para-discutir-cronograma-de-obras-viabilizadas-por-emenda-de-joao-maia\/#breadcrumb\"},\"inLanguage\":\"pt-BR\",\"potentialAction\":[{\"@type\":\"ReadAction\",\"target\":[\"https:\/\/ubaldofernandes.com\/index.php\/news\/ubaldo-e-herberth-levam-semov-a-comunidades-para-discutir-cronograma-de-obras-viabilizadas-por-emenda-de-joao-maia\/\"]}]},{\"@type\":\"ImageObject\",\"inLanguage\":\"pt-BR\",\"@id\":\"https:\/\/ubaldofernandes.com\/index.php\/news\/ubaldo-e-herberth-levam-semov-a-comunidades-para-discutir-cronograma-de-obras-viabilizadas-por-emenda-de-joao-maia\/#primaryimage\",\"url\":\"https:\/\/ubaldofernandes.com\/wp-content\/uploads\/2021\/11\/semov.jpeg\",\"contentUrl\":\"https:\/\/ubaldofernandes.com\/wp-content\/uploads\/2021\/11\/semov.jpeg\",\"width\":696,\"height\":522},{\"@type\":\"BreadcrumbList\",\"@id\":\"https:\/\/ubaldofernandes.com\/index.php\/news\/ubaldo-e-herberth-levam-semov-a-comunidades-para-discutir-cronograma-de-obras-viabilizadas-por-emenda-de-joao-maia\/#breadcrumb\",\"itemListElement\":[{\"@type\":\"ListItem\",\"position\":1,\"name\":\"In\u00edcio\",\"item\":\"https:\/\/ubaldofernandes.com\/\"},{\"@type\":\"ListItem\",\"position\":2,\"name\":\"Not\u00edcias\",\"item\":\"https:\/\/ubaldofernandes.com\/index.php\/news\/\"},{\"@type\":\"ListItem\",\"position\":3,\"name\":\"Ubaldo e Herberth levam SEMOV a comunidades para discutir cronograma de obras viabilizadas por emenda de Jo\u00e3o Maia\"}]},{\"@type\":\"WebSite\",\"@id\":\"https:\/\/ubaldofernandes.com\/#website\",\"url\":\"https:\/\/ubaldofernandes.com\/\",\"name\":\"Ubaldo Fernandes\",\"description\":\"Deputado Estadual\",\"potentialAction\":[{\"@type\":\"SearchAction\",\"target\":{\"@type\":\"EntryPoint\",\"urlTemplate\":\"https:\/\/ubaldofernandes.com\/?s={search_term_string}\"},\"query-input\":{\"@type\":\"PropertyValueSpecification\",\"valueRequired\":true,\"valueName\":\"search_term_string\"}}],\"inLanguage\":\"pt-BR\"}]}<\/script>\n<!-- \/ Yoast SEO plugin. -->","yoast_head_json":{"title":"Ubaldo e Herberth levam SEMOV a comunidades para discutir cronograma de obras viabilizadas por emenda de Jo\u00e3o Maia - Ubaldo Fernandes","robots":{"index":"index","follow":"follow","max-snippet":"max-snippet:-1","max-image-preview":"max-image-preview:large","max-video-preview":"max-video-preview:-1"},"canonical":"https:\/\/ubaldofernandes.com\/index.php\/news\/ubaldo-e-herberth-levam-semov-a-comunidades-para-discutir-cronograma-de-obras-viabilizadas-por-emenda-de-joao-maia\/","og_locale":"pt_BR","og_type":"article","og_title":"Ubaldo e Herberth levam SEMOV a comunidades para discutir cronograma de obras viabilizadas por emenda de Jo\u00e3o Maia - Ubaldo Fernandes","og_description":"O deputado estadual Ubaldo Fernandes (PL) e o vereador Herberth Sena (PL) levaram o secret\u00e1rio adjunto da Secretaria Municipal de Obras P\u00fablicas e Infraestrutura (SEMOV), Rafael Dias, na noite dessa segunda-feira (08\/11) \u00e0s Rocas para falar sobre cronograma de obras em vias p\u00fablicas do bairro, viabilizadas por emenda parlamentar do deputado federal Jo\u00e3o Maia (PL), [&hellip;]","og_url":"https:\/\/ubaldofernandes.com\/index.php\/news\/ubaldo-e-herberth-levam-semov-a-comunidades-para-discutir-cronograma-de-obras-viabilizadas-por-emenda-de-joao-maia\/","og_site_name":"Ubaldo Fernandes","article_modified_time":"2021-11-10T13:50:19+00:00","og_image":[{"width":696,"height":522,"url":"https:\/\/ubaldofernandes.com\/wp-content\/uploads\/2021\/11\/semov.jpeg","type":"image\/jpeg"}],"twitter_card":"summary_large_image","twitter_misc":{"Est. tempo de leitura":"1 minuto"},"schema":{"@context":"https:\/\/schema.org","@graph":[{"@type":"WebPage","@id":"https:\/\/ubaldofernandes.com\/index.php\/news\/ubaldo-e-herberth-levam-semov-a-comunidades-para-discutir-cronograma-de-obras-viabilizadas-por-emenda-de-joao-maia\/","url":"https:\/\/ubaldofernandes.com\/index.php\/news\/ubaldo-e-herberth-levam-semov-a-comunidades-para-discutir-cronograma-de-obras-viabilizadas-por-emenda-de-joao-maia\/","name":"Ubaldo e Herberth levam SEMOV a comunidades para discutir cronograma de obras viabilizadas por emenda de Jo\u00e3o Maia - Ubaldo Fernandes","isPartOf":{"@id":"https:\/\/ubaldofernandes.com\/#website"},"primaryImageOfPage":{"@id":"https:\/\/ubaldofernandes.com\/index.php\/news\/ubaldo-e-herberth-levam-semov-a-comunidades-para-discutir-cronograma-de-obras-viabilizadas-por-emenda-de-joao-maia\/#primaryimage"},"image":{"@id":"https:\/\/ubaldofernandes.com\/index.php\/news\/ubaldo-e-herberth-levam-semov-a-comunidades-para-discutir-cronograma-de-obras-viabilizadas-por-emenda-de-joao-maia\/#primaryimage"},"thumbnailUrl":"https:\/\/ubaldofernandes.com\/wp-content\/uploads\/2021\/11\/semov.jpeg","datePublished":"2021-11-09T22:44:09+00:00","dateModified":"2021-11-10T13:50:19+00:00","breadcrumb":{"@id":"https:\/\/ubaldofernandes.com\/index.php\/news\/ubaldo-e-herberth-levam-semov-a-comunidades-para-discutir-cronograma-de-obras-viabilizadas-por-emenda-de-joao-maia\/#breadcrumb"},"inLanguage":"pt-BR","potentialAction":[{"@type":"ReadAction","target":["https:\/\/ubaldofernandes.com\/index.php\/news\/ubaldo-e-herberth-levam-semov-a-comunidades-para-discutir-cronograma-de-obras-viabilizadas-por-emenda-de-joao-maia\/"]}]},{"@type":"ImageObject","inLanguage":"pt-BR","@id":"https:\/\/ubaldofernandes.com\/index.php\/news\/ubaldo-e-herberth-levam-semov-a-comunidades-para-discutir-cronograma-de-obras-viabilizadas-por-emenda-de-joao-maia\/#primaryimage","url":"https:\/\/ubaldofernandes.com\/wp-content\/uploads\/2021\/11\/semov.jpeg","contentUrl":"https:\/\/ubaldofernandes.com\/wp-content\/uploads\/2021\/11\/semov.jpeg","width":696,"height":522},{"@type":"BreadcrumbList","@id":"https:\/\/ubaldofernandes.com\/index.php\/news\/ubaldo-e-herberth-levam-semov-a-comunidades-para-discutir-cronograma-de-obras-viabilizadas-por-emenda-de-joao-maia\/#breadcrumb","itemListElement":[{"@type":"ListItem","position":1,"name":"In\u00edcio","item":"https:\/\/ubaldofernandes.com\/"},{"@type":"ListItem","position":2,"name":"Not\u00edcias","item":"https:\/\/ubaldofernandes.com\/index.php\/news\/"},{"@type":"ListItem","position":3,"name":"Ubaldo e Herberth levam SEMOV a comunidades para discutir cronograma de obras viabilizadas por emenda de Jo\u00e3o Maia"}]},{"@type":"WebSite","@id":"https:\/\/ubaldofernandes.com\/#website","url":"https:\/\/ubaldofernandes.com\/","name":"Ubaldo Fernandes","description":"Deputado Estadual","potentialAction":[{"@type":"SearchAction","target":{"@type":"EntryPoint","urlTemplate":"https:\/\/ubaldofernandes.com\/?s={search_term_string}"},"query-input":{"@type":"PropertyValueSpecification","valueRequired":true,"valueName":"search_term_string"}}],"inLanguage":"pt-BR"}]}},"_links":{"self":[{"href":"https:\/\/ubaldofernandes.com\/index.php\/wp-json\/wp\/v2\/news\/3332","targetHints":{"allow":["GET"]}}],"collection":[{"href":"https:\/\/ubaldofernandes.com\/index.php\/wp-json\/wp\/v2\/news"}],"about":[{"href":"https:\/\/ubaldofernandes.com\/index.php\/wp-json\/wp\/v2\/types\/news"}],"wp:featuredmedia":[{"embeddable":true,"href":"https:\/\/ubaldofernandes.com\/index.php\/wp-json\/wp\/v2\/media\/3333"}],"wp:attachment":[{"href":"https:\/\/ubaldofernandes.com\/index.php\/wp-json\/wp\/v2\/media?parent=3332"}],"curies":[{"name":"wp","href":"https:\/\/api.w.org\/{rel}","templated":true}]}}