{"id":3455,"date":"2021-11-26T23:00:50","date_gmt":"2021-11-27T02:00:50","guid":{"rendered":"https:\/\/ubaldofernandes.com\/?post_type=news&#038;p=3455"},"modified":"2021-11-28T11:07:47","modified_gmt":"2021-11-28T14:07:47","slug":"em-audiencia-em-parnamirim-ubaldo-reforca-uniao-da-classe-politica-para-viabilizar-escritorio-do-empreendedor","status":"publish","type":"news","link":"https:\/\/ubaldofernandes.com\/index.php\/news\/em-audiencia-em-parnamirim-ubaldo-reforca-uniao-da-classe-politica-para-viabilizar-escritorio-do-empreendedor\/","title":{"rendered":"Em Audi\u00eancia em Parnamirim, Ubaldo refor\u00e7a uni\u00e3o da classe pol\u00edtica para viabilizar Escrit\u00f3rio do Empreendedor"},"content":{"rendered":"\n<p>Representante p\u00fablico que vem atuando fortemente ao lado da vereadora Fativan Alves (PV) para a implanta\u00e7\u00e3o de um Escrit\u00f3rio do Empreendedor de Parnamirim, com articula\u00e7\u00f5es junto a \u00f3rg\u00e3os p\u00fablicos estaduais, o deputado estadual Ubaldo Fernandes (PL) participou, na noite dessa quinta-feira (25), de Audi\u00eancia P\u00fablica promovida pela parlamentar municipal na C\u00e2mara de Vereadores.<\/p>\n\n\n\n<p>\u201cQuero me associar nesta luta, nesta defesa deste importante equipamento. Acredito que toda a cidade deve abra\u00e7ar essa causa, que \u00e9 nobre. Parnamirim precisa emancipar-se em tudo, porque \u00e9 uma cidade importante do nosso estado. Parnamirim precisa ter tudo funcionando plenamente, sem sua popula\u00e7\u00e3o precisar ir para a capital. Esse Escrit\u00f3rio do Empreendedor tem que chegar a voc\u00eas o mais breve poss\u00edvel\u201d, destacou nas suas primeiras palavras o parlamentar.<\/p>\n\n\n\n<p>Ubaldo relatou que esteve na Junta Comercial do Estado com seu dirigente, o ex-deputado Carlos Augusto Maia, quando esse reuniu sua equipe t\u00e9cnica e desde o princ\u00edpio demonstrou seu desejo de realizar na sua gest\u00e3o esse empreendimento nobre e futurista para seu munic\u00edpio. E destacou, ainda, que buscou v\u00e1rios pr\u00e9dios p\u00fablicos estaduais para sediar o empreendimento, com o aval da Engern, mas muitos estavam deteriorados e precisariam de muito investimento, acarretando em demora.<\/p>\n\n\n\n<div class=\"wp-block-image\"><figure class=\"aligncenter\"><a href=\"https:\/\/blogafonte.com.br\/wp-content\/uploads\/2021\/11\/Escritorio-do-Empreendedor-3.jpeg\"><img decoding=\"async\" src=\"https:\/\/blogafonte.com.br\/wp-content\/uploads\/2021\/11\/Escritorio-do-Empreendedor-3.jpeg\" alt=\"\" class=\"wp-image-258841\"\/><\/a><figcaption>Deputado participou de Audi\u00eancia P\u00fablica promovida pela C\u00e2mara de Vereadores em Parnamirim. \u2014 Foto: Divulga\u00e7\u00e3o<\/figcaption><\/figure><\/div>\n\n\n\n<p>Por \u00faltimo, lembrou, estiveram com o prefeito Taveira, com participa\u00e7\u00e3o de representantes da CDL Parnamirim e secret\u00e1rios municipais, quando o chefe do executivo se mostrou muito receptivo e autorizou essa comiss\u00e3o a procurar pr\u00e9dio comercial para a Prefeitura alugar, que tivesse as caracter\u00edsticas necess\u00e1rias para viabilizarem esse empreendimento.<\/p>\n\n\n\n<p>\u201cEnt\u00e3o, vemos todo mundo convergindo. E \u00e9 preciso que todos lutem juntos. Uma andorinha s\u00f3 n\u00e3o faz ver\u00e3o. Precisamos fazer grande campanha nas redes sociais e m\u00eddias pra esse empreendimento virar realidade. Esse escrit\u00f3rio, que j\u00e1 tem nas cidades-polo, leva v\u00e1rias institui\u00e7\u00f5es com assessoria e consultoria \u00e0 popula\u00e7\u00e3o. \u00c9 a casa da cidadania do empreendedor e muito importante para o crescimento econ\u00f4mico da cidade de Parnamirim. Vamos fazer uma for\u00e7a-tarefa para realizar esse sonho dessa cidade, que \u00e9 a que mais cresce no RN\u201d.<\/p>\n\n\n\n<div class=\"wp-block-image\"><figure class=\"aligncenter size-large\"><img loading=\"lazy\" decoding=\"async\" width=\"1024\" height=\"683\" src=\"https:\/\/ubaldofernandes.com\/wp-content\/uploads\/2021\/11\/Escritorio-do-Empreendedor-2-1024x683.jpeg\" alt=\"\" class=\"wp-image-3456\" srcset=\"https:\/\/ubaldofernandes.com\/wp-content\/uploads\/2021\/11\/Escritorio-do-Empreendedor-2-1024x683.jpeg 1024w, https:\/\/ubaldofernandes.com\/wp-content\/uploads\/2021\/11\/Escritorio-do-Empreendedor-2-300x200.jpeg 300w, https:\/\/ubaldofernandes.com\/wp-content\/uploads\/2021\/11\/Escritorio-do-Empreendedor-2-768x512.jpeg 768w, https:\/\/ubaldofernandes.com\/wp-content\/uploads\/2021\/11\/Escritorio-do-Empreendedor-2.jpeg 1080w\" sizes=\"auto, (max-width: 1024px) 100vw, 1024px\" \/><\/figure><\/div>\n\n\n\n<p>Mat\u00e9ria publicada no <a href=\"https:\/\/blogafonte.com.br\/2021\/11\/26\/em-audiencia-em-parnamirim-ubaldo-reforca-uniao-da-classe-politica-para-viabilizar-escritorio-do-empreendedor\/\">Blog A Fonte<\/a>. <\/p>\n","protected":false},"featured_media":3457,"parent":0,"template":"","class_list":["post-3455","news","type-news","status-publish","has-post-thumbnail","hentry"],"acf":[],"yoast_head":"<!-- This site is optimized with the Yoast SEO plugin v24.6 - https:\/\/yoast.com\/wordpress\/plugins\/seo\/ -->\n<title>Em Audi\u00eancia em Parnamirim, Ubaldo refor\u00e7a uni\u00e3o da classe pol\u00edtica para viabilizar Escrit\u00f3rio do Empreendedor - Ubaldo Fernandes<\/title>\n<meta name=\"robots\" content=\"index, follow, max-snippet:-1, max-image-preview:large, max-video-preview:-1\" \/>\n<link rel=\"canonical\" href=\"https:\/\/ubaldofernandes.com\/index.php\/news\/em-audiencia-em-parnamirim-ubaldo-reforca-uniao-da-classe-politica-para-viabilizar-escritorio-do-empreendedor\/\" \/>\n<meta property=\"og:locale\" content=\"pt_BR\" \/>\n<meta property=\"og:type\" content=\"article\" \/>\n<meta property=\"og:title\" content=\"Em Audi\u00eancia em Parnamirim, Ubaldo refor\u00e7a uni\u00e3o da classe pol\u00edtica para viabilizar Escrit\u00f3rio do Empreendedor - Ubaldo Fernandes\" \/>\n<meta property=\"og:description\" content=\"Representante p\u00fablico que vem atuando fortemente ao lado da vereadora Fativan Alves (PV) para a implanta\u00e7\u00e3o de um Escrit\u00f3rio do Empreendedor de Parnamirim, com articula\u00e7\u00f5es junto a \u00f3rg\u00e3os p\u00fablicos estaduais, o deputado estadual Ubaldo Fernandes (PL) participou, na noite dessa quinta-feira (25), de Audi\u00eancia P\u00fablica promovida pela parlamentar municipal na C\u00e2mara de Vereadores. \u201cQuero me [&hellip;]\" \/>\n<meta property=\"og:url\" content=\"https:\/\/ubaldofernandes.com\/index.php\/news\/em-audiencia-em-parnamirim-ubaldo-reforca-uniao-da-classe-politica-para-viabilizar-escritorio-do-empreendedor\/\" \/>\n<meta property=\"og:site_name\" content=\"Ubaldo Fernandes\" \/>\n<meta property=\"article:modified_time\" content=\"2021-11-28T14:07:47+00:00\" \/>\n<meta property=\"og:image\" content=\"https:\/\/ubaldofernandes.com\/wp-content\/uploads\/2021\/11\/Escritorio-do-Empreendedor-696x464-1.jpeg\" \/>\n\t<meta property=\"og:image:width\" content=\"696\" \/>\n\t<meta property=\"og:image:height\" content=\"464\" \/>\n\t<meta property=\"og:image:type\" content=\"image\/jpeg\" \/>\n<meta name=\"twitter:card\" content=\"summary_large_image\" \/>\n<meta name=\"twitter:label1\" content=\"Est. tempo de leitura\" \/>\n\t<meta name=\"twitter:data1\" content=\"2 minutos\" \/>\n<script type=\"application\/ld+json\" class=\"yoast-schema-graph\">{\"@context\":\"https:\/\/schema.org\",\"@graph\":[{\"@type\":\"WebPage\",\"@id\":\"https:\/\/ubaldofernandes.com\/index.php\/news\/em-audiencia-em-parnamirim-ubaldo-reforca-uniao-da-classe-politica-para-viabilizar-escritorio-do-empreendedor\/\",\"url\":\"https:\/\/ubaldofernandes.com\/index.php\/news\/em-audiencia-em-parnamirim-ubaldo-reforca-uniao-da-classe-politica-para-viabilizar-escritorio-do-empreendedor\/\",\"name\":\"Em Audi\u00eancia em Parnamirim, Ubaldo refor\u00e7a uni\u00e3o da classe pol\u00edtica para viabilizar Escrit\u00f3rio do Empreendedor - Ubaldo Fernandes\",\"isPartOf\":{\"@id\":\"https:\/\/ubaldofernandes.com\/#website\"},\"primaryImageOfPage\":{\"@id\":\"https:\/\/ubaldofernandes.com\/index.php\/news\/em-audiencia-em-parnamirim-ubaldo-reforca-uniao-da-classe-politica-para-viabilizar-escritorio-do-empreendedor\/#primaryimage\"},\"image\":{\"@id\":\"https:\/\/ubaldofernandes.com\/index.php\/news\/em-audiencia-em-parnamirim-ubaldo-reforca-uniao-da-classe-politica-para-viabilizar-escritorio-do-empreendedor\/#primaryimage\"},\"thumbnailUrl\":\"https:\/\/ubaldofernandes.com\/wp-content\/uploads\/2021\/11\/Escritorio-do-Empreendedor-696x464-1.jpeg\",\"datePublished\":\"2021-11-27T02:00:50+00:00\",\"dateModified\":\"2021-11-28T14:07:47+00:00\",\"breadcrumb\":{\"@id\":\"https:\/\/ubaldofernandes.com\/index.php\/news\/em-audiencia-em-parnamirim-ubaldo-reforca-uniao-da-classe-politica-para-viabilizar-escritorio-do-empreendedor\/#breadcrumb\"},\"inLanguage\":\"pt-BR\",\"potentialAction\":[{\"@type\":\"ReadAction\",\"target\":[\"https:\/\/ubaldofernandes.com\/index.php\/news\/em-audiencia-em-parnamirim-ubaldo-reforca-uniao-da-classe-politica-para-viabilizar-escritorio-do-empreendedor\/\"]}]},{\"@type\":\"ImageObject\",\"inLanguage\":\"pt-BR\",\"@id\":\"https:\/\/ubaldofernandes.com\/index.php\/news\/em-audiencia-em-parnamirim-ubaldo-reforca-uniao-da-classe-politica-para-viabilizar-escritorio-do-empreendedor\/#primaryimage\",\"url\":\"https:\/\/ubaldofernandes.com\/wp-content\/uploads\/2021\/11\/Escritorio-do-Empreendedor-696x464-1.jpeg\",\"contentUrl\":\"https:\/\/ubaldofernandes.com\/wp-content\/uploads\/2021\/11\/Escritorio-do-Empreendedor-696x464-1.jpeg\",\"width\":696,\"height\":464},{\"@type\":\"BreadcrumbList\",\"@id\":\"https:\/\/ubaldofernandes.com\/index.php\/news\/em-audiencia-em-parnamirim-ubaldo-reforca-uniao-da-classe-politica-para-viabilizar-escritorio-do-empreendedor\/#breadcrumb\",\"itemListElement\":[{\"@type\":\"ListItem\",\"position\":1,\"name\":\"In\u00edcio\",\"item\":\"https:\/\/ubaldofernandes.com\/\"},{\"@type\":\"ListItem\",\"position\":2,\"name\":\"Not\u00edcias\",\"item\":\"https:\/\/ubaldofernandes.com\/index.php\/news\/\"},{\"@type\":\"ListItem\",\"position\":3,\"name\":\"Em Audi\u00eancia em Parnamirim, Ubaldo refor\u00e7a uni\u00e3o da classe pol\u00edtica para viabilizar Escrit\u00f3rio do Empreendedor\"}]},{\"@type\":\"WebSite\",\"@id\":\"https:\/\/ubaldofernandes.com\/#website\",\"url\":\"https:\/\/ubaldofernandes.com\/\",\"name\":\"Ubaldo Fernandes\",\"description\":\"Deputado Estadual\",\"potentialAction\":[{\"@type\":\"SearchAction\",\"target\":{\"@type\":\"EntryPoint\",\"urlTemplate\":\"https:\/\/ubaldofernandes.com\/?s={search_term_string}\"},\"query-input\":{\"@type\":\"PropertyValueSpecification\",\"valueRequired\":true,\"valueName\":\"search_term_string\"}}],\"inLanguage\":\"pt-BR\"}]}<\/script>\n<!-- \/ Yoast SEO plugin. -->","yoast_head_json":{"title":"Em Audi\u00eancia em Parnamirim, Ubaldo refor\u00e7a uni\u00e3o da classe pol\u00edtica para viabilizar Escrit\u00f3rio do Empreendedor - Ubaldo Fernandes","robots":{"index":"index","follow":"follow","max-snippet":"max-snippet:-1","max-image-preview":"max-image-preview:large","max-video-preview":"max-video-preview:-1"},"canonical":"https:\/\/ubaldofernandes.com\/index.php\/news\/em-audiencia-em-parnamirim-ubaldo-reforca-uniao-da-classe-politica-para-viabilizar-escritorio-do-empreendedor\/","og_locale":"pt_BR","og_type":"article","og_title":"Em Audi\u00eancia em Parnamirim, Ubaldo refor\u00e7a uni\u00e3o da classe pol\u00edtica para viabilizar Escrit\u00f3rio do Empreendedor - Ubaldo Fernandes","og_description":"Representante p\u00fablico que vem atuando fortemente ao lado da vereadora Fativan Alves (PV) para a implanta\u00e7\u00e3o de um Escrit\u00f3rio do Empreendedor de Parnamirim, com articula\u00e7\u00f5es junto a \u00f3rg\u00e3os p\u00fablicos estaduais, o deputado estadual Ubaldo Fernandes (PL) participou, na noite dessa quinta-feira (25), de Audi\u00eancia P\u00fablica promovida pela parlamentar municipal na C\u00e2mara de Vereadores. \u201cQuero me [&hellip;]","og_url":"https:\/\/ubaldofernandes.com\/index.php\/news\/em-audiencia-em-parnamirim-ubaldo-reforca-uniao-da-classe-politica-para-viabilizar-escritorio-do-empreendedor\/","og_site_name":"Ubaldo Fernandes","article_modified_time":"2021-11-28T14:07:47+00:00","og_image":[{"width":696,"height":464,"url":"https:\/\/ubaldofernandes.com\/wp-content\/uploads\/2021\/11\/Escritorio-do-Empreendedor-696x464-1.jpeg","type":"image\/jpeg"}],"twitter_card":"summary_large_image","twitter_misc":{"Est. tempo de leitura":"2 minutos"},"schema":{"@context":"https:\/\/schema.org","@graph":[{"@type":"WebPage","@id":"https:\/\/ubaldofernandes.com\/index.php\/news\/em-audiencia-em-parnamirim-ubaldo-reforca-uniao-da-classe-politica-para-viabilizar-escritorio-do-empreendedor\/","url":"https:\/\/ubaldofernandes.com\/index.php\/news\/em-audiencia-em-parnamirim-ubaldo-reforca-uniao-da-classe-politica-para-viabilizar-escritorio-do-empreendedor\/","name":"Em Audi\u00eancia em Parnamirim, Ubaldo refor\u00e7a uni\u00e3o da classe pol\u00edtica para viabilizar Escrit\u00f3rio do Empreendedor - Ubaldo Fernandes","isPartOf":{"@id":"https:\/\/ubaldofernandes.com\/#website"},"primaryImageOfPage":{"@id":"https:\/\/ubaldofernandes.com\/index.php\/news\/em-audiencia-em-parnamirim-ubaldo-reforca-uniao-da-classe-politica-para-viabilizar-escritorio-do-empreendedor\/#primaryimage"},"image":{"@id":"https:\/\/ubaldofernandes.com\/index.php\/news\/em-audiencia-em-parnamirim-ubaldo-reforca-uniao-da-classe-politica-para-viabilizar-escritorio-do-empreendedor\/#primaryimage"},"thumbnailUrl":"https:\/\/ubaldofernandes.com\/wp-content\/uploads\/2021\/11\/Escritorio-do-Empreendedor-696x464-1.jpeg","datePublished":"2021-11-27T02:00:50+00:00","dateModified":"2021-11-28T14:07:47+00:00","breadcrumb":{"@id":"https:\/\/ubaldofernandes.com\/index.php\/news\/em-audiencia-em-parnamirim-ubaldo-reforca-uniao-da-classe-politica-para-viabilizar-escritorio-do-empreendedor\/#breadcrumb"},"inLanguage":"pt-BR","potentialAction":[{"@type":"ReadAction","target":["https:\/\/ubaldofernandes.com\/index.php\/news\/em-audiencia-em-parnamirim-ubaldo-reforca-uniao-da-classe-politica-para-viabilizar-escritorio-do-empreendedor\/"]}]},{"@type":"ImageObject","inLanguage":"pt-BR","@id":"https:\/\/ubaldofernandes.com\/index.php\/news\/em-audiencia-em-parnamirim-ubaldo-reforca-uniao-da-classe-politica-para-viabilizar-escritorio-do-empreendedor\/#primaryimage","url":"https:\/\/ubaldofernandes.com\/wp-content\/uploads\/2021\/11\/Escritorio-do-Empreendedor-696x464-1.jpeg","contentUrl":"https:\/\/ubaldofernandes.com\/wp-content\/uploads\/2021\/11\/Escritorio-do-Empreendedor-696x464-1.jpeg","width":696,"height":464},{"@type":"BreadcrumbList","@id":"https:\/\/ubaldofernandes.com\/index.php\/news\/em-audiencia-em-parnamirim-ubaldo-reforca-uniao-da-classe-politica-para-viabilizar-escritorio-do-empreendedor\/#breadcrumb","itemListElement":[{"@type":"ListItem","position":1,"name":"In\u00edcio","item":"https:\/\/ubaldofernandes.com\/"},{"@type":"ListItem","position":2,"name":"Not\u00edcias","item":"https:\/\/ubaldofernandes.com\/index.php\/news\/"},{"@type":"ListItem","position":3,"name":"Em Audi\u00eancia em Parnamirim, Ubaldo refor\u00e7a uni\u00e3o da classe pol\u00edtica para viabilizar Escrit\u00f3rio do Empreendedor"}]},{"@type":"WebSite","@id":"https:\/\/ubaldofernandes.com\/#website","url":"https:\/\/ubaldofernandes.com\/","name":"Ubaldo Fernandes","description":"Deputado Estadual","potentialAction":[{"@type":"SearchAction","target":{"@type":"EntryPoint","urlTemplate":"https:\/\/ubaldofernandes.com\/?s={search_term_string}"},"query-input":{"@type":"PropertyValueSpecification","valueRequired":true,"valueName":"search_term_string"}}],"inLanguage":"pt-BR"}]}},"_links":{"self":[{"href":"https:\/\/ubaldofernandes.com\/index.php\/wp-json\/wp\/v2\/news\/3455","targetHints":{"allow":["GET"]}}],"collection":[{"href":"https:\/\/ubaldofernandes.com\/index.php\/wp-json\/wp\/v2\/news"}],"about":[{"href":"https:\/\/ubaldofernandes.com\/index.php\/wp-json\/wp\/v2\/types\/news"}],"wp:featuredmedia":[{"embeddable":true,"href":"https:\/\/ubaldofernandes.com\/index.php\/wp-json\/wp\/v2\/media\/3457"}],"wp:attachment":[{"href":"https:\/\/ubaldofernandes.com\/index.php\/wp-json\/wp\/v2\/media?parent=3455"}],"curies":[{"name":"wp","href":"https:\/\/api.w.org\/{rel}","templated":true}]}}