{"id":3460,"date":"2021-11-28T11:15:11","date_gmt":"2021-11-28T14:15:11","guid":{"rendered":"https:\/\/ubaldofernandes.com\/?post_type=news&#038;p=3460"},"modified":"2021-11-28T11:15:19","modified_gmt":"2021-11-28T14:15:19","slug":"agora-e-lei-mais-duas-entidades-do-interior-reconhecidas-como-utilidade-publica-por-iniciativa-de-ubaldo","status":"publish","type":"news","link":"https:\/\/ubaldofernandes.com\/index.php\/news\/agora-e-lei-mais-duas-entidades-do-interior-reconhecidas-como-utilidade-publica-por-iniciativa-de-ubaldo\/","title":{"rendered":"Agora \u00e9 Lei: mais duas entidades do interior reconhecidas como utilidade p\u00fablica por iniciativa de Ubaldo"},"content":{"rendered":"\n<p>O Di\u00e1rio Oficial do Estado trouxe, na edi\u00e7\u00e3o dessa quinta-feira (25\/11), a publica\u00e7\u00e3o das san\u00e7\u00f5es de leis, dentre elas duas de propositura do deputado estadual Ubaldo Fernandes (PL). Pela Lei N\u00ba 11.022, fica reconhecida como de Utilidade P\u00fablica a Associa\u00e7\u00e3o Desportiva e Cultural Escolinha do Ninha, com sede e foro jur\u00eddico no Munic\u00edpio de Currais Novos; e a Lei N\u00ba 11.023 que concede esse t\u00edtulo \u00e0 Associa\u00e7\u00e3o Comunit\u00e1ria Amigos da Casa de Cultura Pal\u00e1cio Borburema Potiguar, com sede e foro jur\u00eddico no Munic\u00edpio de S\u00e3o Jos\u00e9 do Campestre.<\/p>\n\n\n\n<p>\u201cEsse reconhecimento \u00e9 muito importante, pois habilita essas entidades a receber emendas parlamentares, assim como celebrar conv\u00eanios com o poder p\u00fablico, de modo a receberem recursos financeiros p\u00fablicos para fortalecer suas atua\u00e7\u00f5es. Essas entidades \u00e0s quais apresentamos esses projetos de lei t\u00eam relevantes e reconhecidos trabalhos nas cidades onde atuam e ficamos felizes de ser os agentes dessa conquista\u201d, observa o parlamentar.<\/p>\n\n\n\n<p>A Escolinha de Futebol, por exemplo funciona numa comunidade carente, o bairro Gilberto Pinheiro, dando oportunidade a crian\u00e7as e adolescentes para ingressarem na pr\u00e1tica esportiva, criando um ambiente social importante, que fica para o restante de suas vidas. J\u00e1 a Associa\u00e7\u00e3o Comunit\u00e1ria Amigos da Casa de Cultura Pal\u00e1cio Borburema Potiguar funciona desde 2008 realizando atividades de organiza\u00e7\u00f5es associativas ligadas \u00e0 arte e cultura.<\/p>\n\n\n\n<p>Mat\u00e9ria publicada no <a href=\"http:\/\/www.vlaudeyliberato.com\/agora-e-lei-mais-duas-entidades-do-interior-reconhecidas-como-utilidade-publica-por-iniciativa-de-ubaldo\/\">Blog do Vlaudey Liberato<\/a>. <\/p>\n","protected":false},"featured_media":3461,"parent":0,"template":"","class_list":["post-3460","news","type-news","status-publish","has-post-thumbnail","hentry"],"acf":[],"yoast_head":"<!-- This site is optimized with the Yoast SEO plugin v24.6 - https:\/\/yoast.com\/wordpress\/plugins\/seo\/ -->\n<title>Agora \u00e9 Lei: mais duas entidades do interior reconhecidas como utilidade p\u00fablica por iniciativa de Ubaldo - Ubaldo Fernandes<\/title>\n<meta name=\"robots\" content=\"index, follow, max-snippet:-1, max-image-preview:large, max-video-preview:-1\" \/>\n<link rel=\"canonical\" href=\"https:\/\/ubaldofernandes.com\/index.php\/news\/agora-e-lei-mais-duas-entidades-do-interior-reconhecidas-como-utilidade-publica-por-iniciativa-de-ubaldo\/\" \/>\n<meta property=\"og:locale\" content=\"pt_BR\" \/>\n<meta property=\"og:type\" content=\"article\" \/>\n<meta property=\"og:title\" content=\"Agora \u00e9 Lei: mais duas entidades do interior reconhecidas como utilidade p\u00fablica por iniciativa de Ubaldo - Ubaldo Fernandes\" \/>\n<meta property=\"og:description\" content=\"O Di\u00e1rio Oficial do Estado trouxe, na edi\u00e7\u00e3o dessa quinta-feira (25\/11), a publica\u00e7\u00e3o das san\u00e7\u00f5es de leis, dentre elas duas de propositura do deputado estadual Ubaldo Fernandes (PL). Pela Lei N\u00ba 11.022, fica reconhecida como de Utilidade P\u00fablica a Associa\u00e7\u00e3o Desportiva e Cultural Escolinha do Ninha, com sede e foro jur\u00eddico no Munic\u00edpio de Currais [&hellip;]\" \/>\n<meta property=\"og:url\" content=\"https:\/\/ubaldofernandes.com\/index.php\/news\/agora-e-lei-mais-duas-entidades-do-interior-reconhecidas-como-utilidade-publica-por-iniciativa-de-ubaldo\/\" \/>\n<meta property=\"og:site_name\" content=\"Ubaldo Fernandes\" \/>\n<meta property=\"article:modified_time\" content=\"2021-11-28T14:15:19+00:00\" \/>\n<meta property=\"og:image\" content=\"https:\/\/ubaldofernandes.com\/wp-content\/uploads\/2021\/11\/02e9d038-5b5d-4cab-9dac-0175f8c801a1.jpg\" \/>\n\t<meta property=\"og:image:width\" content=\"430\" \/>\n\t<meta property=\"og:image:height\" content=\"287\" \/>\n\t<meta property=\"og:image:type\" content=\"image\/jpeg\" \/>\n<meta name=\"twitter:card\" content=\"summary_large_image\" \/>\n<meta name=\"twitter:label1\" content=\"Est. tempo de leitura\" \/>\n\t<meta name=\"twitter:data1\" content=\"1 minuto\" \/>\n<script type=\"application\/ld+json\" class=\"yoast-schema-graph\">{\"@context\":\"https:\/\/schema.org\",\"@graph\":[{\"@type\":\"WebPage\",\"@id\":\"https:\/\/ubaldofernandes.com\/index.php\/news\/agora-e-lei-mais-duas-entidades-do-interior-reconhecidas-como-utilidade-publica-por-iniciativa-de-ubaldo\/\",\"url\":\"https:\/\/ubaldofernandes.com\/index.php\/news\/agora-e-lei-mais-duas-entidades-do-interior-reconhecidas-como-utilidade-publica-por-iniciativa-de-ubaldo\/\",\"name\":\"Agora \u00e9 Lei: mais duas entidades do interior reconhecidas como utilidade p\u00fablica por iniciativa de Ubaldo - Ubaldo Fernandes\",\"isPartOf\":{\"@id\":\"https:\/\/ubaldofernandes.com\/#website\"},\"primaryImageOfPage\":{\"@id\":\"https:\/\/ubaldofernandes.com\/index.php\/news\/agora-e-lei-mais-duas-entidades-do-interior-reconhecidas-como-utilidade-publica-por-iniciativa-de-ubaldo\/#primaryimage\"},\"image\":{\"@id\":\"https:\/\/ubaldofernandes.com\/index.php\/news\/agora-e-lei-mais-duas-entidades-do-interior-reconhecidas-como-utilidade-publica-por-iniciativa-de-ubaldo\/#primaryimage\"},\"thumbnailUrl\":\"https:\/\/ubaldofernandes.com\/wp-content\/uploads\/2021\/11\/02e9d038-5b5d-4cab-9dac-0175f8c801a1.jpg\",\"datePublished\":\"2021-11-28T14:15:11+00:00\",\"dateModified\":\"2021-11-28T14:15:19+00:00\",\"breadcrumb\":{\"@id\":\"https:\/\/ubaldofernandes.com\/index.php\/news\/agora-e-lei-mais-duas-entidades-do-interior-reconhecidas-como-utilidade-publica-por-iniciativa-de-ubaldo\/#breadcrumb\"},\"inLanguage\":\"pt-BR\",\"potentialAction\":[{\"@type\":\"ReadAction\",\"target\":[\"https:\/\/ubaldofernandes.com\/index.php\/news\/agora-e-lei-mais-duas-entidades-do-interior-reconhecidas-como-utilidade-publica-por-iniciativa-de-ubaldo\/\"]}]},{\"@type\":\"ImageObject\",\"inLanguage\":\"pt-BR\",\"@id\":\"https:\/\/ubaldofernandes.com\/index.php\/news\/agora-e-lei-mais-duas-entidades-do-interior-reconhecidas-como-utilidade-publica-por-iniciativa-de-ubaldo\/#primaryimage\",\"url\":\"https:\/\/ubaldofernandes.com\/wp-content\/uploads\/2021\/11\/02e9d038-5b5d-4cab-9dac-0175f8c801a1.jpg\",\"contentUrl\":\"https:\/\/ubaldofernandes.com\/wp-content\/uploads\/2021\/11\/02e9d038-5b5d-4cab-9dac-0175f8c801a1.jpg\",\"width\":430,\"height\":287},{\"@type\":\"BreadcrumbList\",\"@id\":\"https:\/\/ubaldofernandes.com\/index.php\/news\/agora-e-lei-mais-duas-entidades-do-interior-reconhecidas-como-utilidade-publica-por-iniciativa-de-ubaldo\/#breadcrumb\",\"itemListElement\":[{\"@type\":\"ListItem\",\"position\":1,\"name\":\"In\u00edcio\",\"item\":\"https:\/\/ubaldofernandes.com\/\"},{\"@type\":\"ListItem\",\"position\":2,\"name\":\"Not\u00edcias\",\"item\":\"https:\/\/ubaldofernandes.com\/index.php\/news\/\"},{\"@type\":\"ListItem\",\"position\":3,\"name\":\"Agora \u00e9 Lei: mais duas entidades do interior reconhecidas como utilidade p\u00fablica por iniciativa de Ubaldo\"}]},{\"@type\":\"WebSite\",\"@id\":\"https:\/\/ubaldofernandes.com\/#website\",\"url\":\"https:\/\/ubaldofernandes.com\/\",\"name\":\"Ubaldo Fernandes\",\"description\":\"Deputado Estadual\",\"potentialAction\":[{\"@type\":\"SearchAction\",\"target\":{\"@type\":\"EntryPoint\",\"urlTemplate\":\"https:\/\/ubaldofernandes.com\/?s={search_term_string}\"},\"query-input\":{\"@type\":\"PropertyValueSpecification\",\"valueRequired\":true,\"valueName\":\"search_term_string\"}}],\"inLanguage\":\"pt-BR\"}]}<\/script>\n<!-- \/ Yoast SEO plugin. -->","yoast_head_json":{"title":"Agora \u00e9 Lei: mais duas entidades do interior reconhecidas como utilidade p\u00fablica por iniciativa de Ubaldo - Ubaldo Fernandes","robots":{"index":"index","follow":"follow","max-snippet":"max-snippet:-1","max-image-preview":"max-image-preview:large","max-video-preview":"max-video-preview:-1"},"canonical":"https:\/\/ubaldofernandes.com\/index.php\/news\/agora-e-lei-mais-duas-entidades-do-interior-reconhecidas-como-utilidade-publica-por-iniciativa-de-ubaldo\/","og_locale":"pt_BR","og_type":"article","og_title":"Agora \u00e9 Lei: mais duas entidades do interior reconhecidas como utilidade p\u00fablica por iniciativa de Ubaldo - Ubaldo Fernandes","og_description":"O Di\u00e1rio Oficial do Estado trouxe, na edi\u00e7\u00e3o dessa quinta-feira (25\/11), a publica\u00e7\u00e3o das san\u00e7\u00f5es de leis, dentre elas duas de propositura do deputado estadual Ubaldo Fernandes (PL). Pela Lei N\u00ba 11.022, fica reconhecida como de Utilidade P\u00fablica a Associa\u00e7\u00e3o Desportiva e Cultural Escolinha do Ninha, com sede e foro jur\u00eddico no Munic\u00edpio de Currais [&hellip;]","og_url":"https:\/\/ubaldofernandes.com\/index.php\/news\/agora-e-lei-mais-duas-entidades-do-interior-reconhecidas-como-utilidade-publica-por-iniciativa-de-ubaldo\/","og_site_name":"Ubaldo Fernandes","article_modified_time":"2021-11-28T14:15:19+00:00","og_image":[{"width":430,"height":287,"url":"https:\/\/ubaldofernandes.com\/wp-content\/uploads\/2021\/11\/02e9d038-5b5d-4cab-9dac-0175f8c801a1.jpg","type":"image\/jpeg"}],"twitter_card":"summary_large_image","twitter_misc":{"Est. tempo de leitura":"1 minuto"},"schema":{"@context":"https:\/\/schema.org","@graph":[{"@type":"WebPage","@id":"https:\/\/ubaldofernandes.com\/index.php\/news\/agora-e-lei-mais-duas-entidades-do-interior-reconhecidas-como-utilidade-publica-por-iniciativa-de-ubaldo\/","url":"https:\/\/ubaldofernandes.com\/index.php\/news\/agora-e-lei-mais-duas-entidades-do-interior-reconhecidas-como-utilidade-publica-por-iniciativa-de-ubaldo\/","name":"Agora \u00e9 Lei: mais duas entidades do interior reconhecidas como utilidade p\u00fablica por iniciativa de Ubaldo - Ubaldo Fernandes","isPartOf":{"@id":"https:\/\/ubaldofernandes.com\/#website"},"primaryImageOfPage":{"@id":"https:\/\/ubaldofernandes.com\/index.php\/news\/agora-e-lei-mais-duas-entidades-do-interior-reconhecidas-como-utilidade-publica-por-iniciativa-de-ubaldo\/#primaryimage"},"image":{"@id":"https:\/\/ubaldofernandes.com\/index.php\/news\/agora-e-lei-mais-duas-entidades-do-interior-reconhecidas-como-utilidade-publica-por-iniciativa-de-ubaldo\/#primaryimage"},"thumbnailUrl":"https:\/\/ubaldofernandes.com\/wp-content\/uploads\/2021\/11\/02e9d038-5b5d-4cab-9dac-0175f8c801a1.jpg","datePublished":"2021-11-28T14:15:11+00:00","dateModified":"2021-11-28T14:15:19+00:00","breadcrumb":{"@id":"https:\/\/ubaldofernandes.com\/index.php\/news\/agora-e-lei-mais-duas-entidades-do-interior-reconhecidas-como-utilidade-publica-por-iniciativa-de-ubaldo\/#breadcrumb"},"inLanguage":"pt-BR","potentialAction":[{"@type":"ReadAction","target":["https:\/\/ubaldofernandes.com\/index.php\/news\/agora-e-lei-mais-duas-entidades-do-interior-reconhecidas-como-utilidade-publica-por-iniciativa-de-ubaldo\/"]}]},{"@type":"ImageObject","inLanguage":"pt-BR","@id":"https:\/\/ubaldofernandes.com\/index.php\/news\/agora-e-lei-mais-duas-entidades-do-interior-reconhecidas-como-utilidade-publica-por-iniciativa-de-ubaldo\/#primaryimage","url":"https:\/\/ubaldofernandes.com\/wp-content\/uploads\/2021\/11\/02e9d038-5b5d-4cab-9dac-0175f8c801a1.jpg","contentUrl":"https:\/\/ubaldofernandes.com\/wp-content\/uploads\/2021\/11\/02e9d038-5b5d-4cab-9dac-0175f8c801a1.jpg","width":430,"height":287},{"@type":"BreadcrumbList","@id":"https:\/\/ubaldofernandes.com\/index.php\/news\/agora-e-lei-mais-duas-entidades-do-interior-reconhecidas-como-utilidade-publica-por-iniciativa-de-ubaldo\/#breadcrumb","itemListElement":[{"@type":"ListItem","position":1,"name":"In\u00edcio","item":"https:\/\/ubaldofernandes.com\/"},{"@type":"ListItem","position":2,"name":"Not\u00edcias","item":"https:\/\/ubaldofernandes.com\/index.php\/news\/"},{"@type":"ListItem","position":3,"name":"Agora \u00e9 Lei: mais duas entidades do interior reconhecidas como utilidade p\u00fablica por iniciativa de Ubaldo"}]},{"@type":"WebSite","@id":"https:\/\/ubaldofernandes.com\/#website","url":"https:\/\/ubaldofernandes.com\/","name":"Ubaldo Fernandes","description":"Deputado Estadual","potentialAction":[{"@type":"SearchAction","target":{"@type":"EntryPoint","urlTemplate":"https:\/\/ubaldofernandes.com\/?s={search_term_string}"},"query-input":{"@type":"PropertyValueSpecification","valueRequired":true,"valueName":"search_term_string"}}],"inLanguage":"pt-BR"}]}},"_links":{"self":[{"href":"https:\/\/ubaldofernandes.com\/index.php\/wp-json\/wp\/v2\/news\/3460","targetHints":{"allow":["GET"]}}],"collection":[{"href":"https:\/\/ubaldofernandes.com\/index.php\/wp-json\/wp\/v2\/news"}],"about":[{"href":"https:\/\/ubaldofernandes.com\/index.php\/wp-json\/wp\/v2\/types\/news"}],"wp:featuredmedia":[{"embeddable":true,"href":"https:\/\/ubaldofernandes.com\/index.php\/wp-json\/wp\/v2\/media\/3461"}],"wp:attachment":[{"href":"https:\/\/ubaldofernandes.com\/index.php\/wp-json\/wp\/v2\/media?parent=3460"}],"curies":[{"name":"wp","href":"https:\/\/api.w.org\/{rel}","templated":true}]}}