{"id":3490,"date":"2021-12-08T13:22:00","date_gmt":"2021-12-08T16:22:00","guid":{"rendered":"https:\/\/ubaldofernandes.com\/?post_type=news&#038;p=3490"},"modified":"2021-12-09T09:34:38","modified_gmt":"2021-12-09T12:34:38","slug":"luta-do-deputado-ubaldo-iern-chegara-a-tangara","status":"publish","type":"news","link":"https:\/\/ubaldofernandes.com\/index.php\/news\/luta-do-deputado-ubaldo-iern-chegara-a-tangara\/","title":{"rendered":"Luta do deputado Ubaldo, IERN chegar\u00e1 a Tangar\u00e1"},"content":{"rendered":"\n<p>Luta que o deputado estadual Ubaldo Fernandes vem empreendendo, atrav\u00e9s de v\u00e1rias audi\u00eancias com representantes do Estado, o campus do IERN (instituto Educacional do Rio Grande do Norte) de Tangar\u00e1 vai virar realidade. No dia 26 de novembro, quando foram assinados o contrato e a ordem de servi\u00e7o para a reforma da rodovi\u00e1ria do munic\u00edpio (com parte dos recursos de emenda do parlamentar), a governadora F\u00e1tima Bezerra apresentou ao deputado o conceito arquitet\u00f4nico do campus que ser\u00e1 instalado no munic\u00edpio do Trairi.<\/p>\n\n\n\n<p>\u201cFiquei muito feliz com as informa\u00e7\u00f5es que a governadora fez quest\u00e3o de me passar pessoalmente e estamos acompanhando cada passo da instala\u00e7\u00e3o desse importante equipamento educacional na nossa cidade. Al\u00e9m de cobrar dos gestores estaduais, toda vez que ia ao munic\u00edpio sempre fazia vistorias de terrenos que poderiam sediar o campus de Tangar\u00e1 e repassava ao Governo sugest\u00f5es. Essa \u00e9 mais uma luta nossa que vai virar realidade, trazendo muitos benef\u00edcios para o presente e futuro dos tangaraenses\u201d, destaca Ubaldo.<\/p>\n\n\n\n<p><strong>LEMBRANDO<\/strong><\/p>\n\n\n\n<p>O valor do contrato do Terminal Rodovi\u00e1rio \u00e9 de R$ 241.242,15, sendo R$ 100 mil destinados por emenda parlamentar ao Or\u00e7amento Geral do Estado, do deputado estadual Ubaldo Fernandes, e R$ 141 mil alocados diretamente pelo Governo do Estado. A construtora Engevac Engenharia LTDA tem prazo de 150 dias para execu\u00e7\u00e3o dos servi\u00e7os. A reforma \u00e9 reivindica\u00e7\u00e3o antiga. A cidade tem popula\u00e7\u00e3o de 15.869 habitantes e \u00e9 ponto de parada para quem transita na BR 226 com destino ao Serid\u00f3.<\/p>\n\n\n\n<p>\u201cEsta \u00e9 mais uma parceria com os munic\u00edpios, e, em articula\u00e7\u00e3o com o Legislativo, viabilizamos a reforma que vai trazer melhorias para a popula\u00e7\u00e3o e para a economia\u201d, afirmou F\u00e1tima. O vice prefeito Augusto C\u00e9sar agradeceu o empenho do Governo. \u201cEm pouco tempo, o processo teve andamento e as obras j\u00e1 ser\u00e3o iniciadas. Agradecemos ao Governo e a Ubaldo por mais este investimento\u201d, declarou.<\/p>\n\n\n\n<p>Mat\u00e9ria publicada no <a href=\"https:\/\/senadinhomacaiba.com.br\/luta-do-deputado-ubaldo-iern-chegara-a-tangara\/\">Blog Senadinho Maca\u00edba<\/a>.<\/p>\n\n\n\n<p><\/p>\n","protected":false},"featured_media":3491,"parent":0,"template":"","class_list":["post-3490","news","type-news","status-publish","has-post-thumbnail","hentry"],"acf":[],"yoast_head":"<!-- This site is optimized with the Yoast SEO plugin v24.6 - https:\/\/yoast.com\/wordpress\/plugins\/seo\/ -->\n<title>Luta do deputado Ubaldo, IERN chegar\u00e1 a Tangar\u00e1 - Ubaldo Fernandes<\/title>\n<meta name=\"robots\" content=\"index, follow, max-snippet:-1, max-image-preview:large, max-video-preview:-1\" \/>\n<link rel=\"canonical\" href=\"https:\/\/ubaldofernandes.com\/index.php\/news\/luta-do-deputado-ubaldo-iern-chegara-a-tangara\/\" \/>\n<meta property=\"og:locale\" content=\"pt_BR\" \/>\n<meta property=\"og:type\" content=\"article\" \/>\n<meta property=\"og:title\" content=\"Luta do deputado Ubaldo, IERN chegar\u00e1 a Tangar\u00e1 - Ubaldo Fernandes\" \/>\n<meta property=\"og:description\" content=\"Luta que o deputado estadual Ubaldo Fernandes vem empreendendo, atrav\u00e9s de v\u00e1rias audi\u00eancias com representantes do Estado, o campus do IERN (instituto Educacional do Rio Grande do Norte) de Tangar\u00e1 vai virar realidade. No dia 26 de novembro, quando foram assinados o contrato e a ordem de servi\u00e7o para a reforma da rodovi\u00e1ria do munic\u00edpio [&hellip;]\" \/>\n<meta property=\"og:url\" content=\"https:\/\/ubaldofernandes.com\/index.php\/news\/luta-do-deputado-ubaldo-iern-chegara-a-tangara\/\" \/>\n<meta property=\"og:site_name\" content=\"Ubaldo Fernandes\" \/>\n<meta property=\"article:modified_time\" content=\"2021-12-09T12:34:38+00:00\" \/>\n<meta property=\"og:image\" content=\"https:\/\/ubaldofernandes.com\/wp-content\/uploads\/2021\/12\/IMG-20211208-WA0045-1536x1152-1.jpg\" \/>\n\t<meta property=\"og:image:width\" content=\"1536\" \/>\n\t<meta property=\"og:image:height\" content=\"1152\" \/>\n\t<meta property=\"og:image:type\" content=\"image\/jpeg\" \/>\n<meta name=\"twitter:card\" content=\"summary_large_image\" \/>\n<meta name=\"twitter:label1\" content=\"Est. tempo de leitura\" \/>\n\t<meta name=\"twitter:data1\" content=\"2 minutos\" \/>\n<script type=\"application\/ld+json\" class=\"yoast-schema-graph\">{\"@context\":\"https:\/\/schema.org\",\"@graph\":[{\"@type\":\"WebPage\",\"@id\":\"https:\/\/ubaldofernandes.com\/index.php\/news\/luta-do-deputado-ubaldo-iern-chegara-a-tangara\/\",\"url\":\"https:\/\/ubaldofernandes.com\/index.php\/news\/luta-do-deputado-ubaldo-iern-chegara-a-tangara\/\",\"name\":\"Luta do deputado Ubaldo, IERN chegar\u00e1 a Tangar\u00e1 - Ubaldo Fernandes\",\"isPartOf\":{\"@id\":\"https:\/\/ubaldofernandes.com\/#website\"},\"primaryImageOfPage\":{\"@id\":\"https:\/\/ubaldofernandes.com\/index.php\/news\/luta-do-deputado-ubaldo-iern-chegara-a-tangara\/#primaryimage\"},\"image\":{\"@id\":\"https:\/\/ubaldofernandes.com\/index.php\/news\/luta-do-deputado-ubaldo-iern-chegara-a-tangara\/#primaryimage\"},\"thumbnailUrl\":\"https:\/\/ubaldofernandes.com\/wp-content\/uploads\/2021\/12\/IMG-20211208-WA0045-1536x1152-1.jpg\",\"datePublished\":\"2021-12-08T16:22:00+00:00\",\"dateModified\":\"2021-12-09T12:34:38+00:00\",\"breadcrumb\":{\"@id\":\"https:\/\/ubaldofernandes.com\/index.php\/news\/luta-do-deputado-ubaldo-iern-chegara-a-tangara\/#breadcrumb\"},\"inLanguage\":\"pt-BR\",\"potentialAction\":[{\"@type\":\"ReadAction\",\"target\":[\"https:\/\/ubaldofernandes.com\/index.php\/news\/luta-do-deputado-ubaldo-iern-chegara-a-tangara\/\"]}]},{\"@type\":\"ImageObject\",\"inLanguage\":\"pt-BR\",\"@id\":\"https:\/\/ubaldofernandes.com\/index.php\/news\/luta-do-deputado-ubaldo-iern-chegara-a-tangara\/#primaryimage\",\"url\":\"https:\/\/ubaldofernandes.com\/wp-content\/uploads\/2021\/12\/IMG-20211208-WA0045-1536x1152-1.jpg\",\"contentUrl\":\"https:\/\/ubaldofernandes.com\/wp-content\/uploads\/2021\/12\/IMG-20211208-WA0045-1536x1152-1.jpg\",\"width\":1536,\"height\":1152},{\"@type\":\"BreadcrumbList\",\"@id\":\"https:\/\/ubaldofernandes.com\/index.php\/news\/luta-do-deputado-ubaldo-iern-chegara-a-tangara\/#breadcrumb\",\"itemListElement\":[{\"@type\":\"ListItem\",\"position\":1,\"name\":\"In\u00edcio\",\"item\":\"https:\/\/ubaldofernandes.com\/\"},{\"@type\":\"ListItem\",\"position\":2,\"name\":\"Not\u00edcias\",\"item\":\"https:\/\/ubaldofernandes.com\/index.php\/news\/\"},{\"@type\":\"ListItem\",\"position\":3,\"name\":\"Luta do deputado Ubaldo, IERN chegar\u00e1 a Tangar\u00e1\"}]},{\"@type\":\"WebSite\",\"@id\":\"https:\/\/ubaldofernandes.com\/#website\",\"url\":\"https:\/\/ubaldofernandes.com\/\",\"name\":\"Ubaldo Fernandes\",\"description\":\"Deputado Estadual\",\"potentialAction\":[{\"@type\":\"SearchAction\",\"target\":{\"@type\":\"EntryPoint\",\"urlTemplate\":\"https:\/\/ubaldofernandes.com\/?s={search_term_string}\"},\"query-input\":{\"@type\":\"PropertyValueSpecification\",\"valueRequired\":true,\"valueName\":\"search_term_string\"}}],\"inLanguage\":\"pt-BR\"}]}<\/script>\n<!-- \/ Yoast SEO plugin. -->","yoast_head_json":{"title":"Luta do deputado Ubaldo, IERN chegar\u00e1 a Tangar\u00e1 - Ubaldo Fernandes","robots":{"index":"index","follow":"follow","max-snippet":"max-snippet:-1","max-image-preview":"max-image-preview:large","max-video-preview":"max-video-preview:-1"},"canonical":"https:\/\/ubaldofernandes.com\/index.php\/news\/luta-do-deputado-ubaldo-iern-chegara-a-tangara\/","og_locale":"pt_BR","og_type":"article","og_title":"Luta do deputado Ubaldo, IERN chegar\u00e1 a Tangar\u00e1 - Ubaldo Fernandes","og_description":"Luta que o deputado estadual Ubaldo Fernandes vem empreendendo, atrav\u00e9s de v\u00e1rias audi\u00eancias com representantes do Estado, o campus do IERN (instituto Educacional do Rio Grande do Norte) de Tangar\u00e1 vai virar realidade. No dia 26 de novembro, quando foram assinados o contrato e a ordem de servi\u00e7o para a reforma da rodovi\u00e1ria do munic\u00edpio [&hellip;]","og_url":"https:\/\/ubaldofernandes.com\/index.php\/news\/luta-do-deputado-ubaldo-iern-chegara-a-tangara\/","og_site_name":"Ubaldo Fernandes","article_modified_time":"2021-12-09T12:34:38+00:00","og_image":[{"width":1536,"height":1152,"url":"https:\/\/ubaldofernandes.com\/wp-content\/uploads\/2021\/12\/IMG-20211208-WA0045-1536x1152-1.jpg","type":"image\/jpeg"}],"twitter_card":"summary_large_image","twitter_misc":{"Est. tempo de leitura":"2 minutos"},"schema":{"@context":"https:\/\/schema.org","@graph":[{"@type":"WebPage","@id":"https:\/\/ubaldofernandes.com\/index.php\/news\/luta-do-deputado-ubaldo-iern-chegara-a-tangara\/","url":"https:\/\/ubaldofernandes.com\/index.php\/news\/luta-do-deputado-ubaldo-iern-chegara-a-tangara\/","name":"Luta do deputado Ubaldo, IERN chegar\u00e1 a Tangar\u00e1 - Ubaldo Fernandes","isPartOf":{"@id":"https:\/\/ubaldofernandes.com\/#website"},"primaryImageOfPage":{"@id":"https:\/\/ubaldofernandes.com\/index.php\/news\/luta-do-deputado-ubaldo-iern-chegara-a-tangara\/#primaryimage"},"image":{"@id":"https:\/\/ubaldofernandes.com\/index.php\/news\/luta-do-deputado-ubaldo-iern-chegara-a-tangara\/#primaryimage"},"thumbnailUrl":"https:\/\/ubaldofernandes.com\/wp-content\/uploads\/2021\/12\/IMG-20211208-WA0045-1536x1152-1.jpg","datePublished":"2021-12-08T16:22:00+00:00","dateModified":"2021-12-09T12:34:38+00:00","breadcrumb":{"@id":"https:\/\/ubaldofernandes.com\/index.php\/news\/luta-do-deputado-ubaldo-iern-chegara-a-tangara\/#breadcrumb"},"inLanguage":"pt-BR","potentialAction":[{"@type":"ReadAction","target":["https:\/\/ubaldofernandes.com\/index.php\/news\/luta-do-deputado-ubaldo-iern-chegara-a-tangara\/"]}]},{"@type":"ImageObject","inLanguage":"pt-BR","@id":"https:\/\/ubaldofernandes.com\/index.php\/news\/luta-do-deputado-ubaldo-iern-chegara-a-tangara\/#primaryimage","url":"https:\/\/ubaldofernandes.com\/wp-content\/uploads\/2021\/12\/IMG-20211208-WA0045-1536x1152-1.jpg","contentUrl":"https:\/\/ubaldofernandes.com\/wp-content\/uploads\/2021\/12\/IMG-20211208-WA0045-1536x1152-1.jpg","width":1536,"height":1152},{"@type":"BreadcrumbList","@id":"https:\/\/ubaldofernandes.com\/index.php\/news\/luta-do-deputado-ubaldo-iern-chegara-a-tangara\/#breadcrumb","itemListElement":[{"@type":"ListItem","position":1,"name":"In\u00edcio","item":"https:\/\/ubaldofernandes.com\/"},{"@type":"ListItem","position":2,"name":"Not\u00edcias","item":"https:\/\/ubaldofernandes.com\/index.php\/news\/"},{"@type":"ListItem","position":3,"name":"Luta do deputado Ubaldo, IERN chegar\u00e1 a Tangar\u00e1"}]},{"@type":"WebSite","@id":"https:\/\/ubaldofernandes.com\/#website","url":"https:\/\/ubaldofernandes.com\/","name":"Ubaldo Fernandes","description":"Deputado Estadual","potentialAction":[{"@type":"SearchAction","target":{"@type":"EntryPoint","urlTemplate":"https:\/\/ubaldofernandes.com\/?s={search_term_string}"},"query-input":{"@type":"PropertyValueSpecification","valueRequired":true,"valueName":"search_term_string"}}],"inLanguage":"pt-BR"}]}},"_links":{"self":[{"href":"https:\/\/ubaldofernandes.com\/index.php\/wp-json\/wp\/v2\/news\/3490","targetHints":{"allow":["GET"]}}],"collection":[{"href":"https:\/\/ubaldofernandes.com\/index.php\/wp-json\/wp\/v2\/news"}],"about":[{"href":"https:\/\/ubaldofernandes.com\/index.php\/wp-json\/wp\/v2\/types\/news"}],"wp:featuredmedia":[{"embeddable":true,"href":"https:\/\/ubaldofernandes.com\/index.php\/wp-json\/wp\/v2\/media\/3491"}],"wp:attachment":[{"href":"https:\/\/ubaldofernandes.com\/index.php\/wp-json\/wp\/v2\/media?parent=3490"}],"curies":[{"name":"wp","href":"https:\/\/api.w.org\/{rel}","templated":true}]}}