{"id":3573,"date":"2021-12-20T21:59:00","date_gmt":"2021-12-21T00:59:00","guid":{"rendered":"https:\/\/ubaldofernandes.com\/?post_type=news&#038;p=3573"},"modified":"2021-12-21T09:03:43","modified_gmt":"2021-12-21T12:03:43","slug":"ubaldo-e-homenageado-por-movimento-comunitario-de-natal-e-conselho-municipal-da-pessoa-idosa-2","status":"publish","type":"news","link":"https:\/\/ubaldofernandes.com\/index.php\/news\/ubaldo-e-homenageado-por-movimento-comunitario-de-natal-e-conselho-municipal-da-pessoa-idosa-2\/","title":{"rendered":"Ubaldo \u00e9 homenageado por movimento comunit\u00e1rio de Natal e Conselho Municipal da Pessoa Idosa"},"content":{"rendered":"\n<p>Conhecido por um perfil popular e um mandato atuante por todo o estado, o deputado Ubaldo Fernandes (PL) recebeu, neste final de 2021, honrarias por seu trabalho comprometido em prol da coletividade. No \u00faltimo s\u00e1bado (18), foi agraciado pelo Movimento Comunit\u00e1rio de Natal com Certificado de Gratid\u00e3o, em evento realizado no CEMURE.<\/p>\n\n\n\n<p>J\u00e1 na manh\u00e3 desta segunda-feira (20), recebeu do Conselho Municipal da Pessoa Idosa de Cear\u00e1-Mirim uma Placa de reconhecimento pelos relevantes servi\u00e7os na defesa das pessoas idosas.<\/p>\n\n\n\n<p>\u201cCom muita felicidade e sensa\u00e7\u00e3o de que estamos cumprindo bem nossa miss\u00e3o p\u00fablica, estou sendo agraciado com essas honrarias de reconhecimento e valoriza\u00e7\u00e3o ao nosso trabalho. Obrigado. E contem sempre com esse mandato popular e social trabalhando pelo bem do coletivo. Esse \u00e9 nosso maior perfil e que nos fortalece no exerc\u00edcio parlamentar atuante e de resultados\u201d, agradeceu o parlamentar, nas redes sociais.<\/p>\n\n\n\n<p>Estavam presentes no evento desta segunda o vice-prefeito, Marcilio Dantas, o deputado estadual Hermano Morais, a presidente do CMPI, Euridice Mar\u00e7al, presidente do Sindicato Rural, Maria Auxiliadora (Sula), o presidente estadual do Conselho da Pessoa Idosa, Professor Gustavo Brito e a vice-presidente, Olga Cristina, al\u00e9m do subsecret\u00e1rio estadual de Esportes, Canind\u00e9 Dantas, e a vereadora Elineide.<\/p>\n\n\n\n<figure class=\"wp-block-gallery columns-3 is-cropped wp-block-gallery-1 is-layout-flex wp-block-gallery-is-layout-flex\"><ul class=\"blocks-gallery-grid\"><li class=\"blocks-gallery-item\"><figure><a href=\"https:\/\/ubaldofernandes.com\/wp-content\/uploads\/2021\/12\/Ubaldo-homenageado-2-300x225.jpeg\"><img loading=\"lazy\" decoding=\"async\" width=\"300\" height=\"225\" src=\"https:\/\/ubaldofernandes.com\/wp-content\/uploads\/2021\/12\/Ubaldo-homenageado-2-300x225.jpeg\" alt=\"\" data-id=\"3574\" data-link=\"https:\/\/ubaldofernandes.com\/?attachment_id=3574\" class=\"wp-image-3574\" srcset=\"https:\/\/ubaldofernandes.com\/wp-content\/uploads\/2021\/12\/Ubaldo-homenageado-2-300x225.jpeg 300w, https:\/\/ubaldofernandes.com\/wp-content\/uploads\/2021\/12\/Ubaldo-homenageado-2-1024x768.jpeg 1024w, https:\/\/ubaldofernandes.com\/wp-content\/uploads\/2021\/12\/Ubaldo-homenageado-2-768x576.jpeg 768w, https:\/\/ubaldofernandes.com\/wp-content\/uploads\/2021\/12\/Ubaldo-homenageado-2.jpeg 1280w\" sizes=\"auto, (max-width: 300px) 100vw, 300px\" \/><\/a><\/figure><\/li><li class=\"blocks-gallery-item\"><figure><a href=\"https:\/\/ubaldofernandes.com\/wp-content\/uploads\/2021\/12\/Ubaldo-homenageado-300x225.jpg\"><img loading=\"lazy\" decoding=\"async\" width=\"300\" height=\"225\" src=\"https:\/\/ubaldofernandes.com\/wp-content\/uploads\/2021\/12\/Ubaldo-homenageado-300x225.jpg\" alt=\"\" data-id=\"3572\" data-link=\"https:\/\/ubaldofernandes.com\/index.php\/news\/ubaldo-e-homenageado-por-movimento-comunitario-de-natal-e-conselho-municipal-da-pessoa-idosa\/ubaldo-homenageado\/\" class=\"wp-image-3572\" srcset=\"https:\/\/ubaldofernandes.com\/wp-content\/uploads\/2021\/12\/Ubaldo-homenageado-300x225.jpg 300w, https:\/\/ubaldofernandes.com\/wp-content\/uploads\/2021\/12\/Ubaldo-homenageado-1024x768.jpg 1024w, https:\/\/ubaldofernandes.com\/wp-content\/uploads\/2021\/12\/Ubaldo-homenageado-768x576.jpg 768w, https:\/\/ubaldofernandes.com\/wp-content\/uploads\/2021\/12\/Ubaldo-homenageado-1536x1152.jpg 1536w, https:\/\/ubaldofernandes.com\/wp-content\/uploads\/2021\/12\/Ubaldo-homenageado.jpg 1600w\" sizes=\"auto, (max-width: 300px) 100vw, 300px\" \/><\/a><\/figure><\/li><li class=\"blocks-gallery-item\"><figure><a href=\"https:\/\/ubaldofernandes.com\/wp-content\/uploads\/2021\/12\/Ubaldo-homenageado-4-1-300x225.jpeg\"><img loading=\"lazy\" decoding=\"async\" width=\"300\" height=\"225\" src=\"https:\/\/ubaldofernandes.com\/wp-content\/uploads\/2021\/12\/Ubaldo-homenageado-4-1-300x225.jpeg\" alt=\"\" data-id=\"3577\" data-link=\"https:\/\/ubaldofernandes.com\/?attachment_id=3577\" class=\"wp-image-3577\" srcset=\"https:\/\/ubaldofernandes.com\/wp-content\/uploads\/2021\/12\/Ubaldo-homenageado-4-1-300x225.jpeg 300w, https:\/\/ubaldofernandes.com\/wp-content\/uploads\/2021\/12\/Ubaldo-homenageado-4-1-1024x768.jpeg 1024w, https:\/\/ubaldofernandes.com\/wp-content\/uploads\/2021\/12\/Ubaldo-homenageado-4-1-768x576.jpeg 768w, https:\/\/ubaldofernandes.com\/wp-content\/uploads\/2021\/12\/Ubaldo-homenageado-4-1.jpeg 1280w\" sizes=\"auto, (max-width: 300px) 100vw, 300px\" \/><\/a><\/figure><\/li><li class=\"blocks-gallery-item\"><figure><a href=\"https:\/\/ubaldofernandes.com\/wp-content\/uploads\/2021\/12\/Ubaldo-homenageado-3-1.jpeg\"><img loading=\"lazy\" decoding=\"async\" width=\"300\" height=\"225\" src=\"https:\/\/ubaldofernandes.com\/wp-content\/uploads\/2021\/12\/Ubaldo-homenageado-3-1-300x225.jpeg\" alt=\"\" data-id=\"3578\" data-full-url=\"https:\/\/ubaldofernandes.com\/wp-content\/uploads\/2021\/12\/Ubaldo-homenageado-3-1.jpeg\" data-link=\"https:\/\/ubaldofernandes.com\/?attachment_id=3578\" class=\"wp-image-3578\" srcset=\"https:\/\/ubaldofernandes.com\/wp-content\/uploads\/2021\/12\/Ubaldo-homenageado-3-1-300x225.jpeg 300w, https:\/\/ubaldofernandes.com\/wp-content\/uploads\/2021\/12\/Ubaldo-homenageado-3-1-1024x768.jpeg 1024w, https:\/\/ubaldofernandes.com\/wp-content\/uploads\/2021\/12\/Ubaldo-homenageado-3-1-768x576.jpeg 768w, https:\/\/ubaldofernandes.com\/wp-content\/uploads\/2021\/12\/Ubaldo-homenageado-3-1.jpeg 1280w\" sizes=\"auto, (max-width: 300px) 100vw, 300px\" \/><\/a><\/figure><\/li><\/ul><\/figure>\n\n\n\n<p>Mat\u00e9ria publicada no <a href=\"https:\/\/blogafonte.com.br\/2021\/12\/20\/ubaldo-e-homenageado-por-movimento-comunitario-de-natal-e-conselho-municipal-da-pessoa-idosa\/\">Blog A Fonte<\/a>. <\/p>\n","protected":false},"featured_media":3579,"parent":0,"template":"","class_list":["post-3573","news","type-news","status-publish","has-post-thumbnail","hentry"],"acf":[],"yoast_head":"<!-- This site is optimized with the Yoast SEO plugin v24.6 - https:\/\/yoast.com\/wordpress\/plugins\/seo\/ -->\n<title>Ubaldo \u00e9 homenageado por movimento comunit\u00e1rio de Natal e Conselho Municipal da Pessoa Idosa - Ubaldo Fernandes<\/title>\n<meta name=\"robots\" content=\"index, follow, max-snippet:-1, max-image-preview:large, max-video-preview:-1\" \/>\n<link rel=\"canonical\" href=\"https:\/\/ubaldofernandes.com\/index.php\/news\/ubaldo-e-homenageado-por-movimento-comunitario-de-natal-e-conselho-municipal-da-pessoa-idosa-2\/\" \/>\n<meta property=\"og:locale\" content=\"pt_BR\" \/>\n<meta property=\"og:type\" content=\"article\" \/>\n<meta property=\"og:title\" content=\"Ubaldo \u00e9 homenageado por movimento comunit\u00e1rio de Natal e Conselho Municipal da Pessoa Idosa - Ubaldo Fernandes\" \/>\n<meta property=\"og:description\" content=\"Conhecido por um perfil popular e um mandato atuante por todo o estado, o deputado Ubaldo Fernandes (PL) recebeu, neste final de 2021, honrarias por seu trabalho comprometido em prol da coletividade. No \u00faltimo s\u00e1bado (18), foi agraciado pelo Movimento Comunit\u00e1rio de Natal com Certificado de Gratid\u00e3o, em evento realizado no CEMURE. J\u00e1 na manh\u00e3 [&hellip;]\" \/>\n<meta property=\"og:url\" content=\"https:\/\/ubaldofernandes.com\/index.php\/news\/ubaldo-e-homenageado-por-movimento-comunitario-de-natal-e-conselho-municipal-da-pessoa-idosa-2\/\" \/>\n<meta property=\"og:site_name\" content=\"Ubaldo Fernandes\" \/>\n<meta property=\"article:modified_time\" content=\"2021-12-21T12:03:43+00:00\" \/>\n<meta property=\"og:image\" content=\"https:\/\/ubaldofernandes.com\/wp-content\/uploads\/2021\/12\/Homenagem-Idosos.jpeg\" \/>\n\t<meta property=\"og:image:width\" content=\"696\" \/>\n\t<meta property=\"og:image:height\" content=\"461\" \/>\n\t<meta property=\"og:image:type\" content=\"image\/jpeg\" \/>\n<meta name=\"twitter:card\" content=\"summary_large_image\" \/>\n<meta name=\"twitter:label1\" content=\"Est. tempo de leitura\" \/>\n\t<meta name=\"twitter:data1\" content=\"1 minuto\" \/>\n<script type=\"application\/ld+json\" class=\"yoast-schema-graph\">{\"@context\":\"https:\/\/schema.org\",\"@graph\":[{\"@type\":\"WebPage\",\"@id\":\"https:\/\/ubaldofernandes.com\/index.php\/news\/ubaldo-e-homenageado-por-movimento-comunitario-de-natal-e-conselho-municipal-da-pessoa-idosa-2\/\",\"url\":\"https:\/\/ubaldofernandes.com\/index.php\/news\/ubaldo-e-homenageado-por-movimento-comunitario-de-natal-e-conselho-municipal-da-pessoa-idosa-2\/\",\"name\":\"Ubaldo \u00e9 homenageado por movimento comunit\u00e1rio de Natal e Conselho Municipal da Pessoa Idosa - Ubaldo Fernandes\",\"isPartOf\":{\"@id\":\"https:\/\/ubaldofernandes.com\/#website\"},\"primaryImageOfPage\":{\"@id\":\"https:\/\/ubaldofernandes.com\/index.php\/news\/ubaldo-e-homenageado-por-movimento-comunitario-de-natal-e-conselho-municipal-da-pessoa-idosa-2\/#primaryimage\"},\"image\":{\"@id\":\"https:\/\/ubaldofernandes.com\/index.php\/news\/ubaldo-e-homenageado-por-movimento-comunitario-de-natal-e-conselho-municipal-da-pessoa-idosa-2\/#primaryimage\"},\"thumbnailUrl\":\"https:\/\/ubaldofernandes.com\/wp-content\/uploads\/2021\/12\/Homenagem-Idosos.jpeg\",\"datePublished\":\"2021-12-21T00:59:00+00:00\",\"dateModified\":\"2021-12-21T12:03:43+00:00\",\"breadcrumb\":{\"@id\":\"https:\/\/ubaldofernandes.com\/index.php\/news\/ubaldo-e-homenageado-por-movimento-comunitario-de-natal-e-conselho-municipal-da-pessoa-idosa-2\/#breadcrumb\"},\"inLanguage\":\"pt-BR\",\"potentialAction\":[{\"@type\":\"ReadAction\",\"target\":[\"https:\/\/ubaldofernandes.com\/index.php\/news\/ubaldo-e-homenageado-por-movimento-comunitario-de-natal-e-conselho-municipal-da-pessoa-idosa-2\/\"]}]},{\"@type\":\"ImageObject\",\"inLanguage\":\"pt-BR\",\"@id\":\"https:\/\/ubaldofernandes.com\/index.php\/news\/ubaldo-e-homenageado-por-movimento-comunitario-de-natal-e-conselho-municipal-da-pessoa-idosa-2\/#primaryimage\",\"url\":\"https:\/\/ubaldofernandes.com\/wp-content\/uploads\/2021\/12\/Homenagem-Idosos.jpeg\",\"contentUrl\":\"https:\/\/ubaldofernandes.com\/wp-content\/uploads\/2021\/12\/Homenagem-Idosos.jpeg\",\"width\":696,\"height\":461},{\"@type\":\"BreadcrumbList\",\"@id\":\"https:\/\/ubaldofernandes.com\/index.php\/news\/ubaldo-e-homenageado-por-movimento-comunitario-de-natal-e-conselho-municipal-da-pessoa-idosa-2\/#breadcrumb\",\"itemListElement\":[{\"@type\":\"ListItem\",\"position\":1,\"name\":\"In\u00edcio\",\"item\":\"https:\/\/ubaldofernandes.com\/\"},{\"@type\":\"ListItem\",\"position\":2,\"name\":\"Not\u00edcias\",\"item\":\"https:\/\/ubaldofernandes.com\/index.php\/news\/\"},{\"@type\":\"ListItem\",\"position\":3,\"name\":\"Ubaldo \u00e9 homenageado por movimento comunit\u00e1rio de Natal e Conselho Municipal da Pessoa Idosa\"}]},{\"@type\":\"WebSite\",\"@id\":\"https:\/\/ubaldofernandes.com\/#website\",\"url\":\"https:\/\/ubaldofernandes.com\/\",\"name\":\"Ubaldo Fernandes\",\"description\":\"Deputado Estadual\",\"potentialAction\":[{\"@type\":\"SearchAction\",\"target\":{\"@type\":\"EntryPoint\",\"urlTemplate\":\"https:\/\/ubaldofernandes.com\/?s={search_term_string}\"},\"query-input\":{\"@type\":\"PropertyValueSpecification\",\"valueRequired\":true,\"valueName\":\"search_term_string\"}}],\"inLanguage\":\"pt-BR\"}]}<\/script>\n<!-- \/ Yoast SEO plugin. -->","yoast_head_json":{"title":"Ubaldo \u00e9 homenageado por movimento comunit\u00e1rio de Natal e Conselho Municipal da Pessoa Idosa - Ubaldo Fernandes","robots":{"index":"index","follow":"follow","max-snippet":"max-snippet:-1","max-image-preview":"max-image-preview:large","max-video-preview":"max-video-preview:-1"},"canonical":"https:\/\/ubaldofernandes.com\/index.php\/news\/ubaldo-e-homenageado-por-movimento-comunitario-de-natal-e-conselho-municipal-da-pessoa-idosa-2\/","og_locale":"pt_BR","og_type":"article","og_title":"Ubaldo \u00e9 homenageado por movimento comunit\u00e1rio de Natal e Conselho Municipal da Pessoa Idosa - Ubaldo Fernandes","og_description":"Conhecido por um perfil popular e um mandato atuante por todo o estado, o deputado Ubaldo Fernandes (PL) recebeu, neste final de 2021, honrarias por seu trabalho comprometido em prol da coletividade. No \u00faltimo s\u00e1bado (18), foi agraciado pelo Movimento Comunit\u00e1rio de Natal com Certificado de Gratid\u00e3o, em evento realizado no CEMURE. J\u00e1 na manh\u00e3 [&hellip;]","og_url":"https:\/\/ubaldofernandes.com\/index.php\/news\/ubaldo-e-homenageado-por-movimento-comunitario-de-natal-e-conselho-municipal-da-pessoa-idosa-2\/","og_site_name":"Ubaldo Fernandes","article_modified_time":"2021-12-21T12:03:43+00:00","og_image":[{"width":696,"height":461,"url":"https:\/\/ubaldofernandes.com\/wp-content\/uploads\/2021\/12\/Homenagem-Idosos.jpeg","type":"image\/jpeg"}],"twitter_card":"summary_large_image","twitter_misc":{"Est. tempo de leitura":"1 minuto"},"schema":{"@context":"https:\/\/schema.org","@graph":[{"@type":"WebPage","@id":"https:\/\/ubaldofernandes.com\/index.php\/news\/ubaldo-e-homenageado-por-movimento-comunitario-de-natal-e-conselho-municipal-da-pessoa-idosa-2\/","url":"https:\/\/ubaldofernandes.com\/index.php\/news\/ubaldo-e-homenageado-por-movimento-comunitario-de-natal-e-conselho-municipal-da-pessoa-idosa-2\/","name":"Ubaldo \u00e9 homenageado por movimento comunit\u00e1rio de Natal e Conselho Municipal da Pessoa Idosa - Ubaldo Fernandes","isPartOf":{"@id":"https:\/\/ubaldofernandes.com\/#website"},"primaryImageOfPage":{"@id":"https:\/\/ubaldofernandes.com\/index.php\/news\/ubaldo-e-homenageado-por-movimento-comunitario-de-natal-e-conselho-municipal-da-pessoa-idosa-2\/#primaryimage"},"image":{"@id":"https:\/\/ubaldofernandes.com\/index.php\/news\/ubaldo-e-homenageado-por-movimento-comunitario-de-natal-e-conselho-municipal-da-pessoa-idosa-2\/#primaryimage"},"thumbnailUrl":"https:\/\/ubaldofernandes.com\/wp-content\/uploads\/2021\/12\/Homenagem-Idosos.jpeg","datePublished":"2021-12-21T00:59:00+00:00","dateModified":"2021-12-21T12:03:43+00:00","breadcrumb":{"@id":"https:\/\/ubaldofernandes.com\/index.php\/news\/ubaldo-e-homenageado-por-movimento-comunitario-de-natal-e-conselho-municipal-da-pessoa-idosa-2\/#breadcrumb"},"inLanguage":"pt-BR","potentialAction":[{"@type":"ReadAction","target":["https:\/\/ubaldofernandes.com\/index.php\/news\/ubaldo-e-homenageado-por-movimento-comunitario-de-natal-e-conselho-municipal-da-pessoa-idosa-2\/"]}]},{"@type":"ImageObject","inLanguage":"pt-BR","@id":"https:\/\/ubaldofernandes.com\/index.php\/news\/ubaldo-e-homenageado-por-movimento-comunitario-de-natal-e-conselho-municipal-da-pessoa-idosa-2\/#primaryimage","url":"https:\/\/ubaldofernandes.com\/wp-content\/uploads\/2021\/12\/Homenagem-Idosos.jpeg","contentUrl":"https:\/\/ubaldofernandes.com\/wp-content\/uploads\/2021\/12\/Homenagem-Idosos.jpeg","width":696,"height":461},{"@type":"BreadcrumbList","@id":"https:\/\/ubaldofernandes.com\/index.php\/news\/ubaldo-e-homenageado-por-movimento-comunitario-de-natal-e-conselho-municipal-da-pessoa-idosa-2\/#breadcrumb","itemListElement":[{"@type":"ListItem","position":1,"name":"In\u00edcio","item":"https:\/\/ubaldofernandes.com\/"},{"@type":"ListItem","position":2,"name":"Not\u00edcias","item":"https:\/\/ubaldofernandes.com\/index.php\/news\/"},{"@type":"ListItem","position":3,"name":"Ubaldo \u00e9 homenageado por movimento comunit\u00e1rio de Natal e Conselho Municipal da Pessoa Idosa"}]},{"@type":"WebSite","@id":"https:\/\/ubaldofernandes.com\/#website","url":"https:\/\/ubaldofernandes.com\/","name":"Ubaldo Fernandes","description":"Deputado Estadual","potentialAction":[{"@type":"SearchAction","target":{"@type":"EntryPoint","urlTemplate":"https:\/\/ubaldofernandes.com\/?s={search_term_string}"},"query-input":{"@type":"PropertyValueSpecification","valueRequired":true,"valueName":"search_term_string"}}],"inLanguage":"pt-BR"}]}},"_links":{"self":[{"href":"https:\/\/ubaldofernandes.com\/index.php\/wp-json\/wp\/v2\/news\/3573","targetHints":{"allow":["GET"]}}],"collection":[{"href":"https:\/\/ubaldofernandes.com\/index.php\/wp-json\/wp\/v2\/news"}],"about":[{"href":"https:\/\/ubaldofernandes.com\/index.php\/wp-json\/wp\/v2\/types\/news"}],"wp:featuredmedia":[{"embeddable":true,"href":"https:\/\/ubaldofernandes.com\/index.php\/wp-json\/wp\/v2\/media\/3579"}],"wp:attachment":[{"href":"https:\/\/ubaldofernandes.com\/index.php\/wp-json\/wp\/v2\/media?parent=3573"}],"curies":[{"name":"wp","href":"https:\/\/api.w.org\/{rel}","templated":true}]}}