{"id":3620,"date":"2021-12-28T17:32:00","date_gmt":"2021-12-28T20:32:00","guid":{"rendered":"https:\/\/ubaldofernandes.com\/?post_type=news&#038;p=3620"},"modified":"2021-12-28T19:48:49","modified_gmt":"2021-12-28T22:48:49","slug":"ubaldo-comemora-registro-de-patrimonio-vivo-pro-araruna-uma-grande-luta-do-seu-mandato","status":"publish","type":"news","link":"https:\/\/ubaldofernandes.com\/index.php\/news\/ubaldo-comemora-registro-de-patrimonio-vivo-pro-araruna-uma-grande-luta-do-seu-mandato\/","title":{"rendered":"Ubaldo comemora Registro de Patrim\u00f4nio Vivo pro Araruna, uma grande luta do seu mandato"},"content":{"rendered":"\n<p>Uma das autoridades presentes na Governadoria nesta ter\u00e7a-feira (28) para a entrega dos certificados do Registro do Patrim\u00f4nio Vivo (RPV), que concede bolsas de incentivo financeiro para dois mestres e tr\u00eas grupos da cultura popular do RN, o deputado estadual Ubaldo Fernandes foi enaltecido por sua grande atua\u00e7\u00e3o em prol do Araruna e grupos tradicionais do RN.<\/p>\n\n\n\n<p>\u201cO deputado Ubaldo colocou sua assessoria para ajudar o grupo Araruna a se inscrever e hoje ser contemplado. Desde que era vereador, Ubaldo vem participando ativamente dessa luta pela valoriza\u00e7\u00e3o dos grupos culturais hist\u00f3ricos\u201d, destacou o diretor geral do Funda\u00e7\u00e3o Jos\u00e9 Augusto, Crispiniano Neto. J\u00e1 o presidente da Comiss\u00e3o do Folclore Nacional,&nbsp; Severino Vicente, referiu-se ao Deputado Ubaldo como o representante p\u00fablico incans\u00e1vel na defesa do Arauna e da cultura popular potiguar, assim como a governadora F\u00e1tima Bezerra. \u201cUbaldo \u00e9 um deputado atuante permanentemente na defesa da cultura\u201d, disse a chefe do<\/p>\n\n\n\n<p>\u201cNeste finalzinho de 2021, a governadora coroa com esse importantes grsto para quem mantem o folclore popular do Rio Grande do Norte Vivo, se somando \u00e0 entrega de v\u00e1rios equipamentos culturais, como Teatro Alberto Maranh\u00e3o, Pinacoteca, Forte dos Reis Magso, Museu da Rampa. Fico muito feliz de fazer parte desta conquista, especialmente pro meu querido grupo Araruna, que tem mais de 70 anos de hist\u00f3ria\u201d, destacou o parlamentar.<\/p>\n\n\n\n<p>CERTIFICADOS<\/p>\n\n\n\n<p>Foram escolhidos o poeta cordelista Ant\u00f4nio Francisco e a mestra de Boi-de-Reis Dona Iza (vi\u00fava do Mestre Manoel Marinheiro e assumiu o legado do Auto do Boi de Reis), para o recebimento de benef\u00edcios individuais. Os grupos folcl\u00f3ricos Araruna, sediado no bairro das Rocas; o Boi Pintadinho, em S\u00e3o Gon\u00e7alo, e a Associa\u00e7\u00e3o das Rendeiras de Bilros da Vila de Ponta Negra, foram contemplados na categoria de Pessoa Jur\u00eddica. O valor do benef\u00edcio \u00e9 de R$ 1.620 para pessoa f\u00edsica, e de R$ 3.242 para os grupos.<\/p>\n\n\n\n<p>O Registro de Patrim\u00f4nio Vivo visa estimular e proteger iniciativas que contribuem para o desenvolvimento sociocultural e profissional dos mestres e mestras de not\u00f3rio saber, autores, autoras, artistas, grupos e entidades da cultura popular e tradicional do estado, almejando a transmiss\u00e3o de conhecimentos e t\u00e9cnicas para alunos ou aprendizes, atrav\u00e9s de programas de ensino e aprendizagem apoiados ou executados direta ou indiretamente pela Funda\u00e7\u00e3o Jos\u00e9 Augusto.<\/p>\n\n\n\n<p>CONTEMPLADOS<\/p>\n\n\n\n<p>Oda\u00edza de Pontes Galv\u00e3o, a Dona Iza, \u00e9 vi\u00fava do Mestre Manoel Marinheiro, e assumiu o legado do Auto do Boi de Reis. Sempre ativa junto ao Mestre, herdou n\u00e3o apenas o seu saber da montagem do Boi, figurinos, adere\u00e7os e personagens, mas o ritual, a dan\u00e7a, os cantos e as loas. Ant\u00f4nio Francisco \u00e9&nbsp; membro da Academia Brasileira de Literatura de Cordel, na cadeira de n\u00famero 15, cujo patrono \u00e9 o poeta cearense Patativa do Assar\u00e9. \u00c9 unanimidade entre os estudiosos da cultura popular.<\/p>\n\n\n\n<p>O Boi Pintadinho \u00e9 um grupo&nbsp; tradicional de S\u00e3o Gon\u00e7alo do Amarante, que foi considerado pelo historiador C\u00e2mara Cascudo como o ber\u00e7o da cultura popular do RN.&nbsp; S\u00e3o 25 integrantes em um manifesto que gira em torno da morte e ressurrei\u00e7\u00e3o do boi. J\u00e1 a Associa\u00e7\u00e3o das Rendeiras de bilros tem 23 anos, fundada pela mestra v\u00f3 Maria de Lourdes de Lima. Est\u00e3o no cen\u00e1rio cultural desde a funda\u00e7\u00e3o da vila, mantendo umas das grandes tradi\u00e7\u00f5es do artesanato potiguar.<\/p>\n\n\n\n<p>A Sociedade de Dan\u00e7as Antigas e Semidesaparecidas Araruna\u00a0 iniciou suas atividades em 1949 quando o Mestre Corn\u00e9lio (seu fundador) utilizava o quintal de\u00a0 casa para os ensaios do grupo. Djalma Maranh\u00e3o e Cascudo foram grandes incentivadores do Araruna, tendo sido o primeiro que doou o local para constru\u00e7\u00e3o da atual sede do grupo, localizada a Rua Miramar, no bairro das Rocas.<\/p>\n\n\n\n<div class=\"wp-block-image\"><figure class=\"aligncenter size-large\"><img loading=\"lazy\" decoding=\"async\" width=\"1024\" height=\"768\" src=\"https:\/\/ubaldofernandes.com\/wp-content\/uploads\/2021\/12\/Araruna-2-1024x768.jpg\" alt=\"\" class=\"wp-image-3622\" srcset=\"https:\/\/ubaldofernandes.com\/wp-content\/uploads\/2021\/12\/Araruna-2-1024x768.jpg 1024w, https:\/\/ubaldofernandes.com\/wp-content\/uploads\/2021\/12\/Araruna-2-300x225.jpg 300w, https:\/\/ubaldofernandes.com\/wp-content\/uploads\/2021\/12\/Araruna-2-768x576.jpg 768w, https:\/\/ubaldofernandes.com\/wp-content\/uploads\/2021\/12\/Araruna-2.jpg 1280w\" sizes=\"auto, (max-width: 1024px) 100vw, 1024px\" \/><\/figure><\/div>\n\n\n\n<p>Mat\u00e9ria publicada no <a href=\"https:\/\/senadinhomacaiba.com.br\/ubaldo-comemora-registro-de-patrimonio-vivo-pro-araruna-uma-grande-luta-do-seu-mandato\/\">Blog Senadinho Maca\u00edba<\/a>. <\/p>\n","protected":false},"featured_media":3621,"parent":0,"template":"","class_list":["post-3620","news","type-news","status-publish","has-post-thumbnail","hentry"],"acf":[],"yoast_head":"<!-- This site is optimized with the Yoast SEO plugin v24.6 - https:\/\/yoast.com\/wordpress\/plugins\/seo\/ -->\n<title>Ubaldo comemora Registro de Patrim\u00f4nio Vivo pro Araruna, uma grande luta do seu mandato - Ubaldo Fernandes<\/title>\n<meta name=\"robots\" content=\"index, follow, max-snippet:-1, max-image-preview:large, max-video-preview:-1\" \/>\n<link rel=\"canonical\" href=\"https:\/\/ubaldofernandes.com\/index.php\/news\/ubaldo-comemora-registro-de-patrimonio-vivo-pro-araruna-uma-grande-luta-do-seu-mandato\/\" \/>\n<meta property=\"og:locale\" content=\"pt_BR\" \/>\n<meta property=\"og:type\" content=\"article\" \/>\n<meta property=\"og:title\" content=\"Ubaldo comemora Registro de Patrim\u00f4nio Vivo pro Araruna, uma grande luta do seu mandato - Ubaldo Fernandes\" \/>\n<meta property=\"og:description\" content=\"Uma das autoridades presentes na Governadoria nesta ter\u00e7a-feira (28) para a entrega dos certificados do Registro do Patrim\u00f4nio Vivo (RPV), que concede bolsas de incentivo financeiro para dois mestres e tr\u00eas grupos da cultura popular do RN, o deputado estadual Ubaldo Fernandes foi enaltecido por sua grande atua\u00e7\u00e3o em prol do Araruna e grupos tradicionais [&hellip;]\" \/>\n<meta property=\"og:url\" content=\"https:\/\/ubaldofernandes.com\/index.php\/news\/ubaldo-comemora-registro-de-patrimonio-vivo-pro-araruna-uma-grande-luta-do-seu-mandato\/\" \/>\n<meta property=\"og:site_name\" content=\"Ubaldo Fernandes\" \/>\n<meta property=\"article:modified_time\" content=\"2021-12-28T22:48:49+00:00\" \/>\n<meta property=\"og:image\" content=\"https:\/\/ubaldofernandes.com\/wp-content\/uploads\/2021\/12\/Araruna.jpg\" \/>\n\t<meta property=\"og:image:width\" content=\"1280\" \/>\n\t<meta property=\"og:image:height\" content=\"960\" \/>\n\t<meta property=\"og:image:type\" content=\"image\/jpeg\" \/>\n<meta name=\"twitter:card\" content=\"summary_large_image\" \/>\n<meta name=\"twitter:label1\" content=\"Est. tempo de leitura\" \/>\n\t<meta name=\"twitter:data1\" content=\"3 minutos\" \/>\n<script type=\"application\/ld+json\" class=\"yoast-schema-graph\">{\"@context\":\"https:\/\/schema.org\",\"@graph\":[{\"@type\":\"WebPage\",\"@id\":\"https:\/\/ubaldofernandes.com\/index.php\/news\/ubaldo-comemora-registro-de-patrimonio-vivo-pro-araruna-uma-grande-luta-do-seu-mandato\/\",\"url\":\"https:\/\/ubaldofernandes.com\/index.php\/news\/ubaldo-comemora-registro-de-patrimonio-vivo-pro-araruna-uma-grande-luta-do-seu-mandato\/\",\"name\":\"Ubaldo comemora Registro de Patrim\u00f4nio Vivo pro Araruna, uma grande luta do seu mandato - Ubaldo Fernandes\",\"isPartOf\":{\"@id\":\"https:\/\/ubaldofernandes.com\/#website\"},\"primaryImageOfPage\":{\"@id\":\"https:\/\/ubaldofernandes.com\/index.php\/news\/ubaldo-comemora-registro-de-patrimonio-vivo-pro-araruna-uma-grande-luta-do-seu-mandato\/#primaryimage\"},\"image\":{\"@id\":\"https:\/\/ubaldofernandes.com\/index.php\/news\/ubaldo-comemora-registro-de-patrimonio-vivo-pro-araruna-uma-grande-luta-do-seu-mandato\/#primaryimage\"},\"thumbnailUrl\":\"https:\/\/ubaldofernandes.com\/wp-content\/uploads\/2021\/12\/Araruna.jpg\",\"datePublished\":\"2021-12-28T20:32:00+00:00\",\"dateModified\":\"2021-12-28T22:48:49+00:00\",\"breadcrumb\":{\"@id\":\"https:\/\/ubaldofernandes.com\/index.php\/news\/ubaldo-comemora-registro-de-patrimonio-vivo-pro-araruna-uma-grande-luta-do-seu-mandato\/#breadcrumb\"},\"inLanguage\":\"pt-BR\",\"potentialAction\":[{\"@type\":\"ReadAction\",\"target\":[\"https:\/\/ubaldofernandes.com\/index.php\/news\/ubaldo-comemora-registro-de-patrimonio-vivo-pro-araruna-uma-grande-luta-do-seu-mandato\/\"]}]},{\"@type\":\"ImageObject\",\"inLanguage\":\"pt-BR\",\"@id\":\"https:\/\/ubaldofernandes.com\/index.php\/news\/ubaldo-comemora-registro-de-patrimonio-vivo-pro-araruna-uma-grande-luta-do-seu-mandato\/#primaryimage\",\"url\":\"https:\/\/ubaldofernandes.com\/wp-content\/uploads\/2021\/12\/Araruna.jpg\",\"contentUrl\":\"https:\/\/ubaldofernandes.com\/wp-content\/uploads\/2021\/12\/Araruna.jpg\",\"width\":1280,\"height\":960},{\"@type\":\"BreadcrumbList\",\"@id\":\"https:\/\/ubaldofernandes.com\/index.php\/news\/ubaldo-comemora-registro-de-patrimonio-vivo-pro-araruna-uma-grande-luta-do-seu-mandato\/#breadcrumb\",\"itemListElement\":[{\"@type\":\"ListItem\",\"position\":1,\"name\":\"In\u00edcio\",\"item\":\"https:\/\/ubaldofernandes.com\/\"},{\"@type\":\"ListItem\",\"position\":2,\"name\":\"Not\u00edcias\",\"item\":\"https:\/\/ubaldofernandes.com\/index.php\/news\/\"},{\"@type\":\"ListItem\",\"position\":3,\"name\":\"Ubaldo comemora Registro de Patrim\u00f4nio Vivo pro Araruna, uma grande luta do seu mandato\"}]},{\"@type\":\"WebSite\",\"@id\":\"https:\/\/ubaldofernandes.com\/#website\",\"url\":\"https:\/\/ubaldofernandes.com\/\",\"name\":\"Ubaldo Fernandes\",\"description\":\"Deputado Estadual\",\"potentialAction\":[{\"@type\":\"SearchAction\",\"target\":{\"@type\":\"EntryPoint\",\"urlTemplate\":\"https:\/\/ubaldofernandes.com\/?s={search_term_string}\"},\"query-input\":{\"@type\":\"PropertyValueSpecification\",\"valueRequired\":true,\"valueName\":\"search_term_string\"}}],\"inLanguage\":\"pt-BR\"}]}<\/script>\n<!-- \/ Yoast SEO plugin. -->","yoast_head_json":{"title":"Ubaldo comemora Registro de Patrim\u00f4nio Vivo pro Araruna, uma grande luta do seu mandato - Ubaldo Fernandes","robots":{"index":"index","follow":"follow","max-snippet":"max-snippet:-1","max-image-preview":"max-image-preview:large","max-video-preview":"max-video-preview:-1"},"canonical":"https:\/\/ubaldofernandes.com\/index.php\/news\/ubaldo-comemora-registro-de-patrimonio-vivo-pro-araruna-uma-grande-luta-do-seu-mandato\/","og_locale":"pt_BR","og_type":"article","og_title":"Ubaldo comemora Registro de Patrim\u00f4nio Vivo pro Araruna, uma grande luta do seu mandato - Ubaldo Fernandes","og_description":"Uma das autoridades presentes na Governadoria nesta ter\u00e7a-feira (28) para a entrega dos certificados do Registro do Patrim\u00f4nio Vivo (RPV), que concede bolsas de incentivo financeiro para dois mestres e tr\u00eas grupos da cultura popular do RN, o deputado estadual Ubaldo Fernandes foi enaltecido por sua grande atua\u00e7\u00e3o em prol do Araruna e grupos tradicionais [&hellip;]","og_url":"https:\/\/ubaldofernandes.com\/index.php\/news\/ubaldo-comemora-registro-de-patrimonio-vivo-pro-araruna-uma-grande-luta-do-seu-mandato\/","og_site_name":"Ubaldo Fernandes","article_modified_time":"2021-12-28T22:48:49+00:00","og_image":[{"width":1280,"height":960,"url":"https:\/\/ubaldofernandes.com\/wp-content\/uploads\/2021\/12\/Araruna.jpg","type":"image\/jpeg"}],"twitter_card":"summary_large_image","twitter_misc":{"Est. tempo de leitura":"3 minutos"},"schema":{"@context":"https:\/\/schema.org","@graph":[{"@type":"WebPage","@id":"https:\/\/ubaldofernandes.com\/index.php\/news\/ubaldo-comemora-registro-de-patrimonio-vivo-pro-araruna-uma-grande-luta-do-seu-mandato\/","url":"https:\/\/ubaldofernandes.com\/index.php\/news\/ubaldo-comemora-registro-de-patrimonio-vivo-pro-araruna-uma-grande-luta-do-seu-mandato\/","name":"Ubaldo comemora Registro de Patrim\u00f4nio Vivo pro Araruna, uma grande luta do seu mandato - Ubaldo Fernandes","isPartOf":{"@id":"https:\/\/ubaldofernandes.com\/#website"},"primaryImageOfPage":{"@id":"https:\/\/ubaldofernandes.com\/index.php\/news\/ubaldo-comemora-registro-de-patrimonio-vivo-pro-araruna-uma-grande-luta-do-seu-mandato\/#primaryimage"},"image":{"@id":"https:\/\/ubaldofernandes.com\/index.php\/news\/ubaldo-comemora-registro-de-patrimonio-vivo-pro-araruna-uma-grande-luta-do-seu-mandato\/#primaryimage"},"thumbnailUrl":"https:\/\/ubaldofernandes.com\/wp-content\/uploads\/2021\/12\/Araruna.jpg","datePublished":"2021-12-28T20:32:00+00:00","dateModified":"2021-12-28T22:48:49+00:00","breadcrumb":{"@id":"https:\/\/ubaldofernandes.com\/index.php\/news\/ubaldo-comemora-registro-de-patrimonio-vivo-pro-araruna-uma-grande-luta-do-seu-mandato\/#breadcrumb"},"inLanguage":"pt-BR","potentialAction":[{"@type":"ReadAction","target":["https:\/\/ubaldofernandes.com\/index.php\/news\/ubaldo-comemora-registro-de-patrimonio-vivo-pro-araruna-uma-grande-luta-do-seu-mandato\/"]}]},{"@type":"ImageObject","inLanguage":"pt-BR","@id":"https:\/\/ubaldofernandes.com\/index.php\/news\/ubaldo-comemora-registro-de-patrimonio-vivo-pro-araruna-uma-grande-luta-do-seu-mandato\/#primaryimage","url":"https:\/\/ubaldofernandes.com\/wp-content\/uploads\/2021\/12\/Araruna.jpg","contentUrl":"https:\/\/ubaldofernandes.com\/wp-content\/uploads\/2021\/12\/Araruna.jpg","width":1280,"height":960},{"@type":"BreadcrumbList","@id":"https:\/\/ubaldofernandes.com\/index.php\/news\/ubaldo-comemora-registro-de-patrimonio-vivo-pro-araruna-uma-grande-luta-do-seu-mandato\/#breadcrumb","itemListElement":[{"@type":"ListItem","position":1,"name":"In\u00edcio","item":"https:\/\/ubaldofernandes.com\/"},{"@type":"ListItem","position":2,"name":"Not\u00edcias","item":"https:\/\/ubaldofernandes.com\/index.php\/news\/"},{"@type":"ListItem","position":3,"name":"Ubaldo comemora Registro de Patrim\u00f4nio Vivo pro Araruna, uma grande luta do seu mandato"}]},{"@type":"WebSite","@id":"https:\/\/ubaldofernandes.com\/#website","url":"https:\/\/ubaldofernandes.com\/","name":"Ubaldo Fernandes","description":"Deputado Estadual","potentialAction":[{"@type":"SearchAction","target":{"@type":"EntryPoint","urlTemplate":"https:\/\/ubaldofernandes.com\/?s={search_term_string}"},"query-input":{"@type":"PropertyValueSpecification","valueRequired":true,"valueName":"search_term_string"}}],"inLanguage":"pt-BR"}]}},"_links":{"self":[{"href":"https:\/\/ubaldofernandes.com\/index.php\/wp-json\/wp\/v2\/news\/3620","targetHints":{"allow":["GET"]}}],"collection":[{"href":"https:\/\/ubaldofernandes.com\/index.php\/wp-json\/wp\/v2\/news"}],"about":[{"href":"https:\/\/ubaldofernandes.com\/index.php\/wp-json\/wp\/v2\/types\/news"}],"wp:featuredmedia":[{"embeddable":true,"href":"https:\/\/ubaldofernandes.com\/index.php\/wp-json\/wp\/v2\/media\/3621"}],"wp:attachment":[{"href":"https:\/\/ubaldofernandes.com\/index.php\/wp-json\/wp\/v2\/media?parent=3620"}],"curies":[{"name":"wp","href":"https:\/\/api.w.org\/{rel}","templated":true}]}}