{"id":3938,"date":"2022-01-24T15:00:00","date_gmt":"2022-01-24T18:00:00","guid":{"rendered":"https:\/\/ubaldofernandes.com\/?post_type=news&#038;p=3938"},"modified":"2022-01-25T09:38:05","modified_gmt":"2022-01-25T12:38:05","slug":"der-garante-a-ubaldo-inicio-da-recuperacao-das-rns-118-e-221","status":"publish","type":"news","link":"https:\/\/ubaldofernandes.com\/index.php\/news\/der-garante-a-ubaldo-inicio-da-recuperacao-das-rns-118-e-221\/","title":{"rendered":"DER garante a Ubaldo in\u00edcio da recupera\u00e7\u00e3o das RNs 118 e 221"},"content":{"rendered":"\n<p>O diretor do Departamento de Estradas e Rodagens do Rio Grande do Norte, Manoel Marques, garantiu ao deputado estadual Ubaldo Fernandes (PL) o in\u00edcio dos servi\u00e7os de recupera\u00e7\u00e3o das RNs 118 e 221 a partir desta semana. A confirma\u00e7\u00e3o foi dada em audi\u00eancia na sexta-feira passada (21) na sede do \u00f3rg\u00e3o estadual.<\/p>\n\n\n\n<p><br>\u201cEm mais uma audi\u00eancia produtiva, no DER, tivemos essa garantia das obras t\u00e3o reivindicadas pelos cidad\u00e3os de Macau. Essa opera\u00e7\u00e3o ser\u00e1 fundamental para essa regi\u00e3o, especialmente para os moradores de Ilha de Santana e dos distritos de Barreiras e Diogo Lopes, onde milhares de ve\u00edculos e pedestres circulam diariamente\u201d.<\/p>\n\n\n\n<p><br>Segundo destaca o parlamentar, a reivindica\u00e7\u00e3o chegou ao seu gabinete atrav\u00e9s do vereador Fagner Oliveira. \u201cEsse representante municipal \u00e9 muito atuante e estamos juntos na luta por dias melhores para todos os cidad\u00e3os dessas localidades\u201d, frisou Ubaldo.<\/p>\n\n\n\n<p>Mat\u00e9ria publicada no <a href=\"https:\/\/rnnews.com.br\/der-garante-a-ubaldo-inicio-da-recuperacao-das-rns-118-e-221\/\">Jornal RN News<\/a>.<\/p>\n","protected":false},"featured_media":3939,"parent":0,"template":"","class_list":["post-3938","news","type-news","status-publish","has-post-thumbnail","hentry"],"acf":[],"yoast_head":"<!-- This site is optimized with the Yoast SEO plugin v24.6 - https:\/\/yoast.com\/wordpress\/plugins\/seo\/ -->\n<title>DER garante a Ubaldo in\u00edcio da recupera\u00e7\u00e3o das RNs 118 e 221 - Ubaldo Fernandes<\/title>\n<meta name=\"robots\" content=\"index, follow, max-snippet:-1, max-image-preview:large, max-video-preview:-1\" \/>\n<link rel=\"canonical\" href=\"https:\/\/ubaldofernandes.com\/index.php\/news\/der-garante-a-ubaldo-inicio-da-recuperacao-das-rns-118-e-221\/\" \/>\n<meta property=\"og:locale\" content=\"pt_BR\" \/>\n<meta property=\"og:type\" content=\"article\" \/>\n<meta property=\"og:title\" content=\"DER garante a Ubaldo in\u00edcio da recupera\u00e7\u00e3o das RNs 118 e 221 - Ubaldo Fernandes\" \/>\n<meta property=\"og:description\" content=\"O diretor do Departamento de Estradas e Rodagens do Rio Grande do Norte, Manoel Marques, garantiu ao deputado estadual Ubaldo Fernandes (PL) o in\u00edcio dos servi\u00e7os de recupera\u00e7\u00e3o das RNs 118 e 221 a partir desta semana. A confirma\u00e7\u00e3o foi dada em audi\u00eancia na sexta-feira passada (21) na sede do \u00f3rg\u00e3o estadual. \u201cEm mais uma [&hellip;]\" \/>\n<meta property=\"og:url\" content=\"https:\/\/ubaldofernandes.com\/index.php\/news\/der-garante-a-ubaldo-inicio-da-recuperacao-das-rns-118-e-221\/\" \/>\n<meta property=\"og:site_name\" content=\"Ubaldo Fernandes\" \/>\n<meta property=\"article:modified_time\" content=\"2022-01-25T12:38:05+00:00\" \/>\n<meta property=\"og:image\" content=\"https:\/\/ubaldofernandes.com\/wp-content\/uploads\/2022\/01\/Ubaldo-DER.jpg\" \/>\n\t<meta property=\"og:image:width\" content=\"696\" \/>\n\t<meta property=\"og:image:height\" content=\"521\" \/>\n\t<meta property=\"og:image:type\" content=\"image\/jpeg\" \/>\n<meta name=\"twitter:card\" content=\"summary_large_image\" \/>\n<meta name=\"twitter:label1\" content=\"Est. tempo de leitura\" \/>\n\t<meta name=\"twitter:data1\" content=\"1 minuto\" \/>\n<script type=\"application\/ld+json\" class=\"yoast-schema-graph\">{\"@context\":\"https:\/\/schema.org\",\"@graph\":[{\"@type\":\"WebPage\",\"@id\":\"https:\/\/ubaldofernandes.com\/index.php\/news\/der-garante-a-ubaldo-inicio-da-recuperacao-das-rns-118-e-221\/\",\"url\":\"https:\/\/ubaldofernandes.com\/index.php\/news\/der-garante-a-ubaldo-inicio-da-recuperacao-das-rns-118-e-221\/\",\"name\":\"DER garante a Ubaldo in\u00edcio da recupera\u00e7\u00e3o das RNs 118 e 221 - Ubaldo Fernandes\",\"isPartOf\":{\"@id\":\"https:\/\/ubaldofernandes.com\/#website\"},\"primaryImageOfPage\":{\"@id\":\"https:\/\/ubaldofernandes.com\/index.php\/news\/der-garante-a-ubaldo-inicio-da-recuperacao-das-rns-118-e-221\/#primaryimage\"},\"image\":{\"@id\":\"https:\/\/ubaldofernandes.com\/index.php\/news\/der-garante-a-ubaldo-inicio-da-recuperacao-das-rns-118-e-221\/#primaryimage\"},\"thumbnailUrl\":\"https:\/\/ubaldofernandes.com\/wp-content\/uploads\/2022\/01\/Ubaldo-DER.jpg\",\"datePublished\":\"2022-01-24T18:00:00+00:00\",\"dateModified\":\"2022-01-25T12:38:05+00:00\",\"breadcrumb\":{\"@id\":\"https:\/\/ubaldofernandes.com\/index.php\/news\/der-garante-a-ubaldo-inicio-da-recuperacao-das-rns-118-e-221\/#breadcrumb\"},\"inLanguage\":\"pt-BR\",\"potentialAction\":[{\"@type\":\"ReadAction\",\"target\":[\"https:\/\/ubaldofernandes.com\/index.php\/news\/der-garante-a-ubaldo-inicio-da-recuperacao-das-rns-118-e-221\/\"]}]},{\"@type\":\"ImageObject\",\"inLanguage\":\"pt-BR\",\"@id\":\"https:\/\/ubaldofernandes.com\/index.php\/news\/der-garante-a-ubaldo-inicio-da-recuperacao-das-rns-118-e-221\/#primaryimage\",\"url\":\"https:\/\/ubaldofernandes.com\/wp-content\/uploads\/2022\/01\/Ubaldo-DER.jpg\",\"contentUrl\":\"https:\/\/ubaldofernandes.com\/wp-content\/uploads\/2022\/01\/Ubaldo-DER.jpg\",\"width\":696,\"height\":521},{\"@type\":\"BreadcrumbList\",\"@id\":\"https:\/\/ubaldofernandes.com\/index.php\/news\/der-garante-a-ubaldo-inicio-da-recuperacao-das-rns-118-e-221\/#breadcrumb\",\"itemListElement\":[{\"@type\":\"ListItem\",\"position\":1,\"name\":\"In\u00edcio\",\"item\":\"https:\/\/ubaldofernandes.com\/\"},{\"@type\":\"ListItem\",\"position\":2,\"name\":\"Not\u00edcias\",\"item\":\"https:\/\/ubaldofernandes.com\/index.php\/news\/\"},{\"@type\":\"ListItem\",\"position\":3,\"name\":\"DER garante a Ubaldo in\u00edcio da recupera\u00e7\u00e3o das RNs 118 e 221\"}]},{\"@type\":\"WebSite\",\"@id\":\"https:\/\/ubaldofernandes.com\/#website\",\"url\":\"https:\/\/ubaldofernandes.com\/\",\"name\":\"Ubaldo Fernandes\",\"description\":\"Deputado Estadual\",\"potentialAction\":[{\"@type\":\"SearchAction\",\"target\":{\"@type\":\"EntryPoint\",\"urlTemplate\":\"https:\/\/ubaldofernandes.com\/?s={search_term_string}\"},\"query-input\":{\"@type\":\"PropertyValueSpecification\",\"valueRequired\":true,\"valueName\":\"search_term_string\"}}],\"inLanguage\":\"pt-BR\"}]}<\/script>\n<!-- \/ Yoast SEO plugin. -->","yoast_head_json":{"title":"DER garante a Ubaldo in\u00edcio da recupera\u00e7\u00e3o das RNs 118 e 221 - Ubaldo Fernandes","robots":{"index":"index","follow":"follow","max-snippet":"max-snippet:-1","max-image-preview":"max-image-preview:large","max-video-preview":"max-video-preview:-1"},"canonical":"https:\/\/ubaldofernandes.com\/index.php\/news\/der-garante-a-ubaldo-inicio-da-recuperacao-das-rns-118-e-221\/","og_locale":"pt_BR","og_type":"article","og_title":"DER garante a Ubaldo in\u00edcio da recupera\u00e7\u00e3o das RNs 118 e 221 - Ubaldo Fernandes","og_description":"O diretor do Departamento de Estradas e Rodagens do Rio Grande do Norte, Manoel Marques, garantiu ao deputado estadual Ubaldo Fernandes (PL) o in\u00edcio dos servi\u00e7os de recupera\u00e7\u00e3o das RNs 118 e 221 a partir desta semana. A confirma\u00e7\u00e3o foi dada em audi\u00eancia na sexta-feira passada (21) na sede do \u00f3rg\u00e3o estadual. \u201cEm mais uma [&hellip;]","og_url":"https:\/\/ubaldofernandes.com\/index.php\/news\/der-garante-a-ubaldo-inicio-da-recuperacao-das-rns-118-e-221\/","og_site_name":"Ubaldo Fernandes","article_modified_time":"2022-01-25T12:38:05+00:00","og_image":[{"width":696,"height":521,"url":"https:\/\/ubaldofernandes.com\/wp-content\/uploads\/2022\/01\/Ubaldo-DER.jpg","type":"image\/jpeg"}],"twitter_card":"summary_large_image","twitter_misc":{"Est. tempo de leitura":"1 minuto"},"schema":{"@context":"https:\/\/schema.org","@graph":[{"@type":"WebPage","@id":"https:\/\/ubaldofernandes.com\/index.php\/news\/der-garante-a-ubaldo-inicio-da-recuperacao-das-rns-118-e-221\/","url":"https:\/\/ubaldofernandes.com\/index.php\/news\/der-garante-a-ubaldo-inicio-da-recuperacao-das-rns-118-e-221\/","name":"DER garante a Ubaldo in\u00edcio da recupera\u00e7\u00e3o das RNs 118 e 221 - Ubaldo Fernandes","isPartOf":{"@id":"https:\/\/ubaldofernandes.com\/#website"},"primaryImageOfPage":{"@id":"https:\/\/ubaldofernandes.com\/index.php\/news\/der-garante-a-ubaldo-inicio-da-recuperacao-das-rns-118-e-221\/#primaryimage"},"image":{"@id":"https:\/\/ubaldofernandes.com\/index.php\/news\/der-garante-a-ubaldo-inicio-da-recuperacao-das-rns-118-e-221\/#primaryimage"},"thumbnailUrl":"https:\/\/ubaldofernandes.com\/wp-content\/uploads\/2022\/01\/Ubaldo-DER.jpg","datePublished":"2022-01-24T18:00:00+00:00","dateModified":"2022-01-25T12:38:05+00:00","breadcrumb":{"@id":"https:\/\/ubaldofernandes.com\/index.php\/news\/der-garante-a-ubaldo-inicio-da-recuperacao-das-rns-118-e-221\/#breadcrumb"},"inLanguage":"pt-BR","potentialAction":[{"@type":"ReadAction","target":["https:\/\/ubaldofernandes.com\/index.php\/news\/der-garante-a-ubaldo-inicio-da-recuperacao-das-rns-118-e-221\/"]}]},{"@type":"ImageObject","inLanguage":"pt-BR","@id":"https:\/\/ubaldofernandes.com\/index.php\/news\/der-garante-a-ubaldo-inicio-da-recuperacao-das-rns-118-e-221\/#primaryimage","url":"https:\/\/ubaldofernandes.com\/wp-content\/uploads\/2022\/01\/Ubaldo-DER.jpg","contentUrl":"https:\/\/ubaldofernandes.com\/wp-content\/uploads\/2022\/01\/Ubaldo-DER.jpg","width":696,"height":521},{"@type":"BreadcrumbList","@id":"https:\/\/ubaldofernandes.com\/index.php\/news\/der-garante-a-ubaldo-inicio-da-recuperacao-das-rns-118-e-221\/#breadcrumb","itemListElement":[{"@type":"ListItem","position":1,"name":"In\u00edcio","item":"https:\/\/ubaldofernandes.com\/"},{"@type":"ListItem","position":2,"name":"Not\u00edcias","item":"https:\/\/ubaldofernandes.com\/index.php\/news\/"},{"@type":"ListItem","position":3,"name":"DER garante a Ubaldo in\u00edcio da recupera\u00e7\u00e3o das RNs 118 e 221"}]},{"@type":"WebSite","@id":"https:\/\/ubaldofernandes.com\/#website","url":"https:\/\/ubaldofernandes.com\/","name":"Ubaldo Fernandes","description":"Deputado Estadual","potentialAction":[{"@type":"SearchAction","target":{"@type":"EntryPoint","urlTemplate":"https:\/\/ubaldofernandes.com\/?s={search_term_string}"},"query-input":{"@type":"PropertyValueSpecification","valueRequired":true,"valueName":"search_term_string"}}],"inLanguage":"pt-BR"}]}},"_links":{"self":[{"href":"https:\/\/ubaldofernandes.com\/index.php\/wp-json\/wp\/v2\/news\/3938","targetHints":{"allow":["GET"]}}],"collection":[{"href":"https:\/\/ubaldofernandes.com\/index.php\/wp-json\/wp\/v2\/news"}],"about":[{"href":"https:\/\/ubaldofernandes.com\/index.php\/wp-json\/wp\/v2\/types\/news"}],"wp:featuredmedia":[{"embeddable":true,"href":"https:\/\/ubaldofernandes.com\/index.php\/wp-json\/wp\/v2\/media\/3939"}],"wp:attachment":[{"href":"https:\/\/ubaldofernandes.com\/index.php\/wp-json\/wp\/v2\/media?parent=3938"}],"curies":[{"name":"wp","href":"https:\/\/api.w.org\/{rel}","templated":true}]}}