{"id":4032,"date":"2022-02-07T07:57:00","date_gmt":"2022-02-07T10:57:00","guid":{"rendered":"https:\/\/ubaldofernandes.com\/?post_type=news&#038;p=4032"},"modified":"2022-02-07T10:04:46","modified_gmt":"2022-02-07T13:04:46","slug":"assentamento-de-carnaubais-fara-varios-investimentos-com-emenda-de-ubaldo","status":"publish","type":"news","link":"https:\/\/ubaldofernandes.com\/index.php\/news\/assentamento-de-carnaubais-fara-varios-investimentos-com-emenda-de-ubaldo\/","title":{"rendered":"Assentamento de Carnaubais far\u00e1 v\u00e1rios investimentos com emenda de Ubaldo"},"content":{"rendered":"\n<p>O Assentamento Canto das Pedras, em Carnaubais, far\u00e1 v\u00e1rios investimentos nos pr\u00f3ximos dias. Isso ser\u00e1 poss\u00edvel gra\u00e7as a um conv\u00eanio a partir de emenda parlamentar do deputado estadual Ubaldo Fernandes (PL), que destinou R$ 70 mil para apoiar a agricultura familiar e fortalecer a cajucultura desta comunidade.<\/p>\n\n\n\n<p>Os recursos estaduais se somar\u00e3o a R$ 7 mil da entidade, como explicou, neste s\u00e1bado (05\/02), o presidente da Associa\u00e7\u00e3o, Nen\u00ea de S\u00e9rgio. \u201cFaremos um reservat\u00f3rio com capacidade de 40 mil litros de \u00e1gua, um galp\u00e3o para atender nossos s\u00f3cios com o beneficiamento de castanha e ainda teremos recursos para dar in\u00edcio a um projeto de um viveiro de mudas e um espa\u00e7o para trabalharmos com horta comunit\u00e1ria. Agrade\u00e7o demais essa emenda do Deputado Ubaldo\u201d, discursou.<\/p>\n\n\n\n<p>\u201cA maior alegria de um homem p\u00fablico \u00e9 prestar contas do seu mandato \u00e0 popula\u00e7\u00e3o. \u00c9 orgulho que fala? J\u00e1 pensou fazer o que gosta e ajudar quem merece e precisa? Essa \u00e9 uma das nossas miss\u00f5es na Assembleia Legislativa do Rio Grande do Norte. Nossas emendas parlamentares est\u00e3o chegando para quem tem atua\u00e7\u00e3o s\u00e9ria em prol de suas comunidades\u201d, destacou o parlamentar nas suas redes sociais.<\/p>\n\n\n\n<p>Mat\u00e9ria publicada no <a href=\"https:\/\/rnnews.com.br\/assentamento-de-carnaubais-fara-varios-investimentos-com-emenda-de-ubaldo\/\">Portal RN News<\/a>. <\/p>\n","protected":false},"featured_media":4033,"parent":0,"template":"","class_list":["post-4032","news","type-news","status-publish","has-post-thumbnail","hentry"],"acf":[],"yoast_head":"<!-- This site is optimized with the Yoast SEO plugin v24.6 - https:\/\/yoast.com\/wordpress\/plugins\/seo\/ -->\n<title>Assentamento de Carnaubais far\u00e1 v\u00e1rios investimentos com emenda de Ubaldo - Ubaldo Fernandes<\/title>\n<meta name=\"robots\" content=\"index, follow, max-snippet:-1, max-image-preview:large, max-video-preview:-1\" \/>\n<link rel=\"canonical\" href=\"https:\/\/ubaldofernandes.com\/index.php\/news\/assentamento-de-carnaubais-fara-varios-investimentos-com-emenda-de-ubaldo\/\" \/>\n<meta property=\"og:locale\" content=\"pt_BR\" \/>\n<meta property=\"og:type\" content=\"article\" \/>\n<meta property=\"og:title\" content=\"Assentamento de Carnaubais far\u00e1 v\u00e1rios investimentos com emenda de Ubaldo - Ubaldo Fernandes\" \/>\n<meta property=\"og:description\" content=\"O Assentamento Canto das Pedras, em Carnaubais, far\u00e1 v\u00e1rios investimentos nos pr\u00f3ximos dias. Isso ser\u00e1 poss\u00edvel gra\u00e7as a um conv\u00eanio a partir de emenda parlamentar do deputado estadual Ubaldo Fernandes (PL), que destinou R$ 70 mil para apoiar a agricultura familiar e fortalecer a cajucultura desta comunidade. Os recursos estaduais se somar\u00e3o a R$ 7 [&hellip;]\" \/>\n<meta property=\"og:url\" content=\"https:\/\/ubaldofernandes.com\/index.php\/news\/assentamento-de-carnaubais-fara-varios-investimentos-com-emenda-de-ubaldo\/\" \/>\n<meta property=\"og:site_name\" content=\"Ubaldo Fernandes\" \/>\n<meta property=\"article:modified_time\" content=\"2022-02-07T13:04:46+00:00\" \/>\n<meta property=\"og:image\" content=\"https:\/\/ubaldofernandes.com\/wp-content\/uploads\/2022\/02\/Ubaldo-Assentamento-Carnaubais.jpeg\" \/>\n\t<meta property=\"og:image:width\" content=\"696\" \/>\n\t<meta property=\"og:image:height\" content=\"573\" \/>\n\t<meta property=\"og:image:type\" content=\"image\/jpeg\" \/>\n<meta name=\"twitter:card\" content=\"summary_large_image\" \/>\n<meta name=\"twitter:label1\" content=\"Est. tempo de leitura\" \/>\n\t<meta name=\"twitter:data1\" content=\"1 minuto\" \/>\n<script type=\"application\/ld+json\" class=\"yoast-schema-graph\">{\"@context\":\"https:\/\/schema.org\",\"@graph\":[{\"@type\":\"WebPage\",\"@id\":\"https:\/\/ubaldofernandes.com\/index.php\/news\/assentamento-de-carnaubais-fara-varios-investimentos-com-emenda-de-ubaldo\/\",\"url\":\"https:\/\/ubaldofernandes.com\/index.php\/news\/assentamento-de-carnaubais-fara-varios-investimentos-com-emenda-de-ubaldo\/\",\"name\":\"Assentamento de Carnaubais far\u00e1 v\u00e1rios investimentos com emenda de Ubaldo - Ubaldo Fernandes\",\"isPartOf\":{\"@id\":\"https:\/\/ubaldofernandes.com\/#website\"},\"primaryImageOfPage\":{\"@id\":\"https:\/\/ubaldofernandes.com\/index.php\/news\/assentamento-de-carnaubais-fara-varios-investimentos-com-emenda-de-ubaldo\/#primaryimage\"},\"image\":{\"@id\":\"https:\/\/ubaldofernandes.com\/index.php\/news\/assentamento-de-carnaubais-fara-varios-investimentos-com-emenda-de-ubaldo\/#primaryimage\"},\"thumbnailUrl\":\"https:\/\/ubaldofernandes.com\/wp-content\/uploads\/2022\/02\/Ubaldo-Assentamento-Carnaubais.jpeg\",\"datePublished\":\"2022-02-07T10:57:00+00:00\",\"dateModified\":\"2022-02-07T13:04:46+00:00\",\"breadcrumb\":{\"@id\":\"https:\/\/ubaldofernandes.com\/index.php\/news\/assentamento-de-carnaubais-fara-varios-investimentos-com-emenda-de-ubaldo\/#breadcrumb\"},\"inLanguage\":\"pt-BR\",\"potentialAction\":[{\"@type\":\"ReadAction\",\"target\":[\"https:\/\/ubaldofernandes.com\/index.php\/news\/assentamento-de-carnaubais-fara-varios-investimentos-com-emenda-de-ubaldo\/\"]}]},{\"@type\":\"ImageObject\",\"inLanguage\":\"pt-BR\",\"@id\":\"https:\/\/ubaldofernandes.com\/index.php\/news\/assentamento-de-carnaubais-fara-varios-investimentos-com-emenda-de-ubaldo\/#primaryimage\",\"url\":\"https:\/\/ubaldofernandes.com\/wp-content\/uploads\/2022\/02\/Ubaldo-Assentamento-Carnaubais.jpeg\",\"contentUrl\":\"https:\/\/ubaldofernandes.com\/wp-content\/uploads\/2022\/02\/Ubaldo-Assentamento-Carnaubais.jpeg\",\"width\":696,\"height\":573},{\"@type\":\"BreadcrumbList\",\"@id\":\"https:\/\/ubaldofernandes.com\/index.php\/news\/assentamento-de-carnaubais-fara-varios-investimentos-com-emenda-de-ubaldo\/#breadcrumb\",\"itemListElement\":[{\"@type\":\"ListItem\",\"position\":1,\"name\":\"In\u00edcio\",\"item\":\"https:\/\/ubaldofernandes.com\/\"},{\"@type\":\"ListItem\",\"position\":2,\"name\":\"Not\u00edcias\",\"item\":\"https:\/\/ubaldofernandes.com\/index.php\/news\/\"},{\"@type\":\"ListItem\",\"position\":3,\"name\":\"Assentamento de Carnaubais far\u00e1 v\u00e1rios investimentos com emenda de Ubaldo\"}]},{\"@type\":\"WebSite\",\"@id\":\"https:\/\/ubaldofernandes.com\/#website\",\"url\":\"https:\/\/ubaldofernandes.com\/\",\"name\":\"Ubaldo Fernandes\",\"description\":\"Deputado Estadual\",\"potentialAction\":[{\"@type\":\"SearchAction\",\"target\":{\"@type\":\"EntryPoint\",\"urlTemplate\":\"https:\/\/ubaldofernandes.com\/?s={search_term_string}\"},\"query-input\":{\"@type\":\"PropertyValueSpecification\",\"valueRequired\":true,\"valueName\":\"search_term_string\"}}],\"inLanguage\":\"pt-BR\"}]}<\/script>\n<!-- \/ Yoast SEO plugin. -->","yoast_head_json":{"title":"Assentamento de Carnaubais far\u00e1 v\u00e1rios investimentos com emenda de Ubaldo - Ubaldo Fernandes","robots":{"index":"index","follow":"follow","max-snippet":"max-snippet:-1","max-image-preview":"max-image-preview:large","max-video-preview":"max-video-preview:-1"},"canonical":"https:\/\/ubaldofernandes.com\/index.php\/news\/assentamento-de-carnaubais-fara-varios-investimentos-com-emenda-de-ubaldo\/","og_locale":"pt_BR","og_type":"article","og_title":"Assentamento de Carnaubais far\u00e1 v\u00e1rios investimentos com emenda de Ubaldo - Ubaldo Fernandes","og_description":"O Assentamento Canto das Pedras, em Carnaubais, far\u00e1 v\u00e1rios investimentos nos pr\u00f3ximos dias. Isso ser\u00e1 poss\u00edvel gra\u00e7as a um conv\u00eanio a partir de emenda parlamentar do deputado estadual Ubaldo Fernandes (PL), que destinou R$ 70 mil para apoiar a agricultura familiar e fortalecer a cajucultura desta comunidade. Os recursos estaduais se somar\u00e3o a R$ 7 [&hellip;]","og_url":"https:\/\/ubaldofernandes.com\/index.php\/news\/assentamento-de-carnaubais-fara-varios-investimentos-com-emenda-de-ubaldo\/","og_site_name":"Ubaldo Fernandes","article_modified_time":"2022-02-07T13:04:46+00:00","og_image":[{"width":696,"height":573,"url":"https:\/\/ubaldofernandes.com\/wp-content\/uploads\/2022\/02\/Ubaldo-Assentamento-Carnaubais.jpeg","type":"image\/jpeg"}],"twitter_card":"summary_large_image","twitter_misc":{"Est. tempo de leitura":"1 minuto"},"schema":{"@context":"https:\/\/schema.org","@graph":[{"@type":"WebPage","@id":"https:\/\/ubaldofernandes.com\/index.php\/news\/assentamento-de-carnaubais-fara-varios-investimentos-com-emenda-de-ubaldo\/","url":"https:\/\/ubaldofernandes.com\/index.php\/news\/assentamento-de-carnaubais-fara-varios-investimentos-com-emenda-de-ubaldo\/","name":"Assentamento de Carnaubais far\u00e1 v\u00e1rios investimentos com emenda de Ubaldo - Ubaldo Fernandes","isPartOf":{"@id":"https:\/\/ubaldofernandes.com\/#website"},"primaryImageOfPage":{"@id":"https:\/\/ubaldofernandes.com\/index.php\/news\/assentamento-de-carnaubais-fara-varios-investimentos-com-emenda-de-ubaldo\/#primaryimage"},"image":{"@id":"https:\/\/ubaldofernandes.com\/index.php\/news\/assentamento-de-carnaubais-fara-varios-investimentos-com-emenda-de-ubaldo\/#primaryimage"},"thumbnailUrl":"https:\/\/ubaldofernandes.com\/wp-content\/uploads\/2022\/02\/Ubaldo-Assentamento-Carnaubais.jpeg","datePublished":"2022-02-07T10:57:00+00:00","dateModified":"2022-02-07T13:04:46+00:00","breadcrumb":{"@id":"https:\/\/ubaldofernandes.com\/index.php\/news\/assentamento-de-carnaubais-fara-varios-investimentos-com-emenda-de-ubaldo\/#breadcrumb"},"inLanguage":"pt-BR","potentialAction":[{"@type":"ReadAction","target":["https:\/\/ubaldofernandes.com\/index.php\/news\/assentamento-de-carnaubais-fara-varios-investimentos-com-emenda-de-ubaldo\/"]}]},{"@type":"ImageObject","inLanguage":"pt-BR","@id":"https:\/\/ubaldofernandes.com\/index.php\/news\/assentamento-de-carnaubais-fara-varios-investimentos-com-emenda-de-ubaldo\/#primaryimage","url":"https:\/\/ubaldofernandes.com\/wp-content\/uploads\/2022\/02\/Ubaldo-Assentamento-Carnaubais.jpeg","contentUrl":"https:\/\/ubaldofernandes.com\/wp-content\/uploads\/2022\/02\/Ubaldo-Assentamento-Carnaubais.jpeg","width":696,"height":573},{"@type":"BreadcrumbList","@id":"https:\/\/ubaldofernandes.com\/index.php\/news\/assentamento-de-carnaubais-fara-varios-investimentos-com-emenda-de-ubaldo\/#breadcrumb","itemListElement":[{"@type":"ListItem","position":1,"name":"In\u00edcio","item":"https:\/\/ubaldofernandes.com\/"},{"@type":"ListItem","position":2,"name":"Not\u00edcias","item":"https:\/\/ubaldofernandes.com\/index.php\/news\/"},{"@type":"ListItem","position":3,"name":"Assentamento de Carnaubais far\u00e1 v\u00e1rios investimentos com emenda de Ubaldo"}]},{"@type":"WebSite","@id":"https:\/\/ubaldofernandes.com\/#website","url":"https:\/\/ubaldofernandes.com\/","name":"Ubaldo Fernandes","description":"Deputado Estadual","potentialAction":[{"@type":"SearchAction","target":{"@type":"EntryPoint","urlTemplate":"https:\/\/ubaldofernandes.com\/?s={search_term_string}"},"query-input":{"@type":"PropertyValueSpecification","valueRequired":true,"valueName":"search_term_string"}}],"inLanguage":"pt-BR"}]}},"_links":{"self":[{"href":"https:\/\/ubaldofernandes.com\/index.php\/wp-json\/wp\/v2\/news\/4032","targetHints":{"allow":["GET"]}}],"collection":[{"href":"https:\/\/ubaldofernandes.com\/index.php\/wp-json\/wp\/v2\/news"}],"about":[{"href":"https:\/\/ubaldofernandes.com\/index.php\/wp-json\/wp\/v2\/types\/news"}],"wp:featuredmedia":[{"embeddable":true,"href":"https:\/\/ubaldofernandes.com\/index.php\/wp-json\/wp\/v2\/media\/4033"}],"wp:attachment":[{"href":"https:\/\/ubaldofernandes.com\/index.php\/wp-json\/wp\/v2\/media?parent=4032"}],"curies":[{"name":"wp","href":"https:\/\/api.w.org\/{rel}","templated":true}]}}