{"id":4099,"date":"2022-02-18T16:06:34","date_gmt":"2022-02-18T19:06:34","guid":{"rendered":"https:\/\/ubaldofernandes.com\/?post_type=news&#038;p=4099"},"modified":"2022-02-21T10:15:08","modified_gmt":"2022-02-21T13:15:08","slug":"ubaldo-destinou-emenda-para-ambulancia-em-jardim-de-piranhas-e-se-compromete-com-recursos-para-educacao-2","status":"publish","type":"news","link":"https:\/\/ubaldofernandes.com\/index.php\/news\/ubaldo-destinou-emenda-para-ambulancia-em-jardim-de-piranhas-e-se-compromete-com-recursos-para-educacao-2\/","title":{"rendered":"Ubaldo destinou emenda para ambul\u00e2ncia em Jardim de Piranhas e se compromete com recursos para educa\u00e7\u00e3o"},"content":{"rendered":"\n<p>O deputado estadual Ubaldo Fernandes viajou ao Serid\u00f3 nesta sexta-feira (18) para uma agenda repleta de compromissos em municipios da regiao. Um dos mais importantes- a entregas de duas ambul\u00e2ncias em Jardim de Piranhas- contou com R$ 100 mil de sua Emenda Parlamentar que viabilizou a compra de uma dessas viaturas.<\/p>\n\n\n\n<p>O Deputado destaca que o destino da emenda para a sa\u00fade, mais especificamente para ambul\u00e2ncia, foi uma solicita\u00e7\u00e3o do pr\u00f3prio prefeito e de vereadores neste momento crucial de enfrentamento da pandemia do coronar\u00edrus. \u201c\u00c9 nosso dever, como parlamentar do estado, olhar as dificuldades enfrentadas nos munic\u00edpios e tentar contribuir nas solu\u00e7\u00f5es para as demandas dos cidad\u00e3os que vivem em cada cidade. Quero aproveitar e parabenizar essa gest\u00e3o comprometida e respons\u00e1vel e refor\u00e7ar que nosso mandato est\u00e1 sempre \u00e0 disposi\u00e7\u00e3o de Jardim de Piranhas, tanto que os vereadores Jo\u00e3o Maria e Panelinha j\u00e1 est\u00e3o me reivindicando outra emenda\u201d, frisou.<\/p>\n\n\n\n<p>Ubaldo informa que os representantes da C\u00e2mara Municipal solicitam recursos para a climatiza\u00e7\u00e3o de escolas da rede municipal e ele se compromete a destinar outra emenda tamb\u00e9m no valor de R$ 100 mil do orcamento deste ano para esta finalidade, contribuindo, assim, com a educa\u00e7\u00e3o p\u00fablica desta importante cidade do Serido e do RN.<\/p>\n\n\n\n<p>\u201cDeputado, essa ambul\u00e2ncias est\u00e1 chegando numa hora muito boa. Gra\u00e7as a Deus a sa\u00fade p\u00fablica do nosso munic\u00edpio \u00e9 uma das melhores do Rio Grande do Norte, mas est\u00e1vamos realmente carentes de ambul\u00e2ncias e, por isso, essa emenda do senhor \u00e9 muito importante para nossa popula\u00e7\u00e3o e recebemos com todo carinho. Quero agradecer, em nome do nosso povo, essa aten\u00e7\u00e3o que tem com a nossa cidade\u201d, destacou o prefeito Rog\u00e9rio Soares.<\/p>\n\n\n\n<p><strong>SEGURAN\u00c7A<\/strong><\/p>\n\n\n\n<p>Tamb\u00e9m aproveitando o momento, o parlamentar fez quest\u00e3o de destacar sua aten\u00e7\u00e3o com o munic\u00edpio, ressaltando o recente envio de uma viatura modelo Duster, zero km, que foi articulado por ele junto ao Governo do Estado,\u00a0 atrav\u00e9s da Secretaria Estadual de Seguran\u00e7a P\u00fablica e Defesa Social.<\/p>\n\n\n\n<p>Mat\u00e9ria publicada no <a href=\"https:\/\/senadinhomacaiba.com.br\/ubaldo-destinou-emenda-para-ambulancia-em-jardim-de-piranhas-e-se-compromete-com-recursos-para-educacao\/\">Blog Senadinho Maca\u00edba<\/a>. <\/p>\n","protected":false},"featured_media":4098,"parent":0,"template":"","class_list":["post-4099","news","type-news","status-publish","has-post-thumbnail","hentry"],"acf":[],"yoast_head":"<!-- This site is optimized with the Yoast SEO plugin v24.6 - https:\/\/yoast.com\/wordpress\/plugins\/seo\/ -->\n<title>Ubaldo destinou emenda para ambul\u00e2ncia em Jardim de Piranhas e se compromete com recursos para educa\u00e7\u00e3o - Ubaldo Fernandes<\/title>\n<meta name=\"robots\" content=\"index, follow, max-snippet:-1, max-image-preview:large, max-video-preview:-1\" \/>\n<link rel=\"canonical\" href=\"https:\/\/ubaldofernandes.com\/index.php\/news\/ubaldo-destinou-emenda-para-ambulancia-em-jardim-de-piranhas-e-se-compromete-com-recursos-para-educacao-2\/\" \/>\n<meta property=\"og:locale\" content=\"pt_BR\" \/>\n<meta property=\"og:type\" content=\"article\" \/>\n<meta property=\"og:title\" content=\"Ubaldo destinou emenda para ambul\u00e2ncia em Jardim de Piranhas e se compromete com recursos para educa\u00e7\u00e3o - Ubaldo Fernandes\" \/>\n<meta property=\"og:description\" content=\"O deputado estadual Ubaldo Fernandes viajou ao Serid\u00f3 nesta sexta-feira (18) para uma agenda repleta de compromissos em municipios da regiao. Um dos mais importantes- a entregas de duas ambul\u00e2ncias em Jardim de Piranhas- contou com R$ 100 mil de sua Emenda Parlamentar que viabilizou a compra de uma dessas viaturas. O Deputado destaca que [&hellip;]\" \/>\n<meta property=\"og:url\" content=\"https:\/\/ubaldofernandes.com\/index.php\/news\/ubaldo-destinou-emenda-para-ambulancia-em-jardim-de-piranhas-e-se-compromete-com-recursos-para-educacao-2\/\" \/>\n<meta property=\"og:site_name\" content=\"Ubaldo Fernandes\" \/>\n<meta property=\"article:modified_time\" content=\"2022-02-21T13:15:08+00:00\" \/>\n<meta property=\"og:image\" content=\"https:\/\/ubaldofernandes.com\/wp-content\/uploads\/2022\/02\/Ubaldo-Jardim-de-Piranhas.jpeg\" \/>\n\t<meta property=\"og:image:width\" content=\"1024\" \/>\n\t<meta property=\"og:image:height\" content=\"1365\" \/>\n\t<meta property=\"og:image:type\" content=\"image\/jpeg\" \/>\n<meta name=\"twitter:card\" content=\"summary_large_image\" \/>\n<meta name=\"twitter:label1\" content=\"Est. tempo de leitura\" \/>\n\t<meta name=\"twitter:data1\" content=\"2 minutos\" \/>\n<script type=\"application\/ld+json\" class=\"yoast-schema-graph\">{\"@context\":\"https:\/\/schema.org\",\"@graph\":[{\"@type\":\"WebPage\",\"@id\":\"https:\/\/ubaldofernandes.com\/index.php\/news\/ubaldo-destinou-emenda-para-ambulancia-em-jardim-de-piranhas-e-se-compromete-com-recursos-para-educacao-2\/\",\"url\":\"https:\/\/ubaldofernandes.com\/index.php\/news\/ubaldo-destinou-emenda-para-ambulancia-em-jardim-de-piranhas-e-se-compromete-com-recursos-para-educacao-2\/\",\"name\":\"Ubaldo destinou emenda para ambul\u00e2ncia em Jardim de Piranhas e se compromete com recursos para educa\u00e7\u00e3o - Ubaldo Fernandes\",\"isPartOf\":{\"@id\":\"https:\/\/ubaldofernandes.com\/#website\"},\"primaryImageOfPage\":{\"@id\":\"https:\/\/ubaldofernandes.com\/index.php\/news\/ubaldo-destinou-emenda-para-ambulancia-em-jardim-de-piranhas-e-se-compromete-com-recursos-para-educacao-2\/#primaryimage\"},\"image\":{\"@id\":\"https:\/\/ubaldofernandes.com\/index.php\/news\/ubaldo-destinou-emenda-para-ambulancia-em-jardim-de-piranhas-e-se-compromete-com-recursos-para-educacao-2\/#primaryimage\"},\"thumbnailUrl\":\"https:\/\/ubaldofernandes.com\/wp-content\/uploads\/2022\/02\/Ubaldo-Jardim-de-Piranhas.jpeg\",\"datePublished\":\"2022-02-18T19:06:34+00:00\",\"dateModified\":\"2022-02-21T13:15:08+00:00\",\"breadcrumb\":{\"@id\":\"https:\/\/ubaldofernandes.com\/index.php\/news\/ubaldo-destinou-emenda-para-ambulancia-em-jardim-de-piranhas-e-se-compromete-com-recursos-para-educacao-2\/#breadcrumb\"},\"inLanguage\":\"pt-BR\",\"potentialAction\":[{\"@type\":\"ReadAction\",\"target\":[\"https:\/\/ubaldofernandes.com\/index.php\/news\/ubaldo-destinou-emenda-para-ambulancia-em-jardim-de-piranhas-e-se-compromete-com-recursos-para-educacao-2\/\"]}]},{\"@type\":\"ImageObject\",\"inLanguage\":\"pt-BR\",\"@id\":\"https:\/\/ubaldofernandes.com\/index.php\/news\/ubaldo-destinou-emenda-para-ambulancia-em-jardim-de-piranhas-e-se-compromete-com-recursos-para-educacao-2\/#primaryimage\",\"url\":\"https:\/\/ubaldofernandes.com\/wp-content\/uploads\/2022\/02\/Ubaldo-Jardim-de-Piranhas.jpeg\",\"contentUrl\":\"https:\/\/ubaldofernandes.com\/wp-content\/uploads\/2022\/02\/Ubaldo-Jardim-de-Piranhas.jpeg\",\"width\":1024,\"height\":1365},{\"@type\":\"BreadcrumbList\",\"@id\":\"https:\/\/ubaldofernandes.com\/index.php\/news\/ubaldo-destinou-emenda-para-ambulancia-em-jardim-de-piranhas-e-se-compromete-com-recursos-para-educacao-2\/#breadcrumb\",\"itemListElement\":[{\"@type\":\"ListItem\",\"position\":1,\"name\":\"In\u00edcio\",\"item\":\"https:\/\/ubaldofernandes.com\/\"},{\"@type\":\"ListItem\",\"position\":2,\"name\":\"Not\u00edcias\",\"item\":\"https:\/\/ubaldofernandes.com\/index.php\/news\/\"},{\"@type\":\"ListItem\",\"position\":3,\"name\":\"Ubaldo destinou emenda para ambul\u00e2ncia em Jardim de Piranhas e se compromete com recursos para educa\u00e7\u00e3o\"}]},{\"@type\":\"WebSite\",\"@id\":\"https:\/\/ubaldofernandes.com\/#website\",\"url\":\"https:\/\/ubaldofernandes.com\/\",\"name\":\"Ubaldo Fernandes\",\"description\":\"Deputado Estadual\",\"potentialAction\":[{\"@type\":\"SearchAction\",\"target\":{\"@type\":\"EntryPoint\",\"urlTemplate\":\"https:\/\/ubaldofernandes.com\/?s={search_term_string}\"},\"query-input\":{\"@type\":\"PropertyValueSpecification\",\"valueRequired\":true,\"valueName\":\"search_term_string\"}}],\"inLanguage\":\"pt-BR\"}]}<\/script>\n<!-- \/ Yoast SEO plugin. -->","yoast_head_json":{"title":"Ubaldo destinou emenda para ambul\u00e2ncia em Jardim de Piranhas e se compromete com recursos para educa\u00e7\u00e3o - Ubaldo Fernandes","robots":{"index":"index","follow":"follow","max-snippet":"max-snippet:-1","max-image-preview":"max-image-preview:large","max-video-preview":"max-video-preview:-1"},"canonical":"https:\/\/ubaldofernandes.com\/index.php\/news\/ubaldo-destinou-emenda-para-ambulancia-em-jardim-de-piranhas-e-se-compromete-com-recursos-para-educacao-2\/","og_locale":"pt_BR","og_type":"article","og_title":"Ubaldo destinou emenda para ambul\u00e2ncia em Jardim de Piranhas e se compromete com recursos para educa\u00e7\u00e3o - Ubaldo Fernandes","og_description":"O deputado estadual Ubaldo Fernandes viajou ao Serid\u00f3 nesta sexta-feira (18) para uma agenda repleta de compromissos em municipios da regiao. Um dos mais importantes- a entregas de duas ambul\u00e2ncias em Jardim de Piranhas- contou com R$ 100 mil de sua Emenda Parlamentar que viabilizou a compra de uma dessas viaturas. O Deputado destaca que [&hellip;]","og_url":"https:\/\/ubaldofernandes.com\/index.php\/news\/ubaldo-destinou-emenda-para-ambulancia-em-jardim-de-piranhas-e-se-compromete-com-recursos-para-educacao-2\/","og_site_name":"Ubaldo Fernandes","article_modified_time":"2022-02-21T13:15:08+00:00","og_image":[{"width":1024,"height":1365,"url":"https:\/\/ubaldofernandes.com\/wp-content\/uploads\/2022\/02\/Ubaldo-Jardim-de-Piranhas.jpeg","type":"image\/jpeg"}],"twitter_card":"summary_large_image","twitter_misc":{"Est. tempo de leitura":"2 minutos"},"schema":{"@context":"https:\/\/schema.org","@graph":[{"@type":"WebPage","@id":"https:\/\/ubaldofernandes.com\/index.php\/news\/ubaldo-destinou-emenda-para-ambulancia-em-jardim-de-piranhas-e-se-compromete-com-recursos-para-educacao-2\/","url":"https:\/\/ubaldofernandes.com\/index.php\/news\/ubaldo-destinou-emenda-para-ambulancia-em-jardim-de-piranhas-e-se-compromete-com-recursos-para-educacao-2\/","name":"Ubaldo destinou emenda para ambul\u00e2ncia em Jardim de Piranhas e se compromete com recursos para educa\u00e7\u00e3o - Ubaldo Fernandes","isPartOf":{"@id":"https:\/\/ubaldofernandes.com\/#website"},"primaryImageOfPage":{"@id":"https:\/\/ubaldofernandes.com\/index.php\/news\/ubaldo-destinou-emenda-para-ambulancia-em-jardim-de-piranhas-e-se-compromete-com-recursos-para-educacao-2\/#primaryimage"},"image":{"@id":"https:\/\/ubaldofernandes.com\/index.php\/news\/ubaldo-destinou-emenda-para-ambulancia-em-jardim-de-piranhas-e-se-compromete-com-recursos-para-educacao-2\/#primaryimage"},"thumbnailUrl":"https:\/\/ubaldofernandes.com\/wp-content\/uploads\/2022\/02\/Ubaldo-Jardim-de-Piranhas.jpeg","datePublished":"2022-02-18T19:06:34+00:00","dateModified":"2022-02-21T13:15:08+00:00","breadcrumb":{"@id":"https:\/\/ubaldofernandes.com\/index.php\/news\/ubaldo-destinou-emenda-para-ambulancia-em-jardim-de-piranhas-e-se-compromete-com-recursos-para-educacao-2\/#breadcrumb"},"inLanguage":"pt-BR","potentialAction":[{"@type":"ReadAction","target":["https:\/\/ubaldofernandes.com\/index.php\/news\/ubaldo-destinou-emenda-para-ambulancia-em-jardim-de-piranhas-e-se-compromete-com-recursos-para-educacao-2\/"]}]},{"@type":"ImageObject","inLanguage":"pt-BR","@id":"https:\/\/ubaldofernandes.com\/index.php\/news\/ubaldo-destinou-emenda-para-ambulancia-em-jardim-de-piranhas-e-se-compromete-com-recursos-para-educacao-2\/#primaryimage","url":"https:\/\/ubaldofernandes.com\/wp-content\/uploads\/2022\/02\/Ubaldo-Jardim-de-Piranhas.jpeg","contentUrl":"https:\/\/ubaldofernandes.com\/wp-content\/uploads\/2022\/02\/Ubaldo-Jardim-de-Piranhas.jpeg","width":1024,"height":1365},{"@type":"BreadcrumbList","@id":"https:\/\/ubaldofernandes.com\/index.php\/news\/ubaldo-destinou-emenda-para-ambulancia-em-jardim-de-piranhas-e-se-compromete-com-recursos-para-educacao-2\/#breadcrumb","itemListElement":[{"@type":"ListItem","position":1,"name":"In\u00edcio","item":"https:\/\/ubaldofernandes.com\/"},{"@type":"ListItem","position":2,"name":"Not\u00edcias","item":"https:\/\/ubaldofernandes.com\/index.php\/news\/"},{"@type":"ListItem","position":3,"name":"Ubaldo destinou emenda para ambul\u00e2ncia em Jardim de Piranhas e se compromete com recursos para educa\u00e7\u00e3o"}]},{"@type":"WebSite","@id":"https:\/\/ubaldofernandes.com\/#website","url":"https:\/\/ubaldofernandes.com\/","name":"Ubaldo Fernandes","description":"Deputado Estadual","potentialAction":[{"@type":"SearchAction","target":{"@type":"EntryPoint","urlTemplate":"https:\/\/ubaldofernandes.com\/?s={search_term_string}"},"query-input":{"@type":"PropertyValueSpecification","valueRequired":true,"valueName":"search_term_string"}}],"inLanguage":"pt-BR"}]}},"_links":{"self":[{"href":"https:\/\/ubaldofernandes.com\/index.php\/wp-json\/wp\/v2\/news\/4099","targetHints":{"allow":["GET"]}}],"collection":[{"href":"https:\/\/ubaldofernandes.com\/index.php\/wp-json\/wp\/v2\/news"}],"about":[{"href":"https:\/\/ubaldofernandes.com\/index.php\/wp-json\/wp\/v2\/types\/news"}],"wp:featuredmedia":[{"embeddable":true,"href":"https:\/\/ubaldofernandes.com\/index.php\/wp-json\/wp\/v2\/media\/4098"}],"wp:attachment":[{"href":"https:\/\/ubaldofernandes.com\/index.php\/wp-json\/wp\/v2\/media?parent=4099"}],"curies":[{"name":"wp","href":"https:\/\/api.w.org\/{rel}","templated":true}]}}