{"id":4132,"date":"2022-02-26T09:50:00","date_gmt":"2022-02-26T12:50:00","guid":{"rendered":"https:\/\/ubaldofernandes.com\/?post_type=news&#038;p=4132"},"modified":"2022-03-03T09:33:44","modified_gmt":"2022-03-03T12:33:44","slug":"no-serido-ubaldo-se-compromete-com-mais-emendas-para-regiao-2","status":"publish","type":"news","link":"https:\/\/ubaldofernandes.com\/index.php\/news\/no-serido-ubaldo-se-compromete-com-mais-emendas-para-regiao-2\/","title":{"rendered":"No Serid\u00f3, Ubaldo se compromete com mais emendas para regi\u00e3o"},"content":{"rendered":"\n<p>Nesta sexta-feira (25), in\u00edcio do per\u00edodo carnavalesco, o deputado Ubaldo Fernandes pegou a estrada, saindo de Natal em dire\u00e7\u00e3o ao Serid\u00f3, onde cumpriu agenda de trabalho em seis cidades. Nos encontros com lideran\u00e7as locais, o parlamentar se comprometeu com o envio de mais emendas parlamentares para contribuir com algumas cidades, al\u00e9m de outros trabalhos que realiza para ajudar munic\u00edpios.<\/p>\n\n\n\n<p>Na primeira parada, em Lagoa Nova, fez uma visita de cortesia ao prefeito Luciano Santos, ao lado do ex-vereador Eivaldo Trindade, mais conhecido como Val Ara\u00fajo (que ficou na supl\u00eancia de vereador na \u00faltima elei\u00e7\u00e3o). Nesta cidade, esteve ainda com Anderson Palmeira, presidente da Associa\u00e7\u00e3o de Desenvolvimento Comunit\u00e1rio Buraco da Lagoa, quando demonstrou inten\u00e7\u00e3o de ajudar essa atua\u00e7\u00e3o importante da regi\u00e3o.<\/p>\n\n\n\n<p>J\u00e1 no munic\u00edpio de S\u00e3o Vicente, uma passagem r\u00e1pida na casa do vereador Ant\u00f4nio Soares, onde se informou sobre as demandas locais, de modo a buscar contribuir atrav\u00e9s de seu mandato. Em seguida, o Deputado foi \u00e0 cidade de Tenente Laurentino Cruz, onde se reuniu com a vereadora mais jovem do Brasil, Regiane Mac\u00eado, ocasi\u00e3o em que anunciou uma emenda para capeamento asf\u00e1ltico de uma das ruas centrais.<\/p>\n\n\n\n<blockquote class=\"wp-block-quote is-layout-flow wp-block-quote-is-layout-flow\"><p>\u201cObrigada por, mais uma vez, beneficiar nossa cidade. Essa obra \u00e9 esperada h\u00e1 um bom tempo e trar\u00e1 mais seguran\u00e7a para n\u00f3s\u201d, disse a edil.<\/p><\/blockquote>\n\n\n\n<p>Em Flor\u00e2nia, fez uma visita de cortesia a H\u00e9lio Ara\u00fajo.<\/p>\n\n\n\n<p>Na passagem por Jucurutu, Fernandes fez visitas a comunidades ribeirinhas \u00e0 Barragem de Oiticica, quando moradores do Sitio Tapera aproveitaram para agradecer a chegada de \u00e1gua atrav\u00e9s da instala\u00e7\u00e3o de um po\u00e7o tubular, uma articula\u00e7\u00e3o feita pelo deputado, atrav\u00e9s do pedido do vereador Nilsinho Batista e do suplente de vereador Robertinho, junto \u00e0 Secretaria de Estado do Meio Ambiente e dos Recursos H\u00eddricos (Semarh), que est\u00e1 beneficiando diretamente cinco fam\u00edlias.<\/p>\n\n\n\n<blockquote class=\"wp-block-quote is-layout-flow wp-block-quote-is-layout-flow\"><p>Ubaldo garantiu ainda ao Vereador emenda para esporte amador. \u201cAgrade\u00e7o a for\u00e7a, empenho e cuidado com nossa cidade\u201d, disse Nilsinho.<\/p><\/blockquote>\n\n\n\n<p>Por \u00faltimo, em S\u00e3o Rafael, o deputado Ubaldo Fernandes esteve com Nen\u00e9m do G\u00e1s e amigos ouvindo suas demandas e ideias e falando das atividades do mandato.<\/p>\n\n\n\n<p>Mat\u00e9ria publicada no <a href=\"https:\/\/carloseduardototoro.com\/no-serido-ubaldo-se-compromete-com-mais-emendas-para-regiao\/\">Blog do Carlos Eduardo<\/a>. <\/p>\n","protected":false},"featured_media":4130,"parent":0,"template":"","class_list":["post-4132","news","type-news","status-publish","has-post-thumbnail","hentry"],"acf":[],"yoast_head":"<!-- This site is optimized with the Yoast SEO plugin v24.6 - https:\/\/yoast.com\/wordpress\/plugins\/seo\/ -->\n<title>No Serid\u00f3, Ubaldo se compromete com mais emendas para regi\u00e3o - Ubaldo Fernandes<\/title>\n<meta name=\"robots\" content=\"index, follow, max-snippet:-1, max-image-preview:large, max-video-preview:-1\" \/>\n<link rel=\"canonical\" href=\"https:\/\/ubaldofernandes.com\/index.php\/news\/no-serido-ubaldo-se-compromete-com-mais-emendas-para-regiao-2\/\" \/>\n<meta property=\"og:locale\" content=\"pt_BR\" \/>\n<meta property=\"og:type\" content=\"article\" \/>\n<meta property=\"og:title\" content=\"No Serid\u00f3, Ubaldo se compromete com mais emendas para regi\u00e3o - Ubaldo Fernandes\" \/>\n<meta property=\"og:description\" content=\"Nesta sexta-feira (25), in\u00edcio do per\u00edodo carnavalesco, o deputado Ubaldo Fernandes pegou a estrada, saindo de Natal em dire\u00e7\u00e3o ao Serid\u00f3, onde cumpriu agenda de trabalho em seis cidades. Nos encontros com lideran\u00e7as locais, o parlamentar se comprometeu com o envio de mais emendas parlamentares para contribuir com algumas cidades, al\u00e9m de outros trabalhos que [&hellip;]\" \/>\n<meta property=\"og:url\" content=\"https:\/\/ubaldofernandes.com\/index.php\/news\/no-serido-ubaldo-se-compromete-com-mais-emendas-para-regiao-2\/\" \/>\n<meta property=\"og:site_name\" content=\"Ubaldo Fernandes\" \/>\n<meta property=\"article:modified_time\" content=\"2022-03-03T12:33:44+00:00\" \/>\n<meta property=\"og:image\" content=\"https:\/\/ubaldofernandes.com\/wp-content\/uploads\/2022\/03\/Ubaldo-no-Serido-2.jpg\" \/>\n\t<meta property=\"og:image:width\" content=\"225\" \/>\n\t<meta property=\"og:image:height\" content=\"300\" \/>\n\t<meta property=\"og:image:type\" content=\"image\/jpeg\" \/>\n<meta name=\"twitter:card\" content=\"summary_large_image\" \/>\n<meta name=\"twitter:label1\" content=\"Est. tempo de leitura\" \/>\n\t<meta name=\"twitter:data1\" content=\"2 minutos\" \/>\n<script type=\"application\/ld+json\" class=\"yoast-schema-graph\">{\"@context\":\"https:\/\/schema.org\",\"@graph\":[{\"@type\":\"WebPage\",\"@id\":\"https:\/\/ubaldofernandes.com\/index.php\/news\/no-serido-ubaldo-se-compromete-com-mais-emendas-para-regiao-2\/\",\"url\":\"https:\/\/ubaldofernandes.com\/index.php\/news\/no-serido-ubaldo-se-compromete-com-mais-emendas-para-regiao-2\/\",\"name\":\"No Serid\u00f3, Ubaldo se compromete com mais emendas para regi\u00e3o - Ubaldo Fernandes\",\"isPartOf\":{\"@id\":\"https:\/\/ubaldofernandes.com\/#website\"},\"primaryImageOfPage\":{\"@id\":\"https:\/\/ubaldofernandes.com\/index.php\/news\/no-serido-ubaldo-se-compromete-com-mais-emendas-para-regiao-2\/#primaryimage\"},\"image\":{\"@id\":\"https:\/\/ubaldofernandes.com\/index.php\/news\/no-serido-ubaldo-se-compromete-com-mais-emendas-para-regiao-2\/#primaryimage\"},\"thumbnailUrl\":\"https:\/\/ubaldofernandes.com\/wp-content\/uploads\/2022\/03\/Ubaldo-no-Serido-2.jpg\",\"datePublished\":\"2022-02-26T12:50:00+00:00\",\"dateModified\":\"2022-03-03T12:33:44+00:00\",\"breadcrumb\":{\"@id\":\"https:\/\/ubaldofernandes.com\/index.php\/news\/no-serido-ubaldo-se-compromete-com-mais-emendas-para-regiao-2\/#breadcrumb\"},\"inLanguage\":\"pt-BR\",\"potentialAction\":[{\"@type\":\"ReadAction\",\"target\":[\"https:\/\/ubaldofernandes.com\/index.php\/news\/no-serido-ubaldo-se-compromete-com-mais-emendas-para-regiao-2\/\"]}]},{\"@type\":\"ImageObject\",\"inLanguage\":\"pt-BR\",\"@id\":\"https:\/\/ubaldofernandes.com\/index.php\/news\/no-serido-ubaldo-se-compromete-com-mais-emendas-para-regiao-2\/#primaryimage\",\"url\":\"https:\/\/ubaldofernandes.com\/wp-content\/uploads\/2022\/03\/Ubaldo-no-Serido-2.jpg\",\"contentUrl\":\"https:\/\/ubaldofernandes.com\/wp-content\/uploads\/2022\/03\/Ubaldo-no-Serido-2.jpg\",\"width\":225,\"height\":300},{\"@type\":\"BreadcrumbList\",\"@id\":\"https:\/\/ubaldofernandes.com\/index.php\/news\/no-serido-ubaldo-se-compromete-com-mais-emendas-para-regiao-2\/#breadcrumb\",\"itemListElement\":[{\"@type\":\"ListItem\",\"position\":1,\"name\":\"In\u00edcio\",\"item\":\"https:\/\/ubaldofernandes.com\/\"},{\"@type\":\"ListItem\",\"position\":2,\"name\":\"Not\u00edcias\",\"item\":\"https:\/\/ubaldofernandes.com\/index.php\/news\/\"},{\"@type\":\"ListItem\",\"position\":3,\"name\":\"No Serid\u00f3, Ubaldo se compromete com mais emendas para regi\u00e3o\"}]},{\"@type\":\"WebSite\",\"@id\":\"https:\/\/ubaldofernandes.com\/#website\",\"url\":\"https:\/\/ubaldofernandes.com\/\",\"name\":\"Ubaldo Fernandes\",\"description\":\"Deputado Estadual\",\"potentialAction\":[{\"@type\":\"SearchAction\",\"target\":{\"@type\":\"EntryPoint\",\"urlTemplate\":\"https:\/\/ubaldofernandes.com\/?s={search_term_string}\"},\"query-input\":{\"@type\":\"PropertyValueSpecification\",\"valueRequired\":true,\"valueName\":\"search_term_string\"}}],\"inLanguage\":\"pt-BR\"}]}<\/script>\n<!-- \/ Yoast SEO plugin. -->","yoast_head_json":{"title":"No Serid\u00f3, Ubaldo se compromete com mais emendas para regi\u00e3o - Ubaldo Fernandes","robots":{"index":"index","follow":"follow","max-snippet":"max-snippet:-1","max-image-preview":"max-image-preview:large","max-video-preview":"max-video-preview:-1"},"canonical":"https:\/\/ubaldofernandes.com\/index.php\/news\/no-serido-ubaldo-se-compromete-com-mais-emendas-para-regiao-2\/","og_locale":"pt_BR","og_type":"article","og_title":"No Serid\u00f3, Ubaldo se compromete com mais emendas para regi\u00e3o - Ubaldo Fernandes","og_description":"Nesta sexta-feira (25), in\u00edcio do per\u00edodo carnavalesco, o deputado Ubaldo Fernandes pegou a estrada, saindo de Natal em dire\u00e7\u00e3o ao Serid\u00f3, onde cumpriu agenda de trabalho em seis cidades. Nos encontros com lideran\u00e7as locais, o parlamentar se comprometeu com o envio de mais emendas parlamentares para contribuir com algumas cidades, al\u00e9m de outros trabalhos que [&hellip;]","og_url":"https:\/\/ubaldofernandes.com\/index.php\/news\/no-serido-ubaldo-se-compromete-com-mais-emendas-para-regiao-2\/","og_site_name":"Ubaldo Fernandes","article_modified_time":"2022-03-03T12:33:44+00:00","og_image":[{"width":225,"height":300,"url":"https:\/\/ubaldofernandes.com\/wp-content\/uploads\/2022\/03\/Ubaldo-no-Serido-2.jpg","type":"image\/jpeg"}],"twitter_card":"summary_large_image","twitter_misc":{"Est. tempo de leitura":"2 minutos"},"schema":{"@context":"https:\/\/schema.org","@graph":[{"@type":"WebPage","@id":"https:\/\/ubaldofernandes.com\/index.php\/news\/no-serido-ubaldo-se-compromete-com-mais-emendas-para-regiao-2\/","url":"https:\/\/ubaldofernandes.com\/index.php\/news\/no-serido-ubaldo-se-compromete-com-mais-emendas-para-regiao-2\/","name":"No Serid\u00f3, Ubaldo se compromete com mais emendas para regi\u00e3o - Ubaldo Fernandes","isPartOf":{"@id":"https:\/\/ubaldofernandes.com\/#website"},"primaryImageOfPage":{"@id":"https:\/\/ubaldofernandes.com\/index.php\/news\/no-serido-ubaldo-se-compromete-com-mais-emendas-para-regiao-2\/#primaryimage"},"image":{"@id":"https:\/\/ubaldofernandes.com\/index.php\/news\/no-serido-ubaldo-se-compromete-com-mais-emendas-para-regiao-2\/#primaryimage"},"thumbnailUrl":"https:\/\/ubaldofernandes.com\/wp-content\/uploads\/2022\/03\/Ubaldo-no-Serido-2.jpg","datePublished":"2022-02-26T12:50:00+00:00","dateModified":"2022-03-03T12:33:44+00:00","breadcrumb":{"@id":"https:\/\/ubaldofernandes.com\/index.php\/news\/no-serido-ubaldo-se-compromete-com-mais-emendas-para-regiao-2\/#breadcrumb"},"inLanguage":"pt-BR","potentialAction":[{"@type":"ReadAction","target":["https:\/\/ubaldofernandes.com\/index.php\/news\/no-serido-ubaldo-se-compromete-com-mais-emendas-para-regiao-2\/"]}]},{"@type":"ImageObject","inLanguage":"pt-BR","@id":"https:\/\/ubaldofernandes.com\/index.php\/news\/no-serido-ubaldo-se-compromete-com-mais-emendas-para-regiao-2\/#primaryimage","url":"https:\/\/ubaldofernandes.com\/wp-content\/uploads\/2022\/03\/Ubaldo-no-Serido-2.jpg","contentUrl":"https:\/\/ubaldofernandes.com\/wp-content\/uploads\/2022\/03\/Ubaldo-no-Serido-2.jpg","width":225,"height":300},{"@type":"BreadcrumbList","@id":"https:\/\/ubaldofernandes.com\/index.php\/news\/no-serido-ubaldo-se-compromete-com-mais-emendas-para-regiao-2\/#breadcrumb","itemListElement":[{"@type":"ListItem","position":1,"name":"In\u00edcio","item":"https:\/\/ubaldofernandes.com\/"},{"@type":"ListItem","position":2,"name":"Not\u00edcias","item":"https:\/\/ubaldofernandes.com\/index.php\/news\/"},{"@type":"ListItem","position":3,"name":"No Serid\u00f3, Ubaldo se compromete com mais emendas para regi\u00e3o"}]},{"@type":"WebSite","@id":"https:\/\/ubaldofernandes.com\/#website","url":"https:\/\/ubaldofernandes.com\/","name":"Ubaldo Fernandes","description":"Deputado Estadual","potentialAction":[{"@type":"SearchAction","target":{"@type":"EntryPoint","urlTemplate":"https:\/\/ubaldofernandes.com\/?s={search_term_string}"},"query-input":{"@type":"PropertyValueSpecification","valueRequired":true,"valueName":"search_term_string"}}],"inLanguage":"pt-BR"}]}},"_links":{"self":[{"href":"https:\/\/ubaldofernandes.com\/index.php\/wp-json\/wp\/v2\/news\/4132","targetHints":{"allow":["GET"]}}],"collection":[{"href":"https:\/\/ubaldofernandes.com\/index.php\/wp-json\/wp\/v2\/news"}],"about":[{"href":"https:\/\/ubaldofernandes.com\/index.php\/wp-json\/wp\/v2\/types\/news"}],"wp:featuredmedia":[{"embeddable":true,"href":"https:\/\/ubaldofernandes.com\/index.php\/wp-json\/wp\/v2\/media\/4130"}],"wp:attachment":[{"href":"https:\/\/ubaldofernandes.com\/index.php\/wp-json\/wp\/v2\/media?parent=4132"}],"curies":[{"name":"wp","href":"https:\/\/api.w.org\/{rel}","templated":true}]}}