{"id":4166,"date":"2022-03-09T22:42:12","date_gmt":"2022-03-10T01:42:12","guid":{"rendered":"https:\/\/ubaldofernandes.com\/?post_type=news&#038;p=4166"},"modified":"2022-03-10T19:54:33","modified_gmt":"2022-03-10T22:54:33","slug":"ubaldo-se-compromete-com-emendas-2022-para-fernando-pedroza","status":"publish","type":"news","link":"https:\/\/ubaldofernandes.com\/index.php\/news\/ubaldo-se-compromete-com-emendas-2022-para-fernando-pedroza\/","title":{"rendered":"Ubaldo se compromete com emendas 2022 para Fernando Pedroza"},"content":{"rendered":"\n<p>O deputado estadual Ubaldo Fernandes, do PL, garantiu, na noite desta quarta-feira (09), em visita a Fernando Pedroza que destinar\u00e1 emendas parlamentares totalizando um valor de R$ 100 mil para contribuir com a sa\u00fade e esporte do munic\u00edpio.<\/p>\n\n\n\n<p>\u201cNosso destino na noite desta quarta-feira foi a querida cidade de Fernando Pedroza, onde fui ao encontro dos vereadores Nuna e Messias Mariano, que nos levaram para ver de perto a situa\u00e7\u00e3o do Gin\u00e1sio Poliesportivo Raimundo Roberto Carvalho Trindade, quando me comprometi a destinar uma emenda de R$ 50 mil para a reforma e revitaliza\u00e7\u00e3o do equipamento esportivo\u201d, relatou o Deputado nas redes sociais.<\/p>\n\n\n\n<p>Alem disso, Ubaldo informa que os parlamentares municipais solicitaram recursos para a amplia\u00e7\u00e3o de uma sala na Unidade B\u00e1sica de Sa\u00fade da cidade, para o funcionamento do setor de cardiologia, tamb\u00e9m no valor de R$ 50 mil, e, considerando um pleito muito necess\u00e1rio para seus moradores, tamb\u00e9m destinar\u00e1 emenda parlamentar do or\u00e7amento 2022 para esse fim.<\/p>\n\n\n\n<p>Mat\u00e9ria publicada no <a href=\"https:\/\/senadinhomacaiba.com.br\/ubaldo-se-compromete-com-emendas-2022-para-fernando-pedroza\/\">Blog Senadinho Maca\u00edba<\/a>. <\/p>\n\n\n\n<div class=\"wp-block-image\"><figure class=\"aligncenter size-large\"><img loading=\"lazy\" decoding=\"async\" width=\"1024\" height=\"768\" src=\"https:\/\/ubaldofernandes.com\/wp-content\/uploads\/2022\/03\/Ubaldo-Senadinho2-1024x768.jpeg\" alt=\"\" class=\"wp-image-4168\" srcset=\"https:\/\/ubaldofernandes.com\/wp-content\/uploads\/2022\/03\/Ubaldo-Senadinho2-1024x768.jpeg 1024w, https:\/\/ubaldofernandes.com\/wp-content\/uploads\/2022\/03\/Ubaldo-Senadinho2-300x225.jpeg 300w, https:\/\/ubaldofernandes.com\/wp-content\/uploads\/2022\/03\/Ubaldo-Senadinho2-768x576.jpeg 768w, https:\/\/ubaldofernandes.com\/wp-content\/uploads\/2022\/03\/Ubaldo-Senadinho2.jpeg 1536w\" sizes=\"auto, (max-width: 1024px) 100vw, 1024px\" \/><\/figure><\/div>\n","protected":false},"featured_media":4167,"parent":0,"template":"","class_list":["post-4166","news","type-news","status-publish","has-post-thumbnail","hentry"],"acf":[],"yoast_head":"<!-- This site is optimized with the Yoast SEO plugin v24.6 - https:\/\/yoast.com\/wordpress\/plugins\/seo\/ -->\n<title>Ubaldo se compromete com emendas 2022 para Fernando Pedroza - Ubaldo Fernandes<\/title>\n<meta name=\"robots\" content=\"index, follow, max-snippet:-1, max-image-preview:large, max-video-preview:-1\" \/>\n<link rel=\"canonical\" href=\"https:\/\/ubaldofernandes.com\/index.php\/news\/ubaldo-se-compromete-com-emendas-2022-para-fernando-pedroza\/\" \/>\n<meta property=\"og:locale\" content=\"pt_BR\" \/>\n<meta property=\"og:type\" content=\"article\" \/>\n<meta property=\"og:title\" content=\"Ubaldo se compromete com emendas 2022 para Fernando Pedroza - Ubaldo Fernandes\" \/>\n<meta property=\"og:description\" content=\"O deputado estadual Ubaldo Fernandes, do PL, garantiu, na noite desta quarta-feira (09), em visita a Fernando Pedroza que destinar\u00e1 emendas parlamentares totalizando um valor de R$ 100 mil para contribuir com a sa\u00fade e esporte do munic\u00edpio. \u201cNosso destino na noite desta quarta-feira foi a querida cidade de Fernando Pedroza, onde fui ao encontro [&hellip;]\" \/>\n<meta property=\"og:url\" content=\"https:\/\/ubaldofernandes.com\/index.php\/news\/ubaldo-se-compromete-com-emendas-2022-para-fernando-pedroza\/\" \/>\n<meta property=\"og:site_name\" content=\"Ubaldo Fernandes\" \/>\n<meta property=\"article:modified_time\" content=\"2022-03-10T22:54:33+00:00\" \/>\n<meta property=\"og:image\" content=\"https:\/\/ubaldofernandes.com\/wp-content\/uploads\/2022\/03\/Ubaldo-Senadinho.jpeg\" \/>\n\t<meta property=\"og:image:width\" content=\"1200\" \/>\n\t<meta property=\"og:image:height\" content=\"1600\" \/>\n\t<meta property=\"og:image:type\" content=\"image\/jpeg\" \/>\n<meta name=\"twitter:card\" content=\"summary_large_image\" \/>\n<meta name=\"twitter:label1\" content=\"Est. tempo de leitura\" \/>\n\t<meta name=\"twitter:data1\" content=\"1 minuto\" \/>\n<script type=\"application\/ld+json\" class=\"yoast-schema-graph\">{\"@context\":\"https:\/\/schema.org\",\"@graph\":[{\"@type\":\"WebPage\",\"@id\":\"https:\/\/ubaldofernandes.com\/index.php\/news\/ubaldo-se-compromete-com-emendas-2022-para-fernando-pedroza\/\",\"url\":\"https:\/\/ubaldofernandes.com\/index.php\/news\/ubaldo-se-compromete-com-emendas-2022-para-fernando-pedroza\/\",\"name\":\"Ubaldo se compromete com emendas 2022 para Fernando Pedroza - Ubaldo Fernandes\",\"isPartOf\":{\"@id\":\"https:\/\/ubaldofernandes.com\/#website\"},\"primaryImageOfPage\":{\"@id\":\"https:\/\/ubaldofernandes.com\/index.php\/news\/ubaldo-se-compromete-com-emendas-2022-para-fernando-pedroza\/#primaryimage\"},\"image\":{\"@id\":\"https:\/\/ubaldofernandes.com\/index.php\/news\/ubaldo-se-compromete-com-emendas-2022-para-fernando-pedroza\/#primaryimage\"},\"thumbnailUrl\":\"https:\/\/ubaldofernandes.com\/wp-content\/uploads\/2022\/03\/Ubaldo-Senadinho.jpeg\",\"datePublished\":\"2022-03-10T01:42:12+00:00\",\"dateModified\":\"2022-03-10T22:54:33+00:00\",\"breadcrumb\":{\"@id\":\"https:\/\/ubaldofernandes.com\/index.php\/news\/ubaldo-se-compromete-com-emendas-2022-para-fernando-pedroza\/#breadcrumb\"},\"inLanguage\":\"pt-BR\",\"potentialAction\":[{\"@type\":\"ReadAction\",\"target\":[\"https:\/\/ubaldofernandes.com\/index.php\/news\/ubaldo-se-compromete-com-emendas-2022-para-fernando-pedroza\/\"]}]},{\"@type\":\"ImageObject\",\"inLanguage\":\"pt-BR\",\"@id\":\"https:\/\/ubaldofernandes.com\/index.php\/news\/ubaldo-se-compromete-com-emendas-2022-para-fernando-pedroza\/#primaryimage\",\"url\":\"https:\/\/ubaldofernandes.com\/wp-content\/uploads\/2022\/03\/Ubaldo-Senadinho.jpeg\",\"contentUrl\":\"https:\/\/ubaldofernandes.com\/wp-content\/uploads\/2022\/03\/Ubaldo-Senadinho.jpeg\",\"width\":1200,\"height\":1600},{\"@type\":\"BreadcrumbList\",\"@id\":\"https:\/\/ubaldofernandes.com\/index.php\/news\/ubaldo-se-compromete-com-emendas-2022-para-fernando-pedroza\/#breadcrumb\",\"itemListElement\":[{\"@type\":\"ListItem\",\"position\":1,\"name\":\"In\u00edcio\",\"item\":\"https:\/\/ubaldofernandes.com\/\"},{\"@type\":\"ListItem\",\"position\":2,\"name\":\"Not\u00edcias\",\"item\":\"https:\/\/ubaldofernandes.com\/index.php\/news\/\"},{\"@type\":\"ListItem\",\"position\":3,\"name\":\"Ubaldo se compromete com emendas 2022 para Fernando Pedroza\"}]},{\"@type\":\"WebSite\",\"@id\":\"https:\/\/ubaldofernandes.com\/#website\",\"url\":\"https:\/\/ubaldofernandes.com\/\",\"name\":\"Ubaldo Fernandes\",\"description\":\"Deputado Estadual\",\"potentialAction\":[{\"@type\":\"SearchAction\",\"target\":{\"@type\":\"EntryPoint\",\"urlTemplate\":\"https:\/\/ubaldofernandes.com\/?s={search_term_string}\"},\"query-input\":{\"@type\":\"PropertyValueSpecification\",\"valueRequired\":true,\"valueName\":\"search_term_string\"}}],\"inLanguage\":\"pt-BR\"}]}<\/script>\n<!-- \/ Yoast SEO plugin. -->","yoast_head_json":{"title":"Ubaldo se compromete com emendas 2022 para Fernando Pedroza - Ubaldo Fernandes","robots":{"index":"index","follow":"follow","max-snippet":"max-snippet:-1","max-image-preview":"max-image-preview:large","max-video-preview":"max-video-preview:-1"},"canonical":"https:\/\/ubaldofernandes.com\/index.php\/news\/ubaldo-se-compromete-com-emendas-2022-para-fernando-pedroza\/","og_locale":"pt_BR","og_type":"article","og_title":"Ubaldo se compromete com emendas 2022 para Fernando Pedroza - Ubaldo Fernandes","og_description":"O deputado estadual Ubaldo Fernandes, do PL, garantiu, na noite desta quarta-feira (09), em visita a Fernando Pedroza que destinar\u00e1 emendas parlamentares totalizando um valor de R$ 100 mil para contribuir com a sa\u00fade e esporte do munic\u00edpio. \u201cNosso destino na noite desta quarta-feira foi a querida cidade de Fernando Pedroza, onde fui ao encontro [&hellip;]","og_url":"https:\/\/ubaldofernandes.com\/index.php\/news\/ubaldo-se-compromete-com-emendas-2022-para-fernando-pedroza\/","og_site_name":"Ubaldo Fernandes","article_modified_time":"2022-03-10T22:54:33+00:00","og_image":[{"width":1200,"height":1600,"url":"https:\/\/ubaldofernandes.com\/wp-content\/uploads\/2022\/03\/Ubaldo-Senadinho.jpeg","type":"image\/jpeg"}],"twitter_card":"summary_large_image","twitter_misc":{"Est. tempo de leitura":"1 minuto"},"schema":{"@context":"https:\/\/schema.org","@graph":[{"@type":"WebPage","@id":"https:\/\/ubaldofernandes.com\/index.php\/news\/ubaldo-se-compromete-com-emendas-2022-para-fernando-pedroza\/","url":"https:\/\/ubaldofernandes.com\/index.php\/news\/ubaldo-se-compromete-com-emendas-2022-para-fernando-pedroza\/","name":"Ubaldo se compromete com emendas 2022 para Fernando Pedroza - Ubaldo Fernandes","isPartOf":{"@id":"https:\/\/ubaldofernandes.com\/#website"},"primaryImageOfPage":{"@id":"https:\/\/ubaldofernandes.com\/index.php\/news\/ubaldo-se-compromete-com-emendas-2022-para-fernando-pedroza\/#primaryimage"},"image":{"@id":"https:\/\/ubaldofernandes.com\/index.php\/news\/ubaldo-se-compromete-com-emendas-2022-para-fernando-pedroza\/#primaryimage"},"thumbnailUrl":"https:\/\/ubaldofernandes.com\/wp-content\/uploads\/2022\/03\/Ubaldo-Senadinho.jpeg","datePublished":"2022-03-10T01:42:12+00:00","dateModified":"2022-03-10T22:54:33+00:00","breadcrumb":{"@id":"https:\/\/ubaldofernandes.com\/index.php\/news\/ubaldo-se-compromete-com-emendas-2022-para-fernando-pedroza\/#breadcrumb"},"inLanguage":"pt-BR","potentialAction":[{"@type":"ReadAction","target":["https:\/\/ubaldofernandes.com\/index.php\/news\/ubaldo-se-compromete-com-emendas-2022-para-fernando-pedroza\/"]}]},{"@type":"ImageObject","inLanguage":"pt-BR","@id":"https:\/\/ubaldofernandes.com\/index.php\/news\/ubaldo-se-compromete-com-emendas-2022-para-fernando-pedroza\/#primaryimage","url":"https:\/\/ubaldofernandes.com\/wp-content\/uploads\/2022\/03\/Ubaldo-Senadinho.jpeg","contentUrl":"https:\/\/ubaldofernandes.com\/wp-content\/uploads\/2022\/03\/Ubaldo-Senadinho.jpeg","width":1200,"height":1600},{"@type":"BreadcrumbList","@id":"https:\/\/ubaldofernandes.com\/index.php\/news\/ubaldo-se-compromete-com-emendas-2022-para-fernando-pedroza\/#breadcrumb","itemListElement":[{"@type":"ListItem","position":1,"name":"In\u00edcio","item":"https:\/\/ubaldofernandes.com\/"},{"@type":"ListItem","position":2,"name":"Not\u00edcias","item":"https:\/\/ubaldofernandes.com\/index.php\/news\/"},{"@type":"ListItem","position":3,"name":"Ubaldo se compromete com emendas 2022 para Fernando Pedroza"}]},{"@type":"WebSite","@id":"https:\/\/ubaldofernandes.com\/#website","url":"https:\/\/ubaldofernandes.com\/","name":"Ubaldo Fernandes","description":"Deputado Estadual","potentialAction":[{"@type":"SearchAction","target":{"@type":"EntryPoint","urlTemplate":"https:\/\/ubaldofernandes.com\/?s={search_term_string}"},"query-input":{"@type":"PropertyValueSpecification","valueRequired":true,"valueName":"search_term_string"}}],"inLanguage":"pt-BR"}]}},"_links":{"self":[{"href":"https:\/\/ubaldofernandes.com\/index.php\/wp-json\/wp\/v2\/news\/4166","targetHints":{"allow":["GET"]}}],"collection":[{"href":"https:\/\/ubaldofernandes.com\/index.php\/wp-json\/wp\/v2\/news"}],"about":[{"href":"https:\/\/ubaldofernandes.com\/index.php\/wp-json\/wp\/v2\/types\/news"}],"wp:featuredmedia":[{"embeddable":true,"href":"https:\/\/ubaldofernandes.com\/index.php\/wp-json\/wp\/v2\/media\/4167"}],"wp:attachment":[{"href":"https:\/\/ubaldofernandes.com\/index.php\/wp-json\/wp\/v2\/media?parent=4166"}],"curies":[{"name":"wp","href":"https:\/\/api.w.org\/{rel}","templated":true}]}}