{"id":4225,"date":"2022-03-16T14:30:14","date_gmt":"2022-03-16T17:30:14","guid":{"rendered":"https:\/\/ubaldofernandes.com\/?post_type=news&#038;p=4225"},"modified":"2022-03-16T14:30:18","modified_gmt":"2022-03-16T17:30:18","slug":"ubaldo-se-une-a-luta-de-agentes-de-saude-e-endemias-pela-aprovacao-de-pecs-no-congresso-2","status":"publish","type":"news","link":"https:\/\/ubaldofernandes.com\/index.php\/news\/ubaldo-se-une-a-luta-de-agentes-de-saude-e-endemias-pela-aprovacao-de-pecs-no-congresso-2\/","title":{"rendered":"Ubaldo se une \u00e0 luta de agentes de sa\u00fade e endemias pela aprova\u00e7\u00e3o de PECs no Congresso"},"content":{"rendered":"\n<p>Deputado estadual que vem dos movimentos sociais, Ubaldo Fernandes (PL) foi convidado a integrar Ato P\u00fablico na manh\u00e3 desta quarta-feira (16), na frente da Assembleia Legislativa, quando se pronunciou na defesa dos agentes comunit\u00e1rios de sa\u00fade e de combate \u00e0s endemias. Em seguida, na Sess\u00e3o Ordin\u00e1ria, o parlamentar tamb\u00e9m voltou a se posicionar sobre o tema, enfatizando que empreender\u00e1 esfor\u00e7os para sensibilizar a bancada federal pela vota\u00e7\u00e3o urgente e aprova\u00e7\u00e3o das mat\u00e9rias.<\/p>\n\n\n\n<p><br>Ubaldo destacou sua defesa pela valoriza\u00e7\u00e3o do trabalho dos agentes, manifestando total apoio \u00e0 aprova\u00e7\u00e3o de duas Propostas de Emenda \u00e0 Constitui\u00e7\u00e3o (PEC n\u00ba 14\/2021 e PEC n\u00ba 22\/2011), que tramitam no Congresso Nacional e que t\u00eam como objetivo alterar o artigo 198 da Constitui\u00e7\u00e3o Federal para estabelecer o Sistema de Prote\u00e7\u00e3o Social e Valoriza\u00e7\u00e3o dos Agentes Comunit\u00e1rios de Sa\u00fade e Agentes de Combate \u00e0s Endemias. Fernandes enfatiza que os deputados federais e senadores que v\u00e3o apreciar essas PECs, mas se soma na defesa e luta dessas categorias, enquanto representante p\u00fablico da popula\u00e7\u00e3o norte-rio-grandense.<\/p>\n\n\n\n<p><br>\u201cEssas PECs precisam ser aprovadas o mais r\u00e1pido poss\u00edvel. N\u00f3s temos essa miss\u00e3o de fazer articula\u00e7\u00e3o com nossa bancada federal. Vou contactar os deputados federais e senadores e pedir empenho nessa pauta t\u00e3o importante de voc\u00eas, que dignificam a sa\u00fade p\u00fablica do Rio Grande do Norte e no nosso pa\u00eds. S\u00e3o voc\u00eas que v\u00e3o de casa em casa, que conhecem as necessidades da popula\u00e7\u00e3o. \u00c9 por isso que refor\u00e7o que contem com meu apoio. Quando estive no mandato de vereador em Natal e voc\u00eas levavam essa pauta para a C\u00e2mara Municipal, sempre apresentei emendas que viessem a beneficiar essas categorias. E agora estou novamente com voc\u00eas na luta pela sua valoriza\u00e7\u00e3o e qualidade de vida\u201d, discursou a dezenas de manifestantes.<\/p>\n\n\n\n<p>Mat\u00e9ria publicada no <a href=\"https:\/\/rnnews.com.br\/ubaldo-se-une-a-luta-de-agentes-de-saude-e-endemias-pela-aprovacao-de-pecs-no-congresso\/\">Portal RN News<\/a>. <\/p>\n","protected":false},"featured_media":4223,"parent":0,"template":"","class_list":["post-4225","news","type-news","status-publish","has-post-thumbnail","hentry"],"acf":[],"yoast_head":"<!-- This site is optimized with the Yoast SEO plugin v24.6 - https:\/\/yoast.com\/wordpress\/plugins\/seo\/ -->\n<title>Ubaldo se une \u00e0 luta de agentes de sa\u00fade e endemias pela aprova\u00e7\u00e3o de PECs no Congresso - Ubaldo Fernandes<\/title>\n<meta name=\"robots\" content=\"index, follow, max-snippet:-1, max-image-preview:large, max-video-preview:-1\" \/>\n<link rel=\"canonical\" href=\"https:\/\/ubaldofernandes.com\/index.php\/news\/ubaldo-se-une-a-luta-de-agentes-de-saude-e-endemias-pela-aprovacao-de-pecs-no-congresso-2\/\" \/>\n<meta property=\"og:locale\" content=\"pt_BR\" \/>\n<meta property=\"og:type\" content=\"article\" \/>\n<meta property=\"og:title\" content=\"Ubaldo se une \u00e0 luta de agentes de sa\u00fade e endemias pela aprova\u00e7\u00e3o de PECs no Congresso - Ubaldo Fernandes\" \/>\n<meta property=\"og:description\" content=\"Deputado estadual que vem dos movimentos sociais, Ubaldo Fernandes (PL) foi convidado a integrar Ato P\u00fablico na manh\u00e3 desta quarta-feira (16), na frente da Assembleia Legislativa, quando se pronunciou na defesa dos agentes comunit\u00e1rios de sa\u00fade e de combate \u00e0s endemias. Em seguida, na Sess\u00e3o Ordin\u00e1ria, o parlamentar tamb\u00e9m voltou a se posicionar sobre o [&hellip;]\" \/>\n<meta property=\"og:url\" content=\"https:\/\/ubaldofernandes.com\/index.php\/news\/ubaldo-se-une-a-luta-de-agentes-de-saude-e-endemias-pela-aprovacao-de-pecs-no-congresso-2\/\" \/>\n<meta property=\"og:site_name\" content=\"Ubaldo Fernandes\" \/>\n<meta property=\"article:modified_time\" content=\"2022-03-16T17:30:18+00:00\" \/>\n<meta property=\"og:image\" content=\"https:\/\/ubaldofernandes.com\/wp-content\/uploads\/2022\/03\/Ubaldo-agentes-de-saude-2-1.jpeg\" \/>\n\t<meta property=\"og:image:width\" content=\"1280\" \/>\n\t<meta property=\"og:image:height\" content=\"960\" \/>\n\t<meta property=\"og:image:type\" content=\"image\/jpeg\" \/>\n<meta name=\"twitter:card\" content=\"summary_large_image\" \/>\n<meta name=\"twitter:label1\" content=\"Est. tempo de leitura\" \/>\n\t<meta name=\"twitter:data1\" content=\"2 minutos\" \/>\n<script type=\"application\/ld+json\" class=\"yoast-schema-graph\">{\"@context\":\"https:\/\/schema.org\",\"@graph\":[{\"@type\":\"WebPage\",\"@id\":\"https:\/\/ubaldofernandes.com\/index.php\/news\/ubaldo-se-une-a-luta-de-agentes-de-saude-e-endemias-pela-aprovacao-de-pecs-no-congresso-2\/\",\"url\":\"https:\/\/ubaldofernandes.com\/index.php\/news\/ubaldo-se-une-a-luta-de-agentes-de-saude-e-endemias-pela-aprovacao-de-pecs-no-congresso-2\/\",\"name\":\"Ubaldo se une \u00e0 luta de agentes de sa\u00fade e endemias pela aprova\u00e7\u00e3o de PECs no Congresso - Ubaldo Fernandes\",\"isPartOf\":{\"@id\":\"https:\/\/ubaldofernandes.com\/#website\"},\"primaryImageOfPage\":{\"@id\":\"https:\/\/ubaldofernandes.com\/index.php\/news\/ubaldo-se-une-a-luta-de-agentes-de-saude-e-endemias-pela-aprovacao-de-pecs-no-congresso-2\/#primaryimage\"},\"image\":{\"@id\":\"https:\/\/ubaldofernandes.com\/index.php\/news\/ubaldo-se-une-a-luta-de-agentes-de-saude-e-endemias-pela-aprovacao-de-pecs-no-congresso-2\/#primaryimage\"},\"thumbnailUrl\":\"https:\/\/ubaldofernandes.com\/wp-content\/uploads\/2022\/03\/Ubaldo-agentes-de-saude-2-1.jpeg\",\"datePublished\":\"2022-03-16T17:30:14+00:00\",\"dateModified\":\"2022-03-16T17:30:18+00:00\",\"breadcrumb\":{\"@id\":\"https:\/\/ubaldofernandes.com\/index.php\/news\/ubaldo-se-une-a-luta-de-agentes-de-saude-e-endemias-pela-aprovacao-de-pecs-no-congresso-2\/#breadcrumb\"},\"inLanguage\":\"pt-BR\",\"potentialAction\":[{\"@type\":\"ReadAction\",\"target\":[\"https:\/\/ubaldofernandes.com\/index.php\/news\/ubaldo-se-une-a-luta-de-agentes-de-saude-e-endemias-pela-aprovacao-de-pecs-no-congresso-2\/\"]}]},{\"@type\":\"ImageObject\",\"inLanguage\":\"pt-BR\",\"@id\":\"https:\/\/ubaldofernandes.com\/index.php\/news\/ubaldo-se-une-a-luta-de-agentes-de-saude-e-endemias-pela-aprovacao-de-pecs-no-congresso-2\/#primaryimage\",\"url\":\"https:\/\/ubaldofernandes.com\/wp-content\/uploads\/2022\/03\/Ubaldo-agentes-de-saude-2-1.jpeg\",\"contentUrl\":\"https:\/\/ubaldofernandes.com\/wp-content\/uploads\/2022\/03\/Ubaldo-agentes-de-saude-2-1.jpeg\",\"width\":1280,\"height\":960},{\"@type\":\"BreadcrumbList\",\"@id\":\"https:\/\/ubaldofernandes.com\/index.php\/news\/ubaldo-se-une-a-luta-de-agentes-de-saude-e-endemias-pela-aprovacao-de-pecs-no-congresso-2\/#breadcrumb\",\"itemListElement\":[{\"@type\":\"ListItem\",\"position\":1,\"name\":\"In\u00edcio\",\"item\":\"https:\/\/ubaldofernandes.com\/\"},{\"@type\":\"ListItem\",\"position\":2,\"name\":\"Not\u00edcias\",\"item\":\"https:\/\/ubaldofernandes.com\/index.php\/news\/\"},{\"@type\":\"ListItem\",\"position\":3,\"name\":\"Ubaldo se une \u00e0 luta de agentes de sa\u00fade e endemias pela aprova\u00e7\u00e3o de PECs no Congresso\"}]},{\"@type\":\"WebSite\",\"@id\":\"https:\/\/ubaldofernandes.com\/#website\",\"url\":\"https:\/\/ubaldofernandes.com\/\",\"name\":\"Ubaldo Fernandes\",\"description\":\"Deputado Estadual\",\"potentialAction\":[{\"@type\":\"SearchAction\",\"target\":{\"@type\":\"EntryPoint\",\"urlTemplate\":\"https:\/\/ubaldofernandes.com\/?s={search_term_string}\"},\"query-input\":{\"@type\":\"PropertyValueSpecification\",\"valueRequired\":true,\"valueName\":\"search_term_string\"}}],\"inLanguage\":\"pt-BR\"}]}<\/script>\n<!-- \/ Yoast SEO plugin. -->","yoast_head_json":{"title":"Ubaldo se une \u00e0 luta de agentes de sa\u00fade e endemias pela aprova\u00e7\u00e3o de PECs no Congresso - Ubaldo Fernandes","robots":{"index":"index","follow":"follow","max-snippet":"max-snippet:-1","max-image-preview":"max-image-preview:large","max-video-preview":"max-video-preview:-1"},"canonical":"https:\/\/ubaldofernandes.com\/index.php\/news\/ubaldo-se-une-a-luta-de-agentes-de-saude-e-endemias-pela-aprovacao-de-pecs-no-congresso-2\/","og_locale":"pt_BR","og_type":"article","og_title":"Ubaldo se une \u00e0 luta de agentes de sa\u00fade e endemias pela aprova\u00e7\u00e3o de PECs no Congresso - Ubaldo Fernandes","og_description":"Deputado estadual que vem dos movimentos sociais, Ubaldo Fernandes (PL) foi convidado a integrar Ato P\u00fablico na manh\u00e3 desta quarta-feira (16), na frente da Assembleia Legislativa, quando se pronunciou na defesa dos agentes comunit\u00e1rios de sa\u00fade e de combate \u00e0s endemias. Em seguida, na Sess\u00e3o Ordin\u00e1ria, o parlamentar tamb\u00e9m voltou a se posicionar sobre o [&hellip;]","og_url":"https:\/\/ubaldofernandes.com\/index.php\/news\/ubaldo-se-une-a-luta-de-agentes-de-saude-e-endemias-pela-aprovacao-de-pecs-no-congresso-2\/","og_site_name":"Ubaldo Fernandes","article_modified_time":"2022-03-16T17:30:18+00:00","og_image":[{"width":1280,"height":960,"url":"https:\/\/ubaldofernandes.com\/wp-content\/uploads\/2022\/03\/Ubaldo-agentes-de-saude-2-1.jpeg","type":"image\/jpeg"}],"twitter_card":"summary_large_image","twitter_misc":{"Est. tempo de leitura":"2 minutos"},"schema":{"@context":"https:\/\/schema.org","@graph":[{"@type":"WebPage","@id":"https:\/\/ubaldofernandes.com\/index.php\/news\/ubaldo-se-une-a-luta-de-agentes-de-saude-e-endemias-pela-aprovacao-de-pecs-no-congresso-2\/","url":"https:\/\/ubaldofernandes.com\/index.php\/news\/ubaldo-se-une-a-luta-de-agentes-de-saude-e-endemias-pela-aprovacao-de-pecs-no-congresso-2\/","name":"Ubaldo se une \u00e0 luta de agentes de sa\u00fade e endemias pela aprova\u00e7\u00e3o de PECs no Congresso - Ubaldo Fernandes","isPartOf":{"@id":"https:\/\/ubaldofernandes.com\/#website"},"primaryImageOfPage":{"@id":"https:\/\/ubaldofernandes.com\/index.php\/news\/ubaldo-se-une-a-luta-de-agentes-de-saude-e-endemias-pela-aprovacao-de-pecs-no-congresso-2\/#primaryimage"},"image":{"@id":"https:\/\/ubaldofernandes.com\/index.php\/news\/ubaldo-se-une-a-luta-de-agentes-de-saude-e-endemias-pela-aprovacao-de-pecs-no-congresso-2\/#primaryimage"},"thumbnailUrl":"https:\/\/ubaldofernandes.com\/wp-content\/uploads\/2022\/03\/Ubaldo-agentes-de-saude-2-1.jpeg","datePublished":"2022-03-16T17:30:14+00:00","dateModified":"2022-03-16T17:30:18+00:00","breadcrumb":{"@id":"https:\/\/ubaldofernandes.com\/index.php\/news\/ubaldo-se-une-a-luta-de-agentes-de-saude-e-endemias-pela-aprovacao-de-pecs-no-congresso-2\/#breadcrumb"},"inLanguage":"pt-BR","potentialAction":[{"@type":"ReadAction","target":["https:\/\/ubaldofernandes.com\/index.php\/news\/ubaldo-se-une-a-luta-de-agentes-de-saude-e-endemias-pela-aprovacao-de-pecs-no-congresso-2\/"]}]},{"@type":"ImageObject","inLanguage":"pt-BR","@id":"https:\/\/ubaldofernandes.com\/index.php\/news\/ubaldo-se-une-a-luta-de-agentes-de-saude-e-endemias-pela-aprovacao-de-pecs-no-congresso-2\/#primaryimage","url":"https:\/\/ubaldofernandes.com\/wp-content\/uploads\/2022\/03\/Ubaldo-agentes-de-saude-2-1.jpeg","contentUrl":"https:\/\/ubaldofernandes.com\/wp-content\/uploads\/2022\/03\/Ubaldo-agentes-de-saude-2-1.jpeg","width":1280,"height":960},{"@type":"BreadcrumbList","@id":"https:\/\/ubaldofernandes.com\/index.php\/news\/ubaldo-se-une-a-luta-de-agentes-de-saude-e-endemias-pela-aprovacao-de-pecs-no-congresso-2\/#breadcrumb","itemListElement":[{"@type":"ListItem","position":1,"name":"In\u00edcio","item":"https:\/\/ubaldofernandes.com\/"},{"@type":"ListItem","position":2,"name":"Not\u00edcias","item":"https:\/\/ubaldofernandes.com\/index.php\/news\/"},{"@type":"ListItem","position":3,"name":"Ubaldo se une \u00e0 luta de agentes de sa\u00fade e endemias pela aprova\u00e7\u00e3o de PECs no Congresso"}]},{"@type":"WebSite","@id":"https:\/\/ubaldofernandes.com\/#website","url":"https:\/\/ubaldofernandes.com\/","name":"Ubaldo Fernandes","description":"Deputado Estadual","potentialAction":[{"@type":"SearchAction","target":{"@type":"EntryPoint","urlTemplate":"https:\/\/ubaldofernandes.com\/?s={search_term_string}"},"query-input":{"@type":"PropertyValueSpecification","valueRequired":true,"valueName":"search_term_string"}}],"inLanguage":"pt-BR"}]}},"_links":{"self":[{"href":"https:\/\/ubaldofernandes.com\/index.php\/wp-json\/wp\/v2\/news\/4225","targetHints":{"allow":["GET"]}}],"collection":[{"href":"https:\/\/ubaldofernandes.com\/index.php\/wp-json\/wp\/v2\/news"}],"about":[{"href":"https:\/\/ubaldofernandes.com\/index.php\/wp-json\/wp\/v2\/types\/news"}],"wp:featuredmedia":[{"embeddable":true,"href":"https:\/\/ubaldofernandes.com\/index.php\/wp-json\/wp\/v2\/media\/4223"}],"wp:attachment":[{"href":"https:\/\/ubaldofernandes.com\/index.php\/wp-json\/wp\/v2\/media?parent=4225"}],"curies":[{"name":"wp","href":"https:\/\/api.w.org\/{rel}","templated":true}]}}