{"id":4232,"date":"2022-03-17T20:28:00","date_gmt":"2022-03-17T23:28:00","guid":{"rendered":"https:\/\/ubaldofernandes.com\/?post_type=news&#038;p=4232"},"modified":"2022-03-22T10:17:35","modified_gmt":"2022-03-22T13:17:35","slug":"destaqueubaldo-sugere-medida-para-destravar-pauta-da-ccj-e-reajuste-de-3324-para-professores-do-estado-e-aprovado","status":"publish","type":"news","link":"https:\/\/ubaldofernandes.com\/index.php\/news\/destaqueubaldo-sugere-medida-para-destravar-pauta-da-ccj-e-reajuste-de-3324-para-professores-do-estado-e-aprovado\/","title":{"rendered":"Ubaldo sugere medida para destravar pauta da CCJ e reajuste de 33,24% para professores do estado \u00e9 aprovado"},"content":{"rendered":"\n<p>Uma medida foi determinante para que a mat\u00e9ria de maior interesse dos educadores do estado avan\u00e7asse nessa quarta-feira (16), na Assembleia Legislativa. Durante a reuni\u00e3o extraordin\u00e1ria da Comiss\u00e3o de Constitui\u00e7\u00e3o, Justi\u00e7a e Reda\u00e7\u00e3o (CCJ), acontecia um entrave por causa de interpreta\u00e7\u00e3o da mensagem governamental \u2013 quanto aos percentuais a serem aplicados sobre vencimentos dos servidores \u2013 e o deputado Ubaldo Fernandes sugeriu a convoca\u00e7\u00e3o de um representante do Sindicato dos Trabalhadores em Educa\u00e7\u00e3o (Sinte\/RN), que foi \u00e0 casa e fez esclarecimentos, sendo poss\u00edvel aprovar o projeto de reajuste salarial dos cargos p\u00fablicos de provimento efetivo de professor e dos especialistas em educa\u00e7\u00e3o.<\/p>\n\n\n\n<p>De acordo com o texto enviado pelo Governo do Estado regulamentando o reajuste, o pagamento de 33,24% ser\u00e1 feito at\u00e9 dezembro deste ano e ser\u00e1 parit\u00e1rio para professores da ativa, aposentados e pensionistas. A proposta tramita em regime de urg\u00eancia na Casa. Agora, a mat\u00e9ria segue para a Comiss\u00e3o de Finan\u00e7as, para posteriormente ser votada em Sess\u00e3o Ordin\u00e1ria, o que pode acontecer j\u00e1 na pr\u00f3xima semana, uma vez que tramita em regime de urg\u00eancia.<\/p>\n\n\n\n<p><strong>ENTRAVE<\/strong><\/p>\n\n\n\n<p>A aus\u00eancia de informa\u00e7\u00f5es relativas ao impacto financeiro do reajuste no er\u00e1rio estadual e a reda\u00e7\u00e3o de alguns itens da proposta enviada \u00e0 Casa pelo Executivo Estadual foram questionadas durante a aprecia\u00e7\u00e3o do projeto e a reuni\u00e3o foi suspensa por uma hora, conforme previsto no Regimento Interno da Casa, por se tratar de mat\u00e9ria com pedido de tramita\u00e7\u00e3o em regime de urg\u00eancia. Diante das d\u00favidas, Ubaldo Fernandes sugeriu e convidaram o representante do Sinte\/RN, R\u00f4mulo Arnaud, que esclareceu as d\u00favidas dos parlamentares sobre pontos do acordo feito entre a categoria e o Executivo. \u201cQuero agradecer a participa\u00e7\u00e3o e chamar aten\u00e7\u00e3o da categoria para a import\u00e2ncia da presen\u00e7a dos sindicatos em todas as fases at\u00e9 a aprova\u00e7\u00e3o, para ajudar e esclarecer poss\u00edveis d\u00favidas\u201d, disse Ubaldo.<\/p>\n\n\n\n<p>Tendo como suporte as informa\u00e7\u00f5es contidas no projeto, o relator da mat\u00e9ria, Francisco do PT, explicou que para os servidores integrantes do Quadro Funcional do Magist\u00e9rio P\u00fablico Estadual, cuja remunera\u00e7\u00e3o seja superior ao piso nacional do magist\u00e9rio, o reajuste estabelecido no Projeto de Lei Complementar ser\u00e1 efetuado em mar\u00e7o de 2022, at\u00e9 15,03%, referente \u00e0 recomposi\u00e7\u00e3o salarial do per\u00edodo compreendido entre os anos de 2020 e 2021, com os valores retroativos a janeiro pagos em 7 parcelas, sendo a primeira em abril de 2022; em novembro de 2022, at\u00e9 6% e em dezembro de 2022, at\u00e9 9,28%.<\/p>\n\n\n\n<p>Sobre o impacto financeiro no Or\u00e7amento Geral do Estado (OGE), em 2022 ser\u00e1 de aproximadamente R$ 549,5 mil; R$ 1,4 bilh\u00e3o em 2023 e R$ 1,7 bilh\u00e3o em 2024, esclareceu Galeno Torquato. Presidida pelo deputado George Soares (PL), a reuni\u00e3o tamb\u00e9m contou com a participa\u00e7\u00e3o dos deputados Souza (PSB) e Jac\u00f3 J\u00e1come (PSD).<\/p>\n\n\n\n<p>Mat\u00e9ria publicada no<a href=\"https:\/\/blogdopassaro.com.br\/ubaldo-sugere-medida-para-destravar-pauta-da-ccj-e-reajuste-de-3324-para-professores-do-estado-e-aprovado\/\"> Blog do P\u00e1ssaro<\/a>. <\/p>\n\n\n\n<div class=\"wp-block-image\"><figure class=\"aligncenter size-large\"><img loading=\"lazy\" decoding=\"async\" width=\"1024\" height=\"683\" src=\"https:\/\/ubaldofernandes.com\/wp-content\/uploads\/2022\/03\/Ubaldo-CCJ-2-2-1024x683.jpg\" alt=\"\" class=\"wp-image-4233\" srcset=\"https:\/\/ubaldofernandes.com\/wp-content\/uploads\/2022\/03\/Ubaldo-CCJ-2-2-1024x683.jpg 1024w, https:\/\/ubaldofernandes.com\/wp-content\/uploads\/2022\/03\/Ubaldo-CCJ-2-2-300x200.jpg 300w, https:\/\/ubaldofernandes.com\/wp-content\/uploads\/2022\/03\/Ubaldo-CCJ-2-2-768x512.jpg 768w, https:\/\/ubaldofernandes.com\/wp-content\/uploads\/2022\/03\/Ubaldo-CCJ-2-2.jpg 1500w\" sizes=\"auto, (max-width: 1024px) 100vw, 1024px\" \/><\/figure><\/div>\n","protected":false},"featured_media":4234,"parent":0,"template":"","class_list":["post-4232","news","type-news","status-publish","has-post-thumbnail","hentry"],"acf":[],"yoast_head":"<!-- This site is optimized with the Yoast SEO plugin v24.6 - https:\/\/yoast.com\/wordpress\/plugins\/seo\/ -->\n<title>Ubaldo sugere medida para destravar pauta da CCJ e reajuste de 33,24% para professores do estado \u00e9 aprovado - Ubaldo Fernandes<\/title>\n<meta name=\"robots\" content=\"index, follow, max-snippet:-1, max-image-preview:large, max-video-preview:-1\" \/>\n<link rel=\"canonical\" href=\"https:\/\/ubaldofernandes.com\/index.php\/news\/destaqueubaldo-sugere-medida-para-destravar-pauta-da-ccj-e-reajuste-de-3324-para-professores-do-estado-e-aprovado\/\" \/>\n<meta property=\"og:locale\" content=\"pt_BR\" \/>\n<meta property=\"og:type\" content=\"article\" \/>\n<meta property=\"og:title\" content=\"Ubaldo sugere medida para destravar pauta da CCJ e reajuste de 33,24% para professores do estado \u00e9 aprovado - Ubaldo Fernandes\" \/>\n<meta property=\"og:description\" content=\"Uma medida foi determinante para que a mat\u00e9ria de maior interesse dos educadores do estado avan\u00e7asse nessa quarta-feira (16), na Assembleia Legislativa. Durante a reuni\u00e3o extraordin\u00e1ria da Comiss\u00e3o de Constitui\u00e7\u00e3o, Justi\u00e7a e Reda\u00e7\u00e3o (CCJ), acontecia um entrave por causa de interpreta\u00e7\u00e3o da mensagem governamental \u2013 quanto aos percentuais a serem aplicados sobre vencimentos dos servidores [&hellip;]\" \/>\n<meta property=\"og:url\" content=\"https:\/\/ubaldofernandes.com\/index.php\/news\/destaqueubaldo-sugere-medida-para-destravar-pauta-da-ccj-e-reajuste-de-3324-para-professores-do-estado-e-aprovado\/\" \/>\n<meta property=\"og:site_name\" content=\"Ubaldo Fernandes\" \/>\n<meta property=\"article:modified_time\" content=\"2022-03-22T13:17:35+00:00\" \/>\n<meta property=\"og:image\" content=\"https:\/\/ubaldofernandes.com\/wp-content\/uploads\/2022\/03\/Ubaldo-CCJ-3.jpg\" \/>\n\t<meta property=\"og:image:width\" content=\"1500\" \/>\n\t<meta property=\"og:image:height\" content=\"1000\" \/>\n\t<meta property=\"og:image:type\" content=\"image\/jpeg\" \/>\n<meta name=\"twitter:card\" content=\"summary_large_image\" \/>\n<meta name=\"twitter:label1\" content=\"Est. tempo de leitura\" \/>\n\t<meta name=\"twitter:data1\" content=\"2 minutos\" \/>\n<script type=\"application\/ld+json\" class=\"yoast-schema-graph\">{\"@context\":\"https:\/\/schema.org\",\"@graph\":[{\"@type\":\"WebPage\",\"@id\":\"https:\/\/ubaldofernandes.com\/index.php\/news\/destaqueubaldo-sugere-medida-para-destravar-pauta-da-ccj-e-reajuste-de-3324-para-professores-do-estado-e-aprovado\/\",\"url\":\"https:\/\/ubaldofernandes.com\/index.php\/news\/destaqueubaldo-sugere-medida-para-destravar-pauta-da-ccj-e-reajuste-de-3324-para-professores-do-estado-e-aprovado\/\",\"name\":\"Ubaldo sugere medida para destravar pauta da CCJ e reajuste de 33,24% para professores do estado \u00e9 aprovado - Ubaldo Fernandes\",\"isPartOf\":{\"@id\":\"https:\/\/ubaldofernandes.com\/#website\"},\"primaryImageOfPage\":{\"@id\":\"https:\/\/ubaldofernandes.com\/index.php\/news\/destaqueubaldo-sugere-medida-para-destravar-pauta-da-ccj-e-reajuste-de-3324-para-professores-do-estado-e-aprovado\/#primaryimage\"},\"image\":{\"@id\":\"https:\/\/ubaldofernandes.com\/index.php\/news\/destaqueubaldo-sugere-medida-para-destravar-pauta-da-ccj-e-reajuste-de-3324-para-professores-do-estado-e-aprovado\/#primaryimage\"},\"thumbnailUrl\":\"https:\/\/ubaldofernandes.com\/wp-content\/uploads\/2022\/03\/Ubaldo-CCJ-3.jpg\",\"datePublished\":\"2022-03-17T23:28:00+00:00\",\"dateModified\":\"2022-03-22T13:17:35+00:00\",\"breadcrumb\":{\"@id\":\"https:\/\/ubaldofernandes.com\/index.php\/news\/destaqueubaldo-sugere-medida-para-destravar-pauta-da-ccj-e-reajuste-de-3324-para-professores-do-estado-e-aprovado\/#breadcrumb\"},\"inLanguage\":\"pt-BR\",\"potentialAction\":[{\"@type\":\"ReadAction\",\"target\":[\"https:\/\/ubaldofernandes.com\/index.php\/news\/destaqueubaldo-sugere-medida-para-destravar-pauta-da-ccj-e-reajuste-de-3324-para-professores-do-estado-e-aprovado\/\"]}]},{\"@type\":\"ImageObject\",\"inLanguage\":\"pt-BR\",\"@id\":\"https:\/\/ubaldofernandes.com\/index.php\/news\/destaqueubaldo-sugere-medida-para-destravar-pauta-da-ccj-e-reajuste-de-3324-para-professores-do-estado-e-aprovado\/#primaryimage\",\"url\":\"https:\/\/ubaldofernandes.com\/wp-content\/uploads\/2022\/03\/Ubaldo-CCJ-3.jpg\",\"contentUrl\":\"https:\/\/ubaldofernandes.com\/wp-content\/uploads\/2022\/03\/Ubaldo-CCJ-3.jpg\",\"width\":1500,\"height\":1000},{\"@type\":\"BreadcrumbList\",\"@id\":\"https:\/\/ubaldofernandes.com\/index.php\/news\/destaqueubaldo-sugere-medida-para-destravar-pauta-da-ccj-e-reajuste-de-3324-para-professores-do-estado-e-aprovado\/#breadcrumb\",\"itemListElement\":[{\"@type\":\"ListItem\",\"position\":1,\"name\":\"In\u00edcio\",\"item\":\"https:\/\/ubaldofernandes.com\/\"},{\"@type\":\"ListItem\",\"position\":2,\"name\":\"Not\u00edcias\",\"item\":\"https:\/\/ubaldofernandes.com\/index.php\/news\/\"},{\"@type\":\"ListItem\",\"position\":3,\"name\":\"Ubaldo sugere medida para destravar pauta da CCJ e reajuste de 33,24% para professores do estado \u00e9 aprovado\"}]},{\"@type\":\"WebSite\",\"@id\":\"https:\/\/ubaldofernandes.com\/#website\",\"url\":\"https:\/\/ubaldofernandes.com\/\",\"name\":\"Ubaldo Fernandes\",\"description\":\"Deputado Estadual\",\"potentialAction\":[{\"@type\":\"SearchAction\",\"target\":{\"@type\":\"EntryPoint\",\"urlTemplate\":\"https:\/\/ubaldofernandes.com\/?s={search_term_string}\"},\"query-input\":{\"@type\":\"PropertyValueSpecification\",\"valueRequired\":true,\"valueName\":\"search_term_string\"}}],\"inLanguage\":\"pt-BR\"}]}<\/script>\n<!-- \/ Yoast SEO plugin. -->","yoast_head_json":{"title":"Ubaldo sugere medida para destravar pauta da CCJ e reajuste de 33,24% para professores do estado \u00e9 aprovado - Ubaldo Fernandes","robots":{"index":"index","follow":"follow","max-snippet":"max-snippet:-1","max-image-preview":"max-image-preview:large","max-video-preview":"max-video-preview:-1"},"canonical":"https:\/\/ubaldofernandes.com\/index.php\/news\/destaqueubaldo-sugere-medida-para-destravar-pauta-da-ccj-e-reajuste-de-3324-para-professores-do-estado-e-aprovado\/","og_locale":"pt_BR","og_type":"article","og_title":"Ubaldo sugere medida para destravar pauta da CCJ e reajuste de 33,24% para professores do estado \u00e9 aprovado - Ubaldo Fernandes","og_description":"Uma medida foi determinante para que a mat\u00e9ria de maior interesse dos educadores do estado avan\u00e7asse nessa quarta-feira (16), na Assembleia Legislativa. Durante a reuni\u00e3o extraordin\u00e1ria da Comiss\u00e3o de Constitui\u00e7\u00e3o, Justi\u00e7a e Reda\u00e7\u00e3o (CCJ), acontecia um entrave por causa de interpreta\u00e7\u00e3o da mensagem governamental \u2013 quanto aos percentuais a serem aplicados sobre vencimentos dos servidores [&hellip;]","og_url":"https:\/\/ubaldofernandes.com\/index.php\/news\/destaqueubaldo-sugere-medida-para-destravar-pauta-da-ccj-e-reajuste-de-3324-para-professores-do-estado-e-aprovado\/","og_site_name":"Ubaldo Fernandes","article_modified_time":"2022-03-22T13:17:35+00:00","og_image":[{"width":1500,"height":1000,"url":"https:\/\/ubaldofernandes.com\/wp-content\/uploads\/2022\/03\/Ubaldo-CCJ-3.jpg","type":"image\/jpeg"}],"twitter_card":"summary_large_image","twitter_misc":{"Est. tempo de leitura":"2 minutos"},"schema":{"@context":"https:\/\/schema.org","@graph":[{"@type":"WebPage","@id":"https:\/\/ubaldofernandes.com\/index.php\/news\/destaqueubaldo-sugere-medida-para-destravar-pauta-da-ccj-e-reajuste-de-3324-para-professores-do-estado-e-aprovado\/","url":"https:\/\/ubaldofernandes.com\/index.php\/news\/destaqueubaldo-sugere-medida-para-destravar-pauta-da-ccj-e-reajuste-de-3324-para-professores-do-estado-e-aprovado\/","name":"Ubaldo sugere medida para destravar pauta da CCJ e reajuste de 33,24% para professores do estado \u00e9 aprovado - Ubaldo Fernandes","isPartOf":{"@id":"https:\/\/ubaldofernandes.com\/#website"},"primaryImageOfPage":{"@id":"https:\/\/ubaldofernandes.com\/index.php\/news\/destaqueubaldo-sugere-medida-para-destravar-pauta-da-ccj-e-reajuste-de-3324-para-professores-do-estado-e-aprovado\/#primaryimage"},"image":{"@id":"https:\/\/ubaldofernandes.com\/index.php\/news\/destaqueubaldo-sugere-medida-para-destravar-pauta-da-ccj-e-reajuste-de-3324-para-professores-do-estado-e-aprovado\/#primaryimage"},"thumbnailUrl":"https:\/\/ubaldofernandes.com\/wp-content\/uploads\/2022\/03\/Ubaldo-CCJ-3.jpg","datePublished":"2022-03-17T23:28:00+00:00","dateModified":"2022-03-22T13:17:35+00:00","breadcrumb":{"@id":"https:\/\/ubaldofernandes.com\/index.php\/news\/destaqueubaldo-sugere-medida-para-destravar-pauta-da-ccj-e-reajuste-de-3324-para-professores-do-estado-e-aprovado\/#breadcrumb"},"inLanguage":"pt-BR","potentialAction":[{"@type":"ReadAction","target":["https:\/\/ubaldofernandes.com\/index.php\/news\/destaqueubaldo-sugere-medida-para-destravar-pauta-da-ccj-e-reajuste-de-3324-para-professores-do-estado-e-aprovado\/"]}]},{"@type":"ImageObject","inLanguage":"pt-BR","@id":"https:\/\/ubaldofernandes.com\/index.php\/news\/destaqueubaldo-sugere-medida-para-destravar-pauta-da-ccj-e-reajuste-de-3324-para-professores-do-estado-e-aprovado\/#primaryimage","url":"https:\/\/ubaldofernandes.com\/wp-content\/uploads\/2022\/03\/Ubaldo-CCJ-3.jpg","contentUrl":"https:\/\/ubaldofernandes.com\/wp-content\/uploads\/2022\/03\/Ubaldo-CCJ-3.jpg","width":1500,"height":1000},{"@type":"BreadcrumbList","@id":"https:\/\/ubaldofernandes.com\/index.php\/news\/destaqueubaldo-sugere-medida-para-destravar-pauta-da-ccj-e-reajuste-de-3324-para-professores-do-estado-e-aprovado\/#breadcrumb","itemListElement":[{"@type":"ListItem","position":1,"name":"In\u00edcio","item":"https:\/\/ubaldofernandes.com\/"},{"@type":"ListItem","position":2,"name":"Not\u00edcias","item":"https:\/\/ubaldofernandes.com\/index.php\/news\/"},{"@type":"ListItem","position":3,"name":"Ubaldo sugere medida para destravar pauta da CCJ e reajuste de 33,24% para professores do estado \u00e9 aprovado"}]},{"@type":"WebSite","@id":"https:\/\/ubaldofernandes.com\/#website","url":"https:\/\/ubaldofernandes.com\/","name":"Ubaldo Fernandes","description":"Deputado Estadual","potentialAction":[{"@type":"SearchAction","target":{"@type":"EntryPoint","urlTemplate":"https:\/\/ubaldofernandes.com\/?s={search_term_string}"},"query-input":{"@type":"PropertyValueSpecification","valueRequired":true,"valueName":"search_term_string"}}],"inLanguage":"pt-BR"}]}},"_links":{"self":[{"href":"https:\/\/ubaldofernandes.com\/index.php\/wp-json\/wp\/v2\/news\/4232","targetHints":{"allow":["GET"]}}],"collection":[{"href":"https:\/\/ubaldofernandes.com\/index.php\/wp-json\/wp\/v2\/news"}],"about":[{"href":"https:\/\/ubaldofernandes.com\/index.php\/wp-json\/wp\/v2\/types\/news"}],"wp:featuredmedia":[{"embeddable":true,"href":"https:\/\/ubaldofernandes.com\/index.php\/wp-json\/wp\/v2\/media\/4234"}],"wp:attachment":[{"href":"https:\/\/ubaldofernandes.com\/index.php\/wp-json\/wp\/v2\/media?parent=4232"}],"curies":[{"name":"wp","href":"https:\/\/api.w.org\/{rel}","templated":true}]}}