{"id":4259,"date":"2022-03-16T23:13:00","date_gmt":"2022-03-17T02:13:00","guid":{"rendered":"https:\/\/ubaldofernandes.com\/?post_type=news&#038;p=4259"},"modified":"2022-03-22T10:15:55","modified_gmt":"2022-03-22T13:15:55","slug":"deputados-relatam-lutas-em-prol-da-populacao-e-trabalhadores","status":"publish","type":"news","link":"https:\/\/ubaldofernandes.com\/index.php\/news\/deputados-relatam-lutas-em-prol-da-populacao-e-trabalhadores\/","title":{"rendered":"Deputados relatam lutas em prol da popula\u00e7\u00e3o e trabalhadores"},"content":{"rendered":"\n<p>O deputado estadual Vivaldo Costa (PSD) debateu nesta quarta-feira (16), durante sess\u00e3o ordin\u00e1ria na Assembleia Legislativa, sobre atendimento psiqui\u00e1trico para pessoas portadoras de necessidades especiais. O parlamentar afirmou que h\u00e1 muito tempo vem lutando para garantir a presen\u00e7a de psic\u00f3logos e psiquiatras em prontos-socorros e unidades b\u00e1sicas de sa\u00fade.<\/p>\n\n\n\n<p>\u201cO Minist\u00e9rio da Sa\u00fade est\u00e1 totalmente alheio a essa luta\u201d, afirmou Vivaldo, lembrando o fechamento de hospitais psiqui\u00e1tricos em todo o Brasil. \u201c\u00c9 um verdadeiro sofrimento para quem precisa. N\u00e3o existe atendimento de urg\u00eancia psiqui\u00e1trica\u201d, encerrou Vivaldo.<\/p>\n\n\n\n<p>J\u00e1 a deputada Cristiane Dantas (SDD) fez apelo ao Conema \u2013 Conselho Estadual do Meio Ambiente \u2013 para que os agricultores familiares da \u00e1rea de prote\u00e7\u00e3o Bonfim-Guara\u00edras, na regi\u00e3o Agreste, possam ter acesso a financiamentos rurais. Por estarem em \u00e1reas de preserva\u00e7\u00e3o, eles est\u00e3o impedidos de contrair empr\u00e9stimos. \u201cFalta um posicionamento do Conselho para que eles tenham direito a financiamentos. Para que eles possam trabalhar, produzir e vender seus produtos\u201d, apelou a deputada.<\/p>\n\n\n\n<p>O deputado Ubaldo Fernandes (PL) afirmou no seu pronunciamento que vai apelar \u00e0 bancada federal potiguar para votar favor\u00e1vel \u00e0s Propostas de Emendas \u00e0 Constitui\u00e7\u00e3o 22 e 14. A PEC 22 fixa regras para a remunera\u00e7\u00e3o dos agentes comunit\u00e1rios de sa\u00fade e dos agentes de combate \u00e0s endemias, foi aprovada por comiss\u00e3o especial em 2017 e aguarda a aprecia\u00e7\u00e3o da C\u00e2mara. J\u00e1 a PEC 14 estabelece o Sistema de Prote\u00e7\u00e3o Social e Valoriza\u00e7\u00e3o dos Agentes Comunit\u00e1rios de Sa\u00fade e Agentes de Combate \u00e0s Endemias, a aposentadoria especial e exclusiva, e fixa a responsabilidade do gestor local do SUS pela regularidade do v\u00ednculo empregat\u00edcio desses profissionais.<\/p>\n\n\n\n<p>Ubaldo chamou aten\u00e7\u00e3o da bancada federal depois de ter participado de uma mobiliza\u00e7\u00e3o de agentes de combate \u00e0s endemias em Natal. Ele disse que ir\u00e1 falar pessoalmente com os deputados federais. O deputado encerrou seu pronunciamento parabenizando a TV Ponta Negra que nesta ter\u00e7a-feira (15) completou 35 anos de exist\u00eancia. \u201cUm ve\u00edculo de comunica\u00e7\u00e3o popular que chega a quase todo o Rio Grande do Norte\u201d, disse Ubaldo, citando a superintendente Miriam de Sousa, que seguiu o projeto do \u201csaudoso senador Carlos Alberto de Sousa\u201d, concluiu Ubaldo.<\/p>\n\n\n\n<p>Mat\u00e9ria publicada no <a href=\"https:\/\/blogafonte.com.br\/2022\/03\/16\/deputados-relatam-lutas-em-prol-da-populacao-e-trabalhadores\/\">Blog A Fonte<\/a>. <\/p>\n","protected":false},"featured_media":4260,"parent":0,"template":"","class_list":["post-4259","news","type-news","status-publish","has-post-thumbnail","hentry"],"acf":[],"yoast_head":"<!-- This site is optimized with the Yoast SEO plugin v24.6 - https:\/\/yoast.com\/wordpress\/plugins\/seo\/ -->\n<title>Deputados relatam lutas em prol da popula\u00e7\u00e3o e trabalhadores - Ubaldo Fernandes<\/title>\n<meta name=\"robots\" content=\"index, follow, max-snippet:-1, max-image-preview:large, max-video-preview:-1\" \/>\n<link rel=\"canonical\" href=\"https:\/\/ubaldofernandes.com\/index.php\/news\/deputados-relatam-lutas-em-prol-da-populacao-e-trabalhadores\/\" \/>\n<meta property=\"og:locale\" content=\"pt_BR\" \/>\n<meta property=\"og:type\" content=\"article\" \/>\n<meta property=\"og:title\" content=\"Deputados relatam lutas em prol da popula\u00e7\u00e3o e trabalhadores - Ubaldo Fernandes\" \/>\n<meta property=\"og:description\" content=\"O deputado estadual Vivaldo Costa (PSD) debateu nesta quarta-feira (16), durante sess\u00e3o ordin\u00e1ria na Assembleia Legislativa, sobre atendimento psiqui\u00e1trico para pessoas portadoras de necessidades especiais. O parlamentar afirmou que h\u00e1 muito tempo vem lutando para garantir a presen\u00e7a de psic\u00f3logos e psiquiatras em prontos-socorros e unidades b\u00e1sicas de sa\u00fade. \u201cO Minist\u00e9rio da Sa\u00fade est\u00e1 totalmente [&hellip;]\" \/>\n<meta property=\"og:url\" content=\"https:\/\/ubaldofernandes.com\/index.php\/news\/deputados-relatam-lutas-em-prol-da-populacao-e-trabalhadores\/\" \/>\n<meta property=\"og:site_name\" content=\"Ubaldo Fernandes\" \/>\n<meta property=\"article:modified_time\" content=\"2022-03-22T13:15:55+00:00\" \/>\n<meta property=\"og:image\" content=\"https:\/\/ubaldofernandes.com\/wp-content\/uploads\/2022\/03\/ALRN-2.jpg\" \/>\n\t<meta property=\"og:image:width\" content=\"696\" \/>\n\t<meta property=\"og:image:height\" content=\"460\" \/>\n\t<meta property=\"og:image:type\" content=\"image\/jpeg\" \/>\n<meta name=\"twitter:card\" content=\"summary_large_image\" \/>\n<meta name=\"twitter:label1\" content=\"Est. tempo de leitura\" \/>\n\t<meta name=\"twitter:data1\" content=\"2 minutos\" \/>\n<script type=\"application\/ld+json\" class=\"yoast-schema-graph\">{\"@context\":\"https:\/\/schema.org\",\"@graph\":[{\"@type\":\"WebPage\",\"@id\":\"https:\/\/ubaldofernandes.com\/index.php\/news\/deputados-relatam-lutas-em-prol-da-populacao-e-trabalhadores\/\",\"url\":\"https:\/\/ubaldofernandes.com\/index.php\/news\/deputados-relatam-lutas-em-prol-da-populacao-e-trabalhadores\/\",\"name\":\"Deputados relatam lutas em prol da popula\u00e7\u00e3o e trabalhadores - Ubaldo Fernandes\",\"isPartOf\":{\"@id\":\"https:\/\/ubaldofernandes.com\/#website\"},\"primaryImageOfPage\":{\"@id\":\"https:\/\/ubaldofernandes.com\/index.php\/news\/deputados-relatam-lutas-em-prol-da-populacao-e-trabalhadores\/#primaryimage\"},\"image\":{\"@id\":\"https:\/\/ubaldofernandes.com\/index.php\/news\/deputados-relatam-lutas-em-prol-da-populacao-e-trabalhadores\/#primaryimage\"},\"thumbnailUrl\":\"https:\/\/ubaldofernandes.com\/wp-content\/uploads\/2022\/03\/ALRN-2.jpg\",\"datePublished\":\"2022-03-17T02:13:00+00:00\",\"dateModified\":\"2022-03-22T13:15:55+00:00\",\"breadcrumb\":{\"@id\":\"https:\/\/ubaldofernandes.com\/index.php\/news\/deputados-relatam-lutas-em-prol-da-populacao-e-trabalhadores\/#breadcrumb\"},\"inLanguage\":\"pt-BR\",\"potentialAction\":[{\"@type\":\"ReadAction\",\"target\":[\"https:\/\/ubaldofernandes.com\/index.php\/news\/deputados-relatam-lutas-em-prol-da-populacao-e-trabalhadores\/\"]}]},{\"@type\":\"ImageObject\",\"inLanguage\":\"pt-BR\",\"@id\":\"https:\/\/ubaldofernandes.com\/index.php\/news\/deputados-relatam-lutas-em-prol-da-populacao-e-trabalhadores\/#primaryimage\",\"url\":\"https:\/\/ubaldofernandes.com\/wp-content\/uploads\/2022\/03\/ALRN-2.jpg\",\"contentUrl\":\"https:\/\/ubaldofernandes.com\/wp-content\/uploads\/2022\/03\/ALRN-2.jpg\",\"width\":696,\"height\":460},{\"@type\":\"BreadcrumbList\",\"@id\":\"https:\/\/ubaldofernandes.com\/index.php\/news\/deputados-relatam-lutas-em-prol-da-populacao-e-trabalhadores\/#breadcrumb\",\"itemListElement\":[{\"@type\":\"ListItem\",\"position\":1,\"name\":\"In\u00edcio\",\"item\":\"https:\/\/ubaldofernandes.com\/\"},{\"@type\":\"ListItem\",\"position\":2,\"name\":\"Not\u00edcias\",\"item\":\"https:\/\/ubaldofernandes.com\/index.php\/news\/\"},{\"@type\":\"ListItem\",\"position\":3,\"name\":\"Deputados relatam lutas em prol da popula\u00e7\u00e3o e trabalhadores\"}]},{\"@type\":\"WebSite\",\"@id\":\"https:\/\/ubaldofernandes.com\/#website\",\"url\":\"https:\/\/ubaldofernandes.com\/\",\"name\":\"Ubaldo Fernandes\",\"description\":\"Deputado Estadual\",\"potentialAction\":[{\"@type\":\"SearchAction\",\"target\":{\"@type\":\"EntryPoint\",\"urlTemplate\":\"https:\/\/ubaldofernandes.com\/?s={search_term_string}\"},\"query-input\":{\"@type\":\"PropertyValueSpecification\",\"valueRequired\":true,\"valueName\":\"search_term_string\"}}],\"inLanguage\":\"pt-BR\"}]}<\/script>\n<!-- \/ Yoast SEO plugin. -->","yoast_head_json":{"title":"Deputados relatam lutas em prol da popula\u00e7\u00e3o e trabalhadores - Ubaldo Fernandes","robots":{"index":"index","follow":"follow","max-snippet":"max-snippet:-1","max-image-preview":"max-image-preview:large","max-video-preview":"max-video-preview:-1"},"canonical":"https:\/\/ubaldofernandes.com\/index.php\/news\/deputados-relatam-lutas-em-prol-da-populacao-e-trabalhadores\/","og_locale":"pt_BR","og_type":"article","og_title":"Deputados relatam lutas em prol da popula\u00e7\u00e3o e trabalhadores - Ubaldo Fernandes","og_description":"O deputado estadual Vivaldo Costa (PSD) debateu nesta quarta-feira (16), durante sess\u00e3o ordin\u00e1ria na Assembleia Legislativa, sobre atendimento psiqui\u00e1trico para pessoas portadoras de necessidades especiais. O parlamentar afirmou que h\u00e1 muito tempo vem lutando para garantir a presen\u00e7a de psic\u00f3logos e psiquiatras em prontos-socorros e unidades b\u00e1sicas de sa\u00fade. \u201cO Minist\u00e9rio da Sa\u00fade est\u00e1 totalmente [&hellip;]","og_url":"https:\/\/ubaldofernandes.com\/index.php\/news\/deputados-relatam-lutas-em-prol-da-populacao-e-trabalhadores\/","og_site_name":"Ubaldo Fernandes","article_modified_time":"2022-03-22T13:15:55+00:00","og_image":[{"width":696,"height":460,"url":"https:\/\/ubaldofernandes.com\/wp-content\/uploads\/2022\/03\/ALRN-2.jpg","type":"image\/jpeg"}],"twitter_card":"summary_large_image","twitter_misc":{"Est. tempo de leitura":"2 minutos"},"schema":{"@context":"https:\/\/schema.org","@graph":[{"@type":"WebPage","@id":"https:\/\/ubaldofernandes.com\/index.php\/news\/deputados-relatam-lutas-em-prol-da-populacao-e-trabalhadores\/","url":"https:\/\/ubaldofernandes.com\/index.php\/news\/deputados-relatam-lutas-em-prol-da-populacao-e-trabalhadores\/","name":"Deputados relatam lutas em prol da popula\u00e7\u00e3o e trabalhadores - Ubaldo Fernandes","isPartOf":{"@id":"https:\/\/ubaldofernandes.com\/#website"},"primaryImageOfPage":{"@id":"https:\/\/ubaldofernandes.com\/index.php\/news\/deputados-relatam-lutas-em-prol-da-populacao-e-trabalhadores\/#primaryimage"},"image":{"@id":"https:\/\/ubaldofernandes.com\/index.php\/news\/deputados-relatam-lutas-em-prol-da-populacao-e-trabalhadores\/#primaryimage"},"thumbnailUrl":"https:\/\/ubaldofernandes.com\/wp-content\/uploads\/2022\/03\/ALRN-2.jpg","datePublished":"2022-03-17T02:13:00+00:00","dateModified":"2022-03-22T13:15:55+00:00","breadcrumb":{"@id":"https:\/\/ubaldofernandes.com\/index.php\/news\/deputados-relatam-lutas-em-prol-da-populacao-e-trabalhadores\/#breadcrumb"},"inLanguage":"pt-BR","potentialAction":[{"@type":"ReadAction","target":["https:\/\/ubaldofernandes.com\/index.php\/news\/deputados-relatam-lutas-em-prol-da-populacao-e-trabalhadores\/"]}]},{"@type":"ImageObject","inLanguage":"pt-BR","@id":"https:\/\/ubaldofernandes.com\/index.php\/news\/deputados-relatam-lutas-em-prol-da-populacao-e-trabalhadores\/#primaryimage","url":"https:\/\/ubaldofernandes.com\/wp-content\/uploads\/2022\/03\/ALRN-2.jpg","contentUrl":"https:\/\/ubaldofernandes.com\/wp-content\/uploads\/2022\/03\/ALRN-2.jpg","width":696,"height":460},{"@type":"BreadcrumbList","@id":"https:\/\/ubaldofernandes.com\/index.php\/news\/deputados-relatam-lutas-em-prol-da-populacao-e-trabalhadores\/#breadcrumb","itemListElement":[{"@type":"ListItem","position":1,"name":"In\u00edcio","item":"https:\/\/ubaldofernandes.com\/"},{"@type":"ListItem","position":2,"name":"Not\u00edcias","item":"https:\/\/ubaldofernandes.com\/index.php\/news\/"},{"@type":"ListItem","position":3,"name":"Deputados relatam lutas em prol da popula\u00e7\u00e3o e trabalhadores"}]},{"@type":"WebSite","@id":"https:\/\/ubaldofernandes.com\/#website","url":"https:\/\/ubaldofernandes.com\/","name":"Ubaldo Fernandes","description":"Deputado Estadual","potentialAction":[{"@type":"SearchAction","target":{"@type":"EntryPoint","urlTemplate":"https:\/\/ubaldofernandes.com\/?s={search_term_string}"},"query-input":{"@type":"PropertyValueSpecification","valueRequired":true,"valueName":"search_term_string"}}],"inLanguage":"pt-BR"}]}},"_links":{"self":[{"href":"https:\/\/ubaldofernandes.com\/index.php\/wp-json\/wp\/v2\/news\/4259","targetHints":{"allow":["GET"]}}],"collection":[{"href":"https:\/\/ubaldofernandes.com\/index.php\/wp-json\/wp\/v2\/news"}],"about":[{"href":"https:\/\/ubaldofernandes.com\/index.php\/wp-json\/wp\/v2\/types\/news"}],"wp:featuredmedia":[{"embeddable":true,"href":"https:\/\/ubaldofernandes.com\/index.php\/wp-json\/wp\/v2\/media\/4260"}],"wp:attachment":[{"href":"https:\/\/ubaldofernandes.com\/index.php\/wp-json\/wp\/v2\/media?parent=4259"}],"curies":[{"name":"wp","href":"https:\/\/api.w.org\/{rel}","templated":true}]}}