{"id":4269,"date":"2022-03-16T17:08:52","date_gmt":"2022-03-16T20:08:52","guid":{"rendered":"https:\/\/ubaldofernandes.com\/?post_type=news&#038;p=4269"},"modified":"2022-03-22T11:11:40","modified_gmt":"2022-03-22T14:11:40","slug":"ubaldo-confirma-saida-do-pl-psdb-e-uma-boa-alternativa-partidaria","status":"publish","type":"news","link":"https:\/\/ubaldofernandes.com\/index.php\/news\/ubaldo-confirma-saida-do-pl-psdb-e-uma-boa-alternativa-partidaria\/","title":{"rendered":"Ubaldo confirma sa\u00edda do PL: \u201cPSDB \u00e9 uma boa alternativa partid\u00e1ria\u201d"},"content":{"rendered":"\n<p>As movimenta\u00e7\u00f5es partid\u00e1rias com a abertura da \u00b4janela` para troca de partidos, at\u00e9 dia 1 de abril para quem quiser concorrer nas elei\u00e7\u00f5es deste ano, n\u00e3o param. E podem afetar as composi\u00e7\u00f5es pol\u00edticas na Assembleia Legislativa do RN. Nessa \u00b4dan\u00e7a das cadeiras` um dos partidos que pode perder toda a sua bancada \u00e9 o Partido Liberal (PL), j\u00e1 que os tr\u00eas deputados estaduais da sigla, Ubaldo Fernandes, George Soares e Kl\u00e9ber Rodrigues est\u00e3o em processo de desembarque da legenda.\u200b<\/p>\n\n\n\n<p>\u200b\u201dSim, d\u200be fato, h\u00e1 essa possibilidade\u200b de sair do PL\u200b, diante da oportunidade que temos de mudar de partido com o per\u00edodo da janela partid\u00e1ria que iniciou no dia 3 de mar\u00e7o e encerrar\u00e1 no dia 1\u00ba de abril. Cogito a sa\u00edda do Partido Liberal somente diante da necessidade de buscar melhores nominatas, que deem viabilidade eleitoral para nosso projeto de reelei\u00e7\u00e3o.\u200b\u201d, afirmou Ubaldo \u00e0 reportagem da Ag\u00eancia&nbsp;<strong>Saiba Mais<\/strong>.<\/p>\n\n\n\n<p>Sobre a nova casa partid\u00e1ria, Ubaldo foi direto. \u201cRealmente, o PSDB vem se apresentando como uma dessas alternativas, com melhor percentual para obtermos \u00eaxito, com a constru\u00e7\u00e3o de uma nominata forte\u200b\u201d, admitiu.\u200b<\/p>\n\n\n\n<p>\u200bPerguntando se n\u00e3o teme\u200bria\u200b que o \u200b\u00b4\u200bincha\u00e7o\u200b`\u200b de deputados no partido coloque em risco a elei\u00e7\u00e3o de alguns deles, \u200bUbaldo afirmou que \u200b\u201dos riscos existem em praticamente todas as composi\u00e7\u00f5es que estamos analisando, algu\u200bmas\u200b com mais\u200b riscos\u200b e outr\u200ba\u200bs com menos. Ocorre que outras legendas com menos deputados em busca de reelei\u00e7\u00e3o n\u00e3o sinalizam interesse de receber nossa candidatura e outros partidos que at\u00e9 demonstram essa vontade n\u00e3o apresentam, pelo menos at\u00e9 este momento, nominatas consistentes que sejam interessantes para somarmos nas elei\u00e7\u00f5es de outubro\u200b\u201d\u200b.<\/p>\n\n\n\n<p>\u200bQuanto a George e Kl\u00e9ber, pelas declara\u00e7\u00f5es de ambos nas \u00faltimas semanas, tamb\u00e9m est\u00e3o em di\u00e1logo avan\u00e7ado com o PSDB.\u200b<\/p>\n\n\n\n<p>Mat\u00e9ria publicada no <a href=\"https:\/\/www.saibamais.jor.br\/ubaldo-confirma-saida-do-pl-psdb-e-uma-boa-alternativa-partidaria\/\">Portal Saiba Mais<\/a>. <\/p>\n","protected":false},"featured_media":4172,"parent":0,"template":"","class_list":["post-4269","news","type-news","status-publish","has-post-thumbnail","hentry"],"acf":[],"yoast_head":"<!-- This site is optimized with the Yoast SEO plugin v24.6 - https:\/\/yoast.com\/wordpress\/plugins\/seo\/ -->\n<title>Ubaldo confirma sa\u00edda do PL: \u201cPSDB \u00e9 uma boa alternativa partid\u00e1ria\u201d - Ubaldo Fernandes<\/title>\n<meta name=\"robots\" content=\"index, follow, max-snippet:-1, max-image-preview:large, max-video-preview:-1\" \/>\n<link rel=\"canonical\" href=\"https:\/\/ubaldofernandes.com\/index.php\/news\/ubaldo-confirma-saida-do-pl-psdb-e-uma-boa-alternativa-partidaria\/\" \/>\n<meta property=\"og:locale\" content=\"pt_BR\" \/>\n<meta property=\"og:type\" content=\"article\" \/>\n<meta property=\"og:title\" content=\"Ubaldo confirma sa\u00edda do PL: \u201cPSDB \u00e9 uma boa alternativa partid\u00e1ria\u201d - Ubaldo Fernandes\" \/>\n<meta property=\"og:description\" content=\"As movimenta\u00e7\u00f5es partid\u00e1rias com a abertura da \u00b4janela` para troca de partidos, at\u00e9 dia 1 de abril para quem quiser concorrer nas elei\u00e7\u00f5es deste ano, n\u00e3o param. E podem afetar as composi\u00e7\u00f5es pol\u00edticas na Assembleia Legislativa do RN. Nessa \u00b4dan\u00e7a das cadeiras` um dos partidos que pode perder toda a sua bancada \u00e9 o Partido [&hellip;]\" \/>\n<meta property=\"og:url\" content=\"https:\/\/ubaldofernandes.com\/index.php\/news\/ubaldo-confirma-saida-do-pl-psdb-e-uma-boa-alternativa-partidaria\/\" \/>\n<meta property=\"og:site_name\" content=\"Ubaldo Fernandes\" \/>\n<meta property=\"article:modified_time\" content=\"2022-03-22T14:11:40+00:00\" \/>\n<meta property=\"og:image\" content=\"https:\/\/ubaldofernandes.com\/wp-content\/uploads\/2022\/03\/Ubaldo-UERN2.jpg\" \/>\n\t<meta property=\"og:image:width\" content=\"430\" \/>\n\t<meta property=\"og:image:height\" content=\"287\" \/>\n\t<meta property=\"og:image:type\" content=\"image\/jpeg\" \/>\n<meta name=\"twitter:card\" content=\"summary_large_image\" \/>\n<meta name=\"twitter:label1\" content=\"Est. tempo de leitura\" \/>\n\t<meta name=\"twitter:data1\" content=\"2 minutos\" \/>\n<script type=\"application\/ld+json\" class=\"yoast-schema-graph\">{\"@context\":\"https:\/\/schema.org\",\"@graph\":[{\"@type\":\"WebPage\",\"@id\":\"https:\/\/ubaldofernandes.com\/index.php\/news\/ubaldo-confirma-saida-do-pl-psdb-e-uma-boa-alternativa-partidaria\/\",\"url\":\"https:\/\/ubaldofernandes.com\/index.php\/news\/ubaldo-confirma-saida-do-pl-psdb-e-uma-boa-alternativa-partidaria\/\",\"name\":\"Ubaldo confirma sa\u00edda do PL: \u201cPSDB \u00e9 uma boa alternativa partid\u00e1ria\u201d - Ubaldo Fernandes\",\"isPartOf\":{\"@id\":\"https:\/\/ubaldofernandes.com\/#website\"},\"primaryImageOfPage\":{\"@id\":\"https:\/\/ubaldofernandes.com\/index.php\/news\/ubaldo-confirma-saida-do-pl-psdb-e-uma-boa-alternativa-partidaria\/#primaryimage\"},\"image\":{\"@id\":\"https:\/\/ubaldofernandes.com\/index.php\/news\/ubaldo-confirma-saida-do-pl-psdb-e-uma-boa-alternativa-partidaria\/#primaryimage\"},\"thumbnailUrl\":\"https:\/\/ubaldofernandes.com\/wp-content\/uploads\/2022\/03\/Ubaldo-UERN2.jpg\",\"datePublished\":\"2022-03-16T20:08:52+00:00\",\"dateModified\":\"2022-03-22T14:11:40+00:00\",\"breadcrumb\":{\"@id\":\"https:\/\/ubaldofernandes.com\/index.php\/news\/ubaldo-confirma-saida-do-pl-psdb-e-uma-boa-alternativa-partidaria\/#breadcrumb\"},\"inLanguage\":\"pt-BR\",\"potentialAction\":[{\"@type\":\"ReadAction\",\"target\":[\"https:\/\/ubaldofernandes.com\/index.php\/news\/ubaldo-confirma-saida-do-pl-psdb-e-uma-boa-alternativa-partidaria\/\"]}]},{\"@type\":\"ImageObject\",\"inLanguage\":\"pt-BR\",\"@id\":\"https:\/\/ubaldofernandes.com\/index.php\/news\/ubaldo-confirma-saida-do-pl-psdb-e-uma-boa-alternativa-partidaria\/#primaryimage\",\"url\":\"https:\/\/ubaldofernandes.com\/wp-content\/uploads\/2022\/03\/Ubaldo-UERN2.jpg\",\"contentUrl\":\"https:\/\/ubaldofernandes.com\/wp-content\/uploads\/2022\/03\/Ubaldo-UERN2.jpg\",\"width\":430,\"height\":287},{\"@type\":\"BreadcrumbList\",\"@id\":\"https:\/\/ubaldofernandes.com\/index.php\/news\/ubaldo-confirma-saida-do-pl-psdb-e-uma-boa-alternativa-partidaria\/#breadcrumb\",\"itemListElement\":[{\"@type\":\"ListItem\",\"position\":1,\"name\":\"In\u00edcio\",\"item\":\"https:\/\/ubaldofernandes.com\/\"},{\"@type\":\"ListItem\",\"position\":2,\"name\":\"Not\u00edcias\",\"item\":\"https:\/\/ubaldofernandes.com\/index.php\/news\/\"},{\"@type\":\"ListItem\",\"position\":3,\"name\":\"Ubaldo confirma sa\u00edda do PL: \u201cPSDB \u00e9 uma boa alternativa partid\u00e1ria\u201d\"}]},{\"@type\":\"WebSite\",\"@id\":\"https:\/\/ubaldofernandes.com\/#website\",\"url\":\"https:\/\/ubaldofernandes.com\/\",\"name\":\"Ubaldo Fernandes\",\"description\":\"Deputado Estadual\",\"potentialAction\":[{\"@type\":\"SearchAction\",\"target\":{\"@type\":\"EntryPoint\",\"urlTemplate\":\"https:\/\/ubaldofernandes.com\/?s={search_term_string}\"},\"query-input\":{\"@type\":\"PropertyValueSpecification\",\"valueRequired\":true,\"valueName\":\"search_term_string\"}}],\"inLanguage\":\"pt-BR\"}]}<\/script>\n<!-- \/ Yoast SEO plugin. -->","yoast_head_json":{"title":"Ubaldo confirma sa\u00edda do PL: \u201cPSDB \u00e9 uma boa alternativa partid\u00e1ria\u201d - Ubaldo Fernandes","robots":{"index":"index","follow":"follow","max-snippet":"max-snippet:-1","max-image-preview":"max-image-preview:large","max-video-preview":"max-video-preview:-1"},"canonical":"https:\/\/ubaldofernandes.com\/index.php\/news\/ubaldo-confirma-saida-do-pl-psdb-e-uma-boa-alternativa-partidaria\/","og_locale":"pt_BR","og_type":"article","og_title":"Ubaldo confirma sa\u00edda do PL: \u201cPSDB \u00e9 uma boa alternativa partid\u00e1ria\u201d - Ubaldo Fernandes","og_description":"As movimenta\u00e7\u00f5es partid\u00e1rias com a abertura da \u00b4janela` para troca de partidos, at\u00e9 dia 1 de abril para quem quiser concorrer nas elei\u00e7\u00f5es deste ano, n\u00e3o param. E podem afetar as composi\u00e7\u00f5es pol\u00edticas na Assembleia Legislativa do RN. Nessa \u00b4dan\u00e7a das cadeiras` um dos partidos que pode perder toda a sua bancada \u00e9 o Partido [&hellip;]","og_url":"https:\/\/ubaldofernandes.com\/index.php\/news\/ubaldo-confirma-saida-do-pl-psdb-e-uma-boa-alternativa-partidaria\/","og_site_name":"Ubaldo Fernandes","article_modified_time":"2022-03-22T14:11:40+00:00","og_image":[{"width":430,"height":287,"url":"https:\/\/ubaldofernandes.com\/wp-content\/uploads\/2022\/03\/Ubaldo-UERN2.jpg","type":"image\/jpeg"}],"twitter_card":"summary_large_image","twitter_misc":{"Est. tempo de leitura":"2 minutos"},"schema":{"@context":"https:\/\/schema.org","@graph":[{"@type":"WebPage","@id":"https:\/\/ubaldofernandes.com\/index.php\/news\/ubaldo-confirma-saida-do-pl-psdb-e-uma-boa-alternativa-partidaria\/","url":"https:\/\/ubaldofernandes.com\/index.php\/news\/ubaldo-confirma-saida-do-pl-psdb-e-uma-boa-alternativa-partidaria\/","name":"Ubaldo confirma sa\u00edda do PL: \u201cPSDB \u00e9 uma boa alternativa partid\u00e1ria\u201d - Ubaldo Fernandes","isPartOf":{"@id":"https:\/\/ubaldofernandes.com\/#website"},"primaryImageOfPage":{"@id":"https:\/\/ubaldofernandes.com\/index.php\/news\/ubaldo-confirma-saida-do-pl-psdb-e-uma-boa-alternativa-partidaria\/#primaryimage"},"image":{"@id":"https:\/\/ubaldofernandes.com\/index.php\/news\/ubaldo-confirma-saida-do-pl-psdb-e-uma-boa-alternativa-partidaria\/#primaryimage"},"thumbnailUrl":"https:\/\/ubaldofernandes.com\/wp-content\/uploads\/2022\/03\/Ubaldo-UERN2.jpg","datePublished":"2022-03-16T20:08:52+00:00","dateModified":"2022-03-22T14:11:40+00:00","breadcrumb":{"@id":"https:\/\/ubaldofernandes.com\/index.php\/news\/ubaldo-confirma-saida-do-pl-psdb-e-uma-boa-alternativa-partidaria\/#breadcrumb"},"inLanguage":"pt-BR","potentialAction":[{"@type":"ReadAction","target":["https:\/\/ubaldofernandes.com\/index.php\/news\/ubaldo-confirma-saida-do-pl-psdb-e-uma-boa-alternativa-partidaria\/"]}]},{"@type":"ImageObject","inLanguage":"pt-BR","@id":"https:\/\/ubaldofernandes.com\/index.php\/news\/ubaldo-confirma-saida-do-pl-psdb-e-uma-boa-alternativa-partidaria\/#primaryimage","url":"https:\/\/ubaldofernandes.com\/wp-content\/uploads\/2022\/03\/Ubaldo-UERN2.jpg","contentUrl":"https:\/\/ubaldofernandes.com\/wp-content\/uploads\/2022\/03\/Ubaldo-UERN2.jpg","width":430,"height":287},{"@type":"BreadcrumbList","@id":"https:\/\/ubaldofernandes.com\/index.php\/news\/ubaldo-confirma-saida-do-pl-psdb-e-uma-boa-alternativa-partidaria\/#breadcrumb","itemListElement":[{"@type":"ListItem","position":1,"name":"In\u00edcio","item":"https:\/\/ubaldofernandes.com\/"},{"@type":"ListItem","position":2,"name":"Not\u00edcias","item":"https:\/\/ubaldofernandes.com\/index.php\/news\/"},{"@type":"ListItem","position":3,"name":"Ubaldo confirma sa\u00edda do PL: \u201cPSDB \u00e9 uma boa alternativa partid\u00e1ria\u201d"}]},{"@type":"WebSite","@id":"https:\/\/ubaldofernandes.com\/#website","url":"https:\/\/ubaldofernandes.com\/","name":"Ubaldo Fernandes","description":"Deputado Estadual","potentialAction":[{"@type":"SearchAction","target":{"@type":"EntryPoint","urlTemplate":"https:\/\/ubaldofernandes.com\/?s={search_term_string}"},"query-input":{"@type":"PropertyValueSpecification","valueRequired":true,"valueName":"search_term_string"}}],"inLanguage":"pt-BR"}]}},"_links":{"self":[{"href":"https:\/\/ubaldofernandes.com\/index.php\/wp-json\/wp\/v2\/news\/4269","targetHints":{"allow":["GET"]}}],"collection":[{"href":"https:\/\/ubaldofernandes.com\/index.php\/wp-json\/wp\/v2\/news"}],"about":[{"href":"https:\/\/ubaldofernandes.com\/index.php\/wp-json\/wp\/v2\/types\/news"}],"wp:featuredmedia":[{"embeddable":true,"href":"https:\/\/ubaldofernandes.com\/index.php\/wp-json\/wp\/v2\/media\/4172"}],"wp:attachment":[{"href":"https:\/\/ubaldofernandes.com\/index.php\/wp-json\/wp\/v2\/media?parent=4269"}],"curies":[{"name":"wp","href":"https:\/\/api.w.org\/{rel}","templated":true}]}}