{"id":4319,"date":"2022-03-31T14:40:12","date_gmt":"2022-03-31T17:40:12","guid":{"rendered":"https:\/\/ubaldofernandes.com\/?post_type=news&#038;p=4319"},"modified":"2022-04-01T09:03:22","modified_gmt":"2022-04-01T12:03:22","slug":"ubaldo-fernandes-se-filia-ao-psdb","status":"publish","type":"news","link":"https:\/\/ubaldofernandes.com\/index.php\/news\/ubaldo-fernandes-se-filia-ao-psdb\/","title":{"rendered":"Ubaldo Fernandes se filia ao PSDB"},"content":{"rendered":"\n<p>Aproveitando a reta final da janela partid\u00e1ria, que permite a mudan\u00e7a dos politicos de partidos \u2013 sem perda de mandato \u2013 e visando maior viabilidade eleitoral para sua reelei\u00e7\u00e3o, o deputado estadual Ubaldo Fernandes saiu do PL e se filiou, na manh\u00e3 desta quinta-feira (31), ao PSDB, ocasi\u00e3o em que oficializou sua pr\u00e9-candidatura a uma vaga na Assembleia Legislativa para o pr\u00f3ximo quadri\u00eanio. O ingresso na nova agremia\u00e7\u00e3o aconteceu no evento \u201cComo ser\u00e1 o mundo influenciado por voc\u00ea?\u201d, organizado pelo diret\u00f3rio estadual tucano, no Versailles Recep\u00e7\u00f5es.<\/p>\n\n\n\n<p>\u201cChego com muita determina\u00e7\u00e3o e a certeza de que podemos e vamos fazer muito mais pelo desenvolvimento do nosso amado Rio Grande do Norte. As mudan\u00e7as, \u00e0s vezes, s\u00e3o necess\u00e1rias nas nossas vidas e n\u00e3o seria diferente na trajet\u00f3ria pol\u00edtica, diante do prop\u00f3sito maior de continuar evoluindo e representando bem o nosso povo. Represento um percentual significativo e crescente de norte-rio-grandenses que est\u00e3o satisfeitos com nosso trabalho e querem a continuidade desta atua\u00e7\u00e3o. Assim, aproveito essa oportunidade que pode nos dar mais possibilidade de \u00eaxito nas elei\u00e7\u00f5es de outubro pr\u00f3ximo\u201d, destaca o parlamentar<\/p>\n\n\n\n<p>EVENTO<br>O evento do PSDB&nbsp; contou com palestras de influencers, com pain\u00e9is sobre a import\u00e2ncia da pol\u00edtica para os jovens. O pr\u00e9-candidato \u00e0 presid\u00eancia pelo PSDB, o governador de S\u00e3o Paulo, Jo\u00e3o D\u00f3ria tamb\u00e9m participou atrav\u00e9s de v\u00eddeoconfer\u00eancia. No evento tamb\u00e9m houve uma homenagem p\u00f3stuma ao fundador do partido, o ex-senador e ex-governador Geraldo Melo.<\/p>\n\n\n\n<p>Mat\u00e9ria publicada no <a href=\"https:\/\/blogdopassaro.com.br\/ubaldo-fernandes-se-filia-ao-psdb\/\">Blog do P\u00e1ssaro<\/a>. <\/p>\n","protected":false},"featured_media":4317,"parent":0,"template":"","class_list":["post-4319","news","type-news","status-publish","has-post-thumbnail","hentry"],"acf":[],"yoast_head":"<!-- This site is optimized with the Yoast SEO plugin v24.6 - https:\/\/yoast.com\/wordpress\/plugins\/seo\/ -->\n<title>Ubaldo Fernandes se filia ao PSDB - Ubaldo Fernandes<\/title>\n<meta name=\"robots\" content=\"index, follow, max-snippet:-1, max-image-preview:large, max-video-preview:-1\" \/>\n<link rel=\"canonical\" href=\"https:\/\/ubaldofernandes.com\/index.php\/news\/ubaldo-fernandes-se-filia-ao-psdb\/\" \/>\n<meta property=\"og:locale\" content=\"pt_BR\" \/>\n<meta property=\"og:type\" content=\"article\" \/>\n<meta property=\"og:title\" content=\"Ubaldo Fernandes se filia ao PSDB - Ubaldo Fernandes\" \/>\n<meta property=\"og:description\" content=\"Aproveitando a reta final da janela partid\u00e1ria, que permite a mudan\u00e7a dos politicos de partidos \u2013 sem perda de mandato \u2013 e visando maior viabilidade eleitoral para sua reelei\u00e7\u00e3o, o deputado estadual Ubaldo Fernandes saiu do PL e se filiou, na manh\u00e3 desta quinta-feira (31), ao PSDB, ocasi\u00e3o em que oficializou sua pr\u00e9-candidatura a uma [&hellip;]\" \/>\n<meta property=\"og:url\" content=\"https:\/\/ubaldofernandes.com\/index.php\/news\/ubaldo-fernandes-se-filia-ao-psdb\/\" \/>\n<meta property=\"og:site_name\" content=\"Ubaldo Fernandes\" \/>\n<meta property=\"article:modified_time\" content=\"2022-04-01T12:03:22+00:00\" \/>\n<meta property=\"og:image\" content=\"https:\/\/ubaldofernandes.com\/wp-content\/uploads\/2022\/04\/UBaldo-PSDB.jpeg\" \/>\n\t<meta property=\"og:image:width\" content=\"1024\" \/>\n\t<meta property=\"og:image:height\" content=\"683\" \/>\n\t<meta property=\"og:image:type\" content=\"image\/jpeg\" \/>\n<meta name=\"twitter:card\" content=\"summary_large_image\" \/>\n<meta name=\"twitter:label1\" content=\"Est. tempo de leitura\" \/>\n\t<meta name=\"twitter:data1\" content=\"1 minuto\" \/>\n<script type=\"application\/ld+json\" class=\"yoast-schema-graph\">{\"@context\":\"https:\/\/schema.org\",\"@graph\":[{\"@type\":\"WebPage\",\"@id\":\"https:\/\/ubaldofernandes.com\/index.php\/news\/ubaldo-fernandes-se-filia-ao-psdb\/\",\"url\":\"https:\/\/ubaldofernandes.com\/index.php\/news\/ubaldo-fernandes-se-filia-ao-psdb\/\",\"name\":\"Ubaldo Fernandes se filia ao PSDB - Ubaldo Fernandes\",\"isPartOf\":{\"@id\":\"https:\/\/ubaldofernandes.com\/#website\"},\"primaryImageOfPage\":{\"@id\":\"https:\/\/ubaldofernandes.com\/index.php\/news\/ubaldo-fernandes-se-filia-ao-psdb\/#primaryimage\"},\"image\":{\"@id\":\"https:\/\/ubaldofernandes.com\/index.php\/news\/ubaldo-fernandes-se-filia-ao-psdb\/#primaryimage\"},\"thumbnailUrl\":\"https:\/\/ubaldofernandes.com\/wp-content\/uploads\/2022\/04\/UBaldo-PSDB.jpeg\",\"datePublished\":\"2022-03-31T17:40:12+00:00\",\"dateModified\":\"2022-04-01T12:03:22+00:00\",\"breadcrumb\":{\"@id\":\"https:\/\/ubaldofernandes.com\/index.php\/news\/ubaldo-fernandes-se-filia-ao-psdb\/#breadcrumb\"},\"inLanguage\":\"pt-BR\",\"potentialAction\":[{\"@type\":\"ReadAction\",\"target\":[\"https:\/\/ubaldofernandes.com\/index.php\/news\/ubaldo-fernandes-se-filia-ao-psdb\/\"]}]},{\"@type\":\"ImageObject\",\"inLanguage\":\"pt-BR\",\"@id\":\"https:\/\/ubaldofernandes.com\/index.php\/news\/ubaldo-fernandes-se-filia-ao-psdb\/#primaryimage\",\"url\":\"https:\/\/ubaldofernandes.com\/wp-content\/uploads\/2022\/04\/UBaldo-PSDB.jpeg\",\"contentUrl\":\"https:\/\/ubaldofernandes.com\/wp-content\/uploads\/2022\/04\/UBaldo-PSDB.jpeg\",\"width\":1024,\"height\":683},{\"@type\":\"BreadcrumbList\",\"@id\":\"https:\/\/ubaldofernandes.com\/index.php\/news\/ubaldo-fernandes-se-filia-ao-psdb\/#breadcrumb\",\"itemListElement\":[{\"@type\":\"ListItem\",\"position\":1,\"name\":\"In\u00edcio\",\"item\":\"https:\/\/ubaldofernandes.com\/\"},{\"@type\":\"ListItem\",\"position\":2,\"name\":\"Not\u00edcias\",\"item\":\"https:\/\/ubaldofernandes.com\/index.php\/news\/\"},{\"@type\":\"ListItem\",\"position\":3,\"name\":\"Ubaldo Fernandes se filia ao PSDB\"}]},{\"@type\":\"WebSite\",\"@id\":\"https:\/\/ubaldofernandes.com\/#website\",\"url\":\"https:\/\/ubaldofernandes.com\/\",\"name\":\"Ubaldo Fernandes\",\"description\":\"Deputado Estadual\",\"potentialAction\":[{\"@type\":\"SearchAction\",\"target\":{\"@type\":\"EntryPoint\",\"urlTemplate\":\"https:\/\/ubaldofernandes.com\/?s={search_term_string}\"},\"query-input\":{\"@type\":\"PropertyValueSpecification\",\"valueRequired\":true,\"valueName\":\"search_term_string\"}}],\"inLanguage\":\"pt-BR\"}]}<\/script>\n<!-- \/ Yoast SEO plugin. -->","yoast_head_json":{"title":"Ubaldo Fernandes se filia ao PSDB - Ubaldo Fernandes","robots":{"index":"index","follow":"follow","max-snippet":"max-snippet:-1","max-image-preview":"max-image-preview:large","max-video-preview":"max-video-preview:-1"},"canonical":"https:\/\/ubaldofernandes.com\/index.php\/news\/ubaldo-fernandes-se-filia-ao-psdb\/","og_locale":"pt_BR","og_type":"article","og_title":"Ubaldo Fernandes se filia ao PSDB - Ubaldo Fernandes","og_description":"Aproveitando a reta final da janela partid\u00e1ria, que permite a mudan\u00e7a dos politicos de partidos \u2013 sem perda de mandato \u2013 e visando maior viabilidade eleitoral para sua reelei\u00e7\u00e3o, o deputado estadual Ubaldo Fernandes saiu do PL e se filiou, na manh\u00e3 desta quinta-feira (31), ao PSDB, ocasi\u00e3o em que oficializou sua pr\u00e9-candidatura a uma [&hellip;]","og_url":"https:\/\/ubaldofernandes.com\/index.php\/news\/ubaldo-fernandes-se-filia-ao-psdb\/","og_site_name":"Ubaldo Fernandes","article_modified_time":"2022-04-01T12:03:22+00:00","og_image":[{"width":1024,"height":683,"url":"https:\/\/ubaldofernandes.com\/wp-content\/uploads\/2022\/04\/UBaldo-PSDB.jpeg","type":"image\/jpeg"}],"twitter_card":"summary_large_image","twitter_misc":{"Est. tempo de leitura":"1 minuto"},"schema":{"@context":"https:\/\/schema.org","@graph":[{"@type":"WebPage","@id":"https:\/\/ubaldofernandes.com\/index.php\/news\/ubaldo-fernandes-se-filia-ao-psdb\/","url":"https:\/\/ubaldofernandes.com\/index.php\/news\/ubaldo-fernandes-se-filia-ao-psdb\/","name":"Ubaldo Fernandes se filia ao PSDB - Ubaldo Fernandes","isPartOf":{"@id":"https:\/\/ubaldofernandes.com\/#website"},"primaryImageOfPage":{"@id":"https:\/\/ubaldofernandes.com\/index.php\/news\/ubaldo-fernandes-se-filia-ao-psdb\/#primaryimage"},"image":{"@id":"https:\/\/ubaldofernandes.com\/index.php\/news\/ubaldo-fernandes-se-filia-ao-psdb\/#primaryimage"},"thumbnailUrl":"https:\/\/ubaldofernandes.com\/wp-content\/uploads\/2022\/04\/UBaldo-PSDB.jpeg","datePublished":"2022-03-31T17:40:12+00:00","dateModified":"2022-04-01T12:03:22+00:00","breadcrumb":{"@id":"https:\/\/ubaldofernandes.com\/index.php\/news\/ubaldo-fernandes-se-filia-ao-psdb\/#breadcrumb"},"inLanguage":"pt-BR","potentialAction":[{"@type":"ReadAction","target":["https:\/\/ubaldofernandes.com\/index.php\/news\/ubaldo-fernandes-se-filia-ao-psdb\/"]}]},{"@type":"ImageObject","inLanguage":"pt-BR","@id":"https:\/\/ubaldofernandes.com\/index.php\/news\/ubaldo-fernandes-se-filia-ao-psdb\/#primaryimage","url":"https:\/\/ubaldofernandes.com\/wp-content\/uploads\/2022\/04\/UBaldo-PSDB.jpeg","contentUrl":"https:\/\/ubaldofernandes.com\/wp-content\/uploads\/2022\/04\/UBaldo-PSDB.jpeg","width":1024,"height":683},{"@type":"BreadcrumbList","@id":"https:\/\/ubaldofernandes.com\/index.php\/news\/ubaldo-fernandes-se-filia-ao-psdb\/#breadcrumb","itemListElement":[{"@type":"ListItem","position":1,"name":"In\u00edcio","item":"https:\/\/ubaldofernandes.com\/"},{"@type":"ListItem","position":2,"name":"Not\u00edcias","item":"https:\/\/ubaldofernandes.com\/index.php\/news\/"},{"@type":"ListItem","position":3,"name":"Ubaldo Fernandes se filia ao PSDB"}]},{"@type":"WebSite","@id":"https:\/\/ubaldofernandes.com\/#website","url":"https:\/\/ubaldofernandes.com\/","name":"Ubaldo Fernandes","description":"Deputado Estadual","potentialAction":[{"@type":"SearchAction","target":{"@type":"EntryPoint","urlTemplate":"https:\/\/ubaldofernandes.com\/?s={search_term_string}"},"query-input":{"@type":"PropertyValueSpecification","valueRequired":true,"valueName":"search_term_string"}}],"inLanguage":"pt-BR"}]}},"_links":{"self":[{"href":"https:\/\/ubaldofernandes.com\/index.php\/wp-json\/wp\/v2\/news\/4319","targetHints":{"allow":["GET"]}}],"collection":[{"href":"https:\/\/ubaldofernandes.com\/index.php\/wp-json\/wp\/v2\/news"}],"about":[{"href":"https:\/\/ubaldofernandes.com\/index.php\/wp-json\/wp\/v2\/types\/news"}],"wp:featuredmedia":[{"embeddable":true,"href":"https:\/\/ubaldofernandes.com\/index.php\/wp-json\/wp\/v2\/media\/4317"}],"wp:attachment":[{"href":"https:\/\/ubaldofernandes.com\/index.php\/wp-json\/wp\/v2\/media?parent=4319"}],"curies":[{"name":"wp","href":"https:\/\/api.w.org\/{rel}","templated":true}]}}