{"id":4372,"date":"2022-04-23T21:16:00","date_gmt":"2022-04-24T00:16:00","guid":{"rendered":"https:\/\/ubaldofernandes.com\/?post_type=news&#038;p=4372"},"modified":"2022-04-25T10:42:59","modified_gmt":"2022-04-25T13:42:59","slug":"ubaldo-destaca-lei-de-sua-autoria-em-evento-em-macaiba-com-radialistas-comunitarios-do-rn","status":"publish","type":"news","link":"https:\/\/ubaldofernandes.com\/index.php\/news\/ubaldo-destaca-lei-de-sua-autoria-em-evento-em-macaiba-com-radialistas-comunitarios-do-rn\/","title":{"rendered":"Ubaldo destaca Lei de sua autoria em evento em Maca\u00edba com radialistas comunit\u00e1rios do RN"},"content":{"rendered":"\n<p>Deputado estadual que \u00e9 autor da Lei n\u00b0 10.762, de 2020, que criou o Programa de Fomento ao Servi\u00e7o de Radiodifus\u00e3o Comunit\u00e1ria do Rio Grande do Norte, Ubaldo Fernandes fez quest\u00e3o de participar, neste s\u00e1bado (23), do Semin\u00e1rio da Associa\u00e7\u00e3o Brasileira de R\u00e1dios Comunit\u00e1rias (Abra\u00e7o Brasil e Abra\u00e7o Potiguar), que tem como presidentes, respectivamente, Geremias Santos e Thomas Sena.<\/p>\n\n\n\n<p>Com o tema \u201cLutar, resistir, transmitir sempre!\u201d, o evento tamb\u00e9m contou com as participa\u00e7\u00f5es do jornalista Ciro Pedroza e do diretor da Abra\u00e7o Potiguar, \u00c9zio Renato. \u201cFoi um momento importante para debater as lutas que precisam defender para fortalecer as r\u00e1dios comunit\u00e1rias, se atualizando sobre a legisla\u00e7\u00e3o nacional de interesse do segmento, mas tamb\u00e9m fazendo interc\u00e2mbio entre as v\u00e1rios r\u00e1dios comunit\u00e1rias do estado. Tenho viajado e dado entrevistas em v\u00e1rias emissoras que prestam relevantes servi\u00e7os \u00e0s suas comunidades e parabenizo a todos pela atua\u00e7\u00e3o comprometida\u201d, disse o parlamentar.<\/p>\n\n\n\n<p>Mat\u00e9ria publicada no <a href=\"https:\/\/blogafonte.com.br\/2022\/04\/23\/ubaldo-destaca-lei-de-sua-autoria-em-evento-em-macaiba-com-radialistas-comunitarios-do-rn\/\">Blog A Fonte<\/a>. <\/p>\n","protected":false},"featured_media":4373,"parent":0,"template":"","class_list":["post-4372","news","type-news","status-publish","has-post-thumbnail","hentry"],"acf":[],"yoast_head":"<!-- This site is optimized with the Yoast SEO plugin v24.6 - https:\/\/yoast.com\/wordpress\/plugins\/seo\/ -->\n<title>Ubaldo destaca Lei de sua autoria em evento em Maca\u00edba com radialistas comunit\u00e1rios do RN - Ubaldo Fernandes<\/title>\n<meta name=\"robots\" content=\"index, follow, max-snippet:-1, max-image-preview:large, max-video-preview:-1\" \/>\n<link rel=\"canonical\" href=\"https:\/\/ubaldofernandes.com\/index.php\/news\/ubaldo-destaca-lei-de-sua-autoria-em-evento-em-macaiba-com-radialistas-comunitarios-do-rn\/\" \/>\n<meta property=\"og:locale\" content=\"pt_BR\" \/>\n<meta property=\"og:type\" content=\"article\" \/>\n<meta property=\"og:title\" content=\"Ubaldo destaca Lei de sua autoria em evento em Maca\u00edba com radialistas comunit\u00e1rios do RN - Ubaldo Fernandes\" \/>\n<meta property=\"og:description\" content=\"Deputado estadual que \u00e9 autor da Lei n\u00b0 10.762, de 2020, que criou o Programa de Fomento ao Servi\u00e7o de Radiodifus\u00e3o Comunit\u00e1ria do Rio Grande do Norte, Ubaldo Fernandes fez quest\u00e3o de participar, neste s\u00e1bado (23), do Semin\u00e1rio da Associa\u00e7\u00e3o Brasileira de R\u00e1dios Comunit\u00e1rias (Abra\u00e7o Brasil e Abra\u00e7o Potiguar), que tem como presidentes, respectivamente, Geremias [&hellip;]\" \/>\n<meta property=\"og:url\" content=\"https:\/\/ubaldofernandes.com\/index.php\/news\/ubaldo-destaca-lei-de-sua-autoria-em-evento-em-macaiba-com-radialistas-comunitarios-do-rn\/\" \/>\n<meta property=\"og:site_name\" content=\"Ubaldo Fernandes\" \/>\n<meta property=\"article:modified_time\" content=\"2022-04-25T13:42:59+00:00\" \/>\n<meta property=\"og:image\" content=\"https:\/\/ubaldofernandes.com\/wp-content\/uploads\/2022\/04\/Ubaldo-Abraco.jpeg\" \/>\n\t<meta property=\"og:image:width\" content=\"1196\" \/>\n\t<meta property=\"og:image:height\" content=\"901\" \/>\n\t<meta property=\"og:image:type\" content=\"image\/jpeg\" \/>\n<meta name=\"twitter:card\" content=\"summary_large_image\" \/>\n<meta name=\"twitter:label1\" content=\"Est. tempo de leitura\" \/>\n\t<meta name=\"twitter:data1\" content=\"1 minuto\" \/>\n<script type=\"application\/ld+json\" class=\"yoast-schema-graph\">{\"@context\":\"https:\/\/schema.org\",\"@graph\":[{\"@type\":\"WebPage\",\"@id\":\"https:\/\/ubaldofernandes.com\/index.php\/news\/ubaldo-destaca-lei-de-sua-autoria-em-evento-em-macaiba-com-radialistas-comunitarios-do-rn\/\",\"url\":\"https:\/\/ubaldofernandes.com\/index.php\/news\/ubaldo-destaca-lei-de-sua-autoria-em-evento-em-macaiba-com-radialistas-comunitarios-do-rn\/\",\"name\":\"Ubaldo destaca Lei de sua autoria em evento em Maca\u00edba com radialistas comunit\u00e1rios do RN - Ubaldo Fernandes\",\"isPartOf\":{\"@id\":\"https:\/\/ubaldofernandes.com\/#website\"},\"primaryImageOfPage\":{\"@id\":\"https:\/\/ubaldofernandes.com\/index.php\/news\/ubaldo-destaca-lei-de-sua-autoria-em-evento-em-macaiba-com-radialistas-comunitarios-do-rn\/#primaryimage\"},\"image\":{\"@id\":\"https:\/\/ubaldofernandes.com\/index.php\/news\/ubaldo-destaca-lei-de-sua-autoria-em-evento-em-macaiba-com-radialistas-comunitarios-do-rn\/#primaryimage\"},\"thumbnailUrl\":\"https:\/\/ubaldofernandes.com\/wp-content\/uploads\/2022\/04\/Ubaldo-Abraco.jpeg\",\"datePublished\":\"2022-04-24T00:16:00+00:00\",\"dateModified\":\"2022-04-25T13:42:59+00:00\",\"breadcrumb\":{\"@id\":\"https:\/\/ubaldofernandes.com\/index.php\/news\/ubaldo-destaca-lei-de-sua-autoria-em-evento-em-macaiba-com-radialistas-comunitarios-do-rn\/#breadcrumb\"},\"inLanguage\":\"pt-BR\",\"potentialAction\":[{\"@type\":\"ReadAction\",\"target\":[\"https:\/\/ubaldofernandes.com\/index.php\/news\/ubaldo-destaca-lei-de-sua-autoria-em-evento-em-macaiba-com-radialistas-comunitarios-do-rn\/\"]}]},{\"@type\":\"ImageObject\",\"inLanguage\":\"pt-BR\",\"@id\":\"https:\/\/ubaldofernandes.com\/index.php\/news\/ubaldo-destaca-lei-de-sua-autoria-em-evento-em-macaiba-com-radialistas-comunitarios-do-rn\/#primaryimage\",\"url\":\"https:\/\/ubaldofernandes.com\/wp-content\/uploads\/2022\/04\/Ubaldo-Abraco.jpeg\",\"contentUrl\":\"https:\/\/ubaldofernandes.com\/wp-content\/uploads\/2022\/04\/Ubaldo-Abraco.jpeg\",\"width\":1196,\"height\":901},{\"@type\":\"BreadcrumbList\",\"@id\":\"https:\/\/ubaldofernandes.com\/index.php\/news\/ubaldo-destaca-lei-de-sua-autoria-em-evento-em-macaiba-com-radialistas-comunitarios-do-rn\/#breadcrumb\",\"itemListElement\":[{\"@type\":\"ListItem\",\"position\":1,\"name\":\"In\u00edcio\",\"item\":\"https:\/\/ubaldofernandes.com\/\"},{\"@type\":\"ListItem\",\"position\":2,\"name\":\"Not\u00edcias\",\"item\":\"https:\/\/ubaldofernandes.com\/index.php\/news\/\"},{\"@type\":\"ListItem\",\"position\":3,\"name\":\"Ubaldo destaca Lei de sua autoria em evento em Maca\u00edba com radialistas comunit\u00e1rios do RN\"}]},{\"@type\":\"WebSite\",\"@id\":\"https:\/\/ubaldofernandes.com\/#website\",\"url\":\"https:\/\/ubaldofernandes.com\/\",\"name\":\"Ubaldo Fernandes\",\"description\":\"Deputado Estadual\",\"potentialAction\":[{\"@type\":\"SearchAction\",\"target\":{\"@type\":\"EntryPoint\",\"urlTemplate\":\"https:\/\/ubaldofernandes.com\/?s={search_term_string}\"},\"query-input\":{\"@type\":\"PropertyValueSpecification\",\"valueRequired\":true,\"valueName\":\"search_term_string\"}}],\"inLanguage\":\"pt-BR\"}]}<\/script>\n<!-- \/ Yoast SEO plugin. -->","yoast_head_json":{"title":"Ubaldo destaca Lei de sua autoria em evento em Maca\u00edba com radialistas comunit\u00e1rios do RN - Ubaldo Fernandes","robots":{"index":"index","follow":"follow","max-snippet":"max-snippet:-1","max-image-preview":"max-image-preview:large","max-video-preview":"max-video-preview:-1"},"canonical":"https:\/\/ubaldofernandes.com\/index.php\/news\/ubaldo-destaca-lei-de-sua-autoria-em-evento-em-macaiba-com-radialistas-comunitarios-do-rn\/","og_locale":"pt_BR","og_type":"article","og_title":"Ubaldo destaca Lei de sua autoria em evento em Maca\u00edba com radialistas comunit\u00e1rios do RN - Ubaldo Fernandes","og_description":"Deputado estadual que \u00e9 autor da Lei n\u00b0 10.762, de 2020, que criou o Programa de Fomento ao Servi\u00e7o de Radiodifus\u00e3o Comunit\u00e1ria do Rio Grande do Norte, Ubaldo Fernandes fez quest\u00e3o de participar, neste s\u00e1bado (23), do Semin\u00e1rio da Associa\u00e7\u00e3o Brasileira de R\u00e1dios Comunit\u00e1rias (Abra\u00e7o Brasil e Abra\u00e7o Potiguar), que tem como presidentes, respectivamente, Geremias [&hellip;]","og_url":"https:\/\/ubaldofernandes.com\/index.php\/news\/ubaldo-destaca-lei-de-sua-autoria-em-evento-em-macaiba-com-radialistas-comunitarios-do-rn\/","og_site_name":"Ubaldo Fernandes","article_modified_time":"2022-04-25T13:42:59+00:00","og_image":[{"width":1196,"height":901,"url":"https:\/\/ubaldofernandes.com\/wp-content\/uploads\/2022\/04\/Ubaldo-Abraco.jpeg","type":"image\/jpeg"}],"twitter_card":"summary_large_image","twitter_misc":{"Est. tempo de leitura":"1 minuto"},"schema":{"@context":"https:\/\/schema.org","@graph":[{"@type":"WebPage","@id":"https:\/\/ubaldofernandes.com\/index.php\/news\/ubaldo-destaca-lei-de-sua-autoria-em-evento-em-macaiba-com-radialistas-comunitarios-do-rn\/","url":"https:\/\/ubaldofernandes.com\/index.php\/news\/ubaldo-destaca-lei-de-sua-autoria-em-evento-em-macaiba-com-radialistas-comunitarios-do-rn\/","name":"Ubaldo destaca Lei de sua autoria em evento em Maca\u00edba com radialistas comunit\u00e1rios do RN - Ubaldo Fernandes","isPartOf":{"@id":"https:\/\/ubaldofernandes.com\/#website"},"primaryImageOfPage":{"@id":"https:\/\/ubaldofernandes.com\/index.php\/news\/ubaldo-destaca-lei-de-sua-autoria-em-evento-em-macaiba-com-radialistas-comunitarios-do-rn\/#primaryimage"},"image":{"@id":"https:\/\/ubaldofernandes.com\/index.php\/news\/ubaldo-destaca-lei-de-sua-autoria-em-evento-em-macaiba-com-radialistas-comunitarios-do-rn\/#primaryimage"},"thumbnailUrl":"https:\/\/ubaldofernandes.com\/wp-content\/uploads\/2022\/04\/Ubaldo-Abraco.jpeg","datePublished":"2022-04-24T00:16:00+00:00","dateModified":"2022-04-25T13:42:59+00:00","breadcrumb":{"@id":"https:\/\/ubaldofernandes.com\/index.php\/news\/ubaldo-destaca-lei-de-sua-autoria-em-evento-em-macaiba-com-radialistas-comunitarios-do-rn\/#breadcrumb"},"inLanguage":"pt-BR","potentialAction":[{"@type":"ReadAction","target":["https:\/\/ubaldofernandes.com\/index.php\/news\/ubaldo-destaca-lei-de-sua-autoria-em-evento-em-macaiba-com-radialistas-comunitarios-do-rn\/"]}]},{"@type":"ImageObject","inLanguage":"pt-BR","@id":"https:\/\/ubaldofernandes.com\/index.php\/news\/ubaldo-destaca-lei-de-sua-autoria-em-evento-em-macaiba-com-radialistas-comunitarios-do-rn\/#primaryimage","url":"https:\/\/ubaldofernandes.com\/wp-content\/uploads\/2022\/04\/Ubaldo-Abraco.jpeg","contentUrl":"https:\/\/ubaldofernandes.com\/wp-content\/uploads\/2022\/04\/Ubaldo-Abraco.jpeg","width":1196,"height":901},{"@type":"BreadcrumbList","@id":"https:\/\/ubaldofernandes.com\/index.php\/news\/ubaldo-destaca-lei-de-sua-autoria-em-evento-em-macaiba-com-radialistas-comunitarios-do-rn\/#breadcrumb","itemListElement":[{"@type":"ListItem","position":1,"name":"In\u00edcio","item":"https:\/\/ubaldofernandes.com\/"},{"@type":"ListItem","position":2,"name":"Not\u00edcias","item":"https:\/\/ubaldofernandes.com\/index.php\/news\/"},{"@type":"ListItem","position":3,"name":"Ubaldo destaca Lei de sua autoria em evento em Maca\u00edba com radialistas comunit\u00e1rios do RN"}]},{"@type":"WebSite","@id":"https:\/\/ubaldofernandes.com\/#website","url":"https:\/\/ubaldofernandes.com\/","name":"Ubaldo Fernandes","description":"Deputado Estadual","potentialAction":[{"@type":"SearchAction","target":{"@type":"EntryPoint","urlTemplate":"https:\/\/ubaldofernandes.com\/?s={search_term_string}"},"query-input":{"@type":"PropertyValueSpecification","valueRequired":true,"valueName":"search_term_string"}}],"inLanguage":"pt-BR"}]}},"_links":{"self":[{"href":"https:\/\/ubaldofernandes.com\/index.php\/wp-json\/wp\/v2\/news\/4372","targetHints":{"allow":["GET"]}}],"collection":[{"href":"https:\/\/ubaldofernandes.com\/index.php\/wp-json\/wp\/v2\/news"}],"about":[{"href":"https:\/\/ubaldofernandes.com\/index.php\/wp-json\/wp\/v2\/types\/news"}],"wp:featuredmedia":[{"embeddable":true,"href":"https:\/\/ubaldofernandes.com\/index.php\/wp-json\/wp\/v2\/media\/4373"}],"wp:attachment":[{"href":"https:\/\/ubaldofernandes.com\/index.php\/wp-json\/wp\/v2\/media?parent=4372"}],"curies":[{"name":"wp","href":"https:\/\/api.w.org\/{rel}","templated":true}]}}