{"id":4413,"date":"2022-05-04T13:39:00","date_gmt":"2022-05-04T16:39:00","guid":{"rendered":"https:\/\/ubaldofernandes.com\/?post_type=news&#038;p=4413"},"modified":"2022-05-05T18:44:34","modified_gmt":"2022-05-05T21:44:34","slug":"ubaldo-destaca-1-ano-de-vigencia-de-tres-leis-de-sua-autoria","status":"publish","type":"news","link":"https:\/\/ubaldofernandes.com\/index.php\/news\/ubaldo-destaca-1-ano-de-vigencia-de-tres-leis-de-sua-autoria\/","title":{"rendered":"Ubaldo destaca 1 ano de vig\u00eancia de tr\u00eas leis de sua autoria"},"content":{"rendered":"\n<p>O deputado estadual Ubaldo Fernandes usou suas redes sociais, nesta quarta-feira (04\/05), para destacar 1 ano de vig\u00eancia de tr\u00eas mat\u00e9rias de sua autoria: a Lei n\u00ba 10.895\/21, que determina que boletos sejam emitidos em braile ou letras ampliadas para pessoas idosas ou com defici\u00eancia visual, a Lei n\u00ba 10.894\/21, que determina a notifica\u00e7\u00e3o, pelas cl\u00ednicas e hospitais, de exames alterados \u00e0 Secretaria de Sa\u00fade para maior controle do diabetes e a Lei n\u00ba 10.887\/21, que institui, no Calend\u00e1rio Oficial de Eventos do Estado, o Dia em Mem\u00f3ria \u00e0s V\u00edtimas que faleceram da Covid-19.<\/p>\n\n\n\n<p>\u201cS\u00e3o projetos cuidadosamente pensados para proporcionar maior conforto, sa\u00fade e assist\u00eancia aos potiguares e geralmente s\u00e3o trazidos pelos cidad\u00e3os, atrav\u00e9s de v\u00e1rios segmentos da sociedade, que buscam respostas para as suas demandas di\u00e1rias e encontram nosso gabinete sempre de portas abertas para concretizar as a\u00e7\u00f5es de seus interesses. Seguimos na certeza de estar fazendo um mandato produtivo e de respostas para a popula\u00e7\u00e3o do nosso estado\u201d, destacou o parlamentar em seus perfis oficiais.<\/p>\n\n\n\n<p>Mat\u00e9ria publicada no <a href=\"https:\/\/senadinhomacaiba.com.br\/ubaldo-destaca-1-ano-de-vigencia-de-tres-leis-de-sua-autoria\/\">Blog Senadinho Maca\u00edba<\/a>. <\/p>\n","protected":false},"featured_media":4415,"parent":0,"template":"","class_list":["post-4413","news","type-news","status-publish","has-post-thumbnail","hentry"],"acf":[],"yoast_head":"<!-- This site is optimized with the Yoast SEO plugin v24.6 - https:\/\/yoast.com\/wordpress\/plugins\/seo\/ -->\n<title>Ubaldo destaca 1 ano de vig\u00eancia de tr\u00eas leis de sua autoria - Ubaldo Fernandes<\/title>\n<meta name=\"robots\" content=\"index, follow, max-snippet:-1, max-image-preview:large, max-video-preview:-1\" \/>\n<link rel=\"canonical\" href=\"https:\/\/ubaldofernandes.com\/index.php\/news\/ubaldo-destaca-1-ano-de-vigencia-de-tres-leis-de-sua-autoria\/\" \/>\n<meta property=\"og:locale\" content=\"pt_BR\" \/>\n<meta property=\"og:type\" content=\"article\" \/>\n<meta property=\"og:title\" content=\"Ubaldo destaca 1 ano de vig\u00eancia de tr\u00eas leis de sua autoria - Ubaldo Fernandes\" \/>\n<meta property=\"og:description\" content=\"O deputado estadual Ubaldo Fernandes usou suas redes sociais, nesta quarta-feira (04\/05), para destacar 1 ano de vig\u00eancia de tr\u00eas mat\u00e9rias de sua autoria: a Lei n\u00ba 10.895\/21, que determina que boletos sejam emitidos em braile ou letras ampliadas para pessoas idosas ou com defici\u00eancia visual, a Lei n\u00ba 10.894\/21, que determina a notifica\u00e7\u00e3o, pelas [&hellip;]\" \/>\n<meta property=\"og:url\" content=\"https:\/\/ubaldofernandes.com\/index.php\/news\/ubaldo-destaca-1-ano-de-vigencia-de-tres-leis-de-sua-autoria\/\" \/>\n<meta property=\"og:site_name\" content=\"Ubaldo Fernandes\" \/>\n<meta property=\"article:modified_time\" content=\"2022-05-05T21:44:34+00:00\" \/>\n<meta property=\"og:image\" content=\"https:\/\/ubaldofernandes.com\/wp-content\/uploads\/2022\/05\/Ubaldo-lei.jpg\" \/>\n\t<meta property=\"og:image:width\" content=\"1280\" \/>\n\t<meta property=\"og:image:height\" content=\"853\" \/>\n\t<meta property=\"og:image:type\" content=\"image\/jpeg\" \/>\n<meta name=\"twitter:card\" content=\"summary_large_image\" \/>\n<meta name=\"twitter:label1\" content=\"Est. tempo de leitura\" \/>\n\t<meta name=\"twitter:data1\" content=\"1 minuto\" \/>\n<script type=\"application\/ld+json\" class=\"yoast-schema-graph\">{\"@context\":\"https:\/\/schema.org\",\"@graph\":[{\"@type\":\"WebPage\",\"@id\":\"https:\/\/ubaldofernandes.com\/index.php\/news\/ubaldo-destaca-1-ano-de-vigencia-de-tres-leis-de-sua-autoria\/\",\"url\":\"https:\/\/ubaldofernandes.com\/index.php\/news\/ubaldo-destaca-1-ano-de-vigencia-de-tres-leis-de-sua-autoria\/\",\"name\":\"Ubaldo destaca 1 ano de vig\u00eancia de tr\u00eas leis de sua autoria - Ubaldo Fernandes\",\"isPartOf\":{\"@id\":\"https:\/\/ubaldofernandes.com\/#website\"},\"primaryImageOfPage\":{\"@id\":\"https:\/\/ubaldofernandes.com\/index.php\/news\/ubaldo-destaca-1-ano-de-vigencia-de-tres-leis-de-sua-autoria\/#primaryimage\"},\"image\":{\"@id\":\"https:\/\/ubaldofernandes.com\/index.php\/news\/ubaldo-destaca-1-ano-de-vigencia-de-tres-leis-de-sua-autoria\/#primaryimage\"},\"thumbnailUrl\":\"https:\/\/ubaldofernandes.com\/wp-content\/uploads\/2022\/05\/Ubaldo-lei.jpg\",\"datePublished\":\"2022-05-04T16:39:00+00:00\",\"dateModified\":\"2022-05-05T21:44:34+00:00\",\"breadcrumb\":{\"@id\":\"https:\/\/ubaldofernandes.com\/index.php\/news\/ubaldo-destaca-1-ano-de-vigencia-de-tres-leis-de-sua-autoria\/#breadcrumb\"},\"inLanguage\":\"pt-BR\",\"potentialAction\":[{\"@type\":\"ReadAction\",\"target\":[\"https:\/\/ubaldofernandes.com\/index.php\/news\/ubaldo-destaca-1-ano-de-vigencia-de-tres-leis-de-sua-autoria\/\"]}]},{\"@type\":\"ImageObject\",\"inLanguage\":\"pt-BR\",\"@id\":\"https:\/\/ubaldofernandes.com\/index.php\/news\/ubaldo-destaca-1-ano-de-vigencia-de-tres-leis-de-sua-autoria\/#primaryimage\",\"url\":\"https:\/\/ubaldofernandes.com\/wp-content\/uploads\/2022\/05\/Ubaldo-lei.jpg\",\"contentUrl\":\"https:\/\/ubaldofernandes.com\/wp-content\/uploads\/2022\/05\/Ubaldo-lei.jpg\",\"width\":1280,\"height\":853},{\"@type\":\"BreadcrumbList\",\"@id\":\"https:\/\/ubaldofernandes.com\/index.php\/news\/ubaldo-destaca-1-ano-de-vigencia-de-tres-leis-de-sua-autoria\/#breadcrumb\",\"itemListElement\":[{\"@type\":\"ListItem\",\"position\":1,\"name\":\"In\u00edcio\",\"item\":\"https:\/\/ubaldofernandes.com\/\"},{\"@type\":\"ListItem\",\"position\":2,\"name\":\"Not\u00edcias\",\"item\":\"https:\/\/ubaldofernandes.com\/index.php\/news\/\"},{\"@type\":\"ListItem\",\"position\":3,\"name\":\"Ubaldo destaca 1 ano de vig\u00eancia de tr\u00eas leis de sua autoria\"}]},{\"@type\":\"WebSite\",\"@id\":\"https:\/\/ubaldofernandes.com\/#website\",\"url\":\"https:\/\/ubaldofernandes.com\/\",\"name\":\"Ubaldo Fernandes\",\"description\":\"Deputado Estadual\",\"potentialAction\":[{\"@type\":\"SearchAction\",\"target\":{\"@type\":\"EntryPoint\",\"urlTemplate\":\"https:\/\/ubaldofernandes.com\/?s={search_term_string}\"},\"query-input\":{\"@type\":\"PropertyValueSpecification\",\"valueRequired\":true,\"valueName\":\"search_term_string\"}}],\"inLanguage\":\"pt-BR\"}]}<\/script>\n<!-- \/ Yoast SEO plugin. -->","yoast_head_json":{"title":"Ubaldo destaca 1 ano de vig\u00eancia de tr\u00eas leis de sua autoria - Ubaldo Fernandes","robots":{"index":"index","follow":"follow","max-snippet":"max-snippet:-1","max-image-preview":"max-image-preview:large","max-video-preview":"max-video-preview:-1"},"canonical":"https:\/\/ubaldofernandes.com\/index.php\/news\/ubaldo-destaca-1-ano-de-vigencia-de-tres-leis-de-sua-autoria\/","og_locale":"pt_BR","og_type":"article","og_title":"Ubaldo destaca 1 ano de vig\u00eancia de tr\u00eas leis de sua autoria - Ubaldo Fernandes","og_description":"O deputado estadual Ubaldo Fernandes usou suas redes sociais, nesta quarta-feira (04\/05), para destacar 1 ano de vig\u00eancia de tr\u00eas mat\u00e9rias de sua autoria: a Lei n\u00ba 10.895\/21, que determina que boletos sejam emitidos em braile ou letras ampliadas para pessoas idosas ou com defici\u00eancia visual, a Lei n\u00ba 10.894\/21, que determina a notifica\u00e7\u00e3o, pelas [&hellip;]","og_url":"https:\/\/ubaldofernandes.com\/index.php\/news\/ubaldo-destaca-1-ano-de-vigencia-de-tres-leis-de-sua-autoria\/","og_site_name":"Ubaldo Fernandes","article_modified_time":"2022-05-05T21:44:34+00:00","og_image":[{"width":1280,"height":853,"url":"https:\/\/ubaldofernandes.com\/wp-content\/uploads\/2022\/05\/Ubaldo-lei.jpg","type":"image\/jpeg"}],"twitter_card":"summary_large_image","twitter_misc":{"Est. tempo de leitura":"1 minuto"},"schema":{"@context":"https:\/\/schema.org","@graph":[{"@type":"WebPage","@id":"https:\/\/ubaldofernandes.com\/index.php\/news\/ubaldo-destaca-1-ano-de-vigencia-de-tres-leis-de-sua-autoria\/","url":"https:\/\/ubaldofernandes.com\/index.php\/news\/ubaldo-destaca-1-ano-de-vigencia-de-tres-leis-de-sua-autoria\/","name":"Ubaldo destaca 1 ano de vig\u00eancia de tr\u00eas leis de sua autoria - Ubaldo Fernandes","isPartOf":{"@id":"https:\/\/ubaldofernandes.com\/#website"},"primaryImageOfPage":{"@id":"https:\/\/ubaldofernandes.com\/index.php\/news\/ubaldo-destaca-1-ano-de-vigencia-de-tres-leis-de-sua-autoria\/#primaryimage"},"image":{"@id":"https:\/\/ubaldofernandes.com\/index.php\/news\/ubaldo-destaca-1-ano-de-vigencia-de-tres-leis-de-sua-autoria\/#primaryimage"},"thumbnailUrl":"https:\/\/ubaldofernandes.com\/wp-content\/uploads\/2022\/05\/Ubaldo-lei.jpg","datePublished":"2022-05-04T16:39:00+00:00","dateModified":"2022-05-05T21:44:34+00:00","breadcrumb":{"@id":"https:\/\/ubaldofernandes.com\/index.php\/news\/ubaldo-destaca-1-ano-de-vigencia-de-tres-leis-de-sua-autoria\/#breadcrumb"},"inLanguage":"pt-BR","potentialAction":[{"@type":"ReadAction","target":["https:\/\/ubaldofernandes.com\/index.php\/news\/ubaldo-destaca-1-ano-de-vigencia-de-tres-leis-de-sua-autoria\/"]}]},{"@type":"ImageObject","inLanguage":"pt-BR","@id":"https:\/\/ubaldofernandes.com\/index.php\/news\/ubaldo-destaca-1-ano-de-vigencia-de-tres-leis-de-sua-autoria\/#primaryimage","url":"https:\/\/ubaldofernandes.com\/wp-content\/uploads\/2022\/05\/Ubaldo-lei.jpg","contentUrl":"https:\/\/ubaldofernandes.com\/wp-content\/uploads\/2022\/05\/Ubaldo-lei.jpg","width":1280,"height":853},{"@type":"BreadcrumbList","@id":"https:\/\/ubaldofernandes.com\/index.php\/news\/ubaldo-destaca-1-ano-de-vigencia-de-tres-leis-de-sua-autoria\/#breadcrumb","itemListElement":[{"@type":"ListItem","position":1,"name":"In\u00edcio","item":"https:\/\/ubaldofernandes.com\/"},{"@type":"ListItem","position":2,"name":"Not\u00edcias","item":"https:\/\/ubaldofernandes.com\/index.php\/news\/"},{"@type":"ListItem","position":3,"name":"Ubaldo destaca 1 ano de vig\u00eancia de tr\u00eas leis de sua autoria"}]},{"@type":"WebSite","@id":"https:\/\/ubaldofernandes.com\/#website","url":"https:\/\/ubaldofernandes.com\/","name":"Ubaldo Fernandes","description":"Deputado Estadual","potentialAction":[{"@type":"SearchAction","target":{"@type":"EntryPoint","urlTemplate":"https:\/\/ubaldofernandes.com\/?s={search_term_string}"},"query-input":{"@type":"PropertyValueSpecification","valueRequired":true,"valueName":"search_term_string"}}],"inLanguage":"pt-BR"}]}},"_links":{"self":[{"href":"https:\/\/ubaldofernandes.com\/index.php\/wp-json\/wp\/v2\/news\/4413","targetHints":{"allow":["GET"]}}],"collection":[{"href":"https:\/\/ubaldofernandes.com\/index.php\/wp-json\/wp\/v2\/news"}],"about":[{"href":"https:\/\/ubaldofernandes.com\/index.php\/wp-json\/wp\/v2\/types\/news"}],"wp:featuredmedia":[{"embeddable":true,"href":"https:\/\/ubaldofernandes.com\/index.php\/wp-json\/wp\/v2\/media\/4415"}],"wp:attachment":[{"href":"https:\/\/ubaldofernandes.com\/index.php\/wp-json\/wp\/v2\/media?parent=4413"}],"curies":[{"name":"wp","href":"https:\/\/api.w.org\/{rel}","templated":true}]}}